{"id":142835,"date":"2026-08-31T10:12:41","date_gmt":"2026-08-31T13:12:41","guid":{"rendered":"https:\/\/www.noticiasradioreflejos.com.ar\/2021\/?p=142835"},"modified":"2026-08-31T11:07:30","modified_gmt":"2026-08-31T14:07:30","slug":"arca-amplio-la-factura-electronica-obligatoria-a-nuevos-contribuyentes","status":"publish","type":"post","link":"https:\/\/www.noticiasradioreflejos.com.ar\/2021\/arca-amplio-la-factura-electronica-obligatoria-a-nuevos-contribuyentes\/","title":{"rendered":"ARCA ampli\u00f3 la factura electr\u00f3nica obligatoria a nuevos contribuyentes"},"content":{"rendered":"<p>El cronograma comenzar\u00e1 en noviembre y tendr\u00e1 una segunda etapa en marzo de 2027.<!--more--><\/p>\n<div class=\"sizer\" data-sizer=\"aspect-ratio\" data-tadevel-template=\"web\/aspect-ratio\"><\/div>\n<div class=\"article-body\" data-tadevel-template=\"web\/article-body\">\n<div class=\"article-body-content\">\n<p>La\u00a0<strong>Agencia de Recaudaci\u00f3n y Control Aduanero<\/strong>\u00a0(ARCA) ampli\u00f3 la obligaci\u00f3n de emitir comprobantes electr\u00f3nicos o utilizar controladores fiscales a nuevos grupos de contribuyentes. La medida fue establecida mediante la Resoluci\u00f3n General 5893\/2026, publicada este lunes en el Bolet\u00edn Oficial.<\/p>\n<p>Desde el 1\u00b0 de noviembre de 2026, la obligaci\u00f3n alcanzar\u00e1 a determinados peque\u00f1os contribuyentes inscriptos en el R\u00e9gimen de Inclusi\u00f3n Social y Promoci\u00f3n del Trabajo Independiente.<\/p>\n<p>La disposici\u00f3n tambi\u00e9n comprende a los contribuyentes incorporados al Registro Nacional de Efectores de Desarrollo Local y Econom\u00eda Social.<\/p>\n<p>En una segunda etapa, desde el 1\u00b0 de marzo de 2027, deber\u00e1n emitir comprobantes electr\u00f3nicos los sujetos que no est\u00e9n alcanzados por el Impuesto al Valor Agregado (IVA).<\/p>\n<p>Los contribuyentes comprendidos podr\u00e1n utilizar los sistemas habilitados por ARCA para generar facturas y dem\u00e1s documentos respaldatorios de sus operaciones.<\/p>\n<p>Los comprobantes impresos quedar\u00e1n reservados como mecanismo de contingencia para los casos en los que no sea posible utilizar los medios electr\u00f3nicos autorizados.<\/p>\n<p>La medida ampl\u00eda la digitalizaci\u00f3n de las operaciones y la trazabilidad fiscal de sectores que hasta ahora contaban con excepciones al r\u00e9gimen general.<\/p>\n<p>Agencia NA<\/p>\n<\/div>\n<\/div>\n","protected":false},"excerpt":{"rendered":"<p>El cronograma comenzar\u00e1 en noviembre y tendr\u00e1 una segunda etapa en marzo de 2027.<\/p>\n","protected":false},"author":3,"featured_media":142239,"comment_status":"closed","ping_status":"closed","sticky":false,"template":"","format":"standard","meta":{"footnotes":""},"categories":[36],"tags":[],"class_list":["post-142835","post","type-post","status-publish","format-standard","has-post-thumbnail","hentry","category-economia"],"yoast_head":"<!-- This site is optimized with the Yoast SEO plugin v25.9 - https:\/\/yoast.com\/wordpress\/plugins\/seo\/ -->\n<title>ARCA ampli\u00f3 la factura electr\u00f3nica obligatoria a nuevos contribuyentes - Noticias Radio Reflejos<\/title>\n<meta name=\"robots\" content=\"index, follow, max-snippet:-1, max-image-preview:large, max-video-preview:-1\" \/>\n<link rel=\"canonical\" href=\"https:\/\/www.noticiasradioreflejos.com.ar\/2021\/arca-amplio-la-factura-electronica-obligatoria-a-nuevos-contribuyentes\/\" \/>\n<meta property=\"og:locale\" content=\"es_ES\" \/>\n<meta property=\"og:type\" content=\"article\" \/>\n<meta property=\"og:title\" content=\"ARCA ampli\u00f3 la factura electr\u00f3nica obligatoria a nuevos contribuyentes - Noticias Radio Reflejos\" \/>\n<meta property=\"og:description\" content=\"El cronograma comenzar\u00e1 en noviembre y tendr\u00e1 una segunda etapa en marzo de 2027.\" \/>\n<meta property=\"og:url\" content=\"https:\/\/www.noticiasradioreflejos.com.ar\/2021\/arca-amplio-la-factura-electronica-obligatoria-a-nuevos-contribuyentes\/\" \/>\n<meta property=\"og:site_name\" content=\"Noticias Radio Reflejos\" \/>\n<meta property=\"article:published_time\" content=\"2026-08-31T13:12:41+00:00\" \/>\n<meta property=\"article:modified_time\" content=\"2026-08-31T14:07:30+00:00\" \/>\n<meta property=\"og:image\" content=\"https:\/\/www.noticiasradioreflejos.com.ar\/2021\/wp-content\/uploads\/2026\/08\/Arca-Facturas.jpg\" \/>\n\t<meta property=\"og:image:width\" content=\"640\" \/>\n\t<meta property=\"og:image:height\" content=\"359\" \/>\n\t<meta property=\"og:image:type\" content=\"image\/jpeg\" \/>\n<meta name=\"author\" content=\"Arnaldo Botto\" \/>\n<meta name=\"twitter:card\" content=\"summary_large_image\" \/>\n<script type=\"application\/ld+json\" class=\"yoast-schema-graph\">{\"@context\":\"https:\/\/schema.org\",\"@graph\":[{\"@type\":\"WebPage\",\"@id\":\"https:\/\/www.noticiasradioreflejos.com.ar\/2021\/arca-amplio-la-factura-electronica-obligatoria-a-nuevos-contribuyentes\/\",\"url\":\"https:\/\/www.noticiasradioreflejos.com.ar\/2021\/arca-amplio-la-factura-electronica-obligatoria-a-nuevos-contribuyentes\/\",\"name\":\"ARCA ampli\u00f3 la factura electr\u00f3nica obligatoria a nuevos contribuyentes - Noticias Radio Reflejos\",\"isPartOf\":{\"@id\":\"https:\/\/www.noticiasradioreflejos.com.ar\/2021\/#website\"},\"primaryImageOfPage\":{\"@id\":\"https:\/\/www.noticiasradioreflejos.com.ar\/2021\/arca-amplio-la-factura-electronica-obligatoria-a-nuevos-contribuyentes\/#primaryimage\"},\"image\":{\"@id\":\"https:\/\/www.noticiasradioreflejos.com.ar\/2021\/arca-amplio-la-factura-electronica-obligatoria-a-nuevos-contribuyentes\/#primaryimage\"},\"thumbnailUrl\":\"https:\/\/www.noticiasradioreflejos.com.ar\/2021\/wp-content\/uploads\/2026\/08\/Arca-Facturas.jpg\",\"datePublished\":\"2026-08-31T13:12:41+00:00\",\"dateModified\":\"2026-08-31T14:07:30+00:00\",\"author\":{\"@id\":\"https:\/\/www.noticiasradioreflejos.com.ar\/2021\/#\/schema\/person\/ad82545263dcc5ec0996818884fd5fb1\"},\"breadcrumb\":{\"@id\":\"https:\/\/www.noticiasradioreflejos.com.ar\/2021\/arca-amplio-la-factura-electronica-obligatoria-a-nuevos-contribuyentes\/#breadcrumb\"},\"inLanguage\":\"es\",\"potentialAction\":[{\"@type\":\"ReadAction\",\"target\":[\"https:\/\/www.noticiasradioreflejos.com.ar\/2021\/arca-amplio-la-factura-electronica-obligatoria-a-nuevos-contribuyentes\/\"]}]},{\"@type\":\"ImageObject\",\"inLanguage\":\"es\",\"@id\":\"https:\/\/www.noticiasradioreflejos.com.ar\/2021\/arca-amplio-la-factura-electronica-obligatoria-a-nuevos-contribuyentes\/#primaryimage\",\"url\":\"https:\/\/www.noticiasradioreflejos.com.ar\/2021\/wp-content\/uploads\/2026\/08\/Arca-Facturas.jpg\",\"contentUrl\":\"https:\/\/www.noticiasradioreflejos.com.ar\/2021\/wp-content\/uploads\/2026\/08\/Arca-Facturas.jpg\",\"width\":640,\"height\":359},{\"@type\":\"BreadcrumbList\",\"@id\":\"https:\/\/www.noticiasradioreflejos.com.ar\/2021\/arca-amplio-la-factura-electronica-obligatoria-a-nuevos-contribuyentes\/#breadcrumb\",\"itemListElement\":[{\"@type\":\"ListItem\",\"position\":1,\"name\":\"Portada\",\"item\":\"https:\/\/www.noticiasradioreflejos.com.ar\/2021\/\"},{\"@type\":\"ListItem\",\"position\":2,\"name\":\"ARCA ampli\u00f3 la factura electr\u00f3nica obligatoria a nuevos contribuyentes\"}]},{\"@type\":\"WebSite\",\"@id\":\"https:\/\/www.noticiasradioreflejos.com.ar\/2021\/#website\",\"url\":\"https:\/\/www.noticiasradioreflejos.com.ar\/2021\/\",\"name\":\"Noticias Radio Reflejos\",\"description\":\"Las noticias de mi comarca\",\"potentialAction\":[{\"@type\":\"SearchAction\",\"target\":{\"@type\":\"EntryPoint\",\"urlTemplate\":\"https:\/\/www.noticiasradioreflejos.com.ar\/2021\/?s={search_term_string}\"},\"query-input\":{\"@type\":\"PropertyValueSpecification\",\"valueRequired\":true,\"valueName\":\"search_term_string\"}}],\"inLanguage\":\"es\"},{\"@type\":\"Person\",\"@id\":\"https:\/\/www.noticiasradioreflejos.com.ar\/2021\/#\/schema\/person\/ad82545263dcc5ec0996818884fd5fb1\",\"name\":\"Arnaldo Botto\",\"image\":{\"@type\":\"ImageObject\",\"inLanguage\":\"es\",\"@id\":\"https:\/\/www.noticiasradioreflejos.com.ar\/2021\/#\/schema\/person\/image\/\",\"url\":\"https:\/\/secure.gravatar.com\/avatar\/55cb5e37c1efa326397366e6974cb338056df65cb50e7d64d1cf314e87504837?s=96&d=mm&r=g\",\"contentUrl\":\"https:\/\/secure.gravatar.com\/avatar\/55cb5e37c1efa326397366e6974cb338056df65cb50e7d64d1cf314e87504837?s=96&d=mm&r=g\",\"caption\":\"Arnaldo Botto\"},\"url\":\"https:\/\/www.noticiasradioreflejos.com.ar\/2021\/author\/arnaldo\/\"}]}<\/script>\n<!-- \/ Yoast SEO plugin. -->","yoast_head_json":{"title":"ARCA ampli\u00f3 la factura electr\u00f3nica obligatoria a nuevos contribuyentes - Noticias Radio Reflejos","robots":{"index":"index","follow":"follow","max-snippet":"max-snippet:-1","max-image-preview":"max-image-preview:large","max-video-preview":"max-video-preview:-1"},"canonical":"https:\/\/www.noticiasradioreflejos.com.ar\/2021\/arca-amplio-la-factura-electronica-obligatoria-a-nuevos-contribuyentes\/","og_locale":"es_ES","og_type":"article","og_title":"ARCA ampli\u00f3 la factura electr\u00f3nica obligatoria a nuevos contribuyentes - Noticias Radio Reflejos","og_description":"El cronograma comenzar\u00e1 en noviembre y tendr\u00e1 una segunda etapa en marzo de 2027.","og_url":"https:\/\/www.noticiasradioreflejos.com.ar\/2021\/arca-amplio-la-factura-electronica-obligatoria-a-nuevos-contribuyentes\/","og_site_name":"Noticias Radio Reflejos","article_published_time":"2026-08-31T13:12:41+00:00","article_modified_time":"2026-08-31T14:07:30+00:00","og_image":[{"width":640,"height":359,"url":"https:\/\/www.noticiasradioreflejos.com.ar\/2021\/wp-content\/uploads\/2026\/08\/Arca-Facturas.jpg","type":"image\/jpeg"}],"author":"Arnaldo Botto","twitter_card":"summary_large_image","schema":{"@context":"https:\/\/schema.org","@graph":[{"@type":"WebPage","@id":"https:\/\/www.noticiasradioreflejos.com.ar\/2021\/arca-amplio-la-factura-electronica-obligatoria-a-nuevos-contribuyentes\/","url":"https:\/\/www.noticiasradioreflejos.com.ar\/2021\/arca-amplio-la-factura-electronica-obligatoria-a-nuevos-contribuyentes\/","name":"ARCA ampli\u00f3 la factura electr\u00f3nica obligatoria a nuevos contribuyentes - Noticias Radio Reflejos","isPartOf":{"@id":"https:\/\/www.noticiasradioreflejos.com.ar\/2021\/#website"},"primaryImageOfPage":{"@id":"https:\/\/www.noticiasradioreflejos.com.ar\/2021\/arca-amplio-la-factura-electronica-obligatoria-a-nuevos-contribuyentes\/#primaryimage"},"image":{"@id":"https:\/\/www.noticiasradioreflejos.com.ar\/2021\/arca-amplio-la-factura-electronica-obligatoria-a-nuevos-contribuyentes\/#primaryimage"},"thumbnailUrl":"https:\/\/www.noticiasradioreflejos.com.ar\/2021\/wp-content\/uploads\/2026\/08\/Arca-Facturas.jpg","datePublished":"2026-08-31T13:12:41+00:00","dateModified":"2026-08-31T14:07:30+00:00","author":{"@id":"https:\/\/www.noticiasradioreflejos.com.ar\/2021\/#\/schema\/person\/ad82545263dcc5ec0996818884fd5fb1"},"breadcrumb":{"@id":"https:\/\/www.noticiasradioreflejos.com.ar\/2021\/arca-amplio-la-factura-electronica-obligatoria-a-nuevos-contribuyentes\/#breadcrumb"},"inLanguage":"es","potentialAction":[{"@type":"ReadAction","target":["https:\/\/www.noticiasradioreflejos.com.ar\/2021\/arca-amplio-la-factura-electronica-obligatoria-a-nuevos-contribuyentes\/"]}]},{"@type":"ImageObject","inLanguage":"es","@id":"https:\/\/www.noticiasradioreflejos.com.ar\/2021\/arca-amplio-la-factura-electronica-obligatoria-a-nuevos-contribuyentes\/#primaryimage","url":"https:\/\/www.noticiasradioreflejos.com.ar\/2021\/wp-content\/uploads\/2026\/08\/Arca-Facturas.jpg","contentUrl":"https:\/\/www.noticiasradioreflejos.com.ar\/2021\/wp-content\/uploads\/2026\/08\/Arca-Facturas.jpg","width":640,"height":359},{"@type":"BreadcrumbList","@id":"https:\/\/www.noticiasradioreflejos.com.ar\/2021\/arca-amplio-la-factura-electronica-obligatoria-a-nuevos-contribuyentes\/#breadcrumb","itemListElement":[{"@type":"ListItem","position":1,"name":"Portada","item":"https:\/\/www.noticiasradioreflejos.com.ar\/2021\/"},{"@type":"ListItem","position":2,"name":"ARCA ampli\u00f3 la factura electr\u00f3nica obligatoria a nuevos contribuyentes"}]},{"@type":"WebSite","@id":"https:\/\/www.noticiasradioreflejos.com.ar\/2021\/#website","url":"https:\/\/www.noticiasradioreflejos.com.ar\/2021\/","name":"Noticias Radio Reflejos","description":"Las noticias de mi comarca","potentialAction":[{"@type":"SearchAction","target":{"@type":"EntryPoint","urlTemplate":"https:\/\/www.noticiasradioreflejos.com.ar\/2021\/?s={search_term_string}"},"query-input":{"@type":"PropertyValueSpecification","valueRequired":true,"valueName":"search_term_string"}}],"inLanguage":"es"},{"@type":"Person","@id":"https:\/\/www.noticiasradioreflejos.com.ar\/2021\/#\/schema\/person\/ad82545263dcc5ec0996818884fd5fb1","name":"Arnaldo Botto","image":{"@type":"ImageObject","inLanguage":"es","@id":"https:\/\/www.noticiasradioreflejos.com.ar\/2021\/#\/schema\/person\/image\/","url":"https:\/\/secure.gravatar.com\/avatar\/55cb5e37c1efa326397366e6974cb338056df65cb50e7d64d1cf314e87504837?s=96&d=mm&r=g","contentUrl":"https:\/\/secure.gravatar.com\/avatar\/55cb5e37c1efa326397366e6974cb338056df65cb50e7d64d1cf314e87504837?s=96&d=mm&r=g","caption":"Arnaldo Botto"},"url":"https:\/\/www.noticiasradioreflejos.com.ar\/2021\/author\/arnaldo\/"}]}},"_links":{"self":[{"href":"https:\/\/www.noticiasradioreflejos.com.ar\/2021\/wp-json\/wp\/v2\/posts\/142835","targetHints":{"allow":["GET"]}}],"collection":[{"href":"https:\/\/www.noticiasradioreflejos.com.ar\/2021\/wp-json\/wp\/v2\/posts"}],"about":[{"href":"https:\/\/www.noticiasradioreflejos.com.ar\/2021\/wp-json\/wp\/v2\/types\/post"}],"author":[{"embeddable":true,"href":"https:\/\/www.noticiasradioreflejos.com.ar\/2021\/wp-json\/wp\/v2\/users\/3"}],"replies":[{"embeddable":true,"href":"https:\/\/www.noticiasradioreflejos.com.ar\/2021\/wp-json\/wp\/v2\/comments?post=142835"}],"version-history":[{"count":1,"href":"https:\/\/www.noticiasradioreflejos.com.ar\/2021\/wp-json\/wp\/v2\/posts\/142835\/revisions"}],"predecessor-version":[{"id":142836,"href":"https:\/\/www.noticiasradioreflejos.com.ar\/2021\/wp-json\/wp\/v2\/posts\/142835\/revisions\/142836"}],"wp:featuredmedia":[{"embeddable":true,"href":"https:\/\/www.noticiasradioreflejos.com.ar\/2021\/wp-json\/wp\/v2\/media\/142239"}],"wp:attachment":[{"href":"https:\/\/www.noticiasradioreflejos.com.ar\/2021\/wp-json\/wp\/v2\/media?parent=142835"}],"wp:term":[{"taxonomy":"category","embeddable":true,"href":"https:\/\/www.noticiasradioreflejos.com.ar\/2021\/wp-json\/wp\/v2\/categories?post=142835"},{"taxonomy":"post_tag","embeddable":true,"href":"https:\/\/www.noticiasradioreflejos.com.ar\/2021\/wp-json\/wp\/v2\/tags?post=142835"}],"curies":[{"name":"wp","href":"https:\/\/api.w.org\/{rel}","templated":true}]}}