{"id":142825,"date":"2026-08-31T07:41:57","date_gmt":"2026-08-31T10:41:57","guid":{"rendered":"https:\/\/www.noticiasradioreflejos.com.ar\/2021\/?p=142825"},"modified":"2026-08-31T07:41:57","modified_gmt":"2026-08-31T10:41:57","slug":"dia-de-la-obstetricia-y-la-embarazada-por-que-se-celebra-el-31-de-agosto","status":"publish","type":"post","link":"https:\/\/www.noticiasradioreflejos.com.ar\/2021\/dia-de-la-obstetricia-y-la-embarazada-por-que-se-celebra-el-31-de-agosto\/","title":{"rendered":"D\u00eda de la Obstetricia y la Embarazada: \u00bfpor qu\u00e9 se celebra el 31 de agosto?"},"content":{"rendered":"<p>Cada 31 de agosto se reconoce la tarea de parteras y parteros en el cuidado de las personas gestantes y los reci\u00e9n nacidos. La fecha tambi\u00e9n coincide con la celebraci\u00f3n de San Ram\u00f3n Nonato, considerado su patrono.<!--more--><\/p>\n<p>Cada 31 de agosto se celebra en Argentina y en distintos pa\u00edses el <strong>D\u00eda Internacional de la Obstetricia y la Embarazada<\/strong>, una fecha destinada a destacar el trabajo de parteras y parteros durante el embarazo, el parto y el puerperio.<\/p>\n<p class=\"article-text\">La obstetricia acompa\u00f1a a las personas gestantes durante las distintas etapas de la gestaci\u00f3n y busca contribuir a mejores condiciones de salud tanto para ellas como para los reci\u00e9n nacidos. Su trabajo tambi\u00e9n incluye el acompa\u00f1amiento de los aspectos psicol\u00f3gicos y sociales vinculados con la maternidad.<\/p>\n<p class=\"article-text\">El seguimiento durante el embarazo permite controlar la evoluci\u00f3n de la gestaci\u00f3n y detectar posibles situaciones de riesgo. Los avances tecnol\u00f3gicos aplicados a la obstetricia, adem\u00e1s, permitieron ampliar las herramientas para realizar diagn\u00f3sticos prenatales en etapas cada vez m\u00e1s tempranas.<\/p>\n<p class=\"article-text\">Por eso, los controles peri\u00f3dicos ocupan un lugar central en el seguimiento del embarazo: permiten evaluar el estado de salud y el desarrollo de la gestaci\u00f3n y anticipar distintas situaciones vinculadas con la llegada del beb\u00e9.<\/p>\n<h2 class=\"article-text\">San Ram\u00f3n Nonato, el patrono de las embarazadas<\/h2>\n<p class=\"article-text\">La celebraci\u00f3n del 31 de agosto comenz\u00f3 en\u00a0<strong>1962<\/strong>\u00a0y coincide con el d\u00eda dedicado a San Ram\u00f3n Nonato, considerado patrono de las obstetricias, de las personas en trabajo de parto y de las embarazadas.<\/p>\n<p class=\"article-text\">Ram\u00f3n Nonato naci\u00f3 en\u00a0<strong>L\u00e9rida, Espa\u00f1a, en 1204<\/strong>. Seg\u00fan la tradici\u00f3n, fue extra\u00eddo con vida del vientre de su madre, que hab\u00eda fallecido el d\u00eda anterior. Ese hecho dio origen a la particular asociaci\u00f3n de su figura con las mujeres embarazadas y los ni\u00f1os por nacer.<\/p>\n<div id=\"container-after-news-outlook\"><\/div>\n<p class=\"article-text\">Fue sacerdote de la Orden de la Merced y dedic\u00f3 su vida a la redenci\u00f3n de cristianos cautivos. M\u00e1s tarde fue nombrado cardenal por el papa Gregorio IX.<\/p>\n<p class=\"article-text\">Por su historia, San Ram\u00f3n Nonato pas\u00f3 a ser invocado como figura de protecci\u00f3n para las personas embarazadas y los ni\u00f1os por nacer. Su conmemoraci\u00f3n coincide as\u00ed con una fecha que pone en primer plano el acompa\u00f1amiento y el cuidado durante el embarazo, el parto y el puerperio.<\/p>\n","protected":false},"excerpt":{"rendered":"<p>Cada 31 de agosto se reconoce la tarea de parteras y parteros en el cuidado de las personas gestantes y los reci\u00e9n nacidos. La fecha tambi\u00e9n coincide con la celebraci\u00f3n de San Ram\u00f3n Nonato, considerado su patrono.<\/p>\n","protected":false},"author":3,"featured_media":142826,"comment_status":"closed","ping_status":"closed","sticky":false,"template":"","format":"standard","meta":{"footnotes":""},"categories":[30,26],"tags":[],"class_list":["post-142825","post","type-post","status-publish","format-standard","has-post-thumbnail","hentry","category-salud","category-sociedad"],"yoast_head":"<!-- This site is optimized with the Yoast SEO plugin v25.9 - https:\/\/yoast.com\/wordpress\/plugins\/seo\/ -->\n<title>D\u00eda de la Obstetricia y la Embarazada: \u00bfpor qu\u00e9 se celebra el 31 de agosto? - Noticias Radio Reflejos<\/title>\n<meta name=\"robots\" content=\"index, follow, max-snippet:-1, max-image-preview:large, max-video-preview:-1\" \/>\n<link rel=\"canonical\" href=\"https:\/\/www.noticiasradioreflejos.com.ar\/2021\/dia-de-la-obstetricia-y-la-embarazada-por-que-se-celebra-el-31-de-agosto\/\" \/>\n<meta property=\"og:locale\" content=\"es_ES\" \/>\n<meta property=\"og:type\" content=\"article\" \/>\n<meta property=\"og:title\" content=\"D\u00eda de la Obstetricia y la Embarazada: \u00bfpor qu\u00e9 se celebra el 31 de agosto? - Noticias Radio Reflejos\" \/>\n<meta property=\"og:description\" content=\"Cada 31 de agosto se reconoce la tarea de parteras y parteros en el cuidado de las personas gestantes y los reci\u00e9n nacidos. La fecha tambi\u00e9n coincide con la celebraci\u00f3n de San Ram\u00f3n Nonato, considerado su patrono.\" \/>\n<meta property=\"og:url\" content=\"https:\/\/www.noticiasradioreflejos.com.ar\/2021\/dia-de-la-obstetricia-y-la-embarazada-por-que-se-celebra-el-31-de-agosto\/\" \/>\n<meta property=\"og:site_name\" content=\"Noticias Radio Reflejos\" \/>\n<meta property=\"article:published_time\" content=\"2026-08-31T10:41:57+00:00\" \/>\n<meta property=\"og:image\" content=\"https:\/\/www.noticiasradioreflejos.com.ar\/2021\/wp-content\/uploads\/2026\/08\/obstericia.webp\" \/>\n\t<meta property=\"og:image:width\" content=\"1200\" \/>\n\t<meta property=\"og:image:height\" content=\"675\" \/>\n\t<meta property=\"og:image:type\" content=\"image\/webp\" \/>\n<meta name=\"author\" content=\"Arnaldo Botto\" \/>\n<meta name=\"twitter:card\" content=\"summary_large_image\" \/>\n<script type=\"application\/ld+json\" class=\"yoast-schema-graph\">{\"@context\":\"https:\/\/schema.org\",\"@graph\":[{\"@type\":\"WebPage\",\"@id\":\"https:\/\/www.noticiasradioreflejos.com.ar\/2021\/dia-de-la-obstetricia-y-la-embarazada-por-que-se-celebra-el-31-de-agosto\/\",\"url\":\"https:\/\/www.noticiasradioreflejos.com.ar\/2021\/dia-de-la-obstetricia-y-la-embarazada-por-que-se-celebra-el-31-de-agosto\/\",\"name\":\"D\u00eda de la Obstetricia y la Embarazada: \u00bfpor qu\u00e9 se celebra el 31 de agosto? - Noticias Radio Reflejos\",\"isPartOf\":{\"@id\":\"https:\/\/www.noticiasradioreflejos.com.ar\/2021\/#website\"},\"primaryImageOfPage\":{\"@id\":\"https:\/\/www.noticiasradioreflejos.com.ar\/2021\/dia-de-la-obstetricia-y-la-embarazada-por-que-se-celebra-el-31-de-agosto\/#primaryimage\"},\"image\":{\"@id\":\"https:\/\/www.noticiasradioreflejos.com.ar\/2021\/dia-de-la-obstetricia-y-la-embarazada-por-que-se-celebra-el-31-de-agosto\/#primaryimage\"},\"thumbnailUrl\":\"https:\/\/www.noticiasradioreflejos.com.ar\/2021\/wp-content\/uploads\/2026\/08\/obstericia.webp\",\"datePublished\":\"2026-08-31T10:41:57+00:00\",\"author\":{\"@id\":\"https:\/\/www.noticiasradioreflejos.com.ar\/2021\/#\/schema\/person\/ad82545263dcc5ec0996818884fd5fb1\"},\"breadcrumb\":{\"@id\":\"https:\/\/www.noticiasradioreflejos.com.ar\/2021\/dia-de-la-obstetricia-y-la-embarazada-por-que-se-celebra-el-31-de-agosto\/#breadcrumb\"},\"inLanguage\":\"es\",\"potentialAction\":[{\"@type\":\"ReadAction\",\"target\":[\"https:\/\/www.noticiasradioreflejos.com.ar\/2021\/dia-de-la-obstetricia-y-la-embarazada-por-que-se-celebra-el-31-de-agosto\/\"]}]},{\"@type\":\"ImageObject\",\"inLanguage\":\"es\",\"@id\":\"https:\/\/www.noticiasradioreflejos.com.ar\/2021\/dia-de-la-obstetricia-y-la-embarazada-por-que-se-celebra-el-31-de-agosto\/#primaryimage\",\"url\":\"https:\/\/www.noticiasradioreflejos.com.ar\/2021\/wp-content\/uploads\/2026\/08\/obstericia.webp\",\"contentUrl\":\"https:\/\/www.noticiasradioreflejos.com.ar\/2021\/wp-content\/uploads\/2026\/08\/obstericia.webp\",\"width\":1200,\"height\":675},{\"@type\":\"BreadcrumbList\",\"@id\":\"https:\/\/www.noticiasradioreflejos.com.ar\/2021\/dia-de-la-obstetricia-y-la-embarazada-por-que-se-celebra-el-31-de-agosto\/#breadcrumb\",\"itemListElement\":[{\"@type\":\"ListItem\",\"position\":1,\"name\":\"Portada\",\"item\":\"https:\/\/www.noticiasradioreflejos.com.ar\/2021\/\"},{\"@type\":\"ListItem\",\"position\":2,\"name\":\"D\u00eda de la Obstetricia y la Embarazada: \u00bfpor qu\u00e9 se celebra el 31 de agosto?\"}]},{\"@type\":\"WebSite\",\"@id\":\"https:\/\/www.noticiasradioreflejos.com.ar\/2021\/#website\",\"url\":\"https:\/\/www.noticiasradioreflejos.com.ar\/2021\/\",\"name\":\"Noticias Radio Reflejos\",\"description\":\"Las noticias de mi comarca\",\"potentialAction\":[{\"@type\":\"SearchAction\",\"target\":{\"@type\":\"EntryPoint\",\"urlTemplate\":\"https:\/\/www.noticiasradioreflejos.com.ar\/2021\/?s={search_term_string}\"},\"query-input\":{\"@type\":\"PropertyValueSpecification\",\"valueRequired\":true,\"valueName\":\"search_term_string\"}}],\"inLanguage\":\"es\"},{\"@type\":\"Person\",\"@id\":\"https:\/\/www.noticiasradioreflejos.com.ar\/2021\/#\/schema\/person\/ad82545263dcc5ec0996818884fd5fb1\",\"name\":\"Arnaldo Botto\",\"image\":{\"@type\":\"ImageObject\",\"inLanguage\":\"es\",\"@id\":\"https:\/\/www.noticiasradioreflejos.com.ar\/2021\/#\/schema\/person\/image\/\",\"url\":\"https:\/\/secure.gravatar.com\/avatar\/55cb5e37c1efa326397366e6974cb338056df65cb50e7d64d1cf314e87504837?s=96&d=mm&r=g\",\"contentUrl\":\"https:\/\/secure.gravatar.com\/avatar\/55cb5e37c1efa326397366e6974cb338056df65cb50e7d64d1cf314e87504837?s=96&d=mm&r=g\",\"caption\":\"Arnaldo Botto\"},\"url\":\"https:\/\/www.noticiasradioreflejos.com.ar\/2021\/author\/arnaldo\/\"}]}<\/script>\n<!-- \/ Yoast SEO plugin. -->","yoast_head_json":{"title":"D\u00eda de la Obstetricia y la Embarazada: \u00bfpor qu\u00e9 se celebra el 31 de agosto? - Noticias Radio Reflejos","robots":{"index":"index","follow":"follow","max-snippet":"max-snippet:-1","max-image-preview":"max-image-preview:large","max-video-preview":"max-video-preview:-1"},"canonical":"https:\/\/www.noticiasradioreflejos.com.ar\/2021\/dia-de-la-obstetricia-y-la-embarazada-por-que-se-celebra-el-31-de-agosto\/","og_locale":"es_ES","og_type":"article","og_title":"D\u00eda de la Obstetricia y la Embarazada: \u00bfpor qu\u00e9 se celebra el 31 de agosto? - Noticias Radio Reflejos","og_description":"Cada 31 de agosto se reconoce la tarea de parteras y parteros en el cuidado de las personas gestantes y los reci\u00e9n nacidos. La fecha tambi\u00e9n coincide con la celebraci\u00f3n de San Ram\u00f3n Nonato, considerado su patrono.","og_url":"https:\/\/www.noticiasradioreflejos.com.ar\/2021\/dia-de-la-obstetricia-y-la-embarazada-por-que-se-celebra-el-31-de-agosto\/","og_site_name":"Noticias Radio Reflejos","article_published_time":"2026-08-31T10:41:57+00:00","og_image":[{"width":1200,"height":675,"url":"https:\/\/www.noticiasradioreflejos.com.ar\/2021\/wp-content\/uploads\/2026\/08\/obstericia.webp","type":"image\/webp"}],"author":"Arnaldo Botto","twitter_card":"summary_large_image","schema":{"@context":"https:\/\/schema.org","@graph":[{"@type":"WebPage","@id":"https:\/\/www.noticiasradioreflejos.com.ar\/2021\/dia-de-la-obstetricia-y-la-embarazada-por-que-se-celebra-el-31-de-agosto\/","url":"https:\/\/www.noticiasradioreflejos.com.ar\/2021\/dia-de-la-obstetricia-y-la-embarazada-por-que-se-celebra-el-31-de-agosto\/","name":"D\u00eda de la Obstetricia y la Embarazada: \u00bfpor qu\u00e9 se celebra el 31 de agosto? - Noticias Radio Reflejos","isPartOf":{"@id":"https:\/\/www.noticiasradioreflejos.com.ar\/2021\/#website"},"primaryImageOfPage":{"@id":"https:\/\/www.noticiasradioreflejos.com.ar\/2021\/dia-de-la-obstetricia-y-la-embarazada-por-que-se-celebra-el-31-de-agosto\/#primaryimage"},"image":{"@id":"https:\/\/www.noticiasradioreflejos.com.ar\/2021\/dia-de-la-obstetricia-y-la-embarazada-por-que-se-celebra-el-31-de-agosto\/#primaryimage"},"thumbnailUrl":"https:\/\/www.noticiasradioreflejos.com.ar\/2021\/wp-content\/uploads\/2026\/08\/obstericia.webp","datePublished":"2026-08-31T10:41:57+00:00","author":{"@id":"https:\/\/www.noticiasradioreflejos.com.ar\/2021\/#\/schema\/person\/ad82545263dcc5ec0996818884fd5fb1"},"breadcrumb":{"@id":"https:\/\/www.noticiasradioreflejos.com.ar\/2021\/dia-de-la-obstetricia-y-la-embarazada-por-que-se-celebra-el-31-de-agosto\/#breadcrumb"},"inLanguage":"es","potentialAction":[{"@type":"ReadAction","target":["https:\/\/www.noticiasradioreflejos.com.ar\/2021\/dia-de-la-obstetricia-y-la-embarazada-por-que-se-celebra-el-31-de-agosto\/"]}]},{"@type":"ImageObject","inLanguage":"es","@id":"https:\/\/www.noticiasradioreflejos.com.ar\/2021\/dia-de-la-obstetricia-y-la-embarazada-por-que-se-celebra-el-31-de-agosto\/#primaryimage","url":"https:\/\/www.noticiasradioreflejos.com.ar\/2021\/wp-content\/uploads\/2026\/08\/obstericia.webp","contentUrl":"https:\/\/www.noticiasradioreflejos.com.ar\/2021\/wp-content\/uploads\/2026\/08\/obstericia.webp","width":1200,"height":675},{"@type":"BreadcrumbList","@id":"https:\/\/www.noticiasradioreflejos.com.ar\/2021\/dia-de-la-obstetricia-y-la-embarazada-por-que-se-celebra-el-31-de-agosto\/#breadcrumb","itemListElement":[{"@type":"ListItem","position":1,"name":"Portada","item":"https:\/\/www.noticiasradioreflejos.com.ar\/2021\/"},{"@type":"ListItem","position":2,"name":"D\u00eda de la Obstetricia y la Embarazada: \u00bfpor qu\u00e9 se celebra el 31 de agosto?"}]},{"@type":"WebSite","@id":"https:\/\/www.noticiasradioreflejos.com.ar\/2021\/#website","url":"https:\/\/www.noticiasradioreflejos.com.ar\/2021\/","name":"Noticias Radio Reflejos","description":"Las noticias de mi comarca","potentialAction":[{"@type":"SearchAction","target":{"@type":"EntryPoint","urlTemplate":"https:\/\/www.noticiasradioreflejos.com.ar\/2021\/?s={search_term_string}"},"query-input":{"@type":"PropertyValueSpecification","valueRequired":true,"valueName":"search_term_string"}}],"inLanguage":"es"},{"@type":"Person","@id":"https:\/\/www.noticiasradioreflejos.com.ar\/2021\/#\/schema\/person\/ad82545263dcc5ec0996818884fd5fb1","name":"Arnaldo Botto","image":{"@type":"ImageObject","inLanguage":"es","@id":"https:\/\/www.noticiasradioreflejos.com.ar\/2021\/#\/schema\/person\/image\/","url":"https:\/\/secure.gravatar.com\/avatar\/55cb5e37c1efa326397366e6974cb338056df65cb50e7d64d1cf314e87504837?s=96&d=mm&r=g","contentUrl":"https:\/\/secure.gravatar.com\/avatar\/55cb5e37c1efa326397366e6974cb338056df65cb50e7d64d1cf314e87504837?s=96&d=mm&r=g","caption":"Arnaldo Botto"},"url":"https:\/\/www.noticiasradioreflejos.com.ar\/2021\/author\/arnaldo\/"}]}},"_links":{"self":[{"href":"https:\/\/www.noticiasradioreflejos.com.ar\/2021\/wp-json\/wp\/v2\/posts\/142825","targetHints":{"allow":["GET"]}}],"collection":[{"href":"https:\/\/www.noticiasradioreflejos.com.ar\/2021\/wp-json\/wp\/v2\/posts"}],"about":[{"href":"https:\/\/www.noticiasradioreflejos.com.ar\/2021\/wp-json\/wp\/v2\/types\/post"}],"author":[{"embeddable":true,"href":"https:\/\/www.noticiasradioreflejos.com.ar\/2021\/wp-json\/wp\/v2\/users\/3"}],"replies":[{"embeddable":true,"href":"https:\/\/www.noticiasradioreflejos.com.ar\/2021\/wp-json\/wp\/v2\/comments?post=142825"}],"version-history":[{"count":1,"href":"https:\/\/www.noticiasradioreflejos.com.ar\/2021\/wp-json\/wp\/v2\/posts\/142825\/revisions"}],"predecessor-version":[{"id":142827,"href":"https:\/\/www.noticiasradioreflejos.com.ar\/2021\/wp-json\/wp\/v2\/posts\/142825\/revisions\/142827"}],"wp:featuredmedia":[{"embeddable":true,"href":"https:\/\/www.noticiasradioreflejos.com.ar\/2021\/wp-json\/wp\/v2\/media\/142826"}],"wp:attachment":[{"href":"https:\/\/www.noticiasradioreflejos.com.ar\/2021\/wp-json\/wp\/v2\/media?parent=142825"}],"wp:term":[{"taxonomy":"category","embeddable":true,"href":"https:\/\/www.noticiasradioreflejos.com.ar\/2021\/wp-json\/wp\/v2\/categories?post=142825"},{"taxonomy":"post_tag","embeddable":true,"href":"https:\/\/www.noticiasradioreflejos.com.ar\/2021\/wp-json\/wp\/v2\/tags?post=142825"}],"curies":[{"name":"wp","href":"https:\/\/api.w.org\/{rel}","templated":true}]}}