{"id":142822,"date":"2026-08-31T07:36:53","date_gmt":"2026-08-31T10:36:53","guid":{"rendered":"https:\/\/www.noticiasradioreflejos.com.ar\/2021\/?p=142822"},"modified":"2026-08-31T07:36:53","modified_gmt":"2026-08-31T10:36:53","slug":"un-fotografo-argentino-fue-premiado-por-una-impactante-imagen-de-la-represion-en-el-congreso","status":"publish","type":"post","link":"https:\/\/www.noticiasradioreflejos.com.ar\/2021\/un-fotografo-argentino-fue-premiado-por-una-impactante-imagen-de-la-represion-en-el-congreso\/","title":{"rendered":"Un fot\u00f3grafo argentino fue premiado por una impactante imagen de la represi\u00f3n en el Congreso"},"content":{"rendered":"<p>La fotograf\u00eda de <strong>Tadeo Bourbon<\/strong>, que retrata a un manifestante anciano forcejeando entre un cord\u00f3n de efectivos de la Prefectura Naval, fue distinguida por su impacto visual y su valor testimonial.<!--more--><\/p>\n<div class=\"columns\" data-tadevel-template=\"web\/article-columns\">\n<div class=\"column-main\">\n<div class=\"article-body\" data-tadevel-template=\"web\/article-body\">\n<div class=\"article-body-content\">\n<p>El fotoperiodismo argentino vuelve a destacarse en el escenario internacional:\u00a0<strong>una potente imagen captada en las inmediaciones del Congreso de la Naci\u00f3n<\/strong>\u00a0fue galardonada en un prestigiado concurso de fotograf\u00eda, reconociendo la capacidad de documentar la tensi\u00f3n social y pol\u00edtica que atraviesa al pa\u00eds.<\/p>\n<p>La obra premiada, del fot\u00f3grafo Tadeo Bourbon, capta con crudeza un instante de m\u00e1xima tensi\u00f3n durante una manifestaci\u00f3n en las calles porte\u00f1as, logrando transmitir la desproporci\u00f3n y el dramatismo de la escena en un solo encuadre.<\/p>\n<h2>\u00bfQu\u00e9 muestra la fotograf\u00eda premiada?<\/h2>\n<\/div>\n<\/div>\n<\/div>\n<\/div>\n<p>La impactante imagen tiene como protagonista a un <strong>sacerdote, el padre Jorge \u00abChueco\u00bb Romero de Ciudad Oculta,\u00a0<\/strong>quien queda atrapado y acorralado en medio de un nutrido cord\u00f3n de las fuerzas de seguridad.<\/p>\n<div class=\"columns\" data-tadevel-template=\"web\/article-columns\">\n<div class=\"column-main\">\n<div class=\"article-body\" data-tadevel-template=\"web\/article-body\">\n<div class=\"article-body-content\">\n<p>En el encuadre se observan m\u00faltiples detalles que marcan el dramatismo de la secuencia, como el choque de fuerzas: el sacerdote, vistiendo una t\u00fanica blanca y un morral artesanal, forcejea cuerpo a cuerpo contra los escudos de acr\u00edlico y el equipamiento t\u00e1ctico de los efectivos de la\u00a0<strong>Prefectura Naval Argentina (PNA).<\/strong><\/p>\n<p>El escenario fue una marcha de jubilados de los mi\u00e9rcoles: de fondo se distingue la c\u00fapula y estructura del Congreso de la Naci\u00f3n sobre la plaza, ubicando geogr\u00e1ficamente el conflicto en el centro de la Ciudad de Buenos Aires.<\/p>\n<\/div>\n<\/div>\n<div class=\"article-body\" data-tadevel-template=\"web\/article-body\">\n<div class=\"article-body-content\">\n<p data-path-to-node=\"1\"><b data-path-to-node=\"1\" data-index-in-node=\"0\">Detalles de la imagen y el galard\u00f3n:<\/b><\/p>\n<ul data-path-to-node=\"2\">\n<li>\n<p data-path-to-node=\"2,0,0\"><b data-path-to-node=\"2,0,0\" data-index-in-node=\"0\">Fot\u00f3grafo:<\/b> Tadeo Bourbon.<\/p>\n<\/li>\n<li>\n<p data-path-to-node=\"2,1,0\"><b data-path-to-node=\"2,1,0\" data-index-in-node=\"0\">Concurso \/ Organizaci\u00f3n:<\/b> World Press Photo.<\/p>\n<\/li>\n<li>\n<p data-path-to-node=\"2,2,0\"><b data-path-to-node=\"2,2,0\" data-index-in-node=\"0\">Protagonista:<\/b> El sacerdote Jorge \u00abChueco\u00bb Romero (de Ciudad Oculta), vistiendo su t\u00fanica.<\/p>\n<\/li>\n<li>\n<p data-path-to-node=\"2,3,0\"><b data-path-to-node=\"2,3,0\" data-index-in-node=\"0\">Contexto:<\/b> La imagen captur\u00f3 un momento de tensi\u00f3n entre el religioso y efectivos de la Prefectura Naval Argentina (PNA) durante una manifestaci\u00f3n frente al Congreso de la Naci\u00f3n en Buenos Aires.<\/p>\n<\/li>\n<\/ul>\n<p><em><strong>Agencia NA<\/strong><\/em><\/p>\n<\/div>\n<\/div>\n<\/div>\n<\/div>\n","protected":false},"excerpt":{"rendered":"<p>La fotograf\u00eda de Tadeo Bourbon, que retrata a un manifestante anciano forcejeando entre un cord\u00f3n de efectivos de la Prefectura Naval, fue distinguida por su impacto visual y su valor testimonial.<\/p>\n","protected":false},"author":3,"featured_media":142823,"comment_status":"closed","ping_status":"closed","sticky":false,"template":"","format":"standard","meta":{"footnotes":""},"categories":[35,24,26],"tags":[],"class_list":["post-142822","post","type-post","status-publish","format-standard","has-post-thumbnail","hentry","category-cultura","category-politica","category-sociedad"],"yoast_head":"<!-- This site is optimized with the Yoast SEO plugin v25.9 - https:\/\/yoast.com\/wordpress\/plugins\/seo\/ -->\n<title>Un fot\u00f3grafo argentino fue premiado por una impactante imagen de la represi\u00f3n en el Congreso - Noticias Radio Reflejos<\/title>\n<meta name=\"robots\" content=\"index, follow, max-snippet:-1, max-image-preview:large, max-video-preview:-1\" \/>\n<link rel=\"canonical\" href=\"https:\/\/www.noticiasradioreflejos.com.ar\/2021\/un-fotografo-argentino-fue-premiado-por-una-impactante-imagen-de-la-represion-en-el-congreso\/\" \/>\n<meta property=\"og:locale\" content=\"es_ES\" \/>\n<meta property=\"og:type\" content=\"article\" \/>\n<meta property=\"og:title\" content=\"Un fot\u00f3grafo argentino fue premiado por una impactante imagen de la represi\u00f3n en el Congreso - Noticias Radio Reflejos\" \/>\n<meta property=\"og:description\" content=\"La fotograf\u00eda de Tadeo Bourbon, que retrata a un manifestante anciano forcejeando entre un cord\u00f3n de efectivos de la Prefectura Naval, fue distinguida por su impacto visual y su valor testimonial.\" \/>\n<meta property=\"og:url\" content=\"https:\/\/www.noticiasradioreflejos.com.ar\/2021\/un-fotografo-argentino-fue-premiado-por-una-impactante-imagen-de-la-represion-en-el-congreso\/\" \/>\n<meta property=\"og:site_name\" content=\"Noticias Radio Reflejos\" \/>\n<meta property=\"article:published_time\" content=\"2026-08-31T10:36:53+00:00\" \/>\n<meta property=\"og:image\" content=\"https:\/\/www.noticiasradioreflejos.com.ar\/2021\/wp-content\/uploads\/2026\/08\/Foto-Premiada.jpg\" \/>\n\t<meta property=\"og:image:width\" content=\"640\" \/>\n\t<meta property=\"og:image:height\" content=\"349\" \/>\n\t<meta property=\"og:image:type\" content=\"image\/jpeg\" \/>\n<meta name=\"author\" content=\"Arnaldo Botto\" \/>\n<meta name=\"twitter:card\" content=\"summary_large_image\" \/>\n<script type=\"application\/ld+json\" class=\"yoast-schema-graph\">{\"@context\":\"https:\/\/schema.org\",\"@graph\":[{\"@type\":\"WebPage\",\"@id\":\"https:\/\/www.noticiasradioreflejos.com.ar\/2021\/un-fotografo-argentino-fue-premiado-por-una-impactante-imagen-de-la-represion-en-el-congreso\/\",\"url\":\"https:\/\/www.noticiasradioreflejos.com.ar\/2021\/un-fotografo-argentino-fue-premiado-por-una-impactante-imagen-de-la-represion-en-el-congreso\/\",\"name\":\"Un fot\u00f3grafo argentino fue premiado por una impactante imagen de la represi\u00f3n en el Congreso - Noticias Radio Reflejos\",\"isPartOf\":{\"@id\":\"https:\/\/www.noticiasradioreflejos.com.ar\/2021\/#website\"},\"primaryImageOfPage\":{\"@id\":\"https:\/\/www.noticiasradioreflejos.com.ar\/2021\/un-fotografo-argentino-fue-premiado-por-una-impactante-imagen-de-la-represion-en-el-congreso\/#primaryimage\"},\"image\":{\"@id\":\"https:\/\/www.noticiasradioreflejos.com.ar\/2021\/un-fotografo-argentino-fue-premiado-por-una-impactante-imagen-de-la-represion-en-el-congreso\/#primaryimage\"},\"thumbnailUrl\":\"https:\/\/www.noticiasradioreflejos.com.ar\/2021\/wp-content\/uploads\/2026\/08\/Foto-Premiada.jpg\",\"datePublished\":\"2026-08-31T10:36:53+00:00\",\"author\":{\"@id\":\"https:\/\/www.noticiasradioreflejos.com.ar\/2021\/#\/schema\/person\/ad82545263dcc5ec0996818884fd5fb1\"},\"breadcrumb\":{\"@id\":\"https:\/\/www.noticiasradioreflejos.com.ar\/2021\/un-fotografo-argentino-fue-premiado-por-una-impactante-imagen-de-la-represion-en-el-congreso\/#breadcrumb\"},\"inLanguage\":\"es\",\"potentialAction\":[{\"@type\":\"ReadAction\",\"target\":[\"https:\/\/www.noticiasradioreflejos.com.ar\/2021\/un-fotografo-argentino-fue-premiado-por-una-impactante-imagen-de-la-represion-en-el-congreso\/\"]}]},{\"@type\":\"ImageObject\",\"inLanguage\":\"es\",\"@id\":\"https:\/\/www.noticiasradioreflejos.com.ar\/2021\/un-fotografo-argentino-fue-premiado-por-una-impactante-imagen-de-la-represion-en-el-congreso\/#primaryimage\",\"url\":\"https:\/\/www.noticiasradioreflejos.com.ar\/2021\/wp-content\/uploads\/2026\/08\/Foto-Premiada.jpg\",\"contentUrl\":\"https:\/\/www.noticiasradioreflejos.com.ar\/2021\/wp-content\/uploads\/2026\/08\/Foto-Premiada.jpg\",\"width\":640,\"height\":349},{\"@type\":\"BreadcrumbList\",\"@id\":\"https:\/\/www.noticiasradioreflejos.com.ar\/2021\/un-fotografo-argentino-fue-premiado-por-una-impactante-imagen-de-la-represion-en-el-congreso\/#breadcrumb\",\"itemListElement\":[{\"@type\":\"ListItem\",\"position\":1,\"name\":\"Portada\",\"item\":\"https:\/\/www.noticiasradioreflejos.com.ar\/2021\/\"},{\"@type\":\"ListItem\",\"position\":2,\"name\":\"Un fot\u00f3grafo argentino fue premiado por una impactante imagen de la represi\u00f3n en el Congreso\"}]},{\"@type\":\"WebSite\",\"@id\":\"https:\/\/www.noticiasradioreflejos.com.ar\/2021\/#website\",\"url\":\"https:\/\/www.noticiasradioreflejos.com.ar\/2021\/\",\"name\":\"Noticias Radio Reflejos\",\"description\":\"Las noticias de mi comarca\",\"potentialAction\":[{\"@type\":\"SearchAction\",\"target\":{\"@type\":\"EntryPoint\",\"urlTemplate\":\"https:\/\/www.noticiasradioreflejos.com.ar\/2021\/?s={search_term_string}\"},\"query-input\":{\"@type\":\"PropertyValueSpecification\",\"valueRequired\":true,\"valueName\":\"search_term_string\"}}],\"inLanguage\":\"es\"},{\"@type\":\"Person\",\"@id\":\"https:\/\/www.noticiasradioreflejos.com.ar\/2021\/#\/schema\/person\/ad82545263dcc5ec0996818884fd5fb1\",\"name\":\"Arnaldo Botto\",\"image\":{\"@type\":\"ImageObject\",\"inLanguage\":\"es\",\"@id\":\"https:\/\/www.noticiasradioreflejos.com.ar\/2021\/#\/schema\/person\/image\/\",\"url\":\"https:\/\/secure.gravatar.com\/avatar\/55cb5e37c1efa326397366e6974cb338056df65cb50e7d64d1cf314e87504837?s=96&d=mm&r=g\",\"contentUrl\":\"https:\/\/secure.gravatar.com\/avatar\/55cb5e37c1efa326397366e6974cb338056df65cb50e7d64d1cf314e87504837?s=96&d=mm&r=g\",\"caption\":\"Arnaldo Botto\"},\"url\":\"https:\/\/www.noticiasradioreflejos.com.ar\/2021\/author\/arnaldo\/\"}]}<\/script>\n<!-- \/ Yoast SEO plugin. -->","yoast_head_json":{"title":"Un fot\u00f3grafo argentino fue premiado por una impactante imagen de la represi\u00f3n en el Congreso - Noticias Radio Reflejos","robots":{"index":"index","follow":"follow","max-snippet":"max-snippet:-1","max-image-preview":"max-image-preview:large","max-video-preview":"max-video-preview:-1"},"canonical":"https:\/\/www.noticiasradioreflejos.com.ar\/2021\/un-fotografo-argentino-fue-premiado-por-una-impactante-imagen-de-la-represion-en-el-congreso\/","og_locale":"es_ES","og_type":"article","og_title":"Un fot\u00f3grafo argentino fue premiado por una impactante imagen de la represi\u00f3n en el Congreso - Noticias Radio Reflejos","og_description":"La fotograf\u00eda de Tadeo Bourbon, que retrata a un manifestante anciano forcejeando entre un cord\u00f3n de efectivos de la Prefectura Naval, fue distinguida por su impacto visual y su valor testimonial.","og_url":"https:\/\/www.noticiasradioreflejos.com.ar\/2021\/un-fotografo-argentino-fue-premiado-por-una-impactante-imagen-de-la-represion-en-el-congreso\/","og_site_name":"Noticias Radio Reflejos","article_published_time":"2026-08-31T10:36:53+00:00","og_image":[{"width":640,"height":349,"url":"https:\/\/www.noticiasradioreflejos.com.ar\/2021\/wp-content\/uploads\/2026\/08\/Foto-Premiada.jpg","type":"image\/jpeg"}],"author":"Arnaldo Botto","twitter_card":"summary_large_image","schema":{"@context":"https:\/\/schema.org","@graph":[{"@type":"WebPage","@id":"https:\/\/www.noticiasradioreflejos.com.ar\/2021\/un-fotografo-argentino-fue-premiado-por-una-impactante-imagen-de-la-represion-en-el-congreso\/","url":"https:\/\/www.noticiasradioreflejos.com.ar\/2021\/un-fotografo-argentino-fue-premiado-por-una-impactante-imagen-de-la-represion-en-el-congreso\/","name":"Un fot\u00f3grafo argentino fue premiado por una impactante imagen de la represi\u00f3n en el Congreso - Noticias Radio Reflejos","isPartOf":{"@id":"https:\/\/www.noticiasradioreflejos.com.ar\/2021\/#website"},"primaryImageOfPage":{"@id":"https:\/\/www.noticiasradioreflejos.com.ar\/2021\/un-fotografo-argentino-fue-premiado-por-una-impactante-imagen-de-la-represion-en-el-congreso\/#primaryimage"},"image":{"@id":"https:\/\/www.noticiasradioreflejos.com.ar\/2021\/un-fotografo-argentino-fue-premiado-por-una-impactante-imagen-de-la-represion-en-el-congreso\/#primaryimage"},"thumbnailUrl":"https:\/\/www.noticiasradioreflejos.com.ar\/2021\/wp-content\/uploads\/2026\/08\/Foto-Premiada.jpg","datePublished":"2026-08-31T10:36:53+00:00","author":{"@id":"https:\/\/www.noticiasradioreflejos.com.ar\/2021\/#\/schema\/person\/ad82545263dcc5ec0996818884fd5fb1"},"breadcrumb":{"@id":"https:\/\/www.noticiasradioreflejos.com.ar\/2021\/un-fotografo-argentino-fue-premiado-por-una-impactante-imagen-de-la-represion-en-el-congreso\/#breadcrumb"},"inLanguage":"es","potentialAction":[{"@type":"ReadAction","target":["https:\/\/www.noticiasradioreflejos.com.ar\/2021\/un-fotografo-argentino-fue-premiado-por-una-impactante-imagen-de-la-represion-en-el-congreso\/"]}]},{"@type":"ImageObject","inLanguage":"es","@id":"https:\/\/www.noticiasradioreflejos.com.ar\/2021\/un-fotografo-argentino-fue-premiado-por-una-impactante-imagen-de-la-represion-en-el-congreso\/#primaryimage","url":"https:\/\/www.noticiasradioreflejos.com.ar\/2021\/wp-content\/uploads\/2026\/08\/Foto-Premiada.jpg","contentUrl":"https:\/\/www.noticiasradioreflejos.com.ar\/2021\/wp-content\/uploads\/2026\/08\/Foto-Premiada.jpg","width":640,"height":349},{"@type":"BreadcrumbList","@id":"https:\/\/www.noticiasradioreflejos.com.ar\/2021\/un-fotografo-argentino-fue-premiado-por-una-impactante-imagen-de-la-represion-en-el-congreso\/#breadcrumb","itemListElement":[{"@type":"ListItem","position":1,"name":"Portada","item":"https:\/\/www.noticiasradioreflejos.com.ar\/2021\/"},{"@type":"ListItem","position":2,"name":"Un fot\u00f3grafo argentino fue premiado por una impactante imagen de la represi\u00f3n en el Congreso"}]},{"@type":"WebSite","@id":"https:\/\/www.noticiasradioreflejos.com.ar\/2021\/#website","url":"https:\/\/www.noticiasradioreflejos.com.ar\/2021\/","name":"Noticias Radio Reflejos","description":"Las noticias de mi comarca","potentialAction":[{"@type":"SearchAction","target":{"@type":"EntryPoint","urlTemplate":"https:\/\/www.noticiasradioreflejos.com.ar\/2021\/?s={search_term_string}"},"query-input":{"@type":"PropertyValueSpecification","valueRequired":true,"valueName":"search_term_string"}}],"inLanguage":"es"},{"@type":"Person","@id":"https:\/\/www.noticiasradioreflejos.com.ar\/2021\/#\/schema\/person\/ad82545263dcc5ec0996818884fd5fb1","name":"Arnaldo Botto","image":{"@type":"ImageObject","inLanguage":"es","@id":"https:\/\/www.noticiasradioreflejos.com.ar\/2021\/#\/schema\/person\/image\/","url":"https:\/\/secure.gravatar.com\/avatar\/55cb5e37c1efa326397366e6974cb338056df65cb50e7d64d1cf314e87504837?s=96&d=mm&r=g","contentUrl":"https:\/\/secure.gravatar.com\/avatar\/55cb5e37c1efa326397366e6974cb338056df65cb50e7d64d1cf314e87504837?s=96&d=mm&r=g","caption":"Arnaldo Botto"},"url":"https:\/\/www.noticiasradioreflejos.com.ar\/2021\/author\/arnaldo\/"}]}},"_links":{"self":[{"href":"https:\/\/www.noticiasradioreflejos.com.ar\/2021\/wp-json\/wp\/v2\/posts\/142822","targetHints":{"allow":["GET"]}}],"collection":[{"href":"https:\/\/www.noticiasradioreflejos.com.ar\/2021\/wp-json\/wp\/v2\/posts"}],"about":[{"href":"https:\/\/www.noticiasradioreflejos.com.ar\/2021\/wp-json\/wp\/v2\/types\/post"}],"author":[{"embeddable":true,"href":"https:\/\/www.noticiasradioreflejos.com.ar\/2021\/wp-json\/wp\/v2\/users\/3"}],"replies":[{"embeddable":true,"href":"https:\/\/www.noticiasradioreflejos.com.ar\/2021\/wp-json\/wp\/v2\/comments?post=142822"}],"version-history":[{"count":1,"href":"https:\/\/www.noticiasradioreflejos.com.ar\/2021\/wp-json\/wp\/v2\/posts\/142822\/revisions"}],"predecessor-version":[{"id":142824,"href":"https:\/\/www.noticiasradioreflejos.com.ar\/2021\/wp-json\/wp\/v2\/posts\/142822\/revisions\/142824"}],"wp:featuredmedia":[{"embeddable":true,"href":"https:\/\/www.noticiasradioreflejos.com.ar\/2021\/wp-json\/wp\/v2\/media\/142823"}],"wp:attachment":[{"href":"https:\/\/www.noticiasradioreflejos.com.ar\/2021\/wp-json\/wp\/v2\/media?parent=142822"}],"wp:term":[{"taxonomy":"category","embeddable":true,"href":"https:\/\/www.noticiasradioreflejos.com.ar\/2021\/wp-json\/wp\/v2\/categories?post=142822"},{"taxonomy":"post_tag","embeddable":true,"href":"https:\/\/www.noticiasradioreflejos.com.ar\/2021\/wp-json\/wp\/v2\/tags?post=142822"}],"curies":[{"name":"wp","href":"https:\/\/api.w.org\/{rel}","templated":true}]}}