{"id":142819,"date":"2026-08-31T07:24:43","date_gmt":"2026-08-31T10:24:43","guid":{"rendered":"https:\/\/www.noticiasradioreflejos.com.ar\/2021\/?p=142819"},"modified":"2026-08-31T07:25:22","modified_gmt":"2026-08-31T10:25:22","slug":"agosto-se-despide-de-la-comarca-con-lluvias-y-viento","status":"publish","type":"post","link":"https:\/\/www.noticiasradioreflejos.com.ar\/2021\/agosto-se-despide-de-la-comarca-con-lluvias-y-viento\/","title":{"rendered":"Agosto se despide de la comarca con lluvias y viento."},"content":{"rendered":"<p data-path-to-node=\"1\"><i data-path-to-node=\"1\" data-index-in-node=\"0\">El Servicio Meteorol\u00f3gico Nacional anticipa un inicio de semana marcado por la inestabilidad matinal, la rotaci\u00f3n de vientos y marcadas variaciones de temperatura en el sudoeste bonaerense.<\/i><!--more--><\/p>\n<p data-path-to-node=\"2\">La comarca serrana y su zona de influencia atraviesan un arranque de semana caracterizado por el dinamismo atmosf\u00e9rico. Tras una madrugada e inicio de jornada con registros de lluvia, las condiciones meteorol\u00f3gicas tender\u00e1n a estabilizarse de manera progresiva, dando paso a una ventana de buen tiempo antes de la llegada de un nuevo pulso de aire fresco y cielo cubierto.<\/p>\n<p data-path-to-node=\"3\">Seg\u00fan el pron\u00f3stico elaborado por el<strong> Servicio Meteorol\u00f3gico Nacional (SMN<\/strong>), la jornada de este <strong>lunes<\/strong> comenz\u00f3 con la presencia de chaparrones aislados durante las primeras horas de la madrugada y la ma\u00f1ana. Con el correr del d\u00eda y a partir del mediod\u00eda, la nubosidad ceder\u00e1 temporalmente para ofrecer algunas horas de sol brillante. Sin embargo, hacia la tarde la cobertura nubosa volver\u00e1 a incrementarse, dejando un firmamento mayormente nublado.<\/p>\n<p data-path-to-node=\"4\">En el casco urbano de<strong> Sierra de la Ventana, los term\u00f3metros marcaron un piso t\u00e9rmico de 10 \u00b0C<\/strong> en las primeras horas, mientras que los valores<strong> m\u00e1ximos trepar\u00e1n hasta los 19 \u00b0C y 20 \u00b0C<\/strong> durante la tarde, configurando un ambiente templado. Un factor determinante de la jornada ser\u00e1 el comportamiento del viento: durante la ma\u00f1ana mantendr\u00e1 una orientaci\u00f3n predominante del noroeste (NO), para luego rotar decididamente hacia el sudoeste (SO) a partir del mediod\u00eda. Esta rotaci\u00f3n vendr\u00e1 acompa\u00f1ada por un incremento en la intensidad de las<strong> r\u00e1fagas, con velocidades sostenidas de entre 20 y 36 km\/h.<\/strong><\/p>\n<h3 data-path-to-node=\"5\">Marcado descenso de las m\u00ednimas para el martes<\/h3>\n<p data-path-to-node=\"6\">El cuadro meteorol\u00f3gico mostrar\u00e1 cambios significativos de cara al martes. La jornada se presentar\u00e1 con un firmamento mayormente nublado a lo largo de todo el d\u00eda y con un notorio descenso de la temperatura m\u00ednima, la cual perforar\u00e1 el piso de los d\u00edas previos para ubicarse en torno a los 4 \u00b0C en las zonas m\u00e1s bajas y perif\u00e9ricas del valle.<\/p>\n<p data-path-to-node=\"7\">A pesar de la ma\u00f1ana fr\u00eda, la m\u00e1xima se mantendr\u00e1 en guarismos agradables, oscilando entre los 18 \u00b0C y 19 \u00b0C. En este caso, la intensidad del viento dar\u00e1 una tregua, ya que se anticipan brisas suaves de direcciones variables, lo que moderar\u00e1 la sensaci\u00f3n t\u00e9rmica.<\/p>\n<h3 data-path-to-node=\"8\">El mi\u00e9rcoles vuelve la inestabilidad<\/h3>\n<p data-path-to-node=\"9\">Para la mitad de la semana, las proyecciones oficiales sugieren un nuevo panorama de cielo completamente cubierto sobre las sierras. Durante las primeras horas de la ma\u00f1ana del mi\u00e9rcoles no se descarta la ocurrencia de chaparrones de variada intensidad sobre la regi\u00f3n.<\/p>\n<p data-path-to-node=\"10\">El ambiente se tornar\u00e1 m\u00e1s fresco, con registros m\u00e1ximos que no superar\u00e1n la franja de los 16 \u00b0C a 17 \u00b0C. La circulaci\u00f3n del viento se mantendr\u00e1 d\u00e9bil y con rumbo variable, consolidando un marco invernal t\u00edpico de la zona serrana, con abundante humedad en las capas bajas de la atm\u00f3sfera.<\/p>\n<h3 data-path-to-node=\"12\">Resumen del pron\u00f3stico para los pr\u00f3ximos d\u00edas<\/h3>\n<table data-path-to-node=\"13\">\n<thead>\n<tr>\n<td><strong>D\u00eda<\/strong><\/td>\n<td><strong>Estado del tiempo<\/strong><\/td>\n<td><strong>Temp. M\u00ednima<\/strong><\/td>\n<td><strong>Temp. M\u00e1xima<\/strong><\/td>\n<td><strong>Viento<\/strong><\/td>\n<\/tr>\n<\/thead>\n<tbody>\n<tr>\n<td><span data-path-to-node=\"13,1,0,0\"><b data-path-to-node=\"13,1,0,0\" data-index-in-node=\"0\">Lunes<\/b><\/span><\/td>\n<td><span data-path-to-node=\"13,1,1,0\">Chaparrones matinales, sol al mediod\u00eda y tarde nublada<\/span><\/td>\n<td><span data-path-to-node=\"13,1,2,0\">10 \u00b0C<\/span><\/td>\n<td><span data-path-to-node=\"13,1,3,0\">19 \u00b0C \/ 20 \u00b0C<\/span><\/td>\n<td><span data-path-to-node=\"13,1,4,0\">NO a SO (20-36 km\/h)<\/span><\/td>\n<\/tr>\n<tr>\n<td><span data-path-to-node=\"13,2,0,0\"><b data-path-to-node=\"13,2,0,0\" data-index-in-node=\"0\">Martes<\/b><\/span><\/td>\n<td><span data-path-to-node=\"13,2,1,0\">Mayormente nublado, ma\u00f1ana muy fr\u00eda<\/span><\/td>\n<td><span data-path-to-node=\"13,2,2,0\">4 \u00b0C<\/span><\/td>\n<td><span data-path-to-node=\"13,2,3,0\">18 \u00b0C \/ 19 \u00b0C<\/span><\/td>\n<td><span data-path-to-node=\"13,2,4,0\">Suaves de direcciones variables<\/span><\/td>\n<\/tr>\n<tr>\n<td><span data-path-to-node=\"13,3,0,0\"><b data-path-to-node=\"13,3,0,0\" data-index-in-node=\"0\">Mi\u00e9rcoles<\/b><\/span><\/td>\n<td><span data-path-to-node=\"13,3,1,0\">Cubierto con probables chaparrones matinales<\/span><\/td>\n<td><span data-path-to-node=\"13,3,2,0\">&#8212;<\/span><\/td>\n<td><span data-path-to-node=\"13,3,3,0\">16 \u00b0C \/ 17 \u00b0C<\/span><\/td>\n<td><span data-path-to-node=\"13,3,4,0\">Suaves de direcciones variables<\/span><\/td>\n<\/tr>\n<\/tbody>\n<\/table>\n","protected":false},"excerpt":{"rendered":"<p>El Servicio Meteorol\u00f3gico Nacional anticipa un inicio de semana marcado por la inestabilidad matinal, la rotaci\u00f3n de vientos y marcadas variaciones de temperatura en el sudoeste bonaerense.<\/p>\n","protected":false},"author":3,"featured_media":67940,"comment_status":"closed","ping_status":"closed","sticky":false,"template":"","format":"standard","meta":{"footnotes":""},"categories":[46,26],"tags":[48],"class_list":["post-142819","post","type-post","status-publish","format-standard","has-post-thumbnail","hentry","category-ciencia-y-tecnologia","category-sociedad","tag-destacada"],"yoast_head":"<!-- This site is optimized with the Yoast SEO plugin v25.9 - https:\/\/yoast.com\/wordpress\/plugins\/seo\/ -->\n<title>Agosto se despide de la comarca con lluvias y viento. - Noticias Radio Reflejos<\/title>\n<meta name=\"robots\" content=\"index, follow, max-snippet:-1, max-image-preview:large, max-video-preview:-1\" \/>\n<link rel=\"canonical\" href=\"https:\/\/www.noticiasradioreflejos.com.ar\/2021\/agosto-se-despide-de-la-comarca-con-lluvias-y-viento\/\" \/>\n<meta property=\"og:locale\" content=\"es_ES\" \/>\n<meta property=\"og:type\" content=\"article\" \/>\n<meta property=\"og:title\" content=\"Agosto se despide de la comarca con lluvias y viento. - Noticias Radio Reflejos\" \/>\n<meta property=\"og:description\" content=\"El Servicio Meteorol\u00f3gico Nacional anticipa un inicio de semana marcado por la inestabilidad matinal, la rotaci\u00f3n de vientos y marcadas variaciones de temperatura en el sudoeste bonaerense.\" \/>\n<meta property=\"og:url\" content=\"https:\/\/www.noticiasradioreflejos.com.ar\/2021\/agosto-se-despide-de-la-comarca-con-lluvias-y-viento\/\" \/>\n<meta property=\"og:site_name\" content=\"Noticias Radio Reflejos\" \/>\n<meta property=\"article:published_time\" content=\"2026-08-31T10:24:43+00:00\" \/>\n<meta property=\"article:modified_time\" content=\"2026-08-31T10:25:22+00:00\" \/>\n<meta property=\"og:image\" content=\"https:\/\/www.noticiasradioreflejos.com.ar\/2021\/wp-content\/uploads\/2022\/02\/LLuvia.jpeg\" \/>\n\t<meta property=\"og:image:width\" content=\"1280\" \/>\n\t<meta property=\"og:image:height\" content=\"818\" \/>\n\t<meta property=\"og:image:type\" content=\"image\/jpeg\" \/>\n<meta name=\"author\" content=\"Arnaldo Botto\" \/>\n<meta name=\"twitter:card\" content=\"summary_large_image\" \/>\n<script type=\"application\/ld+json\" class=\"yoast-schema-graph\">{\"@context\":\"https:\/\/schema.org\",\"@graph\":[{\"@type\":\"WebPage\",\"@id\":\"https:\/\/www.noticiasradioreflejos.com.ar\/2021\/agosto-se-despide-de-la-comarca-con-lluvias-y-viento\/\",\"url\":\"https:\/\/www.noticiasradioreflejos.com.ar\/2021\/agosto-se-despide-de-la-comarca-con-lluvias-y-viento\/\",\"name\":\"Agosto se despide de la comarca con lluvias y viento. - Noticias Radio Reflejos\",\"isPartOf\":{\"@id\":\"https:\/\/www.noticiasradioreflejos.com.ar\/2021\/#website\"},\"primaryImageOfPage\":{\"@id\":\"https:\/\/www.noticiasradioreflejos.com.ar\/2021\/agosto-se-despide-de-la-comarca-con-lluvias-y-viento\/#primaryimage\"},\"image\":{\"@id\":\"https:\/\/www.noticiasradioreflejos.com.ar\/2021\/agosto-se-despide-de-la-comarca-con-lluvias-y-viento\/#primaryimage\"},\"thumbnailUrl\":\"https:\/\/www.noticiasradioreflejos.com.ar\/2021\/wp-content\/uploads\/2022\/02\/LLuvia.jpeg\",\"datePublished\":\"2026-08-31T10:24:43+00:00\",\"dateModified\":\"2026-08-31T10:25:22+00:00\",\"author\":{\"@id\":\"https:\/\/www.noticiasradioreflejos.com.ar\/2021\/#\/schema\/person\/ad82545263dcc5ec0996818884fd5fb1\"},\"breadcrumb\":{\"@id\":\"https:\/\/www.noticiasradioreflejos.com.ar\/2021\/agosto-se-despide-de-la-comarca-con-lluvias-y-viento\/#breadcrumb\"},\"inLanguage\":\"es\",\"potentialAction\":[{\"@type\":\"ReadAction\",\"target\":[\"https:\/\/www.noticiasradioreflejos.com.ar\/2021\/agosto-se-despide-de-la-comarca-con-lluvias-y-viento\/\"]}]},{\"@type\":\"ImageObject\",\"inLanguage\":\"es\",\"@id\":\"https:\/\/www.noticiasradioreflejos.com.ar\/2021\/agosto-se-despide-de-la-comarca-con-lluvias-y-viento\/#primaryimage\",\"url\":\"https:\/\/www.noticiasradioreflejos.com.ar\/2021\/wp-content\/uploads\/2022\/02\/LLuvia.jpeg\",\"contentUrl\":\"https:\/\/www.noticiasradioreflejos.com.ar\/2021\/wp-content\/uploads\/2022\/02\/LLuvia.jpeg\",\"width\":1280,\"height\":818},{\"@type\":\"BreadcrumbList\",\"@id\":\"https:\/\/www.noticiasradioreflejos.com.ar\/2021\/agosto-se-despide-de-la-comarca-con-lluvias-y-viento\/#breadcrumb\",\"itemListElement\":[{\"@type\":\"ListItem\",\"position\":1,\"name\":\"Portada\",\"item\":\"https:\/\/www.noticiasradioreflejos.com.ar\/2021\/\"},{\"@type\":\"ListItem\",\"position\":2,\"name\":\"Agosto se despide de la comarca con lluvias y viento.\"}]},{\"@type\":\"WebSite\",\"@id\":\"https:\/\/www.noticiasradioreflejos.com.ar\/2021\/#website\",\"url\":\"https:\/\/www.noticiasradioreflejos.com.ar\/2021\/\",\"name\":\"Noticias Radio Reflejos\",\"description\":\"Las noticias de mi comarca\",\"potentialAction\":[{\"@type\":\"SearchAction\",\"target\":{\"@type\":\"EntryPoint\",\"urlTemplate\":\"https:\/\/www.noticiasradioreflejos.com.ar\/2021\/?s={search_term_string}\"},\"query-input\":{\"@type\":\"PropertyValueSpecification\",\"valueRequired\":true,\"valueName\":\"search_term_string\"}}],\"inLanguage\":\"es\"},{\"@type\":\"Person\",\"@id\":\"https:\/\/www.noticiasradioreflejos.com.ar\/2021\/#\/schema\/person\/ad82545263dcc5ec0996818884fd5fb1\",\"name\":\"Arnaldo Botto\",\"image\":{\"@type\":\"ImageObject\",\"inLanguage\":\"es\",\"@id\":\"https:\/\/www.noticiasradioreflejos.com.ar\/2021\/#\/schema\/person\/image\/\",\"url\":\"https:\/\/secure.gravatar.com\/avatar\/55cb5e37c1efa326397366e6974cb338056df65cb50e7d64d1cf314e87504837?s=96&d=mm&r=g\",\"contentUrl\":\"https:\/\/secure.gravatar.com\/avatar\/55cb5e37c1efa326397366e6974cb338056df65cb50e7d64d1cf314e87504837?s=96&d=mm&r=g\",\"caption\":\"Arnaldo Botto\"},\"url\":\"https:\/\/www.noticiasradioreflejos.com.ar\/2021\/author\/arnaldo\/\"}]}<\/script>\n<!-- \/ Yoast SEO plugin. -->","yoast_head_json":{"title":"Agosto se despide de la comarca con lluvias y viento. - Noticias Radio Reflejos","robots":{"index":"index","follow":"follow","max-snippet":"max-snippet:-1","max-image-preview":"max-image-preview:large","max-video-preview":"max-video-preview:-1"},"canonical":"https:\/\/www.noticiasradioreflejos.com.ar\/2021\/agosto-se-despide-de-la-comarca-con-lluvias-y-viento\/","og_locale":"es_ES","og_type":"article","og_title":"Agosto se despide de la comarca con lluvias y viento. - Noticias Radio Reflejos","og_description":"El Servicio Meteorol\u00f3gico Nacional anticipa un inicio de semana marcado por la inestabilidad matinal, la rotaci\u00f3n de vientos y marcadas variaciones de temperatura en el sudoeste bonaerense.","og_url":"https:\/\/www.noticiasradioreflejos.com.ar\/2021\/agosto-se-despide-de-la-comarca-con-lluvias-y-viento\/","og_site_name":"Noticias Radio Reflejos","article_published_time":"2026-08-31T10:24:43+00:00","article_modified_time":"2026-08-31T10:25:22+00:00","og_image":[{"width":1280,"height":818,"url":"https:\/\/www.noticiasradioreflejos.com.ar\/2021\/wp-content\/uploads\/2022\/02\/LLuvia.jpeg","type":"image\/jpeg"}],"author":"Arnaldo Botto","twitter_card":"summary_large_image","schema":{"@context":"https:\/\/schema.org","@graph":[{"@type":"WebPage","@id":"https:\/\/www.noticiasradioreflejos.com.ar\/2021\/agosto-se-despide-de-la-comarca-con-lluvias-y-viento\/","url":"https:\/\/www.noticiasradioreflejos.com.ar\/2021\/agosto-se-despide-de-la-comarca-con-lluvias-y-viento\/","name":"Agosto se despide de la comarca con lluvias y viento. - Noticias Radio Reflejos","isPartOf":{"@id":"https:\/\/www.noticiasradioreflejos.com.ar\/2021\/#website"},"primaryImageOfPage":{"@id":"https:\/\/www.noticiasradioreflejos.com.ar\/2021\/agosto-se-despide-de-la-comarca-con-lluvias-y-viento\/#primaryimage"},"image":{"@id":"https:\/\/www.noticiasradioreflejos.com.ar\/2021\/agosto-se-despide-de-la-comarca-con-lluvias-y-viento\/#primaryimage"},"thumbnailUrl":"https:\/\/www.noticiasradioreflejos.com.ar\/2021\/wp-content\/uploads\/2022\/02\/LLuvia.jpeg","datePublished":"2026-08-31T10:24:43+00:00","dateModified":"2026-08-31T10:25:22+00:00","author":{"@id":"https:\/\/www.noticiasradioreflejos.com.ar\/2021\/#\/schema\/person\/ad82545263dcc5ec0996818884fd5fb1"},"breadcrumb":{"@id":"https:\/\/www.noticiasradioreflejos.com.ar\/2021\/agosto-se-despide-de-la-comarca-con-lluvias-y-viento\/#breadcrumb"},"inLanguage":"es","potentialAction":[{"@type":"ReadAction","target":["https:\/\/www.noticiasradioreflejos.com.ar\/2021\/agosto-se-despide-de-la-comarca-con-lluvias-y-viento\/"]}]},{"@type":"ImageObject","inLanguage":"es","@id":"https:\/\/www.noticiasradioreflejos.com.ar\/2021\/agosto-se-despide-de-la-comarca-con-lluvias-y-viento\/#primaryimage","url":"https:\/\/www.noticiasradioreflejos.com.ar\/2021\/wp-content\/uploads\/2022\/02\/LLuvia.jpeg","contentUrl":"https:\/\/www.noticiasradioreflejos.com.ar\/2021\/wp-content\/uploads\/2022\/02\/LLuvia.jpeg","width":1280,"height":818},{"@type":"BreadcrumbList","@id":"https:\/\/www.noticiasradioreflejos.com.ar\/2021\/agosto-se-despide-de-la-comarca-con-lluvias-y-viento\/#breadcrumb","itemListElement":[{"@type":"ListItem","position":1,"name":"Portada","item":"https:\/\/www.noticiasradioreflejos.com.ar\/2021\/"},{"@type":"ListItem","position":2,"name":"Agosto se despide de la comarca con lluvias y viento."}]},{"@type":"WebSite","@id":"https:\/\/www.noticiasradioreflejos.com.ar\/2021\/#website","url":"https:\/\/www.noticiasradioreflejos.com.ar\/2021\/","name":"Noticias Radio Reflejos","description":"Las noticias de mi comarca","potentialAction":[{"@type":"SearchAction","target":{"@type":"EntryPoint","urlTemplate":"https:\/\/www.noticiasradioreflejos.com.ar\/2021\/?s={search_term_string}"},"query-input":{"@type":"PropertyValueSpecification","valueRequired":true,"valueName":"search_term_string"}}],"inLanguage":"es"},{"@type":"Person","@id":"https:\/\/www.noticiasradioreflejos.com.ar\/2021\/#\/schema\/person\/ad82545263dcc5ec0996818884fd5fb1","name":"Arnaldo Botto","image":{"@type":"ImageObject","inLanguage":"es","@id":"https:\/\/www.noticiasradioreflejos.com.ar\/2021\/#\/schema\/person\/image\/","url":"https:\/\/secure.gravatar.com\/avatar\/55cb5e37c1efa326397366e6974cb338056df65cb50e7d64d1cf314e87504837?s=96&d=mm&r=g","contentUrl":"https:\/\/secure.gravatar.com\/avatar\/55cb5e37c1efa326397366e6974cb338056df65cb50e7d64d1cf314e87504837?s=96&d=mm&r=g","caption":"Arnaldo Botto"},"url":"https:\/\/www.noticiasradioreflejos.com.ar\/2021\/author\/arnaldo\/"}]}},"_links":{"self":[{"href":"https:\/\/www.noticiasradioreflejos.com.ar\/2021\/wp-json\/wp\/v2\/posts\/142819","targetHints":{"allow":["GET"]}}],"collection":[{"href":"https:\/\/www.noticiasradioreflejos.com.ar\/2021\/wp-json\/wp\/v2\/posts"}],"about":[{"href":"https:\/\/www.noticiasradioreflejos.com.ar\/2021\/wp-json\/wp\/v2\/types\/post"}],"author":[{"embeddable":true,"href":"https:\/\/www.noticiasradioreflejos.com.ar\/2021\/wp-json\/wp\/v2\/users\/3"}],"replies":[{"embeddable":true,"href":"https:\/\/www.noticiasradioreflejos.com.ar\/2021\/wp-json\/wp\/v2\/comments?post=142819"}],"version-history":[{"count":1,"href":"https:\/\/www.noticiasradioreflejos.com.ar\/2021\/wp-json\/wp\/v2\/posts\/142819\/revisions"}],"predecessor-version":[{"id":142820,"href":"https:\/\/www.noticiasradioreflejos.com.ar\/2021\/wp-json\/wp\/v2\/posts\/142819\/revisions\/142820"}],"wp:featuredmedia":[{"embeddable":true,"href":"https:\/\/www.noticiasradioreflejos.com.ar\/2021\/wp-json\/wp\/v2\/media\/67940"}],"wp:attachment":[{"href":"https:\/\/www.noticiasradioreflejos.com.ar\/2021\/wp-json\/wp\/v2\/media?parent=142819"}],"wp:term":[{"taxonomy":"category","embeddable":true,"href":"https:\/\/www.noticiasradioreflejos.com.ar\/2021\/wp-json\/wp\/v2\/categories?post=142819"},{"taxonomy":"post_tag","embeddable":true,"href":"https:\/\/www.noticiasradioreflejos.com.ar\/2021\/wp-json\/wp\/v2\/tags?post=142819"}],"curies":[{"name":"wp","href":"https:\/\/api.w.org\/{rel}","templated":true}]}}