{"id":14250,"date":"2017-09-11T08:36:16","date_gmt":"2017-09-11T11:36:16","guid":{"rendered":"http:\/\/www.noticiasradioreflejos.com.ar\/noticias\/?p=14250"},"modified":"2017-09-11T08:36:16","modified_gmt":"2017-09-11T11:36:16","slug":"abundantes-lluvias-en-las-sierras-de-ventania","status":"publish","type":"post","link":"https:\/\/www.noticiasradioreflejos.com.ar\/2021\/abundantes-lluvias-en-las-sierras-de-ventania\/","title":{"rendered":"Abundantes lluvias en las Sierras de Ventania."},"content":{"rendered":"<p><a title=\"IMG_20170911_071930839 (1)\" href=\"http:\/\/farm5.staticflickr.com\/4362\/36992515622_9b506b6b61.jpg\" rel=\"\"><img loading=\"lazy\" decoding=\"async\" class=\"alignleft\" title=\"IMG_20170911_071930839 (1)\" src=\"http:\/\/farm5.staticflickr.com\/4362\/36992515622_9b506b6b61.jpg\" alt=\"IMG_20170911_071930839 (1)\" width=\"500\" height=\"375\" \/><\/a>Importantes de lluvias durante el fin de semana y las primeras horas de este lunes 11 de setiembre se registraron en toda la regi\u00f3n sudoeste de Buenos Aires.<br \/>\nEn Sierra de la Ventana el pluvi\u00f3metro alcanz\u00f3 los 91 mm en tanto que la zona alta del sistema de Ventania las marcas superaron los 150 mm, esto trajo aparejado una fuerte crecida del R\u00edo Sauce Grande, que a las primeras horas de este lunes tapaba el dique balneario y corr\u00eda torrentoso.<br \/>\nSe estima que en las pr\u00f3ximas horas la crecida de los arroyos afluentes del Sauce sea mayor.<!--more--><br \/>\nEn cuanto a los vientos, que alcanzaron velocidades de entre 40 y hasta 68 km\/hs. no produjeron mayores da\u00f1os. En Villa Ventana hubo varios gajos de grandes plantas que se desprendieron sin llegar a ocasionar cortes en el servicio el\u00e9ctrico ni de otros servicios. Los arroyos<strong> Las Piedras<\/strong> y<strong> Belisario<\/strong> bajan con abundante caudal, pero por el momento no alcanzaron el nivel de la alcantarilla de acceso a la localidad.<br \/>\n<strong>Totales de la regi\u00f3n:<\/strong><br \/>\n91 mm en Sierra de la Ventana<br \/>\n82,5 mm en Calqu\u00edn<br \/>\n90 mm en Villa Ventana<br \/>\n153 mm en Cerros Colorados.<br \/>\n57 mm en la Base del Cerro Bah\u00eda Blanca<br \/>\n97 mm en Saldungaray<br \/>\n56,3 mm en Tornquist.<br \/>\n52 mm en Tres Picos<br \/>\n80,8 mm en el Pantanoso.<br \/>\n42 mm en Monte Hermoso.<br \/>\n51 mm en Bajo Hondo.<br \/>\n65 mm en Bah\u00eda Blanca.<br \/>\n53 mm en Cnel Pringles.<br \/>\n87 mm. en Pig\u00fc\u00e9.<br \/>\n77 mm. en Dufaur.<br \/>\n80 mm. en Coronel Su\u00e1rez.<br \/>\n95 mm. en Carhu\u00e9.<br \/>\n51 mm. en San Miguel Arc\u00e1ngel.<br \/>\n99 mm. en Rivera.<br \/>\n82 mm. en Huanguel\u00e9n.<br \/>\n90 mm en Bonifacio.<br \/>\n<a title=\"IMG_20170911_072455308\" href=\"http:\/\/farm5.staticflickr.com\/4379\/36992514632_f9fb912138_z.jpg\" rel=\"\"><img loading=\"lazy\" decoding=\"async\" class=\"aligncenter\" title=\"IMG_20170911_072455308\" src=\"http:\/\/farm5.staticflickr.com\/4379\/36992514632_f9fb912138_z.jpg\" alt=\"IMG_20170911_072455308\" width=\"640\" height=\"480\" \/><\/a><\/p>\n","protected":false},"excerpt":{"rendered":"<p>Importantes de lluvias durante el fin de semana y las primeras horas de este lunes 11 de setiembre se registraron en toda la regi\u00f3n sudoeste de Buenos Aires. En Sierra de la Ventana el pluvi\u00f3metro alcanz\u00f3 los 91 mm en tanto que la zona alta del sistema de Ventania las marcas superaron los 150 mm, [&hellip;]<\/p>\n","protected":false},"author":3,"featured_media":0,"comment_status":"closed","ping_status":"open","sticky":false,"template":"","format":"standard","meta":{"footnotes":""},"categories":[26],"tags":[],"class_list":["post-14250","post","type-post","status-publish","format-standard","hentry","category-sociedad"],"yoast_head":"<!-- This site is optimized with the Yoast SEO plugin v25.9 - https:\/\/yoast.com\/wordpress\/plugins\/seo\/ -->\n<title>Abundantes lluvias en las Sierras de Ventania. - Noticias Radio Reflejos<\/title>\n<meta name=\"robots\" content=\"index, follow, max-snippet:-1, max-image-preview:large, max-video-preview:-1\" \/>\n<link rel=\"canonical\" href=\"https:\/\/www.noticiasradioreflejos.com.ar\/2021\/abundantes-lluvias-en-las-sierras-de-ventania\/\" \/>\n<meta property=\"og:locale\" content=\"es_ES\" \/>\n<meta property=\"og:type\" content=\"article\" \/>\n<meta property=\"og:title\" content=\"Abundantes lluvias en las Sierras de Ventania. - Noticias Radio Reflejos\" \/>\n<meta property=\"og:description\" content=\"Importantes de lluvias durante el fin de semana y las primeras horas de este lunes 11 de setiembre se registraron en toda la regi\u00f3n sudoeste de Buenos Aires. En Sierra de la Ventana el pluvi\u00f3metro alcanz\u00f3 los 91 mm en tanto que la zona alta del sistema de Ventania las marcas superaron los 150 mm, [&hellip;]\" \/>\n<meta property=\"og:url\" content=\"https:\/\/www.noticiasradioreflejos.com.ar\/2021\/abundantes-lluvias-en-las-sierras-de-ventania\/\" \/>\n<meta property=\"og:site_name\" content=\"Noticias Radio Reflejos\" \/>\n<meta property=\"article:published_time\" content=\"2017-09-11T11:36:16+00:00\" \/>\n<meta property=\"og:image\" content=\"http:\/\/farm5.staticflickr.com\/4362\/36992515622_9b506b6b61.jpg\" \/>\n<meta name=\"author\" content=\"Arnaldo Botto\" \/>\n<meta name=\"twitter:card\" content=\"summary_large_image\" \/>\n<script type=\"application\/ld+json\" class=\"yoast-schema-graph\">{\"@context\":\"https:\/\/schema.org\",\"@graph\":[{\"@type\":\"WebPage\",\"@id\":\"https:\/\/www.noticiasradioreflejos.com.ar\/2021\/abundantes-lluvias-en-las-sierras-de-ventania\/\",\"url\":\"https:\/\/www.noticiasradioreflejos.com.ar\/2021\/abundantes-lluvias-en-las-sierras-de-ventania\/\",\"name\":\"Abundantes lluvias en las Sierras de Ventania. - Noticias Radio Reflejos\",\"isPartOf\":{\"@id\":\"https:\/\/www.noticiasradioreflejos.com.ar\/2021\/#website\"},\"primaryImageOfPage\":{\"@id\":\"https:\/\/www.noticiasradioreflejos.com.ar\/2021\/abundantes-lluvias-en-las-sierras-de-ventania\/#primaryimage\"},\"image\":{\"@id\":\"https:\/\/www.noticiasradioreflejos.com.ar\/2021\/abundantes-lluvias-en-las-sierras-de-ventania\/#primaryimage\"},\"thumbnailUrl\":\"http:\/\/farm5.staticflickr.com\/4362\/36992515622_9b506b6b61.jpg\",\"datePublished\":\"2017-09-11T11:36:16+00:00\",\"author\":{\"@id\":\"https:\/\/www.noticiasradioreflejos.com.ar\/2021\/#\/schema\/person\/ad82545263dcc5ec0996818884fd5fb1\"},\"breadcrumb\":{\"@id\":\"https:\/\/www.noticiasradioreflejos.com.ar\/2021\/abundantes-lluvias-en-las-sierras-de-ventania\/#breadcrumb\"},\"inLanguage\":\"es\",\"potentialAction\":[{\"@type\":\"ReadAction\",\"target\":[\"https:\/\/www.noticiasradioreflejos.com.ar\/2021\/abundantes-lluvias-en-las-sierras-de-ventania\/\"]}]},{\"@type\":\"ImageObject\",\"inLanguage\":\"es\",\"@id\":\"https:\/\/www.noticiasradioreflejos.com.ar\/2021\/abundantes-lluvias-en-las-sierras-de-ventania\/#primaryimage\",\"url\":\"http:\/\/farm5.staticflickr.com\/4362\/36992515622_9b506b6b61.jpg\",\"contentUrl\":\"http:\/\/farm5.staticflickr.com\/4362\/36992515622_9b506b6b61.jpg\"},{\"@type\":\"BreadcrumbList\",\"@id\":\"https:\/\/www.noticiasradioreflejos.com.ar\/2021\/abundantes-lluvias-en-las-sierras-de-ventania\/#breadcrumb\",\"itemListElement\":[{\"@type\":\"ListItem\",\"position\":1,\"name\":\"Portada\",\"item\":\"https:\/\/www.noticiasradioreflejos.com.ar\/2021\/\"},{\"@type\":\"ListItem\",\"position\":2,\"name\":\"Abundantes lluvias en las Sierras de Ventania.\"}]},{\"@type\":\"WebSite\",\"@id\":\"https:\/\/www.noticiasradioreflejos.com.ar\/2021\/#website\",\"url\":\"https:\/\/www.noticiasradioreflejos.com.ar\/2021\/\",\"name\":\"Noticias Radio Reflejos\",\"description\":\"Las noticias de mi comarca\",\"potentialAction\":[{\"@type\":\"SearchAction\",\"target\":{\"@type\":\"EntryPoint\",\"urlTemplate\":\"https:\/\/www.noticiasradioreflejos.com.ar\/2021\/?s={search_term_string}\"},\"query-input\":{\"@type\":\"PropertyValueSpecification\",\"valueRequired\":true,\"valueName\":\"search_term_string\"}}],\"inLanguage\":\"es\"},{\"@type\":\"Person\",\"@id\":\"https:\/\/www.noticiasradioreflejos.com.ar\/2021\/#\/schema\/person\/ad82545263dcc5ec0996818884fd5fb1\",\"name\":\"Arnaldo Botto\",\"image\":{\"@type\":\"ImageObject\",\"inLanguage\":\"es\",\"@id\":\"https:\/\/www.noticiasradioreflejos.com.ar\/2021\/#\/schema\/person\/image\/\",\"url\":\"https:\/\/secure.gravatar.com\/avatar\/55cb5e37c1efa326397366e6974cb338056df65cb50e7d64d1cf314e87504837?s=96&d=mm&r=g\",\"contentUrl\":\"https:\/\/secure.gravatar.com\/avatar\/55cb5e37c1efa326397366e6974cb338056df65cb50e7d64d1cf314e87504837?s=96&d=mm&r=g\",\"caption\":\"Arnaldo Botto\"},\"url\":\"https:\/\/www.noticiasradioreflejos.com.ar\/2021\/author\/arnaldo\/\"}]}<\/script>\n<!-- \/ Yoast SEO plugin. -->","yoast_head_json":{"title":"Abundantes lluvias en las Sierras de Ventania. - Noticias Radio Reflejos","robots":{"index":"index","follow":"follow","max-snippet":"max-snippet:-1","max-image-preview":"max-image-preview:large","max-video-preview":"max-video-preview:-1"},"canonical":"https:\/\/www.noticiasradioreflejos.com.ar\/2021\/abundantes-lluvias-en-las-sierras-de-ventania\/","og_locale":"es_ES","og_type":"article","og_title":"Abundantes lluvias en las Sierras de Ventania. - Noticias Radio Reflejos","og_description":"Importantes de lluvias durante el fin de semana y las primeras horas de este lunes 11 de setiembre se registraron en toda la regi\u00f3n sudoeste de Buenos Aires. En Sierra de la Ventana el pluvi\u00f3metro alcanz\u00f3 los 91 mm en tanto que la zona alta del sistema de Ventania las marcas superaron los 150 mm, [&hellip;]","og_url":"https:\/\/www.noticiasradioreflejos.com.ar\/2021\/abundantes-lluvias-en-las-sierras-de-ventania\/","og_site_name":"Noticias Radio Reflejos","article_published_time":"2017-09-11T11:36:16+00:00","og_image":[{"url":"http:\/\/farm5.staticflickr.com\/4362\/36992515622_9b506b6b61.jpg","type":"","width":"","height":""}],"author":"Arnaldo Botto","twitter_card":"summary_large_image","schema":{"@context":"https:\/\/schema.org","@graph":[{"@type":"WebPage","@id":"https:\/\/www.noticiasradioreflejos.com.ar\/2021\/abundantes-lluvias-en-las-sierras-de-ventania\/","url":"https:\/\/www.noticiasradioreflejos.com.ar\/2021\/abundantes-lluvias-en-las-sierras-de-ventania\/","name":"Abundantes lluvias en las Sierras de Ventania. - Noticias Radio Reflejos","isPartOf":{"@id":"https:\/\/www.noticiasradioreflejos.com.ar\/2021\/#website"},"primaryImageOfPage":{"@id":"https:\/\/www.noticiasradioreflejos.com.ar\/2021\/abundantes-lluvias-en-las-sierras-de-ventania\/#primaryimage"},"image":{"@id":"https:\/\/www.noticiasradioreflejos.com.ar\/2021\/abundantes-lluvias-en-las-sierras-de-ventania\/#primaryimage"},"thumbnailUrl":"http:\/\/farm5.staticflickr.com\/4362\/36992515622_9b506b6b61.jpg","datePublished":"2017-09-11T11:36:16+00:00","author":{"@id":"https:\/\/www.noticiasradioreflejos.com.ar\/2021\/#\/schema\/person\/ad82545263dcc5ec0996818884fd5fb1"},"breadcrumb":{"@id":"https:\/\/www.noticiasradioreflejos.com.ar\/2021\/abundantes-lluvias-en-las-sierras-de-ventania\/#breadcrumb"},"inLanguage":"es","potentialAction":[{"@type":"ReadAction","target":["https:\/\/www.noticiasradioreflejos.com.ar\/2021\/abundantes-lluvias-en-las-sierras-de-ventania\/"]}]},{"@type":"ImageObject","inLanguage":"es","@id":"https:\/\/www.noticiasradioreflejos.com.ar\/2021\/abundantes-lluvias-en-las-sierras-de-ventania\/#primaryimage","url":"http:\/\/farm5.staticflickr.com\/4362\/36992515622_9b506b6b61.jpg","contentUrl":"http:\/\/farm5.staticflickr.com\/4362\/36992515622_9b506b6b61.jpg"},{"@type":"BreadcrumbList","@id":"https:\/\/www.noticiasradioreflejos.com.ar\/2021\/abundantes-lluvias-en-las-sierras-de-ventania\/#breadcrumb","itemListElement":[{"@type":"ListItem","position":1,"name":"Portada","item":"https:\/\/www.noticiasradioreflejos.com.ar\/2021\/"},{"@type":"ListItem","position":2,"name":"Abundantes lluvias en las Sierras de Ventania."}]},{"@type":"WebSite","@id":"https:\/\/www.noticiasradioreflejos.com.ar\/2021\/#website","url":"https:\/\/www.noticiasradioreflejos.com.ar\/2021\/","name":"Noticias Radio Reflejos","description":"Las noticias de mi comarca","potentialAction":[{"@type":"SearchAction","target":{"@type":"EntryPoint","urlTemplate":"https:\/\/www.noticiasradioreflejos.com.ar\/2021\/?s={search_term_string}"},"query-input":{"@type":"PropertyValueSpecification","valueRequired":true,"valueName":"search_term_string"}}],"inLanguage":"es"},{"@type":"Person","@id":"https:\/\/www.noticiasradioreflejos.com.ar\/2021\/#\/schema\/person\/ad82545263dcc5ec0996818884fd5fb1","name":"Arnaldo Botto","image":{"@type":"ImageObject","inLanguage":"es","@id":"https:\/\/www.noticiasradioreflejos.com.ar\/2021\/#\/schema\/person\/image\/","url":"https:\/\/secure.gravatar.com\/avatar\/55cb5e37c1efa326397366e6974cb338056df65cb50e7d64d1cf314e87504837?s=96&d=mm&r=g","contentUrl":"https:\/\/secure.gravatar.com\/avatar\/55cb5e37c1efa326397366e6974cb338056df65cb50e7d64d1cf314e87504837?s=96&d=mm&r=g","caption":"Arnaldo Botto"},"url":"https:\/\/www.noticiasradioreflejos.com.ar\/2021\/author\/arnaldo\/"}]}},"_links":{"self":[{"href":"https:\/\/www.noticiasradioreflejos.com.ar\/2021\/wp-json\/wp\/v2\/posts\/14250","targetHints":{"allow":["GET"]}}],"collection":[{"href":"https:\/\/www.noticiasradioreflejos.com.ar\/2021\/wp-json\/wp\/v2\/posts"}],"about":[{"href":"https:\/\/www.noticiasradioreflejos.com.ar\/2021\/wp-json\/wp\/v2\/types\/post"}],"author":[{"embeddable":true,"href":"https:\/\/www.noticiasradioreflejos.com.ar\/2021\/wp-json\/wp\/v2\/users\/3"}],"replies":[{"embeddable":true,"href":"https:\/\/www.noticiasradioreflejos.com.ar\/2021\/wp-json\/wp\/v2\/comments?post=14250"}],"version-history":[{"count":0,"href":"https:\/\/www.noticiasradioreflejos.com.ar\/2021\/wp-json\/wp\/v2\/posts\/14250\/revisions"}],"wp:attachment":[{"href":"https:\/\/www.noticiasradioreflejos.com.ar\/2021\/wp-json\/wp\/v2\/media?parent=14250"}],"wp:term":[{"taxonomy":"category","embeddable":true,"href":"https:\/\/www.noticiasradioreflejos.com.ar\/2021\/wp-json\/wp\/v2\/categories?post=14250"},{"taxonomy":"post_tag","embeddable":true,"href":"https:\/\/www.noticiasradioreflejos.com.ar\/2021\/wp-json\/wp\/v2\/tags?post=14250"}],"curies":[{"name":"wp","href":"https:\/\/api.w.org\/{rel}","templated":true}]}}