{"id":14245,"date":"2017-09-11T07:58:50","date_gmt":"2017-09-11T10:58:50","guid":{"rendered":"http:\/\/www.noticiasradioreflejos.com.ar\/noticias\/?p=14245"},"modified":"2017-09-11T07:58:50","modified_gmt":"2017-09-11T10:58:50","slug":"jorge-sandobal-se-llevo-el-premio-mayor-de-automoto","status":"publish","type":"post","link":"https:\/\/www.noticiasradioreflejos.com.ar\/2021\/jorge-sandobal-se-llevo-el-premio-mayor-de-automoto\/","title":{"rendered":"Jorge Sandobal se llev\u00f3 el premio mayor de Automoto."},"content":{"rendered":"<p>El s\u00e1bado por la noche se llev\u00f3 a cabo el segundo mini entretenimiento familiar azulgrana. Un buen n\u00famero de gente se acerc\u00f3 para disfrutar de una linda noche entre familia y amigos.<br \/>\nCon un excelente servicio de cantina brindado por el Automoto Club Deportivo, pasada la hora 21 se comenz\u00f3 con las jugadas.<!--more--><br \/>\nJugada Especial N\u00ba1: L\u00ednea $100 Elena D\u00edaz. Cart\u00f3n Lleno: Guillermo Calcumil, Mar\u00eda Soto y Elena D\u00edaz ($170 cada uno)<br \/>\nJugada de 1ra Ronda: L\u00ednea $300 Mar\u00eda Elena Silva (Don\u00f3 $100). Cart\u00f3n Lleno: Mar\u00eda Valenzuela ($3000)<br \/>\nJugada Especial N\u00ba2: L\u00ednea $150 Silvina \u00c1lvarez. Cart\u00f3n Lleno: Orlando C\u00e1rdenas ($550)<br \/>\nJugada Especial N\u00ba3: L\u00ednea $150 Norma Rantuche. Cart\u00f3n Lleno: Stella Verolo ($550)<br \/>\nJugada de 2da Ronda: L\u00ednea $400 Rub\u00e9n Mayer. Cart\u00f3n Lleno: Susana Ort\u00edz ($4000) \u2013 Don\u00f3 $500<br \/>\nJugada Especial N\u00ba4: L\u00ednea $150 Mar\u00eda Polak. Cart\u00f3n Lleno: Hugo Uriarte y Mar\u00eda Di\u00f3cares ($225 cada uno)<br \/>\nJugada Especial N\u00ba5: L\u00ednea $200 Mar\u00eda Di\u00f3cares. Cart\u00f3n Lleno: Yayi Marini ($800)<br \/>\nJugada Final 3ra Ronda: L\u00ednea $600 Marcos Marino. Cart\u00f3n Lleno: Jorge \u201cNegro\u201d Sandobal ($6000) \u2013 Don\u00f3 $500<br \/>\nPrevio a la ronda final, se realizaron sorteos con un n\u00famero que se reparti\u00f3 entre los presentes y luego, tambi\u00e9n antes de la esperada 3ra ronda, la Comisi\u00f3n de Automoto regal\u00f3 un cart\u00f3n a todos los presentes como gesto de agradecimiento por haber compartido una hermosa noche y colaborado con el club. La l\u00ednea fue para Norma de Schwab ($150) y el cart\u00f3n lleno Leonardo Urtixberea ($550)<br \/>\nEl Automoto Club Deportivo agradece por los premios a: Lib\u00e9lulas, Almendra, Constantino, Berraco Parce, Uno + Uno Indumentaria, Naara, Dasha Arte Gourmet, Polirrubro Le\u00f3n y Conjuro Lenceria y Blanco.<br \/>\nDepartamento de Prensa \u2013 Automoto Club Deportivo<br \/>\nwww.clubautomotopasion.com.ar<br \/>\nFacebook: \/automototornquist<br \/>\nTwitter: @ClubAutomoto<br \/>\nYouTube: acdtvideos<\/p>\n","protected":false},"excerpt":{"rendered":"<p>El s\u00e1bado por la noche se llev\u00f3 a cabo el segundo mini entretenimiento familiar azulgrana. Un buen n\u00famero de gente se acerc\u00f3 para disfrutar de una linda noche entre familia y amigos. Con un excelente servicio de cantina brindado por el Automoto Club Deportivo, pasada la hora 21 se comenz\u00f3 con las jugadas.<\/p>\n","protected":false},"author":3,"featured_media":0,"comment_status":"closed","ping_status":"open","sticky":false,"template":"","format":"standard","meta":{"footnotes":""},"categories":[25],"tags":[],"class_list":["post-14245","post","type-post","status-publish","format-standard","hentry","category-uncategorized"],"yoast_head":"<!-- This site is optimized with the Yoast SEO plugin v25.9 - https:\/\/yoast.com\/wordpress\/plugins\/seo\/ -->\n<title>Jorge Sandobal se llev\u00f3 el premio mayor de Automoto. - Noticias Radio Reflejos<\/title>\n<meta name=\"robots\" content=\"index, follow, max-snippet:-1, max-image-preview:large, max-video-preview:-1\" \/>\n<link rel=\"canonical\" href=\"https:\/\/www.noticiasradioreflejos.com.ar\/2021\/jorge-sandobal-se-llevo-el-premio-mayor-de-automoto\/\" \/>\n<meta property=\"og:locale\" content=\"es_ES\" \/>\n<meta property=\"og:type\" content=\"article\" \/>\n<meta property=\"og:title\" content=\"Jorge Sandobal se llev\u00f3 el premio mayor de Automoto. - Noticias Radio Reflejos\" \/>\n<meta property=\"og:description\" content=\"El s\u00e1bado por la noche se llev\u00f3 a cabo el segundo mini entretenimiento familiar azulgrana. Un buen n\u00famero de gente se acerc\u00f3 para disfrutar de una linda noche entre familia y amigos. Con un excelente servicio de cantina brindado por el Automoto Club Deportivo, pasada la hora 21 se comenz\u00f3 con las jugadas.\" \/>\n<meta property=\"og:url\" content=\"https:\/\/www.noticiasradioreflejos.com.ar\/2021\/jorge-sandobal-se-llevo-el-premio-mayor-de-automoto\/\" \/>\n<meta property=\"og:site_name\" content=\"Noticias Radio Reflejos\" \/>\n<meta property=\"article:published_time\" content=\"2017-09-11T10:58:50+00:00\" \/>\n<meta property=\"og:image\" content=\"https:\/\/www.noticiasradioreflejos.com.ar\/2021\/wp-content\/uploads\/2021\/07\/logosol300x200.png\" \/>\n\t<meta property=\"og:image:width\" content=\"300\" \/>\n\t<meta property=\"og:image:height\" content=\"200\" \/>\n\t<meta property=\"og:image:type\" content=\"image\/png\" \/>\n<meta name=\"author\" content=\"Arnaldo Botto\" \/>\n<meta name=\"twitter:card\" content=\"summary_large_image\" \/>\n<script type=\"application\/ld+json\" class=\"yoast-schema-graph\">{\"@context\":\"https:\/\/schema.org\",\"@graph\":[{\"@type\":\"WebPage\",\"@id\":\"https:\/\/www.noticiasradioreflejos.com.ar\/2021\/jorge-sandobal-se-llevo-el-premio-mayor-de-automoto\/\",\"url\":\"https:\/\/www.noticiasradioreflejos.com.ar\/2021\/jorge-sandobal-se-llevo-el-premio-mayor-de-automoto\/\",\"name\":\"Jorge Sandobal se llev\u00f3 el premio mayor de Automoto. - Noticias Radio Reflejos\",\"isPartOf\":{\"@id\":\"https:\/\/www.noticiasradioreflejos.com.ar\/2021\/#website\"},\"datePublished\":\"2017-09-11T10:58:50+00:00\",\"author\":{\"@id\":\"https:\/\/www.noticiasradioreflejos.com.ar\/2021\/#\/schema\/person\/ad82545263dcc5ec0996818884fd5fb1\"},\"breadcrumb\":{\"@id\":\"https:\/\/www.noticiasradioreflejos.com.ar\/2021\/jorge-sandobal-se-llevo-el-premio-mayor-de-automoto\/#breadcrumb\"},\"inLanguage\":\"es\",\"potentialAction\":[{\"@type\":\"ReadAction\",\"target\":[\"https:\/\/www.noticiasradioreflejos.com.ar\/2021\/jorge-sandobal-se-llevo-el-premio-mayor-de-automoto\/\"]}]},{\"@type\":\"BreadcrumbList\",\"@id\":\"https:\/\/www.noticiasradioreflejos.com.ar\/2021\/jorge-sandobal-se-llevo-el-premio-mayor-de-automoto\/#breadcrumb\",\"itemListElement\":[{\"@type\":\"ListItem\",\"position\":1,\"name\":\"Portada\",\"item\":\"https:\/\/www.noticiasradioreflejos.com.ar\/2021\/\"},{\"@type\":\"ListItem\",\"position\":2,\"name\":\"Jorge Sandobal se llev\u00f3 el premio mayor de Automoto.\"}]},{\"@type\":\"WebSite\",\"@id\":\"https:\/\/www.noticiasradioreflejos.com.ar\/2021\/#website\",\"url\":\"https:\/\/www.noticiasradioreflejos.com.ar\/2021\/\",\"name\":\"Noticias Radio Reflejos\",\"description\":\"Las noticias de mi comarca\",\"potentialAction\":[{\"@type\":\"SearchAction\",\"target\":{\"@type\":\"EntryPoint\",\"urlTemplate\":\"https:\/\/www.noticiasradioreflejos.com.ar\/2021\/?s={search_term_string}\"},\"query-input\":{\"@type\":\"PropertyValueSpecification\",\"valueRequired\":true,\"valueName\":\"search_term_string\"}}],\"inLanguage\":\"es\"},{\"@type\":\"Person\",\"@id\":\"https:\/\/www.noticiasradioreflejos.com.ar\/2021\/#\/schema\/person\/ad82545263dcc5ec0996818884fd5fb1\",\"name\":\"Arnaldo Botto\",\"image\":{\"@type\":\"ImageObject\",\"inLanguage\":\"es\",\"@id\":\"https:\/\/www.noticiasradioreflejos.com.ar\/2021\/#\/schema\/person\/image\/\",\"url\":\"https:\/\/secure.gravatar.com\/avatar\/55cb5e37c1efa326397366e6974cb338056df65cb50e7d64d1cf314e87504837?s=96&d=mm&r=g\",\"contentUrl\":\"https:\/\/secure.gravatar.com\/avatar\/55cb5e37c1efa326397366e6974cb338056df65cb50e7d64d1cf314e87504837?s=96&d=mm&r=g\",\"caption\":\"Arnaldo Botto\"},\"url\":\"https:\/\/www.noticiasradioreflejos.com.ar\/2021\/author\/arnaldo\/\"}]}<\/script>\n<!-- \/ Yoast SEO plugin. -->","yoast_head_json":{"title":"Jorge Sandobal se llev\u00f3 el premio mayor de Automoto. - Noticias Radio Reflejos","robots":{"index":"index","follow":"follow","max-snippet":"max-snippet:-1","max-image-preview":"max-image-preview:large","max-video-preview":"max-video-preview:-1"},"canonical":"https:\/\/www.noticiasradioreflejos.com.ar\/2021\/jorge-sandobal-se-llevo-el-premio-mayor-de-automoto\/","og_locale":"es_ES","og_type":"article","og_title":"Jorge Sandobal se llev\u00f3 el premio mayor de Automoto. - Noticias Radio Reflejos","og_description":"El s\u00e1bado por la noche se llev\u00f3 a cabo el segundo mini entretenimiento familiar azulgrana. Un buen n\u00famero de gente se acerc\u00f3 para disfrutar de una linda noche entre familia y amigos. Con un excelente servicio de cantina brindado por el Automoto Club Deportivo, pasada la hora 21 se comenz\u00f3 con las jugadas.","og_url":"https:\/\/www.noticiasradioreflejos.com.ar\/2021\/jorge-sandobal-se-llevo-el-premio-mayor-de-automoto\/","og_site_name":"Noticias Radio Reflejos","article_published_time":"2017-09-11T10:58:50+00:00","og_image":[{"width":300,"height":200,"url":"https:\/\/www.noticiasradioreflejos.com.ar\/2021\/wp-content\/uploads\/2021\/07\/logosol300x200.png","type":"image\/png"}],"author":"Arnaldo Botto","twitter_card":"summary_large_image","schema":{"@context":"https:\/\/schema.org","@graph":[{"@type":"WebPage","@id":"https:\/\/www.noticiasradioreflejos.com.ar\/2021\/jorge-sandobal-se-llevo-el-premio-mayor-de-automoto\/","url":"https:\/\/www.noticiasradioreflejos.com.ar\/2021\/jorge-sandobal-se-llevo-el-premio-mayor-de-automoto\/","name":"Jorge Sandobal se llev\u00f3 el premio mayor de Automoto. - Noticias Radio Reflejos","isPartOf":{"@id":"https:\/\/www.noticiasradioreflejos.com.ar\/2021\/#website"},"datePublished":"2017-09-11T10:58:50+00:00","author":{"@id":"https:\/\/www.noticiasradioreflejos.com.ar\/2021\/#\/schema\/person\/ad82545263dcc5ec0996818884fd5fb1"},"breadcrumb":{"@id":"https:\/\/www.noticiasradioreflejos.com.ar\/2021\/jorge-sandobal-se-llevo-el-premio-mayor-de-automoto\/#breadcrumb"},"inLanguage":"es","potentialAction":[{"@type":"ReadAction","target":["https:\/\/www.noticiasradioreflejos.com.ar\/2021\/jorge-sandobal-se-llevo-el-premio-mayor-de-automoto\/"]}]},{"@type":"BreadcrumbList","@id":"https:\/\/www.noticiasradioreflejos.com.ar\/2021\/jorge-sandobal-se-llevo-el-premio-mayor-de-automoto\/#breadcrumb","itemListElement":[{"@type":"ListItem","position":1,"name":"Portada","item":"https:\/\/www.noticiasradioreflejos.com.ar\/2021\/"},{"@type":"ListItem","position":2,"name":"Jorge Sandobal se llev\u00f3 el premio mayor de Automoto."}]},{"@type":"WebSite","@id":"https:\/\/www.noticiasradioreflejos.com.ar\/2021\/#website","url":"https:\/\/www.noticiasradioreflejos.com.ar\/2021\/","name":"Noticias Radio Reflejos","description":"Las noticias de mi comarca","potentialAction":[{"@type":"SearchAction","target":{"@type":"EntryPoint","urlTemplate":"https:\/\/www.noticiasradioreflejos.com.ar\/2021\/?s={search_term_string}"},"query-input":{"@type":"PropertyValueSpecification","valueRequired":true,"valueName":"search_term_string"}}],"inLanguage":"es"},{"@type":"Person","@id":"https:\/\/www.noticiasradioreflejos.com.ar\/2021\/#\/schema\/person\/ad82545263dcc5ec0996818884fd5fb1","name":"Arnaldo Botto","image":{"@type":"ImageObject","inLanguage":"es","@id":"https:\/\/www.noticiasradioreflejos.com.ar\/2021\/#\/schema\/person\/image\/","url":"https:\/\/secure.gravatar.com\/avatar\/55cb5e37c1efa326397366e6974cb338056df65cb50e7d64d1cf314e87504837?s=96&d=mm&r=g","contentUrl":"https:\/\/secure.gravatar.com\/avatar\/55cb5e37c1efa326397366e6974cb338056df65cb50e7d64d1cf314e87504837?s=96&d=mm&r=g","caption":"Arnaldo Botto"},"url":"https:\/\/www.noticiasradioreflejos.com.ar\/2021\/author\/arnaldo\/"}]}},"_links":{"self":[{"href":"https:\/\/www.noticiasradioreflejos.com.ar\/2021\/wp-json\/wp\/v2\/posts\/14245","targetHints":{"allow":["GET"]}}],"collection":[{"href":"https:\/\/www.noticiasradioreflejos.com.ar\/2021\/wp-json\/wp\/v2\/posts"}],"about":[{"href":"https:\/\/www.noticiasradioreflejos.com.ar\/2021\/wp-json\/wp\/v2\/types\/post"}],"author":[{"embeddable":true,"href":"https:\/\/www.noticiasradioreflejos.com.ar\/2021\/wp-json\/wp\/v2\/users\/3"}],"replies":[{"embeddable":true,"href":"https:\/\/www.noticiasradioreflejos.com.ar\/2021\/wp-json\/wp\/v2\/comments?post=14245"}],"version-history":[{"count":0,"href":"https:\/\/www.noticiasradioreflejos.com.ar\/2021\/wp-json\/wp\/v2\/posts\/14245\/revisions"}],"wp:attachment":[{"href":"https:\/\/www.noticiasradioreflejos.com.ar\/2021\/wp-json\/wp\/v2\/media?parent=14245"}],"wp:term":[{"taxonomy":"category","embeddable":true,"href":"https:\/\/www.noticiasradioreflejos.com.ar\/2021\/wp-json\/wp\/v2\/categories?post=14245"},{"taxonomy":"post_tag","embeddable":true,"href":"https:\/\/www.noticiasradioreflejos.com.ar\/2021\/wp-json\/wp\/v2\/tags?post=14245"}],"curies":[{"name":"wp","href":"https:\/\/api.w.org\/{rel}","templated":true}]}}