{"id":14226,"date":"2017-09-10T20:10:27","date_gmt":"2017-09-10T23:10:27","guid":{"rendered":"http:\/\/www.noticiasradioreflejos.com.ar\/noticias\/?p=14226"},"modified":"2017-09-10T20:10:27","modified_gmt":"2017-09-10T23:10:27","slug":"tras-el-vuelco-del-camion-la-ruta-podria-quedar-cortada-hasta-la-madrugada","status":"publish","type":"post","link":"https:\/\/www.noticiasradioreflejos.com.ar\/2021\/tras-el-vuelco-del-camion-la-ruta-podria-quedar-cortada-hasta-la-madrugada\/","title":{"rendered":"Tras el vuelco del cami\u00f3n la ruta 51 podr\u00eda quedar cortada hasta la madrugada."},"content":{"rendered":"<div class=\"contenedor_primera_letra_individual_noticia\">Trabajan en el lugar, Bomberos de Saldungaray, de Coronel Pringles y de la localidad de Cabildo, como as\u00ed tambi\u00e9n el Comando de Prevenci\u00f3n Rural y personal de vialidad.<\/div>\n<p><!--more--><\/p>\n<div class=\"contenedor_primera_letra_individual_noticia\"><span style=\"font-size: 16px;\">Un cami\u00f3n volc\u00f3 esta tarde sobre el kil\u00f3metro 676 de la Ruta 51, en inmediaciones al Dique Paso de las Piedras, sin que haya que lamentar personas lesionadas.<\/span><\/div>\n<p>Seg\u00fan las primeras informaciones un cami\u00f3n que transportaba piedras para gatos, perdi\u00f3 el control del pesado veh\u00edculo y volc\u00f3 en inmediaciones del Dique Paso de las Piedras, quedando atravesado en la cinta asf\u00e1ltica.<br \/>\nEl cami\u00f3n era conducido por Sergio An\u00edbal Agust\u00edn de 41 a\u00f1os de edad y afortunadamente result\u00f3 ileso.<br \/>\n<img loading=\"lazy\" decoding=\"async\" src=\"https:\/\/www.elorden.com\/uploads\/imagenes\/repositorio\/2017\/09\/10\/9182\/201709100532368b68621293e7a71e4ca2a0a97c46abc9.jpg\" alt=\"\" width=\"1151\" height=\"863\" \/><br \/>\nHasta las 18 hs no hab\u00edan retirado el pesado transporte de la cinta asf\u00e1ltica por lo q continuaba la ruta cerrada a la altura del paraje Frapal<br \/>\nDesde Vialidad Buenos Aires piden imperiosamente circular con precauci\u00f3n ya que el veh\u00edculo de gran porte permanece tumbado sobre la cinta asf\u00e1ltica a la altura del arroyo Divisorio. Noticia en desarrollo .<br \/>\nFuente El orden de Pringles.<\/p>\n","protected":false},"excerpt":{"rendered":"<p>Trabajan en el lugar, Bomberos de Saldungaray, de Coronel Pringles y de la localidad de Cabildo, como as\u00ed tambi\u00e9n el Comando de Prevenci\u00f3n Rural y personal de vialidad.<\/p>\n","protected":false},"author":3,"featured_media":0,"comment_status":"closed","ping_status":"open","sticky":false,"template":"","format":"standard","meta":{"footnotes":""},"categories":[29],"tags":[],"class_list":["post-14226","post","type-post","status-publish","format-standard","hentry","category-policiales"],"yoast_head":"<!-- This site is optimized with the Yoast SEO plugin v25.9 - https:\/\/yoast.com\/wordpress\/plugins\/seo\/ -->\n<title>Tras el vuelco del cami\u00f3n la ruta 51 podr\u00eda quedar cortada hasta la madrugada. - Noticias Radio Reflejos<\/title>\n<meta name=\"robots\" content=\"index, follow, max-snippet:-1, max-image-preview:large, max-video-preview:-1\" \/>\n<link rel=\"canonical\" href=\"https:\/\/www.noticiasradioreflejos.com.ar\/2021\/tras-el-vuelco-del-camion-la-ruta-podria-quedar-cortada-hasta-la-madrugada\/\" \/>\n<meta property=\"og:locale\" content=\"es_ES\" \/>\n<meta property=\"og:type\" content=\"article\" \/>\n<meta property=\"og:title\" content=\"Tras el vuelco del cami\u00f3n la ruta 51 podr\u00eda quedar cortada hasta la madrugada. - Noticias Radio Reflejos\" \/>\n<meta property=\"og:description\" content=\"Trabajan en el lugar, Bomberos de Saldungaray, de Coronel Pringles y de la localidad de Cabildo, como as\u00ed tambi\u00e9n el Comando de Prevenci\u00f3n Rural y personal de vialidad.\" \/>\n<meta property=\"og:url\" content=\"https:\/\/www.noticiasradioreflejos.com.ar\/2021\/tras-el-vuelco-del-camion-la-ruta-podria-quedar-cortada-hasta-la-madrugada\/\" \/>\n<meta property=\"og:site_name\" content=\"Noticias Radio Reflejos\" \/>\n<meta property=\"article:published_time\" content=\"2017-09-10T23:10:27+00:00\" \/>\n<meta property=\"og:image\" content=\"https:\/\/www.elorden.com\/uploads\/imagenes\/repositorio\/2017\/09\/10\/9182\/201709100532368b68621293e7a71e4ca2a0a97c46abc9.jpg\" \/>\n<meta name=\"author\" content=\"Arnaldo Botto\" \/>\n<meta name=\"twitter:card\" content=\"summary_large_image\" \/>\n<script type=\"application\/ld+json\" class=\"yoast-schema-graph\">{\"@context\":\"https:\/\/schema.org\",\"@graph\":[{\"@type\":\"WebPage\",\"@id\":\"https:\/\/www.noticiasradioreflejos.com.ar\/2021\/tras-el-vuelco-del-camion-la-ruta-podria-quedar-cortada-hasta-la-madrugada\/\",\"url\":\"https:\/\/www.noticiasradioreflejos.com.ar\/2021\/tras-el-vuelco-del-camion-la-ruta-podria-quedar-cortada-hasta-la-madrugada\/\",\"name\":\"Tras el vuelco del cami\u00f3n la ruta 51 podr\u00eda quedar cortada hasta la madrugada. - Noticias Radio Reflejos\",\"isPartOf\":{\"@id\":\"https:\/\/www.noticiasradioreflejos.com.ar\/2021\/#website\"},\"primaryImageOfPage\":{\"@id\":\"https:\/\/www.noticiasradioreflejos.com.ar\/2021\/tras-el-vuelco-del-camion-la-ruta-podria-quedar-cortada-hasta-la-madrugada\/#primaryimage\"},\"image\":{\"@id\":\"https:\/\/www.noticiasradioreflejos.com.ar\/2021\/tras-el-vuelco-del-camion-la-ruta-podria-quedar-cortada-hasta-la-madrugada\/#primaryimage\"},\"thumbnailUrl\":\"https:\/\/www.elorden.com\/uploads\/imagenes\/repositorio\/2017\/09\/10\/9182\/201709100532368b68621293e7a71e4ca2a0a97c46abc9.jpg\",\"datePublished\":\"2017-09-10T23:10:27+00:00\",\"author\":{\"@id\":\"https:\/\/www.noticiasradioreflejos.com.ar\/2021\/#\/schema\/person\/ad82545263dcc5ec0996818884fd5fb1\"},\"breadcrumb\":{\"@id\":\"https:\/\/www.noticiasradioreflejos.com.ar\/2021\/tras-el-vuelco-del-camion-la-ruta-podria-quedar-cortada-hasta-la-madrugada\/#breadcrumb\"},\"inLanguage\":\"es\",\"potentialAction\":[{\"@type\":\"ReadAction\",\"target\":[\"https:\/\/www.noticiasradioreflejos.com.ar\/2021\/tras-el-vuelco-del-camion-la-ruta-podria-quedar-cortada-hasta-la-madrugada\/\"]}]},{\"@type\":\"ImageObject\",\"inLanguage\":\"es\",\"@id\":\"https:\/\/www.noticiasradioreflejos.com.ar\/2021\/tras-el-vuelco-del-camion-la-ruta-podria-quedar-cortada-hasta-la-madrugada\/#primaryimage\",\"url\":\"https:\/\/www.elorden.com\/uploads\/imagenes\/repositorio\/2017\/09\/10\/9182\/201709100532368b68621293e7a71e4ca2a0a97c46abc9.jpg\",\"contentUrl\":\"https:\/\/www.elorden.com\/uploads\/imagenes\/repositorio\/2017\/09\/10\/9182\/201709100532368b68621293e7a71e4ca2a0a97c46abc9.jpg\"},{\"@type\":\"BreadcrumbList\",\"@id\":\"https:\/\/www.noticiasradioreflejos.com.ar\/2021\/tras-el-vuelco-del-camion-la-ruta-podria-quedar-cortada-hasta-la-madrugada\/#breadcrumb\",\"itemListElement\":[{\"@type\":\"ListItem\",\"position\":1,\"name\":\"Portada\",\"item\":\"https:\/\/www.noticiasradioreflejos.com.ar\/2021\/\"},{\"@type\":\"ListItem\",\"position\":2,\"name\":\"Tras el vuelco del cami\u00f3n la ruta 51 podr\u00eda quedar cortada hasta la madrugada.\"}]},{\"@type\":\"WebSite\",\"@id\":\"https:\/\/www.noticiasradioreflejos.com.ar\/2021\/#website\",\"url\":\"https:\/\/www.noticiasradioreflejos.com.ar\/2021\/\",\"name\":\"Noticias Radio Reflejos\",\"description\":\"Las noticias de mi comarca\",\"potentialAction\":[{\"@type\":\"SearchAction\",\"target\":{\"@type\":\"EntryPoint\",\"urlTemplate\":\"https:\/\/www.noticiasradioreflejos.com.ar\/2021\/?s={search_term_string}\"},\"query-input\":{\"@type\":\"PropertyValueSpecification\",\"valueRequired\":true,\"valueName\":\"search_term_string\"}}],\"inLanguage\":\"es\"},{\"@type\":\"Person\",\"@id\":\"https:\/\/www.noticiasradioreflejos.com.ar\/2021\/#\/schema\/person\/ad82545263dcc5ec0996818884fd5fb1\",\"name\":\"Arnaldo Botto\",\"image\":{\"@type\":\"ImageObject\",\"inLanguage\":\"es\",\"@id\":\"https:\/\/www.noticiasradioreflejos.com.ar\/2021\/#\/schema\/person\/image\/\",\"url\":\"https:\/\/secure.gravatar.com\/avatar\/55cb5e37c1efa326397366e6974cb338056df65cb50e7d64d1cf314e87504837?s=96&d=mm&r=g\",\"contentUrl\":\"https:\/\/secure.gravatar.com\/avatar\/55cb5e37c1efa326397366e6974cb338056df65cb50e7d64d1cf314e87504837?s=96&d=mm&r=g\",\"caption\":\"Arnaldo Botto\"},\"url\":\"https:\/\/www.noticiasradioreflejos.com.ar\/2021\/author\/arnaldo\/\"}]}<\/script>\n<!-- \/ Yoast SEO plugin. -->","yoast_head_json":{"title":"Tras el vuelco del cami\u00f3n la ruta 51 podr\u00eda quedar cortada hasta la madrugada. - Noticias Radio Reflejos","robots":{"index":"index","follow":"follow","max-snippet":"max-snippet:-1","max-image-preview":"max-image-preview:large","max-video-preview":"max-video-preview:-1"},"canonical":"https:\/\/www.noticiasradioreflejos.com.ar\/2021\/tras-el-vuelco-del-camion-la-ruta-podria-quedar-cortada-hasta-la-madrugada\/","og_locale":"es_ES","og_type":"article","og_title":"Tras el vuelco del cami\u00f3n la ruta 51 podr\u00eda quedar cortada hasta la madrugada. - Noticias Radio Reflejos","og_description":"Trabajan en el lugar, Bomberos de Saldungaray, de Coronel Pringles y de la localidad de Cabildo, como as\u00ed tambi\u00e9n el Comando de Prevenci\u00f3n Rural y personal de vialidad.","og_url":"https:\/\/www.noticiasradioreflejos.com.ar\/2021\/tras-el-vuelco-del-camion-la-ruta-podria-quedar-cortada-hasta-la-madrugada\/","og_site_name":"Noticias Radio Reflejos","article_published_time":"2017-09-10T23:10:27+00:00","og_image":[{"url":"https:\/\/www.elorden.com\/uploads\/imagenes\/repositorio\/2017\/09\/10\/9182\/201709100532368b68621293e7a71e4ca2a0a97c46abc9.jpg","type":"","width":"","height":""}],"author":"Arnaldo Botto","twitter_card":"summary_large_image","schema":{"@context":"https:\/\/schema.org","@graph":[{"@type":"WebPage","@id":"https:\/\/www.noticiasradioreflejos.com.ar\/2021\/tras-el-vuelco-del-camion-la-ruta-podria-quedar-cortada-hasta-la-madrugada\/","url":"https:\/\/www.noticiasradioreflejos.com.ar\/2021\/tras-el-vuelco-del-camion-la-ruta-podria-quedar-cortada-hasta-la-madrugada\/","name":"Tras el vuelco del cami\u00f3n la ruta 51 podr\u00eda quedar cortada hasta la madrugada. - Noticias Radio Reflejos","isPartOf":{"@id":"https:\/\/www.noticiasradioreflejos.com.ar\/2021\/#website"},"primaryImageOfPage":{"@id":"https:\/\/www.noticiasradioreflejos.com.ar\/2021\/tras-el-vuelco-del-camion-la-ruta-podria-quedar-cortada-hasta-la-madrugada\/#primaryimage"},"image":{"@id":"https:\/\/www.noticiasradioreflejos.com.ar\/2021\/tras-el-vuelco-del-camion-la-ruta-podria-quedar-cortada-hasta-la-madrugada\/#primaryimage"},"thumbnailUrl":"https:\/\/www.elorden.com\/uploads\/imagenes\/repositorio\/2017\/09\/10\/9182\/201709100532368b68621293e7a71e4ca2a0a97c46abc9.jpg","datePublished":"2017-09-10T23:10:27+00:00","author":{"@id":"https:\/\/www.noticiasradioreflejos.com.ar\/2021\/#\/schema\/person\/ad82545263dcc5ec0996818884fd5fb1"},"breadcrumb":{"@id":"https:\/\/www.noticiasradioreflejos.com.ar\/2021\/tras-el-vuelco-del-camion-la-ruta-podria-quedar-cortada-hasta-la-madrugada\/#breadcrumb"},"inLanguage":"es","potentialAction":[{"@type":"ReadAction","target":["https:\/\/www.noticiasradioreflejos.com.ar\/2021\/tras-el-vuelco-del-camion-la-ruta-podria-quedar-cortada-hasta-la-madrugada\/"]}]},{"@type":"ImageObject","inLanguage":"es","@id":"https:\/\/www.noticiasradioreflejos.com.ar\/2021\/tras-el-vuelco-del-camion-la-ruta-podria-quedar-cortada-hasta-la-madrugada\/#primaryimage","url":"https:\/\/www.elorden.com\/uploads\/imagenes\/repositorio\/2017\/09\/10\/9182\/201709100532368b68621293e7a71e4ca2a0a97c46abc9.jpg","contentUrl":"https:\/\/www.elorden.com\/uploads\/imagenes\/repositorio\/2017\/09\/10\/9182\/201709100532368b68621293e7a71e4ca2a0a97c46abc9.jpg"},{"@type":"BreadcrumbList","@id":"https:\/\/www.noticiasradioreflejos.com.ar\/2021\/tras-el-vuelco-del-camion-la-ruta-podria-quedar-cortada-hasta-la-madrugada\/#breadcrumb","itemListElement":[{"@type":"ListItem","position":1,"name":"Portada","item":"https:\/\/www.noticiasradioreflejos.com.ar\/2021\/"},{"@type":"ListItem","position":2,"name":"Tras el vuelco del cami\u00f3n la ruta 51 podr\u00eda quedar cortada hasta la madrugada."}]},{"@type":"WebSite","@id":"https:\/\/www.noticiasradioreflejos.com.ar\/2021\/#website","url":"https:\/\/www.noticiasradioreflejos.com.ar\/2021\/","name":"Noticias Radio Reflejos","description":"Las noticias de mi comarca","potentialAction":[{"@type":"SearchAction","target":{"@type":"EntryPoint","urlTemplate":"https:\/\/www.noticiasradioreflejos.com.ar\/2021\/?s={search_term_string}"},"query-input":{"@type":"PropertyValueSpecification","valueRequired":true,"valueName":"search_term_string"}}],"inLanguage":"es"},{"@type":"Person","@id":"https:\/\/www.noticiasradioreflejos.com.ar\/2021\/#\/schema\/person\/ad82545263dcc5ec0996818884fd5fb1","name":"Arnaldo Botto","image":{"@type":"ImageObject","inLanguage":"es","@id":"https:\/\/www.noticiasradioreflejos.com.ar\/2021\/#\/schema\/person\/image\/","url":"https:\/\/secure.gravatar.com\/avatar\/55cb5e37c1efa326397366e6974cb338056df65cb50e7d64d1cf314e87504837?s=96&d=mm&r=g","contentUrl":"https:\/\/secure.gravatar.com\/avatar\/55cb5e37c1efa326397366e6974cb338056df65cb50e7d64d1cf314e87504837?s=96&d=mm&r=g","caption":"Arnaldo Botto"},"url":"https:\/\/www.noticiasradioreflejos.com.ar\/2021\/author\/arnaldo\/"}]}},"_links":{"self":[{"href":"https:\/\/www.noticiasradioreflejos.com.ar\/2021\/wp-json\/wp\/v2\/posts\/14226","targetHints":{"allow":["GET"]}}],"collection":[{"href":"https:\/\/www.noticiasradioreflejos.com.ar\/2021\/wp-json\/wp\/v2\/posts"}],"about":[{"href":"https:\/\/www.noticiasradioreflejos.com.ar\/2021\/wp-json\/wp\/v2\/types\/post"}],"author":[{"embeddable":true,"href":"https:\/\/www.noticiasradioreflejos.com.ar\/2021\/wp-json\/wp\/v2\/users\/3"}],"replies":[{"embeddable":true,"href":"https:\/\/www.noticiasradioreflejos.com.ar\/2021\/wp-json\/wp\/v2\/comments?post=14226"}],"version-history":[{"count":0,"href":"https:\/\/www.noticiasradioreflejos.com.ar\/2021\/wp-json\/wp\/v2\/posts\/14226\/revisions"}],"wp:attachment":[{"href":"https:\/\/www.noticiasradioreflejos.com.ar\/2021\/wp-json\/wp\/v2\/media?parent=14226"}],"wp:term":[{"taxonomy":"category","embeddable":true,"href":"https:\/\/www.noticiasradioreflejos.com.ar\/2021\/wp-json\/wp\/v2\/categories?post=14226"},{"taxonomy":"post_tag","embeddable":true,"href":"https:\/\/www.noticiasradioreflejos.com.ar\/2021\/wp-json\/wp\/v2\/tags?post=14226"}],"curies":[{"name":"wp","href":"https:\/\/api.w.org\/{rel}","templated":true}]}}