{"id":14222,"date":"2017-09-10T17:58:52","date_gmt":"2017-09-10T20:58:52","guid":{"rendered":"http:\/\/www.noticiasradioreflejos.com.ar\/noticias\/?p=14222"},"modified":"2017-09-10T17:58:52","modified_gmt":"2017-09-10T20:58:52","slug":"reclamos-por-la-situacion-del-callejon-ernesto-tornquist","status":"publish","type":"post","link":"https:\/\/www.noticiasradioreflejos.com.ar\/2021\/reclamos-por-la-situacion-del-callejon-ernesto-tornquist\/","title":{"rendered":"Reclamos por la situaci\u00f3n del Callej\u00f3n Ernesto Tornquist."},"content":{"rendered":"<p><a href=\"http:\/\/www.noticiasradioreflejos.com.ar\/noticias\/wp-content\/uploads\/2017\/09\/received_1936702429937941.jpeg\"><img loading=\"lazy\" decoding=\"async\" class=\"alignleft size-full wp-image-14224\" src=\"http:\/\/www.noticiasradioreflejos.com.ar\/noticias\/wp-content\/uploads\/2017\/09\/received_1936702429937941.jpeg\" alt=\"received_1936702429937941\" width=\"1280\" height=\"719\" \/><\/a>Carta de lectores.<br \/>\nHola! Soy una vecina que vive en Bah\u00eda Blanca, pero ha tenido su casa desde hace unos 60 a\u00f1os en Sierra de la Ventana, desde que mis abuelos lo decidieron as\u00ed. La hemos mantenido desde entonces viendo c\u00f3mo ha ido creciendo Sierra querida.. La foto que precede es del callej\u00f3n Ernesto Tornquist, entre Salerno y Frontini.<!--more--> Muestra la situaci\u00f3n que vivimos los vecinos cada vez que llueve despu\u00e9s de iniciada la obra de entubamiento. Veo y oigo tus programas y te agradezco por todo lo que permanentemente hac\u00e9s con tu equipo por la comarca, difundiendo todo sobre ella. Pensaba qu\u00e9 bueno ser\u00eda que pudieras comentar acerca de esta situaci\u00f3n para ayudar a difundir esta necesidad de los vecinos. Estoy tratando de ver c\u00f3mo hago para que las autoridades de la provincia tomen conocimiento de lo que estamos viviendo y cu\u00e1les son los plazos para que la obra se termine&#8230; As\u00ed es muy dif\u00edcil acceder a las casas, en coche o caminando. Desde ya much\u00edsimas gracias! Un saludo!<br \/>\nElsa M\u00f3nica Fontanella<\/p>\n","protected":false},"excerpt":{"rendered":"<p>Carta de lectores. Hola! Soy una vecina que vive en Bah\u00eda Blanca, pero ha tenido su casa desde hace unos 60 a\u00f1os en Sierra de la Ventana, desde que mis abuelos lo decidieron as\u00ed. La hemos mantenido desde entonces viendo c\u00f3mo ha ido creciendo Sierra querida.. La foto que precede es del callej\u00f3n Ernesto Tornquist, [&hellip;]<\/p>\n","protected":false},"author":3,"featured_media":0,"comment_status":"closed","ping_status":"open","sticky":false,"template":"","format":"standard","meta":{"footnotes":""},"categories":[26],"tags":[],"class_list":["post-14222","post","type-post","status-publish","format-standard","hentry","category-sociedad"],"yoast_head":"<!-- This site is optimized with the Yoast SEO plugin v25.9 - https:\/\/yoast.com\/wordpress\/plugins\/seo\/ -->\n<title>Reclamos por la situaci\u00f3n del Callej\u00f3n Ernesto Tornquist. - Noticias Radio Reflejos<\/title>\n<meta name=\"robots\" content=\"index, follow, max-snippet:-1, max-image-preview:large, max-video-preview:-1\" \/>\n<link rel=\"canonical\" href=\"https:\/\/www.noticiasradioreflejos.com.ar\/2021\/reclamos-por-la-situacion-del-callejon-ernesto-tornquist\/\" \/>\n<meta property=\"og:locale\" content=\"es_ES\" \/>\n<meta property=\"og:type\" content=\"article\" \/>\n<meta property=\"og:title\" content=\"Reclamos por la situaci\u00f3n del Callej\u00f3n Ernesto Tornquist. - Noticias Radio Reflejos\" \/>\n<meta property=\"og:description\" content=\"Carta de lectores. Hola! Soy una vecina que vive en Bah\u00eda Blanca, pero ha tenido su casa desde hace unos 60 a\u00f1os en Sierra de la Ventana, desde que mis abuelos lo decidieron as\u00ed. La hemos mantenido desde entonces viendo c\u00f3mo ha ido creciendo Sierra querida.. La foto que precede es del callej\u00f3n Ernesto Tornquist, [&hellip;]\" \/>\n<meta property=\"og:url\" content=\"https:\/\/www.noticiasradioreflejos.com.ar\/2021\/reclamos-por-la-situacion-del-callejon-ernesto-tornquist\/\" \/>\n<meta property=\"og:site_name\" content=\"Noticias Radio Reflejos\" \/>\n<meta property=\"article:published_time\" content=\"2017-09-10T20:58:52+00:00\" \/>\n<meta property=\"og:image\" content=\"https:\/\/www.noticiasradioreflejos.com.ar\/2021\/wp-content\/uploads\/2021\/07\/logosol300x200.png\" \/>\n\t<meta property=\"og:image:width\" content=\"300\" \/>\n\t<meta property=\"og:image:height\" content=\"200\" \/>\n\t<meta property=\"og:image:type\" content=\"image\/png\" \/>\n<meta name=\"author\" content=\"Arnaldo Botto\" \/>\n<meta name=\"twitter:card\" content=\"summary_large_image\" \/>\n<script type=\"application\/ld+json\" class=\"yoast-schema-graph\">{\"@context\":\"https:\/\/schema.org\",\"@graph\":[{\"@type\":\"WebPage\",\"@id\":\"https:\/\/www.noticiasradioreflejos.com.ar\/2021\/reclamos-por-la-situacion-del-callejon-ernesto-tornquist\/\",\"url\":\"https:\/\/www.noticiasradioreflejos.com.ar\/2021\/reclamos-por-la-situacion-del-callejon-ernesto-tornquist\/\",\"name\":\"Reclamos por la situaci\u00f3n del Callej\u00f3n Ernesto Tornquist. - Noticias Radio Reflejos\",\"isPartOf\":{\"@id\":\"https:\/\/www.noticiasradioreflejos.com.ar\/2021\/#website\"},\"primaryImageOfPage\":{\"@id\":\"https:\/\/www.noticiasradioreflejos.com.ar\/2021\/reclamos-por-la-situacion-del-callejon-ernesto-tornquist\/#primaryimage\"},\"image\":{\"@id\":\"https:\/\/www.noticiasradioreflejos.com.ar\/2021\/reclamos-por-la-situacion-del-callejon-ernesto-tornquist\/#primaryimage\"},\"thumbnailUrl\":\"http:\/\/www.noticiasradioreflejos.com.ar\/noticias\/wp-content\/uploads\/2017\/09\/received_1936702429937941.jpeg\",\"datePublished\":\"2017-09-10T20:58:52+00:00\",\"author\":{\"@id\":\"https:\/\/www.noticiasradioreflejos.com.ar\/2021\/#\/schema\/person\/ad82545263dcc5ec0996818884fd5fb1\"},\"breadcrumb\":{\"@id\":\"https:\/\/www.noticiasradioreflejos.com.ar\/2021\/reclamos-por-la-situacion-del-callejon-ernesto-tornquist\/#breadcrumb\"},\"inLanguage\":\"es\",\"potentialAction\":[{\"@type\":\"ReadAction\",\"target\":[\"https:\/\/www.noticiasradioreflejos.com.ar\/2021\/reclamos-por-la-situacion-del-callejon-ernesto-tornquist\/\"]}]},{\"@type\":\"ImageObject\",\"inLanguage\":\"es\",\"@id\":\"https:\/\/www.noticiasradioreflejos.com.ar\/2021\/reclamos-por-la-situacion-del-callejon-ernesto-tornquist\/#primaryimage\",\"url\":\"http:\/\/www.noticiasradioreflejos.com.ar\/noticias\/wp-content\/uploads\/2017\/09\/received_1936702429937941.jpeg\",\"contentUrl\":\"http:\/\/www.noticiasradioreflejos.com.ar\/noticias\/wp-content\/uploads\/2017\/09\/received_1936702429937941.jpeg\"},{\"@type\":\"BreadcrumbList\",\"@id\":\"https:\/\/www.noticiasradioreflejos.com.ar\/2021\/reclamos-por-la-situacion-del-callejon-ernesto-tornquist\/#breadcrumb\",\"itemListElement\":[{\"@type\":\"ListItem\",\"position\":1,\"name\":\"Portada\",\"item\":\"https:\/\/www.noticiasradioreflejos.com.ar\/2021\/\"},{\"@type\":\"ListItem\",\"position\":2,\"name\":\"Reclamos por la situaci\u00f3n del Callej\u00f3n Ernesto Tornquist.\"}]},{\"@type\":\"WebSite\",\"@id\":\"https:\/\/www.noticiasradioreflejos.com.ar\/2021\/#website\",\"url\":\"https:\/\/www.noticiasradioreflejos.com.ar\/2021\/\",\"name\":\"Noticias Radio Reflejos\",\"description\":\"Las noticias de mi comarca\",\"potentialAction\":[{\"@type\":\"SearchAction\",\"target\":{\"@type\":\"EntryPoint\",\"urlTemplate\":\"https:\/\/www.noticiasradioreflejos.com.ar\/2021\/?s={search_term_string}\"},\"query-input\":{\"@type\":\"PropertyValueSpecification\",\"valueRequired\":true,\"valueName\":\"search_term_string\"}}],\"inLanguage\":\"es\"},{\"@type\":\"Person\",\"@id\":\"https:\/\/www.noticiasradioreflejos.com.ar\/2021\/#\/schema\/person\/ad82545263dcc5ec0996818884fd5fb1\",\"name\":\"Arnaldo Botto\",\"image\":{\"@type\":\"ImageObject\",\"inLanguage\":\"es\",\"@id\":\"https:\/\/www.noticiasradioreflejos.com.ar\/2021\/#\/schema\/person\/image\/\",\"url\":\"https:\/\/secure.gravatar.com\/avatar\/55cb5e37c1efa326397366e6974cb338056df65cb50e7d64d1cf314e87504837?s=96&d=mm&r=g\",\"contentUrl\":\"https:\/\/secure.gravatar.com\/avatar\/55cb5e37c1efa326397366e6974cb338056df65cb50e7d64d1cf314e87504837?s=96&d=mm&r=g\",\"caption\":\"Arnaldo Botto\"},\"url\":\"https:\/\/www.noticiasradioreflejos.com.ar\/2021\/author\/arnaldo\/\"}]}<\/script>\n<!-- \/ Yoast SEO plugin. -->","yoast_head_json":{"title":"Reclamos por la situaci\u00f3n del Callej\u00f3n Ernesto Tornquist. - Noticias Radio Reflejos","robots":{"index":"index","follow":"follow","max-snippet":"max-snippet:-1","max-image-preview":"max-image-preview:large","max-video-preview":"max-video-preview:-1"},"canonical":"https:\/\/www.noticiasradioreflejos.com.ar\/2021\/reclamos-por-la-situacion-del-callejon-ernesto-tornquist\/","og_locale":"es_ES","og_type":"article","og_title":"Reclamos por la situaci\u00f3n del Callej\u00f3n Ernesto Tornquist. - Noticias Radio Reflejos","og_description":"Carta de lectores. Hola! Soy una vecina que vive en Bah\u00eda Blanca, pero ha tenido su casa desde hace unos 60 a\u00f1os en Sierra de la Ventana, desde que mis abuelos lo decidieron as\u00ed. La hemos mantenido desde entonces viendo c\u00f3mo ha ido creciendo Sierra querida.. La foto que precede es del callej\u00f3n Ernesto Tornquist, [&hellip;]","og_url":"https:\/\/www.noticiasradioreflejos.com.ar\/2021\/reclamos-por-la-situacion-del-callejon-ernesto-tornquist\/","og_site_name":"Noticias Radio Reflejos","article_published_time":"2017-09-10T20:58:52+00:00","og_image":[{"width":300,"height":200,"url":"https:\/\/www.noticiasradioreflejos.com.ar\/2021\/wp-content\/uploads\/2021\/07\/logosol300x200.png","type":"image\/png"}],"author":"Arnaldo Botto","twitter_card":"summary_large_image","schema":{"@context":"https:\/\/schema.org","@graph":[{"@type":"WebPage","@id":"https:\/\/www.noticiasradioreflejos.com.ar\/2021\/reclamos-por-la-situacion-del-callejon-ernesto-tornquist\/","url":"https:\/\/www.noticiasradioreflejos.com.ar\/2021\/reclamos-por-la-situacion-del-callejon-ernesto-tornquist\/","name":"Reclamos por la situaci\u00f3n del Callej\u00f3n Ernesto Tornquist. - Noticias Radio Reflejos","isPartOf":{"@id":"https:\/\/www.noticiasradioreflejos.com.ar\/2021\/#website"},"primaryImageOfPage":{"@id":"https:\/\/www.noticiasradioreflejos.com.ar\/2021\/reclamos-por-la-situacion-del-callejon-ernesto-tornquist\/#primaryimage"},"image":{"@id":"https:\/\/www.noticiasradioreflejos.com.ar\/2021\/reclamos-por-la-situacion-del-callejon-ernesto-tornquist\/#primaryimage"},"thumbnailUrl":"http:\/\/www.noticiasradioreflejos.com.ar\/noticias\/wp-content\/uploads\/2017\/09\/received_1936702429937941.jpeg","datePublished":"2017-09-10T20:58:52+00:00","author":{"@id":"https:\/\/www.noticiasradioreflejos.com.ar\/2021\/#\/schema\/person\/ad82545263dcc5ec0996818884fd5fb1"},"breadcrumb":{"@id":"https:\/\/www.noticiasradioreflejos.com.ar\/2021\/reclamos-por-la-situacion-del-callejon-ernesto-tornquist\/#breadcrumb"},"inLanguage":"es","potentialAction":[{"@type":"ReadAction","target":["https:\/\/www.noticiasradioreflejos.com.ar\/2021\/reclamos-por-la-situacion-del-callejon-ernesto-tornquist\/"]}]},{"@type":"ImageObject","inLanguage":"es","@id":"https:\/\/www.noticiasradioreflejos.com.ar\/2021\/reclamos-por-la-situacion-del-callejon-ernesto-tornquist\/#primaryimage","url":"http:\/\/www.noticiasradioreflejos.com.ar\/noticias\/wp-content\/uploads\/2017\/09\/received_1936702429937941.jpeg","contentUrl":"http:\/\/www.noticiasradioreflejos.com.ar\/noticias\/wp-content\/uploads\/2017\/09\/received_1936702429937941.jpeg"},{"@type":"BreadcrumbList","@id":"https:\/\/www.noticiasradioreflejos.com.ar\/2021\/reclamos-por-la-situacion-del-callejon-ernesto-tornquist\/#breadcrumb","itemListElement":[{"@type":"ListItem","position":1,"name":"Portada","item":"https:\/\/www.noticiasradioreflejos.com.ar\/2021\/"},{"@type":"ListItem","position":2,"name":"Reclamos por la situaci\u00f3n del Callej\u00f3n Ernesto Tornquist."}]},{"@type":"WebSite","@id":"https:\/\/www.noticiasradioreflejos.com.ar\/2021\/#website","url":"https:\/\/www.noticiasradioreflejos.com.ar\/2021\/","name":"Noticias Radio Reflejos","description":"Las noticias de mi comarca","potentialAction":[{"@type":"SearchAction","target":{"@type":"EntryPoint","urlTemplate":"https:\/\/www.noticiasradioreflejos.com.ar\/2021\/?s={search_term_string}"},"query-input":{"@type":"PropertyValueSpecification","valueRequired":true,"valueName":"search_term_string"}}],"inLanguage":"es"},{"@type":"Person","@id":"https:\/\/www.noticiasradioreflejos.com.ar\/2021\/#\/schema\/person\/ad82545263dcc5ec0996818884fd5fb1","name":"Arnaldo Botto","image":{"@type":"ImageObject","inLanguage":"es","@id":"https:\/\/www.noticiasradioreflejos.com.ar\/2021\/#\/schema\/person\/image\/","url":"https:\/\/secure.gravatar.com\/avatar\/55cb5e37c1efa326397366e6974cb338056df65cb50e7d64d1cf314e87504837?s=96&d=mm&r=g","contentUrl":"https:\/\/secure.gravatar.com\/avatar\/55cb5e37c1efa326397366e6974cb338056df65cb50e7d64d1cf314e87504837?s=96&d=mm&r=g","caption":"Arnaldo Botto"},"url":"https:\/\/www.noticiasradioreflejos.com.ar\/2021\/author\/arnaldo\/"}]}},"_links":{"self":[{"href":"https:\/\/www.noticiasradioreflejos.com.ar\/2021\/wp-json\/wp\/v2\/posts\/14222","targetHints":{"allow":["GET"]}}],"collection":[{"href":"https:\/\/www.noticiasradioreflejos.com.ar\/2021\/wp-json\/wp\/v2\/posts"}],"about":[{"href":"https:\/\/www.noticiasradioreflejos.com.ar\/2021\/wp-json\/wp\/v2\/types\/post"}],"author":[{"embeddable":true,"href":"https:\/\/www.noticiasradioreflejos.com.ar\/2021\/wp-json\/wp\/v2\/users\/3"}],"replies":[{"embeddable":true,"href":"https:\/\/www.noticiasradioreflejos.com.ar\/2021\/wp-json\/wp\/v2\/comments?post=14222"}],"version-history":[{"count":0,"href":"https:\/\/www.noticiasradioreflejos.com.ar\/2021\/wp-json\/wp\/v2\/posts\/14222\/revisions"}],"wp:attachment":[{"href":"https:\/\/www.noticiasradioreflejos.com.ar\/2021\/wp-json\/wp\/v2\/media?parent=14222"}],"wp:term":[{"taxonomy":"category","embeddable":true,"href":"https:\/\/www.noticiasradioreflejos.com.ar\/2021\/wp-json\/wp\/v2\/categories?post=14222"},{"taxonomy":"post_tag","embeddable":true,"href":"https:\/\/www.noticiasradioreflejos.com.ar\/2021\/wp-json\/wp\/v2\/tags?post=14222"}],"curies":[{"name":"wp","href":"https:\/\/api.w.org\/{rel}","templated":true}]}}