{"id":14219,"date":"2017-09-10T17:39:57","date_gmt":"2017-09-10T20:39:57","guid":{"rendered":"http:\/\/www.noticiasradioreflejos.com.ar\/noticias\/?p=14219"},"modified":"2017-09-10T17:39:57","modified_gmt":"2017-09-10T20:39:57","slug":"comunicada-de-prensa","status":"publish","type":"post","link":"https:\/\/www.noticiasradioreflejos.com.ar\/2021\/comunicada-de-prensa\/","title":{"rendered":"Comunicado de prensa."},"content":{"rendered":"<p style=\"text-align: left;\">Como convocantes a la manifestaci\u00f3n por la Aparici\u00f3n con Vida de Santiago Maldonado, nos sentimos responsables del pedido realizado al Concejo Deliberante para que acompa\u00f1en el pedido de Aparici\u00f3n con Vida de Santiago Maldonado, y de habernos enterado en la marcha de Villa Ventana que Polic\u00eda de civil, estuvo \u201cobservando\u201d a los manifestantes.<!--more--><\/p>\n<p>Por eso queremos contarles a los participantes que:<br \/>\n1) El HCD aprob\u00f3 por unanimidad un pedido de Aparicion con Vida por Santiago Maldonado<br \/>\n2) El concejal Victor Anton, quien nos llamo inmediatamente de haberse enterado lo acontecido en Villa Ventana con la Policia, elaboro un pedido de informe, a trav\u00e9s del Bloque Frente Para la Victoria, al Sr Secretario de Seguridad Ezequiel Gabella, para que informe los motivos que llevaron a tomar la determinaci\u00f3n de realizar un \u201ccontrol\u201d de los habitantes que se manifestaron en las localidades de Sierra de la Ventana y Villa Ventana pidiendo por la Aparicion con Vida de Santiago Maldonado. Solicitando tambi\u00e9n se informe los alcances del \u201ccontrol\u201d\u00bf existe lista de los asistentes? \u00bfse realizo relevamiento fotogr\u00e1fico? Ya sea por parte de la Policia Comunal o de los \u201cagentes encubiertos\u201dque desarrollaron sus \u201ctareas\u201d en nuestro distrito.<br \/>\nSeguiremos ambos y los mantendremos informados.<br \/>\nAsi mismo agradecemos a quienes a trav\u00e9s de las redes difundieron lo desarrollado por la Aparicion con Vida de Santiago en la Comarca, como tambi\u00e9n quienes procuraron hacer visible lo ocurrido con la Policia.<br \/>\nSabemos que todo esto, sumado a la violencia verbal de los comentarios de muchos de nuestros propios vecinos, duele y da miedo, y ese el objetivo de todas estas cosas. Pero tambi\u00e9n sabemos que estamos en DEMOCRACIA y no debemos bajar los brazos.<br \/>\nRecordemos como dec\u00eda Bertolt Brecht , no aceptar lo habitual como cosa natural. Porque en tiempos de desorden, de confusi\u00f3n organizada, de humanidad deshumanizada, nada debe parecer natural. Nada debe parecer imposible de cambiar.<br \/>\nPermanecemos unidos y nos cuidamos.<br \/>\nSI NO HAY AMOR<\/p>\n","protected":false},"excerpt":{"rendered":"<p>Como convocantes a la manifestaci\u00f3n por la Aparici\u00f3n con Vida de Santiago Maldonado, nos sentimos responsables del pedido realizado al Concejo Deliberante para que acompa\u00f1en el pedido de Aparici\u00f3n con Vida de Santiago Maldonado, y de habernos enterado en la marcha de Villa Ventana que Polic\u00eda de civil, estuvo \u201cobservando\u201d a los manifestantes.<\/p>\n","protected":false},"author":3,"featured_media":0,"comment_status":"closed","ping_status":"open","sticky":false,"template":"","format":"standard","meta":{"footnotes":""},"categories":[24],"tags":[],"class_list":["post-14219","post","type-post","status-publish","format-standard","hentry","category-politica"],"yoast_head":"<!-- This site is optimized with the Yoast SEO plugin v25.9 - https:\/\/yoast.com\/wordpress\/plugins\/seo\/ -->\n<title>Comunicado de prensa. - Noticias Radio Reflejos<\/title>\n<meta name=\"robots\" content=\"index, follow, max-snippet:-1, max-image-preview:large, max-video-preview:-1\" \/>\n<link rel=\"canonical\" href=\"https:\/\/www.noticiasradioreflejos.com.ar\/2021\/comunicada-de-prensa\/\" \/>\n<meta property=\"og:locale\" content=\"es_ES\" \/>\n<meta property=\"og:type\" content=\"article\" \/>\n<meta property=\"og:title\" content=\"Comunicado de prensa. - Noticias Radio Reflejos\" \/>\n<meta property=\"og:description\" content=\"Como convocantes a la manifestaci\u00f3n por la Aparici\u00f3n con Vida de Santiago Maldonado, nos sentimos responsables del pedido realizado al Concejo Deliberante para que acompa\u00f1en el pedido de Aparici\u00f3n con Vida de Santiago Maldonado, y de habernos enterado en la marcha de Villa Ventana que Polic\u00eda de civil, estuvo \u201cobservando\u201d a los manifestantes.\" \/>\n<meta property=\"og:url\" content=\"https:\/\/www.noticiasradioreflejos.com.ar\/2021\/comunicada-de-prensa\/\" \/>\n<meta property=\"og:site_name\" content=\"Noticias Radio Reflejos\" \/>\n<meta property=\"article:published_time\" content=\"2017-09-10T20:39:57+00:00\" \/>\n<meta property=\"og:image\" content=\"https:\/\/www.noticiasradioreflejos.com.ar\/2021\/wp-content\/uploads\/2021\/07\/logosol300x200.png\" \/>\n\t<meta property=\"og:image:width\" content=\"300\" \/>\n\t<meta property=\"og:image:height\" content=\"200\" \/>\n\t<meta property=\"og:image:type\" content=\"image\/png\" \/>\n<meta name=\"author\" content=\"Arnaldo Botto\" \/>\n<meta name=\"twitter:card\" content=\"summary_large_image\" \/>\n<script type=\"application\/ld+json\" class=\"yoast-schema-graph\">{\"@context\":\"https:\/\/schema.org\",\"@graph\":[{\"@type\":\"WebPage\",\"@id\":\"https:\/\/www.noticiasradioreflejos.com.ar\/2021\/comunicada-de-prensa\/\",\"url\":\"https:\/\/www.noticiasradioreflejos.com.ar\/2021\/comunicada-de-prensa\/\",\"name\":\"Comunicado de prensa. - Noticias Radio Reflejos\",\"isPartOf\":{\"@id\":\"https:\/\/www.noticiasradioreflejos.com.ar\/2021\/#website\"},\"datePublished\":\"2017-09-10T20:39:57+00:00\",\"author\":{\"@id\":\"https:\/\/www.noticiasradioreflejos.com.ar\/2021\/#\/schema\/person\/ad82545263dcc5ec0996818884fd5fb1\"},\"breadcrumb\":{\"@id\":\"https:\/\/www.noticiasradioreflejos.com.ar\/2021\/comunicada-de-prensa\/#breadcrumb\"},\"inLanguage\":\"es\",\"potentialAction\":[{\"@type\":\"ReadAction\",\"target\":[\"https:\/\/www.noticiasradioreflejos.com.ar\/2021\/comunicada-de-prensa\/\"]}]},{\"@type\":\"BreadcrumbList\",\"@id\":\"https:\/\/www.noticiasradioreflejos.com.ar\/2021\/comunicada-de-prensa\/#breadcrumb\",\"itemListElement\":[{\"@type\":\"ListItem\",\"position\":1,\"name\":\"Portada\",\"item\":\"https:\/\/www.noticiasradioreflejos.com.ar\/2021\/\"},{\"@type\":\"ListItem\",\"position\":2,\"name\":\"Comunicado de prensa.\"}]},{\"@type\":\"WebSite\",\"@id\":\"https:\/\/www.noticiasradioreflejos.com.ar\/2021\/#website\",\"url\":\"https:\/\/www.noticiasradioreflejos.com.ar\/2021\/\",\"name\":\"Noticias Radio Reflejos\",\"description\":\"Las noticias de mi comarca\",\"potentialAction\":[{\"@type\":\"SearchAction\",\"target\":{\"@type\":\"EntryPoint\",\"urlTemplate\":\"https:\/\/www.noticiasradioreflejos.com.ar\/2021\/?s={search_term_string}\"},\"query-input\":{\"@type\":\"PropertyValueSpecification\",\"valueRequired\":true,\"valueName\":\"search_term_string\"}}],\"inLanguage\":\"es\"},{\"@type\":\"Person\",\"@id\":\"https:\/\/www.noticiasradioreflejos.com.ar\/2021\/#\/schema\/person\/ad82545263dcc5ec0996818884fd5fb1\",\"name\":\"Arnaldo Botto\",\"image\":{\"@type\":\"ImageObject\",\"inLanguage\":\"es\",\"@id\":\"https:\/\/www.noticiasradioreflejos.com.ar\/2021\/#\/schema\/person\/image\/\",\"url\":\"https:\/\/secure.gravatar.com\/avatar\/55cb5e37c1efa326397366e6974cb338056df65cb50e7d64d1cf314e87504837?s=96&d=mm&r=g\",\"contentUrl\":\"https:\/\/secure.gravatar.com\/avatar\/55cb5e37c1efa326397366e6974cb338056df65cb50e7d64d1cf314e87504837?s=96&d=mm&r=g\",\"caption\":\"Arnaldo Botto\"},\"url\":\"https:\/\/www.noticiasradioreflejos.com.ar\/2021\/author\/arnaldo\/\"}]}<\/script>\n<!-- \/ Yoast SEO plugin. -->","yoast_head_json":{"title":"Comunicado de prensa. - Noticias Radio Reflejos","robots":{"index":"index","follow":"follow","max-snippet":"max-snippet:-1","max-image-preview":"max-image-preview:large","max-video-preview":"max-video-preview:-1"},"canonical":"https:\/\/www.noticiasradioreflejos.com.ar\/2021\/comunicada-de-prensa\/","og_locale":"es_ES","og_type":"article","og_title":"Comunicado de prensa. - Noticias Radio Reflejos","og_description":"Como convocantes a la manifestaci\u00f3n por la Aparici\u00f3n con Vida de Santiago Maldonado, nos sentimos responsables del pedido realizado al Concejo Deliberante para que acompa\u00f1en el pedido de Aparici\u00f3n con Vida de Santiago Maldonado, y de habernos enterado en la marcha de Villa Ventana que Polic\u00eda de civil, estuvo \u201cobservando\u201d a los manifestantes.","og_url":"https:\/\/www.noticiasradioreflejos.com.ar\/2021\/comunicada-de-prensa\/","og_site_name":"Noticias Radio Reflejos","article_published_time":"2017-09-10T20:39:57+00:00","og_image":[{"width":300,"height":200,"url":"https:\/\/www.noticiasradioreflejos.com.ar\/2021\/wp-content\/uploads\/2021\/07\/logosol300x200.png","type":"image\/png"}],"author":"Arnaldo Botto","twitter_card":"summary_large_image","schema":{"@context":"https:\/\/schema.org","@graph":[{"@type":"WebPage","@id":"https:\/\/www.noticiasradioreflejos.com.ar\/2021\/comunicada-de-prensa\/","url":"https:\/\/www.noticiasradioreflejos.com.ar\/2021\/comunicada-de-prensa\/","name":"Comunicado de prensa. - Noticias Radio Reflejos","isPartOf":{"@id":"https:\/\/www.noticiasradioreflejos.com.ar\/2021\/#website"},"datePublished":"2017-09-10T20:39:57+00:00","author":{"@id":"https:\/\/www.noticiasradioreflejos.com.ar\/2021\/#\/schema\/person\/ad82545263dcc5ec0996818884fd5fb1"},"breadcrumb":{"@id":"https:\/\/www.noticiasradioreflejos.com.ar\/2021\/comunicada-de-prensa\/#breadcrumb"},"inLanguage":"es","potentialAction":[{"@type":"ReadAction","target":["https:\/\/www.noticiasradioreflejos.com.ar\/2021\/comunicada-de-prensa\/"]}]},{"@type":"BreadcrumbList","@id":"https:\/\/www.noticiasradioreflejos.com.ar\/2021\/comunicada-de-prensa\/#breadcrumb","itemListElement":[{"@type":"ListItem","position":1,"name":"Portada","item":"https:\/\/www.noticiasradioreflejos.com.ar\/2021\/"},{"@type":"ListItem","position":2,"name":"Comunicado de prensa."}]},{"@type":"WebSite","@id":"https:\/\/www.noticiasradioreflejos.com.ar\/2021\/#website","url":"https:\/\/www.noticiasradioreflejos.com.ar\/2021\/","name":"Noticias Radio Reflejos","description":"Las noticias de mi comarca","potentialAction":[{"@type":"SearchAction","target":{"@type":"EntryPoint","urlTemplate":"https:\/\/www.noticiasradioreflejos.com.ar\/2021\/?s={search_term_string}"},"query-input":{"@type":"PropertyValueSpecification","valueRequired":true,"valueName":"search_term_string"}}],"inLanguage":"es"},{"@type":"Person","@id":"https:\/\/www.noticiasradioreflejos.com.ar\/2021\/#\/schema\/person\/ad82545263dcc5ec0996818884fd5fb1","name":"Arnaldo Botto","image":{"@type":"ImageObject","inLanguage":"es","@id":"https:\/\/www.noticiasradioreflejos.com.ar\/2021\/#\/schema\/person\/image\/","url":"https:\/\/secure.gravatar.com\/avatar\/55cb5e37c1efa326397366e6974cb338056df65cb50e7d64d1cf314e87504837?s=96&d=mm&r=g","contentUrl":"https:\/\/secure.gravatar.com\/avatar\/55cb5e37c1efa326397366e6974cb338056df65cb50e7d64d1cf314e87504837?s=96&d=mm&r=g","caption":"Arnaldo Botto"},"url":"https:\/\/www.noticiasradioreflejos.com.ar\/2021\/author\/arnaldo\/"}]}},"_links":{"self":[{"href":"https:\/\/www.noticiasradioreflejos.com.ar\/2021\/wp-json\/wp\/v2\/posts\/14219","targetHints":{"allow":["GET"]}}],"collection":[{"href":"https:\/\/www.noticiasradioreflejos.com.ar\/2021\/wp-json\/wp\/v2\/posts"}],"about":[{"href":"https:\/\/www.noticiasradioreflejos.com.ar\/2021\/wp-json\/wp\/v2\/types\/post"}],"author":[{"embeddable":true,"href":"https:\/\/www.noticiasradioreflejos.com.ar\/2021\/wp-json\/wp\/v2\/users\/3"}],"replies":[{"embeddable":true,"href":"https:\/\/www.noticiasradioreflejos.com.ar\/2021\/wp-json\/wp\/v2\/comments?post=14219"}],"version-history":[{"count":0,"href":"https:\/\/www.noticiasradioreflejos.com.ar\/2021\/wp-json\/wp\/v2\/posts\/14219\/revisions"}],"wp:attachment":[{"href":"https:\/\/www.noticiasradioreflejos.com.ar\/2021\/wp-json\/wp\/v2\/media?parent=14219"}],"wp:term":[{"taxonomy":"category","embeddable":true,"href":"https:\/\/www.noticiasradioreflejos.com.ar\/2021\/wp-json\/wp\/v2\/categories?post=14219"},{"taxonomy":"post_tag","embeddable":true,"href":"https:\/\/www.noticiasradioreflejos.com.ar\/2021\/wp-json\/wp\/v2\/tags?post=14219"}],"curies":[{"name":"wp","href":"https:\/\/api.w.org\/{rel}","templated":true}]}}