{"id":14084,"date":"2017-09-05T08:13:04","date_gmt":"2017-09-05T11:13:04","guid":{"rendered":"http:\/\/www.noticiasradioreflejos.com.ar\/noticias\/?p=14084"},"modified":"2017-09-05T08:13:04","modified_gmt":"2017-09-05T11:13:04","slug":"torneo-en-punta-alta-con-atletas-de-la-comarca","status":"publish","type":"post","link":"https:\/\/www.noticiasradioreflejos.com.ar\/2021\/torneo-en-punta-alta-con-atletas-de-la-comarca\/","title":{"rendered":"Torneo en Punta Alta con Atletas de la comarca."},"content":{"rendered":"<p><a title=\"21230970_1926504124230595_834960024283443020_n\" href=\"http:\/\/farm5.staticflickr.com\/4400\/36870657932_6011ab28a1_s.jpg\" rel=\"\"><img loading=\"lazy\" decoding=\"async\" class=\"alignleft\" style=\"float: left;\" title=\"21230970_1926504124230595_834960024283443020_n\" src=\"http:\/\/farm5.staticflickr.com\/4400\/36870657932_6011ab28a1.jpg\" alt=\"21230970_1926504124230595_834960024283443020_n\" width=\"421\" height=\"500\" \/><\/a>El pasado s\u00e1bado y ante gran concurrencia de atletas, se disput\u00f3 en la ciudad de Punta Alta, despu\u00e9s de 17 a\u00f1os, un nuevo torneo al cual pudimos asistir con nuestra Escuela Municipal de Atletismo Tornquist.<br \/>\nHubo grandes actuaciones de nuestros chicos, logrando los siguientes resultados:<!--more--><br \/>\nMicaela Merino: 3\u00ba en lanzamiento de bala, categor\u00eda mayores<br \/>\nCamila Aristegui: 4\u00ba en la misma prueba<br \/>\nNicol\u00e1s Cabral: 1\u00ba en 100 mts. llanos y 1\u00ba en salto en largo, categor\u00eda mayores<br \/>\nMat\u00edas Rosas: 3\u00ba en lanzamiento de jabalina, categor\u00eda U16 y 3\u00ba en salto en largo, categor\u00eda mayores<br \/>\nAbigail Sarcheletti: 1\u00ba en lanzamiento de bala, categor\u00eda U16<br \/>\nAnabela Cabral: 2\u00ba en salto en largo, categor\u00eda U16<br \/>\nJuan Bautista Piedrabuena: 3\u00ba en salto en largo y 2\u00ba en salto en alto, categor\u00eda U14<br \/>\nThelma Felipetti: 3\u00ba en salto en largo, categor\u00eda U14<br \/>\nMora Lamas: 2\u00ba en salto en largo y 2\u00ba en salto en alto, categor\u00eda U12<br \/>\nValentina Pintos: 1\u00ba en lanzamiento de la pelota de softbol, categor\u00eda U10<br \/>\n<a title=\"21192861_1926504060897268_7667969273403984241_n\" href=\"http:\/\/farm5.staticflickr.com\/4415\/36900641511_3489871778_n.jpg\" rel=\"\"><img loading=\"lazy\" decoding=\"async\" class=\"alignleft\" style=\"float: left;\" title=\"21192861_1926504060897268_7667969273403984241_n\" src=\"http:\/\/farm5.staticflickr.com\/4415\/36900641511_3489871778_n.jpg\" alt=\"21192861_1926504060897268_7667969273403984241_n\" width=\"285\" height=\"320\" \/><\/a>Tambi\u00e9n participaron: Le\u00f3n Lamas, Rom\u00e1n Rojas, Gala Cardozo, Lucas Garc\u00eda Grassi, Gabriel Garc\u00eda y Lucas Bridges<br \/>\nAgradecemos al Director de Deportes, profesor Sebasti\u00e1n Bassi, quien adem\u00e1s de acompa\u00f1ar, ofici\u00f3 de chofer y fot\u00f3grafo!<br \/>\n<a href=\"http:\/\/www.facebook.com\/search\/top\/?q=escuela%20municipal%20de%20atletismo%20tornquist\">Fotos en FACE:\u00a0<\/a><br \/>\nEnrique Cabral, entrenador<\/p>\n","protected":false},"excerpt":{"rendered":"<p>El pasado s\u00e1bado y ante gran concurrencia de atletas, se disput\u00f3 en la ciudad de Punta Alta, despu\u00e9s de 17 a\u00f1os, un nuevo torneo al cual pudimos asistir con nuestra Escuela Municipal de Atletismo Tornquist. Hubo grandes actuaciones de nuestros chicos, logrando los siguientes resultados:<\/p>\n","protected":false},"author":3,"featured_media":0,"comment_status":"closed","ping_status":"open","sticky":false,"template":"","format":"standard","meta":{"footnotes":""},"categories":[27],"tags":[],"class_list":["post-14084","post","type-post","status-publish","format-standard","hentry","category-deportes"],"yoast_head":"<!-- This site is optimized with the Yoast SEO plugin v25.9 - https:\/\/yoast.com\/wordpress\/plugins\/seo\/ -->\n<title>Torneo en Punta Alta con Atletas de la comarca. - Noticias Radio Reflejos<\/title>\n<meta name=\"robots\" content=\"index, follow, max-snippet:-1, max-image-preview:large, max-video-preview:-1\" \/>\n<link rel=\"canonical\" href=\"https:\/\/www.noticiasradioreflejos.com.ar\/2021\/torneo-en-punta-alta-con-atletas-de-la-comarca\/\" \/>\n<meta property=\"og:locale\" content=\"es_ES\" \/>\n<meta property=\"og:type\" content=\"article\" \/>\n<meta property=\"og:title\" content=\"Torneo en Punta Alta con Atletas de la comarca. - Noticias Radio Reflejos\" \/>\n<meta property=\"og:description\" content=\"El pasado s\u00e1bado y ante gran concurrencia de atletas, se disput\u00f3 en la ciudad de Punta Alta, despu\u00e9s de 17 a\u00f1os, un nuevo torneo al cual pudimos asistir con nuestra Escuela Municipal de Atletismo Tornquist. Hubo grandes actuaciones de nuestros chicos, logrando los siguientes resultados:\" \/>\n<meta property=\"og:url\" content=\"https:\/\/www.noticiasradioreflejos.com.ar\/2021\/torneo-en-punta-alta-con-atletas-de-la-comarca\/\" \/>\n<meta property=\"og:site_name\" content=\"Noticias Radio Reflejos\" \/>\n<meta property=\"article:published_time\" content=\"2017-09-05T11:13:04+00:00\" \/>\n<meta property=\"og:image\" content=\"http:\/\/farm5.staticflickr.com\/4400\/36870657932_6011ab28a1.jpg\" \/>\n<meta name=\"author\" content=\"Arnaldo Botto\" \/>\n<meta name=\"twitter:card\" content=\"summary_large_image\" \/>\n<script type=\"application\/ld+json\" class=\"yoast-schema-graph\">{\"@context\":\"https:\/\/schema.org\",\"@graph\":[{\"@type\":\"WebPage\",\"@id\":\"https:\/\/www.noticiasradioreflejos.com.ar\/2021\/torneo-en-punta-alta-con-atletas-de-la-comarca\/\",\"url\":\"https:\/\/www.noticiasradioreflejos.com.ar\/2021\/torneo-en-punta-alta-con-atletas-de-la-comarca\/\",\"name\":\"Torneo en Punta Alta con Atletas de la comarca. - Noticias Radio Reflejos\",\"isPartOf\":{\"@id\":\"https:\/\/www.noticiasradioreflejos.com.ar\/2021\/#website\"},\"primaryImageOfPage\":{\"@id\":\"https:\/\/www.noticiasradioreflejos.com.ar\/2021\/torneo-en-punta-alta-con-atletas-de-la-comarca\/#primaryimage\"},\"image\":{\"@id\":\"https:\/\/www.noticiasradioreflejos.com.ar\/2021\/torneo-en-punta-alta-con-atletas-de-la-comarca\/#primaryimage\"},\"thumbnailUrl\":\"http:\/\/farm5.staticflickr.com\/4400\/36870657932_6011ab28a1.jpg\",\"datePublished\":\"2017-09-05T11:13:04+00:00\",\"author\":{\"@id\":\"https:\/\/www.noticiasradioreflejos.com.ar\/2021\/#\/schema\/person\/ad82545263dcc5ec0996818884fd5fb1\"},\"breadcrumb\":{\"@id\":\"https:\/\/www.noticiasradioreflejos.com.ar\/2021\/torneo-en-punta-alta-con-atletas-de-la-comarca\/#breadcrumb\"},\"inLanguage\":\"es\",\"potentialAction\":[{\"@type\":\"ReadAction\",\"target\":[\"https:\/\/www.noticiasradioreflejos.com.ar\/2021\/torneo-en-punta-alta-con-atletas-de-la-comarca\/\"]}]},{\"@type\":\"ImageObject\",\"inLanguage\":\"es\",\"@id\":\"https:\/\/www.noticiasradioreflejos.com.ar\/2021\/torneo-en-punta-alta-con-atletas-de-la-comarca\/#primaryimage\",\"url\":\"http:\/\/farm5.staticflickr.com\/4400\/36870657932_6011ab28a1.jpg\",\"contentUrl\":\"http:\/\/farm5.staticflickr.com\/4400\/36870657932_6011ab28a1.jpg\"},{\"@type\":\"BreadcrumbList\",\"@id\":\"https:\/\/www.noticiasradioreflejos.com.ar\/2021\/torneo-en-punta-alta-con-atletas-de-la-comarca\/#breadcrumb\",\"itemListElement\":[{\"@type\":\"ListItem\",\"position\":1,\"name\":\"Portada\",\"item\":\"https:\/\/www.noticiasradioreflejos.com.ar\/2021\/\"},{\"@type\":\"ListItem\",\"position\":2,\"name\":\"Torneo en Punta Alta con Atletas de la comarca.\"}]},{\"@type\":\"WebSite\",\"@id\":\"https:\/\/www.noticiasradioreflejos.com.ar\/2021\/#website\",\"url\":\"https:\/\/www.noticiasradioreflejos.com.ar\/2021\/\",\"name\":\"Noticias Radio Reflejos\",\"description\":\"Las noticias de mi comarca\",\"potentialAction\":[{\"@type\":\"SearchAction\",\"target\":{\"@type\":\"EntryPoint\",\"urlTemplate\":\"https:\/\/www.noticiasradioreflejos.com.ar\/2021\/?s={search_term_string}\"},\"query-input\":{\"@type\":\"PropertyValueSpecification\",\"valueRequired\":true,\"valueName\":\"search_term_string\"}}],\"inLanguage\":\"es\"},{\"@type\":\"Person\",\"@id\":\"https:\/\/www.noticiasradioreflejos.com.ar\/2021\/#\/schema\/person\/ad82545263dcc5ec0996818884fd5fb1\",\"name\":\"Arnaldo Botto\",\"image\":{\"@type\":\"ImageObject\",\"inLanguage\":\"es\",\"@id\":\"https:\/\/www.noticiasradioreflejos.com.ar\/2021\/#\/schema\/person\/image\/\",\"url\":\"https:\/\/secure.gravatar.com\/avatar\/55cb5e37c1efa326397366e6974cb338056df65cb50e7d64d1cf314e87504837?s=96&d=mm&r=g\",\"contentUrl\":\"https:\/\/secure.gravatar.com\/avatar\/55cb5e37c1efa326397366e6974cb338056df65cb50e7d64d1cf314e87504837?s=96&d=mm&r=g\",\"caption\":\"Arnaldo Botto\"},\"url\":\"https:\/\/www.noticiasradioreflejos.com.ar\/2021\/author\/arnaldo\/\"}]}<\/script>\n<!-- \/ Yoast SEO plugin. -->","yoast_head_json":{"title":"Torneo en Punta Alta con Atletas de la comarca. - Noticias Radio Reflejos","robots":{"index":"index","follow":"follow","max-snippet":"max-snippet:-1","max-image-preview":"max-image-preview:large","max-video-preview":"max-video-preview:-1"},"canonical":"https:\/\/www.noticiasradioreflejos.com.ar\/2021\/torneo-en-punta-alta-con-atletas-de-la-comarca\/","og_locale":"es_ES","og_type":"article","og_title":"Torneo en Punta Alta con Atletas de la comarca. - Noticias Radio Reflejos","og_description":"El pasado s\u00e1bado y ante gran concurrencia de atletas, se disput\u00f3 en la ciudad de Punta Alta, despu\u00e9s de 17 a\u00f1os, un nuevo torneo al cual pudimos asistir con nuestra Escuela Municipal de Atletismo Tornquist. Hubo grandes actuaciones de nuestros chicos, logrando los siguientes resultados:","og_url":"https:\/\/www.noticiasradioreflejos.com.ar\/2021\/torneo-en-punta-alta-con-atletas-de-la-comarca\/","og_site_name":"Noticias Radio Reflejos","article_published_time":"2017-09-05T11:13:04+00:00","og_image":[{"url":"http:\/\/farm5.staticflickr.com\/4400\/36870657932_6011ab28a1.jpg","type":"","width":"","height":""}],"author":"Arnaldo Botto","twitter_card":"summary_large_image","schema":{"@context":"https:\/\/schema.org","@graph":[{"@type":"WebPage","@id":"https:\/\/www.noticiasradioreflejos.com.ar\/2021\/torneo-en-punta-alta-con-atletas-de-la-comarca\/","url":"https:\/\/www.noticiasradioreflejos.com.ar\/2021\/torneo-en-punta-alta-con-atletas-de-la-comarca\/","name":"Torneo en Punta Alta con Atletas de la comarca. - Noticias Radio Reflejos","isPartOf":{"@id":"https:\/\/www.noticiasradioreflejos.com.ar\/2021\/#website"},"primaryImageOfPage":{"@id":"https:\/\/www.noticiasradioreflejos.com.ar\/2021\/torneo-en-punta-alta-con-atletas-de-la-comarca\/#primaryimage"},"image":{"@id":"https:\/\/www.noticiasradioreflejos.com.ar\/2021\/torneo-en-punta-alta-con-atletas-de-la-comarca\/#primaryimage"},"thumbnailUrl":"http:\/\/farm5.staticflickr.com\/4400\/36870657932_6011ab28a1.jpg","datePublished":"2017-09-05T11:13:04+00:00","author":{"@id":"https:\/\/www.noticiasradioreflejos.com.ar\/2021\/#\/schema\/person\/ad82545263dcc5ec0996818884fd5fb1"},"breadcrumb":{"@id":"https:\/\/www.noticiasradioreflejos.com.ar\/2021\/torneo-en-punta-alta-con-atletas-de-la-comarca\/#breadcrumb"},"inLanguage":"es","potentialAction":[{"@type":"ReadAction","target":["https:\/\/www.noticiasradioreflejos.com.ar\/2021\/torneo-en-punta-alta-con-atletas-de-la-comarca\/"]}]},{"@type":"ImageObject","inLanguage":"es","@id":"https:\/\/www.noticiasradioreflejos.com.ar\/2021\/torneo-en-punta-alta-con-atletas-de-la-comarca\/#primaryimage","url":"http:\/\/farm5.staticflickr.com\/4400\/36870657932_6011ab28a1.jpg","contentUrl":"http:\/\/farm5.staticflickr.com\/4400\/36870657932_6011ab28a1.jpg"},{"@type":"BreadcrumbList","@id":"https:\/\/www.noticiasradioreflejos.com.ar\/2021\/torneo-en-punta-alta-con-atletas-de-la-comarca\/#breadcrumb","itemListElement":[{"@type":"ListItem","position":1,"name":"Portada","item":"https:\/\/www.noticiasradioreflejos.com.ar\/2021\/"},{"@type":"ListItem","position":2,"name":"Torneo en Punta Alta con Atletas de la comarca."}]},{"@type":"WebSite","@id":"https:\/\/www.noticiasradioreflejos.com.ar\/2021\/#website","url":"https:\/\/www.noticiasradioreflejos.com.ar\/2021\/","name":"Noticias Radio Reflejos","description":"Las noticias de mi comarca","potentialAction":[{"@type":"SearchAction","target":{"@type":"EntryPoint","urlTemplate":"https:\/\/www.noticiasradioreflejos.com.ar\/2021\/?s={search_term_string}"},"query-input":{"@type":"PropertyValueSpecification","valueRequired":true,"valueName":"search_term_string"}}],"inLanguage":"es"},{"@type":"Person","@id":"https:\/\/www.noticiasradioreflejos.com.ar\/2021\/#\/schema\/person\/ad82545263dcc5ec0996818884fd5fb1","name":"Arnaldo Botto","image":{"@type":"ImageObject","inLanguage":"es","@id":"https:\/\/www.noticiasradioreflejos.com.ar\/2021\/#\/schema\/person\/image\/","url":"https:\/\/secure.gravatar.com\/avatar\/55cb5e37c1efa326397366e6974cb338056df65cb50e7d64d1cf314e87504837?s=96&d=mm&r=g","contentUrl":"https:\/\/secure.gravatar.com\/avatar\/55cb5e37c1efa326397366e6974cb338056df65cb50e7d64d1cf314e87504837?s=96&d=mm&r=g","caption":"Arnaldo Botto"},"url":"https:\/\/www.noticiasradioreflejos.com.ar\/2021\/author\/arnaldo\/"}]}},"_links":{"self":[{"href":"https:\/\/www.noticiasradioreflejos.com.ar\/2021\/wp-json\/wp\/v2\/posts\/14084","targetHints":{"allow":["GET"]}}],"collection":[{"href":"https:\/\/www.noticiasradioreflejos.com.ar\/2021\/wp-json\/wp\/v2\/posts"}],"about":[{"href":"https:\/\/www.noticiasradioreflejos.com.ar\/2021\/wp-json\/wp\/v2\/types\/post"}],"author":[{"embeddable":true,"href":"https:\/\/www.noticiasradioreflejos.com.ar\/2021\/wp-json\/wp\/v2\/users\/3"}],"replies":[{"embeddable":true,"href":"https:\/\/www.noticiasradioreflejos.com.ar\/2021\/wp-json\/wp\/v2\/comments?post=14084"}],"version-history":[{"count":0,"href":"https:\/\/www.noticiasradioreflejos.com.ar\/2021\/wp-json\/wp\/v2\/posts\/14084\/revisions"}],"wp:attachment":[{"href":"https:\/\/www.noticiasradioreflejos.com.ar\/2021\/wp-json\/wp\/v2\/media?parent=14084"}],"wp:term":[{"taxonomy":"category","embeddable":true,"href":"https:\/\/www.noticiasradioreflejos.com.ar\/2021\/wp-json\/wp\/v2\/categories?post=14084"},{"taxonomy":"post_tag","embeddable":true,"href":"https:\/\/www.noticiasradioreflejos.com.ar\/2021\/wp-json\/wp\/v2\/tags?post=14084"}],"curies":[{"name":"wp","href":"https:\/\/api.w.org\/{rel}","templated":true}]}}