{"id":14064,"date":"2017-09-05T13:08:05","date_gmt":"2017-09-05T16:08:05","guid":{"rendered":"http:\/\/www.noticiasradioreflejos.com.ar\/noticias\/?p=14064"},"modified":"2017-09-05T13:08:05","modified_gmt":"2017-09-05T16:08:05","slug":"juntos-a-la-par-nieta-y-abuelo-se-recibieron-de-abogados","status":"publish","type":"post","link":"https:\/\/www.noticiasradioreflejos.com.ar\/2021\/juntos-a-la-par-nieta-y-abuelo-se-recibieron-de-abogados\/","title":{"rendered":"Juntos a la par, nieta y abuelo se recibieron de abogados."},"content":{"rendered":"<p>Carlos Julio Ches\u00f1evar de 74 a\u00f1os y Camila Paula Cobreros, de 25, Ambos habitantes por a\u00f1os de Sierra de la Ventana, cursaron la carrera de Abogac\u00eda de modo online en la UBP a trav\u00e9s del Centro de Educaci\u00f3n a Distancia de Bah\u00eda Blanca, y en la \u00faltima Colaci\u00f3n de Grados asistieron al campus para recibir juntos su diploma.<br \/>\n\u00abRecib\u00ed este nuevo \u00a0t\u00edtulo despu\u00e9s de 50 a\u00f1os de mi t\u00edtulo anterior\u00bb nos cuenta Carlos, que\u00a0inici\u00f3 su carrera como Ingeniero Industrial (rindiendo\u00a0 m\u00e1s del 50% de las materias)para luego rendir las equivalencias para la carrera de Agrimensura, de la cual obtuvo el t\u00edtulo. Siendo estudiante gan\u00f3 un concurso como ayudante alumno e inici\u00f3 su carrera docente en la UNS.<br \/>\nEn la nota que realizamos en nuestros estudios, \u00a0tuvimos la oportunidad de dar a\u00a0conocer esta historia tan ejemplar y particular que viven juntos abuelo y nieta, algo que no tiene muchos precedentes en nuestro pa\u00eds.<!--more--><br \/>\nComo surgi\u00f3 la ocurrencia y como fueron sorteando los momentos dif\u00edciles que se fueron presentando en un camino que lleg\u00f3 con el mejor resulta y en el t\u00e9rmino de menos de 5 a\u00f1os que dur\u00f3 la carrera universitaria.<br \/>\nLa \u00a0idea inicial y decisi\u00f3n, \u00abFue \u00a0m\u00eda y ella dud\u00f3\u00bb nos describe el Dr. Ches\u00f1evar y \u00a0relata como \u00e9l, \u00a0le lleva la propuesta a Camila, que ya hab\u00eda iniciado la carrera en el Universidad del Sur con muchas dificultades debido a su trabajo. La UNS y otras universidades no est\u00e1n preparadas para los que trabajan\u00bb resalta durante la nota Carlos.<br \/>\n\u00abUna experiencia hermosa de punta a punta\u00bb es otra de las expresiones que con mucha emoci\u00f3n expresa nuestro invitado agregando \u00absi la experiencia sirve de est\u00edmulo, en hora buena.!\u00bb<br \/>\nUna historia, una experiencia de vida y una charla que muestra con la fuerza y la integridad que un hombre y su nieta desafiaron \u00a0momentos que la vida le plante\u00f3\u00a0y como se puede superarlos para lograr objetivos claros.<br \/>\n<iframe loading=\"lazy\" src=\"https:\/\/w.soundcloud.com\/player\/?url=https%3A\/\/api.soundcloud.com\/tracks\/341011575&amp;color=ff5500&amp;auto_play=false&amp;hide_related=false&amp;show_comments=true&amp;show_user=true&amp;show_reposts=false\" width=\"100%\" height=\"166\" frameborder=\"no\" scrolling=\"no\"><\/iframe><br \/>\n&nbsp;<br \/>\n<iframe loading=\"lazy\" src=\"https:\/\/www.youtube.com\/embed\/khs28ss6F8c\" width=\"560\" height=\"315\" frameborder=\"0\" allowfullscreen=\"allowfullscreen\"><\/iframe><br \/>\nFoto LNP<\/p>\n","protected":false},"excerpt":{"rendered":"<p>Carlos Julio Ches\u00f1evar de 74 a\u00f1os y Camila Paula Cobreros, de 25, Ambos habitantes por a\u00f1os de Sierra de la Ventana, cursaron la carrera de Abogac\u00eda de modo online en la UBP a trav\u00e9s del Centro de Educaci\u00f3n a Distancia de Bah\u00eda Blanca, y en la \u00faltima Colaci\u00f3n de Grados asistieron al campus para recibir [&hellip;]<\/p>\n","protected":false},"author":3,"featured_media":0,"comment_status":"closed","ping_status":"open","sticky":false,"template":"","format":"standard","meta":{"footnotes":""},"categories":[26],"tags":[],"class_list":["post-14064","post","type-post","status-publish","format-standard","hentry","category-sociedad"],"yoast_head":"<!-- This site is optimized with the Yoast SEO plugin v25.9 - https:\/\/yoast.com\/wordpress\/plugins\/seo\/ -->\n<title>Juntos a la par, nieta y abuelo se recibieron de abogados. - Noticias Radio Reflejos<\/title>\n<meta name=\"robots\" content=\"index, follow, max-snippet:-1, max-image-preview:large, max-video-preview:-1\" \/>\n<link rel=\"canonical\" href=\"https:\/\/www.noticiasradioreflejos.com.ar\/2021\/juntos-a-la-par-nieta-y-abuelo-se-recibieron-de-abogados\/\" \/>\n<meta property=\"og:locale\" content=\"es_ES\" \/>\n<meta property=\"og:type\" content=\"article\" \/>\n<meta property=\"og:title\" content=\"Juntos a la par, nieta y abuelo se recibieron de abogados. - Noticias Radio Reflejos\" \/>\n<meta property=\"og:description\" content=\"Carlos Julio Ches\u00f1evar de 74 a\u00f1os y Camila Paula Cobreros, de 25, Ambos habitantes por a\u00f1os de Sierra de la Ventana, cursaron la carrera de Abogac\u00eda de modo online en la UBP a trav\u00e9s del Centro de Educaci\u00f3n a Distancia de Bah\u00eda Blanca, y en la \u00faltima Colaci\u00f3n de Grados asistieron al campus para recibir [&hellip;]\" \/>\n<meta property=\"og:url\" content=\"https:\/\/www.noticiasradioreflejos.com.ar\/2021\/juntos-a-la-par-nieta-y-abuelo-se-recibieron-de-abogados\/\" \/>\n<meta property=\"og:site_name\" content=\"Noticias Radio Reflejos\" \/>\n<meta property=\"article:published_time\" content=\"2017-09-05T16:08:05+00:00\" \/>\n<meta property=\"og:image\" content=\"https:\/\/www.noticiasradioreflejos.com.ar\/2021\/wp-content\/uploads\/2021\/07\/logosol300x200.png\" \/>\n\t<meta property=\"og:image:width\" content=\"300\" \/>\n\t<meta property=\"og:image:height\" content=\"200\" \/>\n\t<meta property=\"og:image:type\" content=\"image\/png\" \/>\n<meta name=\"author\" content=\"Arnaldo Botto\" \/>\n<meta name=\"twitter:card\" content=\"summary_large_image\" \/>\n<script type=\"application\/ld+json\" class=\"yoast-schema-graph\">{\"@context\":\"https:\/\/schema.org\",\"@graph\":[{\"@type\":\"WebPage\",\"@id\":\"https:\/\/www.noticiasradioreflejos.com.ar\/2021\/juntos-a-la-par-nieta-y-abuelo-se-recibieron-de-abogados\/\",\"url\":\"https:\/\/www.noticiasradioreflejos.com.ar\/2021\/juntos-a-la-par-nieta-y-abuelo-se-recibieron-de-abogados\/\",\"name\":\"Juntos a la par, nieta y abuelo se recibieron de abogados. - Noticias Radio Reflejos\",\"isPartOf\":{\"@id\":\"https:\/\/www.noticiasradioreflejos.com.ar\/2021\/#website\"},\"datePublished\":\"2017-09-05T16:08:05+00:00\",\"author\":{\"@id\":\"https:\/\/www.noticiasradioreflejos.com.ar\/2021\/#\/schema\/person\/ad82545263dcc5ec0996818884fd5fb1\"},\"breadcrumb\":{\"@id\":\"https:\/\/www.noticiasradioreflejos.com.ar\/2021\/juntos-a-la-par-nieta-y-abuelo-se-recibieron-de-abogados\/#breadcrumb\"},\"inLanguage\":\"es\",\"potentialAction\":[{\"@type\":\"ReadAction\",\"target\":[\"https:\/\/www.noticiasradioreflejos.com.ar\/2021\/juntos-a-la-par-nieta-y-abuelo-se-recibieron-de-abogados\/\"]}]},{\"@type\":\"BreadcrumbList\",\"@id\":\"https:\/\/www.noticiasradioreflejos.com.ar\/2021\/juntos-a-la-par-nieta-y-abuelo-se-recibieron-de-abogados\/#breadcrumb\",\"itemListElement\":[{\"@type\":\"ListItem\",\"position\":1,\"name\":\"Portada\",\"item\":\"https:\/\/www.noticiasradioreflejos.com.ar\/2021\/\"},{\"@type\":\"ListItem\",\"position\":2,\"name\":\"Juntos a la par, nieta y abuelo se recibieron de abogados.\"}]},{\"@type\":\"WebSite\",\"@id\":\"https:\/\/www.noticiasradioreflejos.com.ar\/2021\/#website\",\"url\":\"https:\/\/www.noticiasradioreflejos.com.ar\/2021\/\",\"name\":\"Noticias Radio Reflejos\",\"description\":\"Las noticias de mi comarca\",\"potentialAction\":[{\"@type\":\"SearchAction\",\"target\":{\"@type\":\"EntryPoint\",\"urlTemplate\":\"https:\/\/www.noticiasradioreflejos.com.ar\/2021\/?s={search_term_string}\"},\"query-input\":{\"@type\":\"PropertyValueSpecification\",\"valueRequired\":true,\"valueName\":\"search_term_string\"}}],\"inLanguage\":\"es\"},{\"@type\":\"Person\",\"@id\":\"https:\/\/www.noticiasradioreflejos.com.ar\/2021\/#\/schema\/person\/ad82545263dcc5ec0996818884fd5fb1\",\"name\":\"Arnaldo Botto\",\"image\":{\"@type\":\"ImageObject\",\"inLanguage\":\"es\",\"@id\":\"https:\/\/www.noticiasradioreflejos.com.ar\/2021\/#\/schema\/person\/image\/\",\"url\":\"https:\/\/secure.gravatar.com\/avatar\/55cb5e37c1efa326397366e6974cb338056df65cb50e7d64d1cf314e87504837?s=96&d=mm&r=g\",\"contentUrl\":\"https:\/\/secure.gravatar.com\/avatar\/55cb5e37c1efa326397366e6974cb338056df65cb50e7d64d1cf314e87504837?s=96&d=mm&r=g\",\"caption\":\"Arnaldo Botto\"},\"url\":\"https:\/\/www.noticiasradioreflejos.com.ar\/2021\/author\/arnaldo\/\"}]}<\/script>\n<!-- \/ Yoast SEO plugin. -->","yoast_head_json":{"title":"Juntos a la par, nieta y abuelo se recibieron de abogados. - Noticias Radio Reflejos","robots":{"index":"index","follow":"follow","max-snippet":"max-snippet:-1","max-image-preview":"max-image-preview:large","max-video-preview":"max-video-preview:-1"},"canonical":"https:\/\/www.noticiasradioreflejos.com.ar\/2021\/juntos-a-la-par-nieta-y-abuelo-se-recibieron-de-abogados\/","og_locale":"es_ES","og_type":"article","og_title":"Juntos a la par, nieta y abuelo se recibieron de abogados. - Noticias Radio Reflejos","og_description":"Carlos Julio Ches\u00f1evar de 74 a\u00f1os y Camila Paula Cobreros, de 25, Ambos habitantes por a\u00f1os de Sierra de la Ventana, cursaron la carrera de Abogac\u00eda de modo online en la UBP a trav\u00e9s del Centro de Educaci\u00f3n a Distancia de Bah\u00eda Blanca, y en la \u00faltima Colaci\u00f3n de Grados asistieron al campus para recibir [&hellip;]","og_url":"https:\/\/www.noticiasradioreflejos.com.ar\/2021\/juntos-a-la-par-nieta-y-abuelo-se-recibieron-de-abogados\/","og_site_name":"Noticias Radio Reflejos","article_published_time":"2017-09-05T16:08:05+00:00","og_image":[{"width":300,"height":200,"url":"https:\/\/www.noticiasradioreflejos.com.ar\/2021\/wp-content\/uploads\/2021\/07\/logosol300x200.png","type":"image\/png"}],"author":"Arnaldo Botto","twitter_card":"summary_large_image","schema":{"@context":"https:\/\/schema.org","@graph":[{"@type":"WebPage","@id":"https:\/\/www.noticiasradioreflejos.com.ar\/2021\/juntos-a-la-par-nieta-y-abuelo-se-recibieron-de-abogados\/","url":"https:\/\/www.noticiasradioreflejos.com.ar\/2021\/juntos-a-la-par-nieta-y-abuelo-se-recibieron-de-abogados\/","name":"Juntos a la par, nieta y abuelo se recibieron de abogados. - Noticias Radio Reflejos","isPartOf":{"@id":"https:\/\/www.noticiasradioreflejos.com.ar\/2021\/#website"},"datePublished":"2017-09-05T16:08:05+00:00","author":{"@id":"https:\/\/www.noticiasradioreflejos.com.ar\/2021\/#\/schema\/person\/ad82545263dcc5ec0996818884fd5fb1"},"breadcrumb":{"@id":"https:\/\/www.noticiasradioreflejos.com.ar\/2021\/juntos-a-la-par-nieta-y-abuelo-se-recibieron-de-abogados\/#breadcrumb"},"inLanguage":"es","potentialAction":[{"@type":"ReadAction","target":["https:\/\/www.noticiasradioreflejos.com.ar\/2021\/juntos-a-la-par-nieta-y-abuelo-se-recibieron-de-abogados\/"]}]},{"@type":"BreadcrumbList","@id":"https:\/\/www.noticiasradioreflejos.com.ar\/2021\/juntos-a-la-par-nieta-y-abuelo-se-recibieron-de-abogados\/#breadcrumb","itemListElement":[{"@type":"ListItem","position":1,"name":"Portada","item":"https:\/\/www.noticiasradioreflejos.com.ar\/2021\/"},{"@type":"ListItem","position":2,"name":"Juntos a la par, nieta y abuelo se recibieron de abogados."}]},{"@type":"WebSite","@id":"https:\/\/www.noticiasradioreflejos.com.ar\/2021\/#website","url":"https:\/\/www.noticiasradioreflejos.com.ar\/2021\/","name":"Noticias Radio Reflejos","description":"Las noticias de mi comarca","potentialAction":[{"@type":"SearchAction","target":{"@type":"EntryPoint","urlTemplate":"https:\/\/www.noticiasradioreflejos.com.ar\/2021\/?s={search_term_string}"},"query-input":{"@type":"PropertyValueSpecification","valueRequired":true,"valueName":"search_term_string"}}],"inLanguage":"es"},{"@type":"Person","@id":"https:\/\/www.noticiasradioreflejos.com.ar\/2021\/#\/schema\/person\/ad82545263dcc5ec0996818884fd5fb1","name":"Arnaldo Botto","image":{"@type":"ImageObject","inLanguage":"es","@id":"https:\/\/www.noticiasradioreflejos.com.ar\/2021\/#\/schema\/person\/image\/","url":"https:\/\/secure.gravatar.com\/avatar\/55cb5e37c1efa326397366e6974cb338056df65cb50e7d64d1cf314e87504837?s=96&d=mm&r=g","contentUrl":"https:\/\/secure.gravatar.com\/avatar\/55cb5e37c1efa326397366e6974cb338056df65cb50e7d64d1cf314e87504837?s=96&d=mm&r=g","caption":"Arnaldo Botto"},"url":"https:\/\/www.noticiasradioreflejos.com.ar\/2021\/author\/arnaldo\/"}]}},"_links":{"self":[{"href":"https:\/\/www.noticiasradioreflejos.com.ar\/2021\/wp-json\/wp\/v2\/posts\/14064","targetHints":{"allow":["GET"]}}],"collection":[{"href":"https:\/\/www.noticiasradioreflejos.com.ar\/2021\/wp-json\/wp\/v2\/posts"}],"about":[{"href":"https:\/\/www.noticiasradioreflejos.com.ar\/2021\/wp-json\/wp\/v2\/types\/post"}],"author":[{"embeddable":true,"href":"https:\/\/www.noticiasradioreflejos.com.ar\/2021\/wp-json\/wp\/v2\/users\/3"}],"replies":[{"embeddable":true,"href":"https:\/\/www.noticiasradioreflejos.com.ar\/2021\/wp-json\/wp\/v2\/comments?post=14064"}],"version-history":[{"count":0,"href":"https:\/\/www.noticiasradioreflejos.com.ar\/2021\/wp-json\/wp\/v2\/posts\/14064\/revisions"}],"wp:attachment":[{"href":"https:\/\/www.noticiasradioreflejos.com.ar\/2021\/wp-json\/wp\/v2\/media?parent=14064"}],"wp:term":[{"taxonomy":"category","embeddable":true,"href":"https:\/\/www.noticiasradioreflejos.com.ar\/2021\/wp-json\/wp\/v2\/categories?post=14064"},{"taxonomy":"post_tag","embeddable":true,"href":"https:\/\/www.noticiasradioreflejos.com.ar\/2021\/wp-json\/wp\/v2\/tags?post=14064"}],"curies":[{"name":"wp","href":"https:\/\/api.w.org\/{rel}","templated":true}]}}