{"id":13865,"date":"2017-08-28T17:16:23","date_gmt":"2017-08-28T20:16:23","guid":{"rendered":"http:\/\/www.noticiasradioreflejos.com.ar\/noticias\/?p=13865"},"modified":"2017-08-28T17:16:23","modified_gmt":"2017-08-28T20:16:23","slug":"jornada-de-pedido-de-aparicion-con-vida-de-santiago-maldonado","status":"publish","type":"post","link":"https:\/\/www.noticiasradioreflejos.com.ar\/2021\/jornada-de-pedido-de-aparicion-con-vida-de-santiago-maldonado\/","title":{"rendered":"Jornada de Pedido de Aparici\u00f3n con Vida de Santiago Maldonado"},"content":{"rendered":"<p>Comunicado de SUTEBA Tornquist .<br \/>\nSantiago Maldonado, 27 a\u00f1os, fue visto por \u00faltima vez el 1\u00b0 de Agosto en la Lof en Resistencia de Cushamen, Chubut, Fue subido en una camioneta de la Gendarmer\u00eda Nacional, en el marco de la violenta represi\u00f3n a la comunidad mapuche de Pu-Lof. La Gendarmer\u00eda, bajo las \u00f3rdenes de la ministra de seguridad Patricia Bullrich, no es la primera vez que reprime con un despliegue desmedido de fuerzas a una comunidad que all\u00ed vive y reclama no ser desalojada del territorio ancestral que fue recuperado al terrateniente Luciano Benetton desde marzo de 2015.<!--more--><br \/>\nLa desaparici\u00f3n de Santiago nos remite a los a\u00f1os m\u00e1s oscuros de la historia argentina, en que el aparato militar, haciendo uso de su estructura en tanto Estado, perpetrara la desaparici\u00f3n forzada de miles de personas. La Convenci\u00f3n Internacional para la protecci\u00f3n de todas las personas de las Naciones Unidas, indica que una desaparici\u00f3n forzada es \u201cel arresto, la detenci\u00f3n, el secuestro o cualquier otra forma de privaci\u00f3n de libertad que sean obra de agentes del Estado o por personas o grupos de personas que act\u00faan con la autorizaci\u00f3n, el apoyo o la aquiescencia del Estado, seguida de la negativa a reconocer dicha privaci\u00f3n de libertad o del ocultamiento de la suerte o el paradero de la persona desaparecida, sustray\u00e9ndola a la protecci\u00f3n de la ley\u201d.<br \/>\nDesde las escuelas, ense\u00f1amos a nuestros alumnos que quienes habitamos el territorio argentino, desde la recuperaci\u00f3n de la democracia, gozamos derechos inalienables, como son el derecho a la vida y a la integridad f\u00edsica, as\u00ed como tambi\u00e9n ense\u00f1amos que los pueblos originarios de Latinoam\u00e9rica fueron pre-existentes a los estados nacionales actuales, y que fueron despojados de su territorio, de su lengua, de su cosmovisi\u00f3n y de su identidad por estos Estados que impusieron a sangre y fuego un genocidio fundacional en estas tierras.<br \/>\nEntonces, nos planteamos la necesidad de construir el pa\u00eds y el mundo donde queremos vivir, donde el Estado est\u00e9 para proteger nuestros derechos, no para vulnerarlos, y nos preguntamos \u00bfd\u00f3nde est\u00e1 Santiago Maldonado? Nos sumamos a exigir que act\u00faen la Justicia, el Gobierno y las fuerzas de seguridad para esclarecer lo acontecido en torno a la represi\u00f3n a las comunidades de Pu-Lof y a la desaparici\u00f3n de Santiago.<br \/>\nPor todo esto SUTEBA Tornquist convoca a la docencia y a la comunidad toda participar de la invitaci\u00f3n hecha por el programa Radial de Sierra de la Ventana \u201cSi no Hay amor\u201d, el d\u00eda Mi\u00e9rcoles 30 de Agosto, entre 17:30 y 18:30 en la Plaza del Reloj, de Sierra de la ventana; en donde nos manifestaremos para pedir por la aparicion con Vida de Santiago Maldonado en el dia Internacional del Detenido Desaparecido. Los invitamos a traer una foto de Santiago y la consigna que quieras expresar, como asi tambien una vela, o antorcha. Podremos leer textos alusivos y tener la palabra para manifestar nuestro pensamiento.<br \/>\nAPARICI\u00d3N CON VIDA YA!<br \/>\nCON VIDA LO LLEVARON CON VIDA LO QUEREMOS.<br \/>\nBASTA DE REPRESI\u00d3N!!<br \/>\nJunta Promotora<br \/>\nSuteba Tornquist<\/p>\n","protected":false},"excerpt":{"rendered":"<p>Comunicado de SUTEBA Tornquist . Santiago Maldonado, 27 a\u00f1os, fue visto por \u00faltima vez el 1\u00b0 de Agosto en la Lof en Resistencia de Cushamen, Chubut, Fue subido en una camioneta de la Gendarmer\u00eda Nacional, en el marco de la violenta represi\u00f3n a la comunidad mapuche de Pu-Lof. La Gendarmer\u00eda, bajo las \u00f3rdenes de la [&hellip;]<\/p>\n","protected":false},"author":3,"featured_media":0,"comment_status":"closed","ping_status":"open","sticky":false,"template":"","format":"standard","meta":{"footnotes":""},"categories":[24],"tags":[],"class_list":["post-13865","post","type-post","status-publish","format-standard","hentry","category-politica"],"yoast_head":"<!-- This site is optimized with the Yoast SEO plugin v25.9 - https:\/\/yoast.com\/wordpress\/plugins\/seo\/ -->\n<title>Jornada de Pedido de Aparici\u00f3n con Vida de Santiago Maldonado - Noticias Radio Reflejos<\/title>\n<meta name=\"robots\" content=\"index, follow, max-snippet:-1, max-image-preview:large, max-video-preview:-1\" \/>\n<link rel=\"canonical\" href=\"https:\/\/www.noticiasradioreflejos.com.ar\/2021\/jornada-de-pedido-de-aparicion-con-vida-de-santiago-maldonado\/\" \/>\n<meta property=\"og:locale\" content=\"es_ES\" \/>\n<meta property=\"og:type\" content=\"article\" \/>\n<meta property=\"og:title\" content=\"Jornada de Pedido de Aparici\u00f3n con Vida de Santiago Maldonado - Noticias Radio Reflejos\" \/>\n<meta property=\"og:description\" content=\"Comunicado de SUTEBA Tornquist . Santiago Maldonado, 27 a\u00f1os, fue visto por \u00faltima vez el 1\u00b0 de Agosto en la Lof en Resistencia de Cushamen, Chubut, Fue subido en una camioneta de la Gendarmer\u00eda Nacional, en el marco de la violenta represi\u00f3n a la comunidad mapuche de Pu-Lof. La Gendarmer\u00eda, bajo las \u00f3rdenes de la [&hellip;]\" \/>\n<meta property=\"og:url\" content=\"https:\/\/www.noticiasradioreflejos.com.ar\/2021\/jornada-de-pedido-de-aparicion-con-vida-de-santiago-maldonado\/\" \/>\n<meta property=\"og:site_name\" content=\"Noticias Radio Reflejos\" \/>\n<meta property=\"article:published_time\" content=\"2017-08-28T20:16:23+00:00\" \/>\n<meta property=\"og:image\" content=\"https:\/\/www.noticiasradioreflejos.com.ar\/2021\/wp-content\/uploads\/2021\/07\/logosol300x200.png\" \/>\n\t<meta property=\"og:image:width\" content=\"300\" \/>\n\t<meta property=\"og:image:height\" content=\"200\" \/>\n\t<meta property=\"og:image:type\" content=\"image\/png\" \/>\n<meta name=\"author\" content=\"Arnaldo Botto\" \/>\n<meta name=\"twitter:card\" content=\"summary_large_image\" \/>\n<script type=\"application\/ld+json\" class=\"yoast-schema-graph\">{\"@context\":\"https:\/\/schema.org\",\"@graph\":[{\"@type\":\"WebPage\",\"@id\":\"https:\/\/www.noticiasradioreflejos.com.ar\/2021\/jornada-de-pedido-de-aparicion-con-vida-de-santiago-maldonado\/\",\"url\":\"https:\/\/www.noticiasradioreflejos.com.ar\/2021\/jornada-de-pedido-de-aparicion-con-vida-de-santiago-maldonado\/\",\"name\":\"Jornada de Pedido de Aparici\u00f3n con Vida de Santiago Maldonado - Noticias Radio Reflejos\",\"isPartOf\":{\"@id\":\"https:\/\/www.noticiasradioreflejos.com.ar\/2021\/#website\"},\"datePublished\":\"2017-08-28T20:16:23+00:00\",\"author\":{\"@id\":\"https:\/\/www.noticiasradioreflejos.com.ar\/2021\/#\/schema\/person\/ad82545263dcc5ec0996818884fd5fb1\"},\"breadcrumb\":{\"@id\":\"https:\/\/www.noticiasradioreflejos.com.ar\/2021\/jornada-de-pedido-de-aparicion-con-vida-de-santiago-maldonado\/#breadcrumb\"},\"inLanguage\":\"es\",\"potentialAction\":[{\"@type\":\"ReadAction\",\"target\":[\"https:\/\/www.noticiasradioreflejos.com.ar\/2021\/jornada-de-pedido-de-aparicion-con-vida-de-santiago-maldonado\/\"]}]},{\"@type\":\"BreadcrumbList\",\"@id\":\"https:\/\/www.noticiasradioreflejos.com.ar\/2021\/jornada-de-pedido-de-aparicion-con-vida-de-santiago-maldonado\/#breadcrumb\",\"itemListElement\":[{\"@type\":\"ListItem\",\"position\":1,\"name\":\"Portada\",\"item\":\"https:\/\/www.noticiasradioreflejos.com.ar\/2021\/\"},{\"@type\":\"ListItem\",\"position\":2,\"name\":\"Jornada de Pedido de Aparici\u00f3n con Vida de Santiago Maldonado\"}]},{\"@type\":\"WebSite\",\"@id\":\"https:\/\/www.noticiasradioreflejos.com.ar\/2021\/#website\",\"url\":\"https:\/\/www.noticiasradioreflejos.com.ar\/2021\/\",\"name\":\"Noticias Radio Reflejos\",\"description\":\"Las noticias de mi comarca\",\"potentialAction\":[{\"@type\":\"SearchAction\",\"target\":{\"@type\":\"EntryPoint\",\"urlTemplate\":\"https:\/\/www.noticiasradioreflejos.com.ar\/2021\/?s={search_term_string}\"},\"query-input\":{\"@type\":\"PropertyValueSpecification\",\"valueRequired\":true,\"valueName\":\"search_term_string\"}}],\"inLanguage\":\"es\"},{\"@type\":\"Person\",\"@id\":\"https:\/\/www.noticiasradioreflejos.com.ar\/2021\/#\/schema\/person\/ad82545263dcc5ec0996818884fd5fb1\",\"name\":\"Arnaldo Botto\",\"image\":{\"@type\":\"ImageObject\",\"inLanguage\":\"es\",\"@id\":\"https:\/\/www.noticiasradioreflejos.com.ar\/2021\/#\/schema\/person\/image\/\",\"url\":\"https:\/\/secure.gravatar.com\/avatar\/55cb5e37c1efa326397366e6974cb338056df65cb50e7d64d1cf314e87504837?s=96&d=mm&r=g\",\"contentUrl\":\"https:\/\/secure.gravatar.com\/avatar\/55cb5e37c1efa326397366e6974cb338056df65cb50e7d64d1cf314e87504837?s=96&d=mm&r=g\",\"caption\":\"Arnaldo Botto\"},\"url\":\"https:\/\/www.noticiasradioreflejos.com.ar\/2021\/author\/arnaldo\/\"}]}<\/script>\n<!-- \/ Yoast SEO plugin. -->","yoast_head_json":{"title":"Jornada de Pedido de Aparici\u00f3n con Vida de Santiago Maldonado - Noticias Radio Reflejos","robots":{"index":"index","follow":"follow","max-snippet":"max-snippet:-1","max-image-preview":"max-image-preview:large","max-video-preview":"max-video-preview:-1"},"canonical":"https:\/\/www.noticiasradioreflejos.com.ar\/2021\/jornada-de-pedido-de-aparicion-con-vida-de-santiago-maldonado\/","og_locale":"es_ES","og_type":"article","og_title":"Jornada de Pedido de Aparici\u00f3n con Vida de Santiago Maldonado - Noticias Radio Reflejos","og_description":"Comunicado de SUTEBA Tornquist . Santiago Maldonado, 27 a\u00f1os, fue visto por \u00faltima vez el 1\u00b0 de Agosto en la Lof en Resistencia de Cushamen, Chubut, Fue subido en una camioneta de la Gendarmer\u00eda Nacional, en el marco de la violenta represi\u00f3n a la comunidad mapuche de Pu-Lof. La Gendarmer\u00eda, bajo las \u00f3rdenes de la [&hellip;]","og_url":"https:\/\/www.noticiasradioreflejos.com.ar\/2021\/jornada-de-pedido-de-aparicion-con-vida-de-santiago-maldonado\/","og_site_name":"Noticias Radio Reflejos","article_published_time":"2017-08-28T20:16:23+00:00","og_image":[{"width":300,"height":200,"url":"https:\/\/www.noticiasradioreflejos.com.ar\/2021\/wp-content\/uploads\/2021\/07\/logosol300x200.png","type":"image\/png"}],"author":"Arnaldo Botto","twitter_card":"summary_large_image","schema":{"@context":"https:\/\/schema.org","@graph":[{"@type":"WebPage","@id":"https:\/\/www.noticiasradioreflejos.com.ar\/2021\/jornada-de-pedido-de-aparicion-con-vida-de-santiago-maldonado\/","url":"https:\/\/www.noticiasradioreflejos.com.ar\/2021\/jornada-de-pedido-de-aparicion-con-vida-de-santiago-maldonado\/","name":"Jornada de Pedido de Aparici\u00f3n con Vida de Santiago Maldonado - Noticias Radio Reflejos","isPartOf":{"@id":"https:\/\/www.noticiasradioreflejos.com.ar\/2021\/#website"},"datePublished":"2017-08-28T20:16:23+00:00","author":{"@id":"https:\/\/www.noticiasradioreflejos.com.ar\/2021\/#\/schema\/person\/ad82545263dcc5ec0996818884fd5fb1"},"breadcrumb":{"@id":"https:\/\/www.noticiasradioreflejos.com.ar\/2021\/jornada-de-pedido-de-aparicion-con-vida-de-santiago-maldonado\/#breadcrumb"},"inLanguage":"es","potentialAction":[{"@type":"ReadAction","target":["https:\/\/www.noticiasradioreflejos.com.ar\/2021\/jornada-de-pedido-de-aparicion-con-vida-de-santiago-maldonado\/"]}]},{"@type":"BreadcrumbList","@id":"https:\/\/www.noticiasradioreflejos.com.ar\/2021\/jornada-de-pedido-de-aparicion-con-vida-de-santiago-maldonado\/#breadcrumb","itemListElement":[{"@type":"ListItem","position":1,"name":"Portada","item":"https:\/\/www.noticiasradioreflejos.com.ar\/2021\/"},{"@type":"ListItem","position":2,"name":"Jornada de Pedido de Aparici\u00f3n con Vida de Santiago Maldonado"}]},{"@type":"WebSite","@id":"https:\/\/www.noticiasradioreflejos.com.ar\/2021\/#website","url":"https:\/\/www.noticiasradioreflejos.com.ar\/2021\/","name":"Noticias Radio Reflejos","description":"Las noticias de mi comarca","potentialAction":[{"@type":"SearchAction","target":{"@type":"EntryPoint","urlTemplate":"https:\/\/www.noticiasradioreflejos.com.ar\/2021\/?s={search_term_string}"},"query-input":{"@type":"PropertyValueSpecification","valueRequired":true,"valueName":"search_term_string"}}],"inLanguage":"es"},{"@type":"Person","@id":"https:\/\/www.noticiasradioreflejos.com.ar\/2021\/#\/schema\/person\/ad82545263dcc5ec0996818884fd5fb1","name":"Arnaldo Botto","image":{"@type":"ImageObject","inLanguage":"es","@id":"https:\/\/www.noticiasradioreflejos.com.ar\/2021\/#\/schema\/person\/image\/","url":"https:\/\/secure.gravatar.com\/avatar\/55cb5e37c1efa326397366e6974cb338056df65cb50e7d64d1cf314e87504837?s=96&d=mm&r=g","contentUrl":"https:\/\/secure.gravatar.com\/avatar\/55cb5e37c1efa326397366e6974cb338056df65cb50e7d64d1cf314e87504837?s=96&d=mm&r=g","caption":"Arnaldo Botto"},"url":"https:\/\/www.noticiasradioreflejos.com.ar\/2021\/author\/arnaldo\/"}]}},"_links":{"self":[{"href":"https:\/\/www.noticiasradioreflejos.com.ar\/2021\/wp-json\/wp\/v2\/posts\/13865","targetHints":{"allow":["GET"]}}],"collection":[{"href":"https:\/\/www.noticiasradioreflejos.com.ar\/2021\/wp-json\/wp\/v2\/posts"}],"about":[{"href":"https:\/\/www.noticiasradioreflejos.com.ar\/2021\/wp-json\/wp\/v2\/types\/post"}],"author":[{"embeddable":true,"href":"https:\/\/www.noticiasradioreflejos.com.ar\/2021\/wp-json\/wp\/v2\/users\/3"}],"replies":[{"embeddable":true,"href":"https:\/\/www.noticiasradioreflejos.com.ar\/2021\/wp-json\/wp\/v2\/comments?post=13865"}],"version-history":[{"count":0,"href":"https:\/\/www.noticiasradioreflejos.com.ar\/2021\/wp-json\/wp\/v2\/posts\/13865\/revisions"}],"wp:attachment":[{"href":"https:\/\/www.noticiasradioreflejos.com.ar\/2021\/wp-json\/wp\/v2\/media?parent=13865"}],"wp:term":[{"taxonomy":"category","embeddable":true,"href":"https:\/\/www.noticiasradioreflejos.com.ar\/2021\/wp-json\/wp\/v2\/categories?post=13865"},{"taxonomy":"post_tag","embeddable":true,"href":"https:\/\/www.noticiasradioreflejos.com.ar\/2021\/wp-json\/wp\/v2\/tags?post=13865"}],"curies":[{"name":"wp","href":"https:\/\/api.w.org\/{rel}","templated":true}]}}