{"id":13862,"date":"2017-08-28T17:11:57","date_gmt":"2017-08-28T20:11:57","guid":{"rendered":"http:\/\/www.noticiasradioreflejos.com.ar\/noticias\/?p=13862"},"modified":"2017-08-28T17:11:57","modified_gmt":"2017-08-28T20:11:57","slug":"a-la-opinion-publica","status":"publish","type":"post","link":"https:\/\/www.noticiasradioreflejos.com.ar\/2021\/a-la-opinion-publica\/","title":{"rendered":"A la opini\u00f3n p\u00fablica..!!"},"content":{"rendered":"<p>El Frente Renovador es una fuerza pol\u00edtica plural que naci\u00f3 en el a\u00f1o 2012, conducida por el Dr. Sergio Tom\u00e1s Massa. Quien, en las elecciones legislativas del a\u00f1o 2013, con el 44 por ciento de la voluntad popular logr\u00f3 truncar el sue\u00f1o de \u00abCristina Eterna\u00bb, evitando la Reforma de la Constituci\u00f3n.<br \/>\nNuestro espacio pol\u00edtico piensa y trabaja en el presente y sobre todo en la realidad actual que atraviesa nuestro Distrito.<br \/>\nDiscutimos, proponemos , construimos ideas pol\u00edticas y proyectos, con equipos, y con el que piensa diferente. Tenemos Peronistas, Socialistas, Radicales e Independientes en nuestra fuerza pol\u00edtica.<!--more--><br \/>\nA nuestros votantes:<br \/>\nQue nos dieron su voto de confianza el pasado 13 de agosto, queremos decirles que nuestro espacio pol\u00edtico 1Pa\u00eds Tornquist con todos sus integrantes, continuaremos trabajando para mejorar la representaci\u00f3n institucional del Distrito, con propuestas e ideas superadoras.<br \/>\nNosotros, como expres\u00f3 Sergio Massa, no modificamos nuestro objetivo por un voto mas, o un voto menos. Vamos a dar la pelea por el trabajo y la seguridad, porque son el verdadero camino de la Argentina.<br \/>\nA los que no nos votaron:<br \/>\nSepan que es necesaria la pluralidad de voces dentro del Honorable Concejo Deliberante. Porque enriqueciendo el debate lograremos mejor control sobre el Departamento Ejecutivo. Por eso les pedimos su confianza en nuestros candidatos.<br \/>\nPor \u00faltimo alentamos a las Instituciones Intermedias y Educativas a que organicen en su agenda debates con los primeros candidatos de cada una de las fuerzas pol\u00edticas.<br \/>\nAs\u00ed mismo recordamos que en \u00e9stas elecciones se eligen CONCEJALES, Diputados y Senadores, son Legislativas, nada tienen que ver con el plebiscito de la gesti\u00f3n provincial y menos local, como nos quisieron hacer creer.<br \/>\nDejamos de lado los personalismos, los egos y los acuerdos a espaldas de la militancia y de los vecinos; no discutimos nombres propios, ni dirigentes. En nuestro espacio: se discuten propuestas.<br \/>\nReafirmamos nuestra participaci\u00f3n con la Lista 501 el pr\u00f3ximo 22 de octubre.<br \/>\nOSCAR SCHARFF \u00a0 \u00a0 \u00a0 \u00a0 \u00a0 \u00a0 \u00a0 \u00a0 \u00a0 \u00a0 \u00a0 \u00a0 CARLOS DANA \u00a0 \u00a0 \u00a0 \u00a0 \u00a0 \u00a0 \u00a0 \u00a0 \u00a0 \u00a0 \u00a0 \u00a0 \u00a0 \u00a0 \u00a0 \u00a0 \u00a0 \u00a0 \u00a0 \u00a0 \u00a0 \u00a0 \u00a0 \u00a0 \u00a0 \u00a0 \u00a0 \u00a0 \u00a0 \u00a0 \u00a0 JORGE SIMON<br \/>\nCAND. 1ER CJAL \u00a0 \u00a0 \u00a0 \u00a0 \u00a0 \u00a0 \u00a0 \u00a0 \u00a0 APODERADO LISTA 501 \u00a0 \u00a0 \u00a0 \u00a0 \u00a0 \u00a0 \u00a0 \u00a0 \u00a0 \u00a0 \u00a0 \u00a0 \u00a0 \u00a0 \u00a0 \u00a0 \u00a0 \u00a0 \u00a0 \u00a0 \u00a0 \u00a0 \u00a0 \u00a0 \u00a0 \u00a0 PRESIDENTE<br \/>\n1PA\u00cdS TORNQUIST<\/p>\n","protected":false},"excerpt":{"rendered":"<p>El Frente Renovador es una fuerza pol\u00edtica plural que naci\u00f3 en el a\u00f1o 2012, conducida por el Dr. Sergio Tom\u00e1s Massa. Quien, en las elecciones legislativas del a\u00f1o 2013, con el 44 por ciento de la voluntad popular logr\u00f3 truncar el sue\u00f1o de \u00abCristina Eterna\u00bb, evitando la Reforma de la Constituci\u00f3n. Nuestro espacio pol\u00edtico piensa [&hellip;]<\/p>\n","protected":false},"author":3,"featured_media":0,"comment_status":"closed","ping_status":"open","sticky":false,"template":"","format":"standard","meta":{"footnotes":""},"categories":[24],"tags":[],"class_list":["post-13862","post","type-post","status-publish","format-standard","hentry","category-politica"],"yoast_head":"<!-- This site is optimized with the Yoast SEO plugin v25.9 - https:\/\/yoast.com\/wordpress\/plugins\/seo\/ -->\n<title>A la opini\u00f3n p\u00fablica..!! - Noticias Radio Reflejos<\/title>\n<meta name=\"robots\" content=\"index, follow, max-snippet:-1, max-image-preview:large, max-video-preview:-1\" \/>\n<link rel=\"canonical\" href=\"https:\/\/www.noticiasradioreflejos.com.ar\/2021\/a-la-opinion-publica\/\" \/>\n<meta property=\"og:locale\" content=\"es_ES\" \/>\n<meta property=\"og:type\" content=\"article\" \/>\n<meta property=\"og:title\" content=\"A la opini\u00f3n p\u00fablica..!! - Noticias Radio Reflejos\" \/>\n<meta property=\"og:description\" content=\"El Frente Renovador es una fuerza pol\u00edtica plural que naci\u00f3 en el a\u00f1o 2012, conducida por el Dr. Sergio Tom\u00e1s Massa. Quien, en las elecciones legislativas del a\u00f1o 2013, con el 44 por ciento de la voluntad popular logr\u00f3 truncar el sue\u00f1o de \u00abCristina Eterna\u00bb, evitando la Reforma de la Constituci\u00f3n. Nuestro espacio pol\u00edtico piensa [&hellip;]\" \/>\n<meta property=\"og:url\" content=\"https:\/\/www.noticiasradioreflejos.com.ar\/2021\/a-la-opinion-publica\/\" \/>\n<meta property=\"og:site_name\" content=\"Noticias Radio Reflejos\" \/>\n<meta property=\"article:published_time\" content=\"2017-08-28T20:11:57+00:00\" \/>\n<meta property=\"og:image\" content=\"https:\/\/www.noticiasradioreflejos.com.ar\/2021\/wp-content\/uploads\/2021\/07\/logosol300x200.png\" \/>\n\t<meta property=\"og:image:width\" content=\"300\" \/>\n\t<meta property=\"og:image:height\" content=\"200\" \/>\n\t<meta property=\"og:image:type\" content=\"image\/png\" \/>\n<meta name=\"author\" content=\"Arnaldo Botto\" \/>\n<meta name=\"twitter:card\" content=\"summary_large_image\" \/>\n<script type=\"application\/ld+json\" class=\"yoast-schema-graph\">{\"@context\":\"https:\/\/schema.org\",\"@graph\":[{\"@type\":\"WebPage\",\"@id\":\"https:\/\/www.noticiasradioreflejos.com.ar\/2021\/a-la-opinion-publica\/\",\"url\":\"https:\/\/www.noticiasradioreflejos.com.ar\/2021\/a-la-opinion-publica\/\",\"name\":\"A la opini\u00f3n p\u00fablica..!! - Noticias Radio Reflejos\",\"isPartOf\":{\"@id\":\"https:\/\/www.noticiasradioreflejos.com.ar\/2021\/#website\"},\"datePublished\":\"2017-08-28T20:11:57+00:00\",\"author\":{\"@id\":\"https:\/\/www.noticiasradioreflejos.com.ar\/2021\/#\/schema\/person\/ad82545263dcc5ec0996818884fd5fb1\"},\"breadcrumb\":{\"@id\":\"https:\/\/www.noticiasradioreflejos.com.ar\/2021\/a-la-opinion-publica\/#breadcrumb\"},\"inLanguage\":\"es\",\"potentialAction\":[{\"@type\":\"ReadAction\",\"target\":[\"https:\/\/www.noticiasradioreflejos.com.ar\/2021\/a-la-opinion-publica\/\"]}]},{\"@type\":\"BreadcrumbList\",\"@id\":\"https:\/\/www.noticiasradioreflejos.com.ar\/2021\/a-la-opinion-publica\/#breadcrumb\",\"itemListElement\":[{\"@type\":\"ListItem\",\"position\":1,\"name\":\"Portada\",\"item\":\"https:\/\/www.noticiasradioreflejos.com.ar\/2021\/\"},{\"@type\":\"ListItem\",\"position\":2,\"name\":\"A la opini\u00f3n p\u00fablica..!!\"}]},{\"@type\":\"WebSite\",\"@id\":\"https:\/\/www.noticiasradioreflejos.com.ar\/2021\/#website\",\"url\":\"https:\/\/www.noticiasradioreflejos.com.ar\/2021\/\",\"name\":\"Noticias Radio Reflejos\",\"description\":\"Las noticias de mi comarca\",\"potentialAction\":[{\"@type\":\"SearchAction\",\"target\":{\"@type\":\"EntryPoint\",\"urlTemplate\":\"https:\/\/www.noticiasradioreflejos.com.ar\/2021\/?s={search_term_string}\"},\"query-input\":{\"@type\":\"PropertyValueSpecification\",\"valueRequired\":true,\"valueName\":\"search_term_string\"}}],\"inLanguage\":\"es\"},{\"@type\":\"Person\",\"@id\":\"https:\/\/www.noticiasradioreflejos.com.ar\/2021\/#\/schema\/person\/ad82545263dcc5ec0996818884fd5fb1\",\"name\":\"Arnaldo Botto\",\"image\":{\"@type\":\"ImageObject\",\"inLanguage\":\"es\",\"@id\":\"https:\/\/www.noticiasradioreflejos.com.ar\/2021\/#\/schema\/person\/image\/\",\"url\":\"https:\/\/secure.gravatar.com\/avatar\/55cb5e37c1efa326397366e6974cb338056df65cb50e7d64d1cf314e87504837?s=96&d=mm&r=g\",\"contentUrl\":\"https:\/\/secure.gravatar.com\/avatar\/55cb5e37c1efa326397366e6974cb338056df65cb50e7d64d1cf314e87504837?s=96&d=mm&r=g\",\"caption\":\"Arnaldo Botto\"},\"url\":\"https:\/\/www.noticiasradioreflejos.com.ar\/2021\/author\/arnaldo\/\"}]}<\/script>\n<!-- \/ Yoast SEO plugin. -->","yoast_head_json":{"title":"A la opini\u00f3n p\u00fablica..!! - Noticias Radio Reflejos","robots":{"index":"index","follow":"follow","max-snippet":"max-snippet:-1","max-image-preview":"max-image-preview:large","max-video-preview":"max-video-preview:-1"},"canonical":"https:\/\/www.noticiasradioreflejos.com.ar\/2021\/a-la-opinion-publica\/","og_locale":"es_ES","og_type":"article","og_title":"A la opini\u00f3n p\u00fablica..!! - Noticias Radio Reflejos","og_description":"El Frente Renovador es una fuerza pol\u00edtica plural que naci\u00f3 en el a\u00f1o 2012, conducida por el Dr. Sergio Tom\u00e1s Massa. Quien, en las elecciones legislativas del a\u00f1o 2013, con el 44 por ciento de la voluntad popular logr\u00f3 truncar el sue\u00f1o de \u00abCristina Eterna\u00bb, evitando la Reforma de la Constituci\u00f3n. Nuestro espacio pol\u00edtico piensa [&hellip;]","og_url":"https:\/\/www.noticiasradioreflejos.com.ar\/2021\/a-la-opinion-publica\/","og_site_name":"Noticias Radio Reflejos","article_published_time":"2017-08-28T20:11:57+00:00","og_image":[{"width":300,"height":200,"url":"https:\/\/www.noticiasradioreflejos.com.ar\/2021\/wp-content\/uploads\/2021\/07\/logosol300x200.png","type":"image\/png"}],"author":"Arnaldo Botto","twitter_card":"summary_large_image","schema":{"@context":"https:\/\/schema.org","@graph":[{"@type":"WebPage","@id":"https:\/\/www.noticiasradioreflejos.com.ar\/2021\/a-la-opinion-publica\/","url":"https:\/\/www.noticiasradioreflejos.com.ar\/2021\/a-la-opinion-publica\/","name":"A la opini\u00f3n p\u00fablica..!! - Noticias Radio Reflejos","isPartOf":{"@id":"https:\/\/www.noticiasradioreflejos.com.ar\/2021\/#website"},"datePublished":"2017-08-28T20:11:57+00:00","author":{"@id":"https:\/\/www.noticiasradioreflejos.com.ar\/2021\/#\/schema\/person\/ad82545263dcc5ec0996818884fd5fb1"},"breadcrumb":{"@id":"https:\/\/www.noticiasradioreflejos.com.ar\/2021\/a-la-opinion-publica\/#breadcrumb"},"inLanguage":"es","potentialAction":[{"@type":"ReadAction","target":["https:\/\/www.noticiasradioreflejos.com.ar\/2021\/a-la-opinion-publica\/"]}]},{"@type":"BreadcrumbList","@id":"https:\/\/www.noticiasradioreflejos.com.ar\/2021\/a-la-opinion-publica\/#breadcrumb","itemListElement":[{"@type":"ListItem","position":1,"name":"Portada","item":"https:\/\/www.noticiasradioreflejos.com.ar\/2021\/"},{"@type":"ListItem","position":2,"name":"A la opini\u00f3n p\u00fablica..!!"}]},{"@type":"WebSite","@id":"https:\/\/www.noticiasradioreflejos.com.ar\/2021\/#website","url":"https:\/\/www.noticiasradioreflejos.com.ar\/2021\/","name":"Noticias Radio Reflejos","description":"Las noticias de mi comarca","potentialAction":[{"@type":"SearchAction","target":{"@type":"EntryPoint","urlTemplate":"https:\/\/www.noticiasradioreflejos.com.ar\/2021\/?s={search_term_string}"},"query-input":{"@type":"PropertyValueSpecification","valueRequired":true,"valueName":"search_term_string"}}],"inLanguage":"es"},{"@type":"Person","@id":"https:\/\/www.noticiasradioreflejos.com.ar\/2021\/#\/schema\/person\/ad82545263dcc5ec0996818884fd5fb1","name":"Arnaldo Botto","image":{"@type":"ImageObject","inLanguage":"es","@id":"https:\/\/www.noticiasradioreflejos.com.ar\/2021\/#\/schema\/person\/image\/","url":"https:\/\/secure.gravatar.com\/avatar\/55cb5e37c1efa326397366e6974cb338056df65cb50e7d64d1cf314e87504837?s=96&d=mm&r=g","contentUrl":"https:\/\/secure.gravatar.com\/avatar\/55cb5e37c1efa326397366e6974cb338056df65cb50e7d64d1cf314e87504837?s=96&d=mm&r=g","caption":"Arnaldo Botto"},"url":"https:\/\/www.noticiasradioreflejos.com.ar\/2021\/author\/arnaldo\/"}]}},"_links":{"self":[{"href":"https:\/\/www.noticiasradioreflejos.com.ar\/2021\/wp-json\/wp\/v2\/posts\/13862","targetHints":{"allow":["GET"]}}],"collection":[{"href":"https:\/\/www.noticiasradioreflejos.com.ar\/2021\/wp-json\/wp\/v2\/posts"}],"about":[{"href":"https:\/\/www.noticiasradioreflejos.com.ar\/2021\/wp-json\/wp\/v2\/types\/post"}],"author":[{"embeddable":true,"href":"https:\/\/www.noticiasradioreflejos.com.ar\/2021\/wp-json\/wp\/v2\/users\/3"}],"replies":[{"embeddable":true,"href":"https:\/\/www.noticiasradioreflejos.com.ar\/2021\/wp-json\/wp\/v2\/comments?post=13862"}],"version-history":[{"count":0,"href":"https:\/\/www.noticiasradioreflejos.com.ar\/2021\/wp-json\/wp\/v2\/posts\/13862\/revisions"}],"wp:attachment":[{"href":"https:\/\/www.noticiasradioreflejos.com.ar\/2021\/wp-json\/wp\/v2\/media?parent=13862"}],"wp:term":[{"taxonomy":"category","embeddable":true,"href":"https:\/\/www.noticiasradioreflejos.com.ar\/2021\/wp-json\/wp\/v2\/categories?post=13862"},{"taxonomy":"post_tag","embeddable":true,"href":"https:\/\/www.noticiasradioreflejos.com.ar\/2021\/wp-json\/wp\/v2\/tags?post=13862"}],"curies":[{"name":"wp","href":"https:\/\/api.w.org\/{rel}","templated":true}]}}