{"id":136832,"date":"2026-05-03T10:43:55","date_gmt":"2026-05-03T13:43:55","guid":{"rendered":"https:\/\/www.noticiasradioreflejos.com.ar\/2021\/?p=136832"},"modified":"2026-05-03T12:09:54","modified_gmt":"2026-05-03T15:09:54","slug":"tragico-accidente-en-ruta-76-deja-cuatro-victimas-fatales","status":"publish","type":"post","link":"https:\/\/www.noticiasradioreflejos.com.ar\/2021\/tragico-accidente-en-ruta-76-deja-cuatro-victimas-fatales\/","title":{"rendered":"Tr\u00e1gico Accidente en Ruta 76 deja cuatro v\u00edctimas fatales"},"content":{"rendered":"<p>En la ma\u00f1ana de este domingo, aproximadamente a las 7:30 horas, se produjo un siniestro vial de consecuencias devastadoras en el kil\u00f3metro 227 de la Ruta Provincial 76.<!--more--><\/p>\n<p>El impacto, que involucr\u00f3 a dos veh\u00edculos particulares, result\u00f3 en el fallecimiento de cuatro personas y dej\u00f3 a otras tres con heridas de diversa consideraci\u00f3n.<\/p>\n<p data-path-to-node=\"6\">El escenario del choque, ubicado en la zona de la <b data-path-to-node=\"6\" data-index-in-node=\"50\">Abra de la Ventana<\/b>, es reconocido por las autoridades y conductores habituales como un trayecto <b data-path-to-node=\"6\" data-index-in-node=\"146\">sumamente sinuoso y de alta peligrosidad<\/b>. Si bien hist\u00f3ricamente se han registrado numerosos incidentes en estas curvas, fuentes oficiales coinciden en que <b data-path-to-node=\"6\" data-index-in-node=\"302\">no existen precedentes de un siniestro tan luctuoso<\/b> en este punto espec\u00edfico de la calzada.<\/p>\n<h4 data-path-to-node=\"7\"><b data-path-to-node=\"7\" data-index-in-node=\"0\">Detalles del Siniestro<\/b><\/h4>\n<p data-path-to-node=\"8\">El choque frontal involucr\u00f3 a los siguientes veh\u00edculos:<\/p>\n<ol start=\"1\" data-path-to-node=\"9\">\n<li>\n<p data-path-to-node=\"9,0,0\"><b data-path-to-node=\"9,0,0\" data-index-in-node=\"0\">Ford Focus (Dominio AC347DM):<\/b> Conducido por <b data-path-to-node=\"9,0,0\" data-index-in-node=\"44\">Alejandro Daniel Prezzi (47)<\/b>, acompa\u00f1ado por <b data-path-to-node=\"9,0,0\" data-index-in-node=\"89\">Griselda Buchanan (47)<\/b>. Ambos ocupantes, no residentes de la zona, sufrieron lesiones y fueron trasladados de urgencia al Hospital Municipal de Tornquist.<\/p>\n<\/li>\n<li>\n<p data-path-to-node=\"9,1,0\"><b data-path-to-node=\"9,1,0\" data-index-in-node=\"0\">Citro\u00ebn C3 (Dominio PQK-917):<\/b> Conducido por <b data-path-to-node=\"9,1,0\" data-index-in-node=\"44\">Juan Ignacio Daulerio (28)<\/b>, oriundo de CABA, quien result\u00f3 herido. En este veh\u00edculo viajaban cuatro acompa\u00f1antes m\u00e1s, quienes lamentablemente perdieron la vida.<\/p>\n<\/li>\n<\/ol>\n<h4 data-path-to-node=\"10\"><b data-path-to-node=\"10\" data-index-in-node=\"0\">V\u00edctimas Fatales<\/b><\/h4>\n<p data-path-to-node=\"11\">Con profundo pesar, se confirma el deceso de:<\/p>\n<ul data-path-to-node=\"12\">\n<li>\n<p data-path-to-node=\"12,0,0\"><b data-path-to-node=\"12,0,0\" data-index-in-node=\"0\">Tal\u00eda Araceli Mansilla (29)<\/b>, oriunda de Lan\u00fas. (Fallecida en el lugar)<\/p>\n<\/li>\n<li>\n<p data-path-to-node=\"12,1,0\"><b data-path-to-node=\"12,1,0\" data-index-in-node=\"0\">Mar\u00eda de los Milagros Chirinos (28)<\/b>, oriunda de Caballito. (Fallecida en el lugar)<\/p>\n<\/li>\n<li>\n<p data-path-to-node=\"12,2,0\"><b data-path-to-node=\"12,2,0\" data-index-in-node=\"0\">Laura Camila D\u00edaz Sandoval (26)<\/b>, oriunda de CABA. (Fallecida en el lugar)<\/p>\n<\/li>\n<li>\n<p data-path-to-node=\"12,3,0\"><b data-path-to-node=\"12,3,0\" data-index-in-node=\"0\">Ezequiel Agust\u00edn Quaglio (31)<\/b>, oriundo de Caballito. (Fallecido en el Hospital Municipal de Tornquist tras ser trasladado).<\/p>\n<\/li>\n<\/ul>\n<p data-path-to-node=\"16\">Actualmente, el tr\u00e1nsito se encuentra <b data-path-to-node=\"16\" data-index-in-node=\"38\">habilitado parcialmente por un solo carril<\/b>, bajo custodia de las fuerzas de seguridad, a la espera del arribo de la <b data-path-to-node=\"16\" data-index-in-node=\"154\">Polic\u00eda Cient\u00edfica<\/b>. Los peritos realizar\u00e1n las tareas necesarias para determinar las causas mec\u00e1nicas y humanas del accidente antes de proceder al retiro del veh\u00edculo que a\u00fan permanece sobre la cinta asf\u00e1ltica.<\/p>\n<p data-path-to-node=\"17\">Se solicita a los conductores extremar las precauciones al circular por la zona, respetando las indicaciones del personal presente.<\/p>\n<p data-path-to-node=\"14\">A ra\u00edz de la magnitud del impacto, se despleg\u00f3 un intenso operativo que incluy\u00f3 a:<\/p>\n<p>Bomberos Voluntarios, Polic\u00eda Comunal, Servicios de Ambulancias, Defensa Civil y personal de Tr\u00e1nsito y Secretar\u00eda de Seguridad junto a autoridades municipales.<\/p>\n<p>Las causas del siniestro son materia de investigaci\u00f3n.<\/p>\n<div>\n<p><img decoding=\"async\" src=\"https:\/\/www.noticiastornquist.com.ar\/imagen.php?imagen=2026-05\/091117_70_2.jpg\" \/><\/p>\n<div><\/div>\n<hr \/>\n<p><img decoding=\"async\" src=\"https:\/\/www.noticiastornquist.com.ar\/imagen.php?imagen=2026-05\/091121_57_1.jpg\" \/><\/p>\n<div><\/div>\n<hr \/>\n<p><img decoding=\"async\" src=\"https:\/\/www.noticiastornquist.com.ar\/imagen.php?imagen=2026-05\/091121_73_3.jpg\" \/><\/p>\n<div><\/div>\n<\/div>\n<footer>\n<div class=\"wfix\">\n<div class=\"table\">\n<div class=\"table-cell\">\n<div class=\"masnoticias\"><\/div>\n<\/div>\n<\/div>\n<\/div>\n<div class=\"pie\">\n<div class=\"wfix\">Con info de: Noticias Tornquist \u00a9<\/div>\n<\/div>\n<\/footer>\n","protected":false},"excerpt":{"rendered":"<p>En la ma\u00f1ana de este domingo, aproximadamente a las 7:30 horas, se produjo un siniestro vial de consecuencias devastadoras en el kil\u00f3metro 227 de la Ruta Provincial 76.<\/p>\n","protected":false},"author":3,"featured_media":136833,"comment_status":"closed","ping_status":"closed","sticky":false,"template":"","format":"standard","meta":{"footnotes":""},"categories":[29],"tags":[48],"class_list":["post-136832","post","type-post","status-publish","format-standard","has-post-thumbnail","hentry","category-policiales","tag-destacada"],"yoast_head":"<!-- This site is optimized with the Yoast SEO plugin v25.9 - https:\/\/yoast.com\/wordpress\/plugins\/seo\/ -->\n<title>Tr\u00e1gico Accidente en Ruta 76 deja cuatro v\u00edctimas fatales - Noticias Radio Reflejos<\/title>\n<meta name=\"robots\" content=\"index, follow, max-snippet:-1, max-image-preview:large, max-video-preview:-1\" \/>\n<link rel=\"canonical\" href=\"https:\/\/www.noticiasradioreflejos.com.ar\/2021\/tragico-accidente-en-ruta-76-deja-cuatro-victimas-fatales\/\" \/>\n<meta property=\"og:locale\" content=\"es_ES\" \/>\n<meta property=\"og:type\" content=\"article\" \/>\n<meta property=\"og:title\" content=\"Tr\u00e1gico Accidente en Ruta 76 deja cuatro v\u00edctimas fatales - Noticias Radio Reflejos\" \/>\n<meta property=\"og:description\" content=\"En la ma\u00f1ana de este domingo, aproximadamente a las 7:30 horas, se produjo un siniestro vial de consecuencias devastadoras en el kil\u00f3metro 227 de la Ruta Provincial 76.\" \/>\n<meta property=\"og:url\" content=\"https:\/\/www.noticiasradioreflejos.com.ar\/2021\/tragico-accidente-en-ruta-76-deja-cuatro-victimas-fatales\/\" \/>\n<meta property=\"og:site_name\" content=\"Noticias Radio Reflejos\" \/>\n<meta property=\"article:published_time\" content=\"2026-05-03T13:43:55+00:00\" \/>\n<meta property=\"article:modified_time\" content=\"2026-05-03T15:09:54+00:00\" \/>\n<meta property=\"og:image\" content=\"https:\/\/www.noticiasradioreflejos.com.ar\/2021\/wp-content\/uploads\/2026\/05\/CHOQUE-abra.jpg\" \/>\n\t<meta property=\"og:image:width\" content=\"1200\" \/>\n\t<meta property=\"og:image:height\" content=\"720\" \/>\n\t<meta property=\"og:image:type\" content=\"image\/jpeg\" \/>\n<meta name=\"author\" content=\"Arnaldo Botto\" \/>\n<meta name=\"twitter:card\" content=\"summary_large_image\" \/>\n<script type=\"application\/ld+json\" class=\"yoast-schema-graph\">{\"@context\":\"https:\/\/schema.org\",\"@graph\":[{\"@type\":\"WebPage\",\"@id\":\"https:\/\/www.noticiasradioreflejos.com.ar\/2021\/tragico-accidente-en-ruta-76-deja-cuatro-victimas-fatales\/\",\"url\":\"https:\/\/www.noticiasradioreflejos.com.ar\/2021\/tragico-accidente-en-ruta-76-deja-cuatro-victimas-fatales\/\",\"name\":\"Tr\u00e1gico Accidente en Ruta 76 deja cuatro v\u00edctimas fatales - Noticias Radio Reflejos\",\"isPartOf\":{\"@id\":\"https:\/\/www.noticiasradioreflejos.com.ar\/2021\/#website\"},\"primaryImageOfPage\":{\"@id\":\"https:\/\/www.noticiasradioreflejos.com.ar\/2021\/tragico-accidente-en-ruta-76-deja-cuatro-victimas-fatales\/#primaryimage\"},\"image\":{\"@id\":\"https:\/\/www.noticiasradioreflejos.com.ar\/2021\/tragico-accidente-en-ruta-76-deja-cuatro-victimas-fatales\/#primaryimage\"},\"thumbnailUrl\":\"https:\/\/www.noticiasradioreflejos.com.ar\/2021\/wp-content\/uploads\/2026\/05\/CHOQUE-abra.jpg\",\"datePublished\":\"2026-05-03T13:43:55+00:00\",\"dateModified\":\"2026-05-03T15:09:54+00:00\",\"author\":{\"@id\":\"https:\/\/www.noticiasradioreflejos.com.ar\/2021\/#\/schema\/person\/ad82545263dcc5ec0996818884fd5fb1\"},\"breadcrumb\":{\"@id\":\"https:\/\/www.noticiasradioreflejos.com.ar\/2021\/tragico-accidente-en-ruta-76-deja-cuatro-victimas-fatales\/#breadcrumb\"},\"inLanguage\":\"es\",\"potentialAction\":[{\"@type\":\"ReadAction\",\"target\":[\"https:\/\/www.noticiasradioreflejos.com.ar\/2021\/tragico-accidente-en-ruta-76-deja-cuatro-victimas-fatales\/\"]}]},{\"@type\":\"ImageObject\",\"inLanguage\":\"es\",\"@id\":\"https:\/\/www.noticiasradioreflejos.com.ar\/2021\/tragico-accidente-en-ruta-76-deja-cuatro-victimas-fatales\/#primaryimage\",\"url\":\"https:\/\/www.noticiasradioreflejos.com.ar\/2021\/wp-content\/uploads\/2026\/05\/CHOQUE-abra.jpg\",\"contentUrl\":\"https:\/\/www.noticiasradioreflejos.com.ar\/2021\/wp-content\/uploads\/2026\/05\/CHOQUE-abra.jpg\",\"width\":1200,\"height\":720},{\"@type\":\"BreadcrumbList\",\"@id\":\"https:\/\/www.noticiasradioreflejos.com.ar\/2021\/tragico-accidente-en-ruta-76-deja-cuatro-victimas-fatales\/#breadcrumb\",\"itemListElement\":[{\"@type\":\"ListItem\",\"position\":1,\"name\":\"Portada\",\"item\":\"https:\/\/www.noticiasradioreflejos.com.ar\/2021\/\"},{\"@type\":\"ListItem\",\"position\":2,\"name\":\"Tr\u00e1gico Accidente en Ruta 76 deja cuatro v\u00edctimas fatales\"}]},{\"@type\":\"WebSite\",\"@id\":\"https:\/\/www.noticiasradioreflejos.com.ar\/2021\/#website\",\"url\":\"https:\/\/www.noticiasradioreflejos.com.ar\/2021\/\",\"name\":\"Noticias Radio Reflejos\",\"description\":\"Las noticias de mi comarca\",\"potentialAction\":[{\"@type\":\"SearchAction\",\"target\":{\"@type\":\"EntryPoint\",\"urlTemplate\":\"https:\/\/www.noticiasradioreflejos.com.ar\/2021\/?s={search_term_string}\"},\"query-input\":{\"@type\":\"PropertyValueSpecification\",\"valueRequired\":true,\"valueName\":\"search_term_string\"}}],\"inLanguage\":\"es\"},{\"@type\":\"Person\",\"@id\":\"https:\/\/www.noticiasradioreflejos.com.ar\/2021\/#\/schema\/person\/ad82545263dcc5ec0996818884fd5fb1\",\"name\":\"Arnaldo Botto\",\"image\":{\"@type\":\"ImageObject\",\"inLanguage\":\"es\",\"@id\":\"https:\/\/www.noticiasradioreflejos.com.ar\/2021\/#\/schema\/person\/image\/\",\"url\":\"https:\/\/secure.gravatar.com\/avatar\/55cb5e37c1efa326397366e6974cb338056df65cb50e7d64d1cf314e87504837?s=96&d=mm&r=g\",\"contentUrl\":\"https:\/\/secure.gravatar.com\/avatar\/55cb5e37c1efa326397366e6974cb338056df65cb50e7d64d1cf314e87504837?s=96&d=mm&r=g\",\"caption\":\"Arnaldo Botto\"},\"url\":\"https:\/\/www.noticiasradioreflejos.com.ar\/2021\/author\/arnaldo\/\"}]}<\/script>\n<!-- \/ Yoast SEO plugin. -->","yoast_head_json":{"title":"Tr\u00e1gico Accidente en Ruta 76 deja cuatro v\u00edctimas fatales - Noticias Radio Reflejos","robots":{"index":"index","follow":"follow","max-snippet":"max-snippet:-1","max-image-preview":"max-image-preview:large","max-video-preview":"max-video-preview:-1"},"canonical":"https:\/\/www.noticiasradioreflejos.com.ar\/2021\/tragico-accidente-en-ruta-76-deja-cuatro-victimas-fatales\/","og_locale":"es_ES","og_type":"article","og_title":"Tr\u00e1gico Accidente en Ruta 76 deja cuatro v\u00edctimas fatales - Noticias Radio Reflejos","og_description":"En la ma\u00f1ana de este domingo, aproximadamente a las 7:30 horas, se produjo un siniestro vial de consecuencias devastadoras en el kil\u00f3metro 227 de la Ruta Provincial 76.","og_url":"https:\/\/www.noticiasradioreflejos.com.ar\/2021\/tragico-accidente-en-ruta-76-deja-cuatro-victimas-fatales\/","og_site_name":"Noticias Radio Reflejos","article_published_time":"2026-05-03T13:43:55+00:00","article_modified_time":"2026-05-03T15:09:54+00:00","og_image":[{"width":1200,"height":720,"url":"https:\/\/www.noticiasradioreflejos.com.ar\/2021\/wp-content\/uploads\/2026\/05\/CHOQUE-abra.jpg","type":"image\/jpeg"}],"author":"Arnaldo Botto","twitter_card":"summary_large_image","schema":{"@context":"https:\/\/schema.org","@graph":[{"@type":"WebPage","@id":"https:\/\/www.noticiasradioreflejos.com.ar\/2021\/tragico-accidente-en-ruta-76-deja-cuatro-victimas-fatales\/","url":"https:\/\/www.noticiasradioreflejos.com.ar\/2021\/tragico-accidente-en-ruta-76-deja-cuatro-victimas-fatales\/","name":"Tr\u00e1gico Accidente en Ruta 76 deja cuatro v\u00edctimas fatales - Noticias Radio Reflejos","isPartOf":{"@id":"https:\/\/www.noticiasradioreflejos.com.ar\/2021\/#website"},"primaryImageOfPage":{"@id":"https:\/\/www.noticiasradioreflejos.com.ar\/2021\/tragico-accidente-en-ruta-76-deja-cuatro-victimas-fatales\/#primaryimage"},"image":{"@id":"https:\/\/www.noticiasradioreflejos.com.ar\/2021\/tragico-accidente-en-ruta-76-deja-cuatro-victimas-fatales\/#primaryimage"},"thumbnailUrl":"https:\/\/www.noticiasradioreflejos.com.ar\/2021\/wp-content\/uploads\/2026\/05\/CHOQUE-abra.jpg","datePublished":"2026-05-03T13:43:55+00:00","dateModified":"2026-05-03T15:09:54+00:00","author":{"@id":"https:\/\/www.noticiasradioreflejos.com.ar\/2021\/#\/schema\/person\/ad82545263dcc5ec0996818884fd5fb1"},"breadcrumb":{"@id":"https:\/\/www.noticiasradioreflejos.com.ar\/2021\/tragico-accidente-en-ruta-76-deja-cuatro-victimas-fatales\/#breadcrumb"},"inLanguage":"es","potentialAction":[{"@type":"ReadAction","target":["https:\/\/www.noticiasradioreflejos.com.ar\/2021\/tragico-accidente-en-ruta-76-deja-cuatro-victimas-fatales\/"]}]},{"@type":"ImageObject","inLanguage":"es","@id":"https:\/\/www.noticiasradioreflejos.com.ar\/2021\/tragico-accidente-en-ruta-76-deja-cuatro-victimas-fatales\/#primaryimage","url":"https:\/\/www.noticiasradioreflejos.com.ar\/2021\/wp-content\/uploads\/2026\/05\/CHOQUE-abra.jpg","contentUrl":"https:\/\/www.noticiasradioreflejos.com.ar\/2021\/wp-content\/uploads\/2026\/05\/CHOQUE-abra.jpg","width":1200,"height":720},{"@type":"BreadcrumbList","@id":"https:\/\/www.noticiasradioreflejos.com.ar\/2021\/tragico-accidente-en-ruta-76-deja-cuatro-victimas-fatales\/#breadcrumb","itemListElement":[{"@type":"ListItem","position":1,"name":"Portada","item":"https:\/\/www.noticiasradioreflejos.com.ar\/2021\/"},{"@type":"ListItem","position":2,"name":"Tr\u00e1gico Accidente en Ruta 76 deja cuatro v\u00edctimas fatales"}]},{"@type":"WebSite","@id":"https:\/\/www.noticiasradioreflejos.com.ar\/2021\/#website","url":"https:\/\/www.noticiasradioreflejos.com.ar\/2021\/","name":"Noticias Radio Reflejos","description":"Las noticias de mi comarca","potentialAction":[{"@type":"SearchAction","target":{"@type":"EntryPoint","urlTemplate":"https:\/\/www.noticiasradioreflejos.com.ar\/2021\/?s={search_term_string}"},"query-input":{"@type":"PropertyValueSpecification","valueRequired":true,"valueName":"search_term_string"}}],"inLanguage":"es"},{"@type":"Person","@id":"https:\/\/www.noticiasradioreflejos.com.ar\/2021\/#\/schema\/person\/ad82545263dcc5ec0996818884fd5fb1","name":"Arnaldo Botto","image":{"@type":"ImageObject","inLanguage":"es","@id":"https:\/\/www.noticiasradioreflejos.com.ar\/2021\/#\/schema\/person\/image\/","url":"https:\/\/secure.gravatar.com\/avatar\/55cb5e37c1efa326397366e6974cb338056df65cb50e7d64d1cf314e87504837?s=96&d=mm&r=g","contentUrl":"https:\/\/secure.gravatar.com\/avatar\/55cb5e37c1efa326397366e6974cb338056df65cb50e7d64d1cf314e87504837?s=96&d=mm&r=g","caption":"Arnaldo Botto"},"url":"https:\/\/www.noticiasradioreflejos.com.ar\/2021\/author\/arnaldo\/"}]}},"_links":{"self":[{"href":"https:\/\/www.noticiasradioreflejos.com.ar\/2021\/wp-json\/wp\/v2\/posts\/136832","targetHints":{"allow":["GET"]}}],"collection":[{"href":"https:\/\/www.noticiasradioreflejos.com.ar\/2021\/wp-json\/wp\/v2\/posts"}],"about":[{"href":"https:\/\/www.noticiasradioreflejos.com.ar\/2021\/wp-json\/wp\/v2\/types\/post"}],"author":[{"embeddable":true,"href":"https:\/\/www.noticiasradioreflejos.com.ar\/2021\/wp-json\/wp\/v2\/users\/3"}],"replies":[{"embeddable":true,"href":"https:\/\/www.noticiasradioreflejos.com.ar\/2021\/wp-json\/wp\/v2\/comments?post=136832"}],"version-history":[{"count":1,"href":"https:\/\/www.noticiasradioreflejos.com.ar\/2021\/wp-json\/wp\/v2\/posts\/136832\/revisions"}],"predecessor-version":[{"id":136845,"href":"https:\/\/www.noticiasradioreflejos.com.ar\/2021\/wp-json\/wp\/v2\/posts\/136832\/revisions\/136845"}],"wp:featuredmedia":[{"embeddable":true,"href":"https:\/\/www.noticiasradioreflejos.com.ar\/2021\/wp-json\/wp\/v2\/media\/136833"}],"wp:attachment":[{"href":"https:\/\/www.noticiasradioreflejos.com.ar\/2021\/wp-json\/wp\/v2\/media?parent=136832"}],"wp:term":[{"taxonomy":"category","embeddable":true,"href":"https:\/\/www.noticiasradioreflejos.com.ar\/2021\/wp-json\/wp\/v2\/categories?post=136832"},{"taxonomy":"post_tag","embeddable":true,"href":"https:\/\/www.noticiasradioreflejos.com.ar\/2021\/wp-json\/wp\/v2\/tags?post=136832"}],"curies":[{"name":"wp","href":"https:\/\/api.w.org\/{rel}","templated":true}]}}