{"id":136810,"date":"2026-05-01T14:13:07","date_gmt":"2026-05-01T17:13:07","guid":{"rendered":"https:\/\/www.noticiasradioreflejos.com.ar\/2021\/?p=136810"},"modified":"2026-05-01T14:13:15","modified_gmt":"2026-05-01T17:13:15","slug":"accidente-en-la-madrugada-perdio-el-control-de-su-camioneta-e-impacto-contra-el-predio-del-club-papelero","status":"publish","type":"post","link":"https:\/\/www.noticiasradioreflejos.com.ar\/2021\/accidente-en-la-madrugada-perdio-el-control-de-su-camioneta-e-impacto-contra-el-predio-del-club-papelero\/","title":{"rendered":"Accidente en la madrugada: Perdi\u00f3 el control de su camioneta e impact\u00f3 contra el predio del Club Papelero."},"content":{"rendered":"<p data-path-to-node=\"11\">Un hombre de 53 a\u00f1os debi\u00f3 ser asistido en el hospital municipal luego de protagonizar un accidente vehicular en las primeras horas de este viernes 1 de mayo.<\/p>\n<p data-path-to-node=\"11\"><!--more-->El incidente ocurri\u00f3 en la calle Moreno, donde el conductor de una Toyota Hilux perdi\u00f3 el control del rodado e impact\u00f3 violentamente contra el alambrado y los \u00e1rboles del predio perteneciente al Club Papelero. En el caso ya interviene la Ayudant\u00eda Fiscal de Tornquist.<\/p>\n<p>Durante la madrugada de este viernes 1 de mayo, alrededor de las 5:45 horas, se registr\u00f3 un accidente vehicular en calle Moreno, entre La\u00ednez y Carbone.<\/p>\n<p>En el lugar, personal interviniente constat\u00f3 la presencia de una camioneta Toyota Hilux (AB636OF), conducida por Claudio Ruppel (53), quien circulaba como \u00fanico ocupante.<\/p>\n<p>Por causas que se tratan de establecer, el conductor perdi\u00f3 el control del rodado, colisionando contra un cerco alambrado y posteriormente contra el arbolado del predio del Club Papelero.<\/p>\n<p>Ruppel fue trasladado al hospital municipal para su evaluaci\u00f3n m\u00e9dica. Seg\u00fan el parte profesional emitido por la Dra. Roc\u00edo Molleker, el paciente present\u00f2 golpes en el rostro por lo que fue atendido para sus curaciones en el nosocomio.<\/p>\n<p>Se iniciaron actuaciones judiciales por lesiones por accidente, con intervenci\u00f3n de la Ayudant\u00eda Fiscal de Tornquist.<\/p>\n<p><a href=\"https:\/\/www.noticiasradioreflejos.com.ar\/2021\/accidente-en-la-madrugada-perdio-el-control-de-su-camioneta-e-impacto-contra-el-predio-del-club-papelero\/choque-tornquist-3\/\" rel=\"attachment wp-att-136812\"><img loading=\"lazy\" decoding=\"async\" class=\"aligncenter size-full wp-image-136812\" src=\"https:\/\/www.noticiasradioreflejos.com.ar\/2021\/wp-content\/uploads\/2026\/05\/choque-tornquist.jpeg\" alt=\"\" width=\"1423\" height=\"736\" srcset=\"https:\/\/www.noticiasradioreflejos.com.ar\/2021\/wp-content\/uploads\/2026\/05\/choque-tornquist.jpeg 1423w, https:\/\/www.noticiasradioreflejos.com.ar\/2021\/wp-content\/uploads\/2026\/05\/choque-tornquist-300x155.jpeg 300w, https:\/\/www.noticiasradioreflejos.com.ar\/2021\/wp-content\/uploads\/2026\/05\/choque-tornquist-1024x530.jpeg 1024w, https:\/\/www.noticiasradioreflejos.com.ar\/2021\/wp-content\/uploads\/2026\/05\/choque-tornquist-768x397.jpeg 768w, https:\/\/www.noticiasradioreflejos.com.ar\/2021\/wp-content\/uploads\/2026\/05\/choque-tornquist-750x388.jpeg 750w, https:\/\/www.noticiasradioreflejos.com.ar\/2021\/wp-content\/uploads\/2026\/05\/choque-tornquist-1140x590.jpeg 1140w\" sizes=\"auto, (max-width: 1423px) 100vw, 1423px\" \/><\/a><\/p>\n<p><em><strong>Fuente Noticias Tornquist<\/strong><\/em><\/p>\n","protected":false},"excerpt":{"rendered":"<p>Un hombre de 53 a\u00f1os debi\u00f3 ser asistido en el hospital municipal luego de protagonizar un accidente vehicular en las primeras horas de este viernes 1 de mayo.<\/p>\n","protected":false},"author":3,"featured_media":136811,"comment_status":"closed","ping_status":"closed","sticky":false,"template":"","format":"standard","meta":{"footnotes":""},"categories":[29],"tags":[48],"class_list":["post-136810","post","type-post","status-publish","format-standard","has-post-thumbnail","hentry","category-policiales","tag-destacada"],"yoast_head":"<!-- This site is optimized with the Yoast SEO plugin v25.9 - https:\/\/yoast.com\/wordpress\/plugins\/seo\/ -->\n<title>Accidente en la madrugada: Perdi\u00f3 el control de su camioneta e impact\u00f3 contra el predio del Club Papelero. - Noticias Radio Reflejos<\/title>\n<meta name=\"robots\" content=\"index, follow, max-snippet:-1, max-image-preview:large, max-video-preview:-1\" \/>\n<link rel=\"canonical\" href=\"https:\/\/www.noticiasradioreflejos.com.ar\/2021\/accidente-en-la-madrugada-perdio-el-control-de-su-camioneta-e-impacto-contra-el-predio-del-club-papelero\/\" \/>\n<meta property=\"og:locale\" content=\"es_ES\" \/>\n<meta property=\"og:type\" content=\"article\" \/>\n<meta property=\"og:title\" content=\"Accidente en la madrugada: Perdi\u00f3 el control de su camioneta e impact\u00f3 contra el predio del Club Papelero. - Noticias Radio Reflejos\" \/>\n<meta property=\"og:description\" content=\"Un hombre de 53 a\u00f1os debi\u00f3 ser asistido en el hospital municipal luego de protagonizar un accidente vehicular en las primeras horas de este viernes 1 de mayo.\" \/>\n<meta property=\"og:url\" content=\"https:\/\/www.noticiasradioreflejos.com.ar\/2021\/accidente-en-la-madrugada-perdio-el-control-de-su-camioneta-e-impacto-contra-el-predio-del-club-papelero\/\" \/>\n<meta property=\"og:site_name\" content=\"Noticias Radio Reflejos\" \/>\n<meta property=\"article:published_time\" content=\"2026-05-01T17:13:07+00:00\" \/>\n<meta property=\"article:modified_time\" content=\"2026-05-01T17:13:15+00:00\" \/>\n<meta property=\"og:image\" content=\"https:\/\/www.noticiasradioreflejos.com.ar\/2021\/wp-content\/uploads\/2026\/05\/choque-tornquist-1024x604.png\" \/>\n\t<meta property=\"og:image:width\" content=\"1024\" \/>\n\t<meta property=\"og:image:height\" content=\"604\" \/>\n\t<meta property=\"og:image:type\" content=\"image\/png\" \/>\n<meta name=\"author\" content=\"Arnaldo Botto\" \/>\n<meta name=\"twitter:card\" content=\"summary_large_image\" \/>\n<script type=\"application\/ld+json\" class=\"yoast-schema-graph\">{\"@context\":\"https:\/\/schema.org\",\"@graph\":[{\"@type\":\"WebPage\",\"@id\":\"https:\/\/www.noticiasradioreflejos.com.ar\/2021\/accidente-en-la-madrugada-perdio-el-control-de-su-camioneta-e-impacto-contra-el-predio-del-club-papelero\/\",\"url\":\"https:\/\/www.noticiasradioreflejos.com.ar\/2021\/accidente-en-la-madrugada-perdio-el-control-de-su-camioneta-e-impacto-contra-el-predio-del-club-papelero\/\",\"name\":\"Accidente en la madrugada: Perdi\u00f3 el control de su camioneta e impact\u00f3 contra el predio del Club Papelero. - Noticias Radio Reflejos\",\"isPartOf\":{\"@id\":\"https:\/\/www.noticiasradioreflejos.com.ar\/2021\/#website\"},\"primaryImageOfPage\":{\"@id\":\"https:\/\/www.noticiasradioreflejos.com.ar\/2021\/accidente-en-la-madrugada-perdio-el-control-de-su-camioneta-e-impacto-contra-el-predio-del-club-papelero\/#primaryimage\"},\"image\":{\"@id\":\"https:\/\/www.noticiasradioreflejos.com.ar\/2021\/accidente-en-la-madrugada-perdio-el-control-de-su-camioneta-e-impacto-contra-el-predio-del-club-papelero\/#primaryimage\"},\"thumbnailUrl\":\"https:\/\/www.noticiasradioreflejos.com.ar\/2021\/wp-content\/uploads\/2026\/05\/choque-tornquist.png\",\"datePublished\":\"2026-05-01T17:13:07+00:00\",\"dateModified\":\"2026-05-01T17:13:15+00:00\",\"author\":{\"@id\":\"https:\/\/www.noticiasradioreflejos.com.ar\/2021\/#\/schema\/person\/ad82545263dcc5ec0996818884fd5fb1\"},\"breadcrumb\":{\"@id\":\"https:\/\/www.noticiasradioreflejos.com.ar\/2021\/accidente-en-la-madrugada-perdio-el-control-de-su-camioneta-e-impacto-contra-el-predio-del-club-papelero\/#breadcrumb\"},\"inLanguage\":\"es\",\"potentialAction\":[{\"@type\":\"ReadAction\",\"target\":[\"https:\/\/www.noticiasradioreflejos.com.ar\/2021\/accidente-en-la-madrugada-perdio-el-control-de-su-camioneta-e-impacto-contra-el-predio-del-club-papelero\/\"]}]},{\"@type\":\"ImageObject\",\"inLanguage\":\"es\",\"@id\":\"https:\/\/www.noticiasradioreflejos.com.ar\/2021\/accidente-en-la-madrugada-perdio-el-control-de-su-camioneta-e-impacto-contra-el-predio-del-club-papelero\/#primaryimage\",\"url\":\"https:\/\/www.noticiasradioreflejos.com.ar\/2021\/wp-content\/uploads\/2026\/05\/choque-tornquist.png\",\"contentUrl\":\"https:\/\/www.noticiasradioreflejos.com.ar\/2021\/wp-content\/uploads\/2026\/05\/choque-tornquist.png\",\"width\":1632,\"height\":963},{\"@type\":\"BreadcrumbList\",\"@id\":\"https:\/\/www.noticiasradioreflejos.com.ar\/2021\/accidente-en-la-madrugada-perdio-el-control-de-su-camioneta-e-impacto-contra-el-predio-del-club-papelero\/#breadcrumb\",\"itemListElement\":[{\"@type\":\"ListItem\",\"position\":1,\"name\":\"Portada\",\"item\":\"https:\/\/www.noticiasradioreflejos.com.ar\/2021\/\"},{\"@type\":\"ListItem\",\"position\":2,\"name\":\"Accidente en la madrugada: Perdi\u00f3 el control de su camioneta e impact\u00f3 contra el predio del Club Papelero.\"}]},{\"@type\":\"WebSite\",\"@id\":\"https:\/\/www.noticiasradioreflejos.com.ar\/2021\/#website\",\"url\":\"https:\/\/www.noticiasradioreflejos.com.ar\/2021\/\",\"name\":\"Noticias Radio Reflejos\",\"description\":\"Las noticias de mi comarca\",\"potentialAction\":[{\"@type\":\"SearchAction\",\"target\":{\"@type\":\"EntryPoint\",\"urlTemplate\":\"https:\/\/www.noticiasradioreflejos.com.ar\/2021\/?s={search_term_string}\"},\"query-input\":{\"@type\":\"PropertyValueSpecification\",\"valueRequired\":true,\"valueName\":\"search_term_string\"}}],\"inLanguage\":\"es\"},{\"@type\":\"Person\",\"@id\":\"https:\/\/www.noticiasradioreflejos.com.ar\/2021\/#\/schema\/person\/ad82545263dcc5ec0996818884fd5fb1\",\"name\":\"Arnaldo Botto\",\"image\":{\"@type\":\"ImageObject\",\"inLanguage\":\"es\",\"@id\":\"https:\/\/www.noticiasradioreflejos.com.ar\/2021\/#\/schema\/person\/image\/\",\"url\":\"https:\/\/secure.gravatar.com\/avatar\/55cb5e37c1efa326397366e6974cb338056df65cb50e7d64d1cf314e87504837?s=96&d=mm&r=g\",\"contentUrl\":\"https:\/\/secure.gravatar.com\/avatar\/55cb5e37c1efa326397366e6974cb338056df65cb50e7d64d1cf314e87504837?s=96&d=mm&r=g\",\"caption\":\"Arnaldo Botto\"},\"url\":\"https:\/\/www.noticiasradioreflejos.com.ar\/2021\/author\/arnaldo\/\"}]}<\/script>\n<!-- \/ Yoast SEO plugin. -->","yoast_head_json":{"title":"Accidente en la madrugada: Perdi\u00f3 el control de su camioneta e impact\u00f3 contra el predio del Club Papelero. - Noticias Radio Reflejos","robots":{"index":"index","follow":"follow","max-snippet":"max-snippet:-1","max-image-preview":"max-image-preview:large","max-video-preview":"max-video-preview:-1"},"canonical":"https:\/\/www.noticiasradioreflejos.com.ar\/2021\/accidente-en-la-madrugada-perdio-el-control-de-su-camioneta-e-impacto-contra-el-predio-del-club-papelero\/","og_locale":"es_ES","og_type":"article","og_title":"Accidente en la madrugada: Perdi\u00f3 el control de su camioneta e impact\u00f3 contra el predio del Club Papelero. - Noticias Radio Reflejos","og_description":"Un hombre de 53 a\u00f1os debi\u00f3 ser asistido en el hospital municipal luego de protagonizar un accidente vehicular en las primeras horas de este viernes 1 de mayo.","og_url":"https:\/\/www.noticiasradioreflejos.com.ar\/2021\/accidente-en-la-madrugada-perdio-el-control-de-su-camioneta-e-impacto-contra-el-predio-del-club-papelero\/","og_site_name":"Noticias Radio Reflejos","article_published_time":"2026-05-01T17:13:07+00:00","article_modified_time":"2026-05-01T17:13:15+00:00","og_image":[{"width":1024,"height":604,"url":"https:\/\/www.noticiasradioreflejos.com.ar\/2021\/wp-content\/uploads\/2026\/05\/choque-tornquist-1024x604.png","type":"image\/png"}],"author":"Arnaldo Botto","twitter_card":"summary_large_image","schema":{"@context":"https:\/\/schema.org","@graph":[{"@type":"WebPage","@id":"https:\/\/www.noticiasradioreflejos.com.ar\/2021\/accidente-en-la-madrugada-perdio-el-control-de-su-camioneta-e-impacto-contra-el-predio-del-club-papelero\/","url":"https:\/\/www.noticiasradioreflejos.com.ar\/2021\/accidente-en-la-madrugada-perdio-el-control-de-su-camioneta-e-impacto-contra-el-predio-del-club-papelero\/","name":"Accidente en la madrugada: Perdi\u00f3 el control de su camioneta e impact\u00f3 contra el predio del Club Papelero. - Noticias Radio Reflejos","isPartOf":{"@id":"https:\/\/www.noticiasradioreflejos.com.ar\/2021\/#website"},"primaryImageOfPage":{"@id":"https:\/\/www.noticiasradioreflejos.com.ar\/2021\/accidente-en-la-madrugada-perdio-el-control-de-su-camioneta-e-impacto-contra-el-predio-del-club-papelero\/#primaryimage"},"image":{"@id":"https:\/\/www.noticiasradioreflejos.com.ar\/2021\/accidente-en-la-madrugada-perdio-el-control-de-su-camioneta-e-impacto-contra-el-predio-del-club-papelero\/#primaryimage"},"thumbnailUrl":"https:\/\/www.noticiasradioreflejos.com.ar\/2021\/wp-content\/uploads\/2026\/05\/choque-tornquist.png","datePublished":"2026-05-01T17:13:07+00:00","dateModified":"2026-05-01T17:13:15+00:00","author":{"@id":"https:\/\/www.noticiasradioreflejos.com.ar\/2021\/#\/schema\/person\/ad82545263dcc5ec0996818884fd5fb1"},"breadcrumb":{"@id":"https:\/\/www.noticiasradioreflejos.com.ar\/2021\/accidente-en-la-madrugada-perdio-el-control-de-su-camioneta-e-impacto-contra-el-predio-del-club-papelero\/#breadcrumb"},"inLanguage":"es","potentialAction":[{"@type":"ReadAction","target":["https:\/\/www.noticiasradioreflejos.com.ar\/2021\/accidente-en-la-madrugada-perdio-el-control-de-su-camioneta-e-impacto-contra-el-predio-del-club-papelero\/"]}]},{"@type":"ImageObject","inLanguage":"es","@id":"https:\/\/www.noticiasradioreflejos.com.ar\/2021\/accidente-en-la-madrugada-perdio-el-control-de-su-camioneta-e-impacto-contra-el-predio-del-club-papelero\/#primaryimage","url":"https:\/\/www.noticiasradioreflejos.com.ar\/2021\/wp-content\/uploads\/2026\/05\/choque-tornquist.png","contentUrl":"https:\/\/www.noticiasradioreflejos.com.ar\/2021\/wp-content\/uploads\/2026\/05\/choque-tornquist.png","width":1632,"height":963},{"@type":"BreadcrumbList","@id":"https:\/\/www.noticiasradioreflejos.com.ar\/2021\/accidente-en-la-madrugada-perdio-el-control-de-su-camioneta-e-impacto-contra-el-predio-del-club-papelero\/#breadcrumb","itemListElement":[{"@type":"ListItem","position":1,"name":"Portada","item":"https:\/\/www.noticiasradioreflejos.com.ar\/2021\/"},{"@type":"ListItem","position":2,"name":"Accidente en la madrugada: Perdi\u00f3 el control de su camioneta e impact\u00f3 contra el predio del Club Papelero."}]},{"@type":"WebSite","@id":"https:\/\/www.noticiasradioreflejos.com.ar\/2021\/#website","url":"https:\/\/www.noticiasradioreflejos.com.ar\/2021\/","name":"Noticias Radio Reflejos","description":"Las noticias de mi comarca","potentialAction":[{"@type":"SearchAction","target":{"@type":"EntryPoint","urlTemplate":"https:\/\/www.noticiasradioreflejos.com.ar\/2021\/?s={search_term_string}"},"query-input":{"@type":"PropertyValueSpecification","valueRequired":true,"valueName":"search_term_string"}}],"inLanguage":"es"},{"@type":"Person","@id":"https:\/\/www.noticiasradioreflejos.com.ar\/2021\/#\/schema\/person\/ad82545263dcc5ec0996818884fd5fb1","name":"Arnaldo Botto","image":{"@type":"ImageObject","inLanguage":"es","@id":"https:\/\/www.noticiasradioreflejos.com.ar\/2021\/#\/schema\/person\/image\/","url":"https:\/\/secure.gravatar.com\/avatar\/55cb5e37c1efa326397366e6974cb338056df65cb50e7d64d1cf314e87504837?s=96&d=mm&r=g","contentUrl":"https:\/\/secure.gravatar.com\/avatar\/55cb5e37c1efa326397366e6974cb338056df65cb50e7d64d1cf314e87504837?s=96&d=mm&r=g","caption":"Arnaldo Botto"},"url":"https:\/\/www.noticiasradioreflejos.com.ar\/2021\/author\/arnaldo\/"}]}},"_links":{"self":[{"href":"https:\/\/www.noticiasradioreflejos.com.ar\/2021\/wp-json\/wp\/v2\/posts\/136810","targetHints":{"allow":["GET"]}}],"collection":[{"href":"https:\/\/www.noticiasradioreflejos.com.ar\/2021\/wp-json\/wp\/v2\/posts"}],"about":[{"href":"https:\/\/www.noticiasradioreflejos.com.ar\/2021\/wp-json\/wp\/v2\/types\/post"}],"author":[{"embeddable":true,"href":"https:\/\/www.noticiasradioreflejos.com.ar\/2021\/wp-json\/wp\/v2\/users\/3"}],"replies":[{"embeddable":true,"href":"https:\/\/www.noticiasradioreflejos.com.ar\/2021\/wp-json\/wp\/v2\/comments?post=136810"}],"version-history":[{"count":2,"href":"https:\/\/www.noticiasradioreflejos.com.ar\/2021\/wp-json\/wp\/v2\/posts\/136810\/revisions"}],"predecessor-version":[{"id":136814,"href":"https:\/\/www.noticiasradioreflejos.com.ar\/2021\/wp-json\/wp\/v2\/posts\/136810\/revisions\/136814"}],"wp:featuredmedia":[{"embeddable":true,"href":"https:\/\/www.noticiasradioreflejos.com.ar\/2021\/wp-json\/wp\/v2\/media\/136811"}],"wp:attachment":[{"href":"https:\/\/www.noticiasradioreflejos.com.ar\/2021\/wp-json\/wp\/v2\/media?parent=136810"}],"wp:term":[{"taxonomy":"category","embeddable":true,"href":"https:\/\/www.noticiasradioreflejos.com.ar\/2021\/wp-json\/wp\/v2\/categories?post=136810"},{"taxonomy":"post_tag","embeddable":true,"href":"https:\/\/www.noticiasradioreflejos.com.ar\/2021\/wp-json\/wp\/v2\/tags?post=136810"}],"curies":[{"name":"wp","href":"https:\/\/api.w.org\/{rel}","templated":true}]}}