{"id":136805,"date":"2026-05-01T12:23:44","date_gmt":"2026-05-01T15:23:44","guid":{"rendered":"https:\/\/www.noticiasradioreflejos.com.ar\/2021\/?p=136805"},"modified":"2026-05-01T12:23:44","modified_gmt":"2026-05-01T15:23:44","slug":"la-fifa-ratifico-la-presencia-de-iran-en-el-mundial-2026-y-jugara-en-estados-unidos","status":"publish","type":"post","link":"https:\/\/www.noticiasradioreflejos.com.ar\/2021\/la-fifa-ratifico-la-presencia-de-iran-en-el-mundial-2026-y-jugara-en-estados-unidos\/","title":{"rendered":"La FIFA ratific\u00f3 la presencia de Ir\u00e1n en el Mundial 2026 y jugar\u00e1 en Estados Unidos"},"content":{"rendered":"<p>Gianni Infantino despej\u00f3 las dudas sobre la participaci\u00f3n de Ir\u00e1n y afirm\u00f3 que primar\u00e1 el criterio deportivo por sobre los conflictos pol\u00edticos.<!--more--><br \/>\nEl presidente de la FIFA, <strong>Gianni Infantino<\/strong>, confirm\u00f3 que l<strong>a selecci\u00f3n de Ir\u00e1n participar\u00e1 en la Copa del Mundo 2026<\/strong>, despejando las dudas que se hab\u00edan generado en torno a su presencia por el contexto geopol\u00edtico internacional.<\/p>\n<p>El anuncio se realiz\u00f3 durante el\u00a0<strong>Congreso de la FIFA<\/strong>\u00a0llevado a cabo en Vancouver, donde Infantino asegur\u00f3 de manera categ\u00f3rica que el conjunto iran\u00ed formar\u00e1 parte del torneo. \u201cPor supuesto, Ir\u00e1n participar\u00e1\u201d, expres\u00f3 ante los delegados, en un escenario atravesado por tensiones en\u00a0<strong>Medio Oriente<\/strong>.<\/p>\n<p class=\"article-text\">Adem\u00e1s, el dirigente remarc\u00f3 que el equipo asi\u00e1tico disputar\u00e1 partidos en Estados Unidos, uno de los pa\u00edses organizadores junto a M\u00e9xico y Canad\u00e1. En ese sentido, defendi\u00f3 la decisi\u00f3n y sostuvo que el f\u00fatbol debe funcionar como un puente entre naciones, incluso en contextos de conflicto.<\/p>\n<p class=\"article-text\">La participaci\u00f3n de Ir\u00e1n hab\u00eda quedado bajo an\u00e1lisis luego de una serie de inconvenientes diplom\u00e1ticos que impidieron la presencia de su delegaci\u00f3n en el Congreso. De hecho, fue el \u00fanico pa\u00eds miembro que no cont\u00f3 con representaci\u00f3n en el encuentro.<\/p>\n<p class=\"article-text\">Seg\u00fan trascendi\u00f3, los problemas estuvieron vinculados a dificultades en el ingreso de los representantes iran\u00edes a territorio canadiense, lo que aliment\u00f3 las especulaciones sobre un posible impacto en su participaci\u00f3n en la pr\u00f3xima\u00a0<strong>Copa del Mundo<\/strong>.<\/p>\n<p class=\"article-text\">No obstante, desde la\u00a0<strong>FIFA<\/strong>\u00a0buscaron llevar tranquilidad y ratificaron que el criterio deportivo ser\u00e1 determinante. De esta manera, la clasificaci\u00f3n obtenida en el campo de juego se mantiene como el factor central, garantizando la presencia del seleccionado iran\u00ed en el certamen internacional.<\/p>\n<div id=\"container-after-news-outlook\"><\/div>\n<p class=\"article-text\"><em>Con informaci\u00f3n de agencias elDiarioAR<\/em><\/p>\n","protected":false},"excerpt":{"rendered":"<p>Gianni Infantino despej\u00f3 las dudas sobre la participaci\u00f3n de Ir\u00e1n y afirm\u00f3 que primar\u00e1 el criterio deportivo por sobre los conflictos pol\u00edticos.<\/p>\n","protected":false},"author":3,"featured_media":136806,"comment_status":"closed","ping_status":"closed","sticky":false,"template":"","format":"standard","meta":{"footnotes":""},"categories":[27],"tags":[],"class_list":["post-136805","post","type-post","status-publish","format-standard","has-post-thumbnail","hentry","category-deportes"],"yoast_head":"<!-- This site is optimized with the Yoast SEO plugin v25.9 - https:\/\/yoast.com\/wordpress\/plugins\/seo\/ -->\n<title>La FIFA ratific\u00f3 la presencia de Ir\u00e1n en el Mundial 2026 y jugar\u00e1 en Estados Unidos - Noticias Radio Reflejos<\/title>\n<meta name=\"robots\" content=\"index, follow, max-snippet:-1, max-image-preview:large, max-video-preview:-1\" \/>\n<link rel=\"canonical\" href=\"https:\/\/www.noticiasradioreflejos.com.ar\/2021\/la-fifa-ratifico-la-presencia-de-iran-en-el-mundial-2026-y-jugara-en-estados-unidos\/\" \/>\n<meta property=\"og:locale\" content=\"es_ES\" \/>\n<meta property=\"og:type\" content=\"article\" \/>\n<meta property=\"og:title\" content=\"La FIFA ratific\u00f3 la presencia de Ir\u00e1n en el Mundial 2026 y jugar\u00e1 en Estados Unidos - Noticias Radio Reflejos\" \/>\n<meta property=\"og:description\" content=\"Gianni Infantino despej\u00f3 las dudas sobre la participaci\u00f3n de Ir\u00e1n y afirm\u00f3 que primar\u00e1 el criterio deportivo por sobre los conflictos pol\u00edticos.\" \/>\n<meta property=\"og:url\" content=\"https:\/\/www.noticiasradioreflejos.com.ar\/2021\/la-fifa-ratifico-la-presencia-de-iran-en-el-mundial-2026-y-jugara-en-estados-unidos\/\" \/>\n<meta property=\"og:site_name\" content=\"Noticias Radio Reflejos\" \/>\n<meta property=\"article:published_time\" content=\"2026-05-01T15:23:44+00:00\" \/>\n<meta property=\"og:image\" content=\"https:\/\/www.noticiasradioreflejos.com.ar\/2021\/wp-content\/uploads\/2026\/05\/FIFA.webp\" \/>\n\t<meta property=\"og:image:width\" content=\"1200\" \/>\n\t<meta property=\"og:image:height\" content=\"675\" \/>\n\t<meta property=\"og:image:type\" content=\"image\/webp\" \/>\n<meta name=\"author\" content=\"Arnaldo Botto\" \/>\n<meta name=\"twitter:card\" content=\"summary_large_image\" \/>\n<script type=\"application\/ld+json\" class=\"yoast-schema-graph\">{\"@context\":\"https:\/\/schema.org\",\"@graph\":[{\"@type\":\"WebPage\",\"@id\":\"https:\/\/www.noticiasradioreflejos.com.ar\/2021\/la-fifa-ratifico-la-presencia-de-iran-en-el-mundial-2026-y-jugara-en-estados-unidos\/\",\"url\":\"https:\/\/www.noticiasradioreflejos.com.ar\/2021\/la-fifa-ratifico-la-presencia-de-iran-en-el-mundial-2026-y-jugara-en-estados-unidos\/\",\"name\":\"La FIFA ratific\u00f3 la presencia de Ir\u00e1n en el Mundial 2026 y jugar\u00e1 en Estados Unidos - Noticias Radio Reflejos\",\"isPartOf\":{\"@id\":\"https:\/\/www.noticiasradioreflejos.com.ar\/2021\/#website\"},\"primaryImageOfPage\":{\"@id\":\"https:\/\/www.noticiasradioreflejos.com.ar\/2021\/la-fifa-ratifico-la-presencia-de-iran-en-el-mundial-2026-y-jugara-en-estados-unidos\/#primaryimage\"},\"image\":{\"@id\":\"https:\/\/www.noticiasradioreflejos.com.ar\/2021\/la-fifa-ratifico-la-presencia-de-iran-en-el-mundial-2026-y-jugara-en-estados-unidos\/#primaryimage\"},\"thumbnailUrl\":\"https:\/\/www.noticiasradioreflejos.com.ar\/2021\/wp-content\/uploads\/2026\/05\/FIFA.webp\",\"datePublished\":\"2026-05-01T15:23:44+00:00\",\"author\":{\"@id\":\"https:\/\/www.noticiasradioreflejos.com.ar\/2021\/#\/schema\/person\/ad82545263dcc5ec0996818884fd5fb1\"},\"breadcrumb\":{\"@id\":\"https:\/\/www.noticiasradioreflejos.com.ar\/2021\/la-fifa-ratifico-la-presencia-de-iran-en-el-mundial-2026-y-jugara-en-estados-unidos\/#breadcrumb\"},\"inLanguage\":\"es\",\"potentialAction\":[{\"@type\":\"ReadAction\",\"target\":[\"https:\/\/www.noticiasradioreflejos.com.ar\/2021\/la-fifa-ratifico-la-presencia-de-iran-en-el-mundial-2026-y-jugara-en-estados-unidos\/\"]}]},{\"@type\":\"ImageObject\",\"inLanguage\":\"es\",\"@id\":\"https:\/\/www.noticiasradioreflejos.com.ar\/2021\/la-fifa-ratifico-la-presencia-de-iran-en-el-mundial-2026-y-jugara-en-estados-unidos\/#primaryimage\",\"url\":\"https:\/\/www.noticiasradioreflejos.com.ar\/2021\/wp-content\/uploads\/2026\/05\/FIFA.webp\",\"contentUrl\":\"https:\/\/www.noticiasradioreflejos.com.ar\/2021\/wp-content\/uploads\/2026\/05\/FIFA.webp\",\"width\":1200,\"height\":675},{\"@type\":\"BreadcrumbList\",\"@id\":\"https:\/\/www.noticiasradioreflejos.com.ar\/2021\/la-fifa-ratifico-la-presencia-de-iran-en-el-mundial-2026-y-jugara-en-estados-unidos\/#breadcrumb\",\"itemListElement\":[{\"@type\":\"ListItem\",\"position\":1,\"name\":\"Portada\",\"item\":\"https:\/\/www.noticiasradioreflejos.com.ar\/2021\/\"},{\"@type\":\"ListItem\",\"position\":2,\"name\":\"La FIFA ratific\u00f3 la presencia de Ir\u00e1n en el Mundial 2026 y jugar\u00e1 en Estados Unidos\"}]},{\"@type\":\"WebSite\",\"@id\":\"https:\/\/www.noticiasradioreflejos.com.ar\/2021\/#website\",\"url\":\"https:\/\/www.noticiasradioreflejos.com.ar\/2021\/\",\"name\":\"Noticias Radio Reflejos\",\"description\":\"Las noticias de mi comarca\",\"potentialAction\":[{\"@type\":\"SearchAction\",\"target\":{\"@type\":\"EntryPoint\",\"urlTemplate\":\"https:\/\/www.noticiasradioreflejos.com.ar\/2021\/?s={search_term_string}\"},\"query-input\":{\"@type\":\"PropertyValueSpecification\",\"valueRequired\":true,\"valueName\":\"search_term_string\"}}],\"inLanguage\":\"es\"},{\"@type\":\"Person\",\"@id\":\"https:\/\/www.noticiasradioreflejos.com.ar\/2021\/#\/schema\/person\/ad82545263dcc5ec0996818884fd5fb1\",\"name\":\"Arnaldo Botto\",\"image\":{\"@type\":\"ImageObject\",\"inLanguage\":\"es\",\"@id\":\"https:\/\/www.noticiasradioreflejos.com.ar\/2021\/#\/schema\/person\/image\/\",\"url\":\"https:\/\/secure.gravatar.com\/avatar\/55cb5e37c1efa326397366e6974cb338056df65cb50e7d64d1cf314e87504837?s=96&d=mm&r=g\",\"contentUrl\":\"https:\/\/secure.gravatar.com\/avatar\/55cb5e37c1efa326397366e6974cb338056df65cb50e7d64d1cf314e87504837?s=96&d=mm&r=g\",\"caption\":\"Arnaldo Botto\"},\"url\":\"https:\/\/www.noticiasradioreflejos.com.ar\/2021\/author\/arnaldo\/\"}]}<\/script>\n<!-- \/ Yoast SEO plugin. -->","yoast_head_json":{"title":"La FIFA ratific\u00f3 la presencia de Ir\u00e1n en el Mundial 2026 y jugar\u00e1 en Estados Unidos - Noticias Radio Reflejos","robots":{"index":"index","follow":"follow","max-snippet":"max-snippet:-1","max-image-preview":"max-image-preview:large","max-video-preview":"max-video-preview:-1"},"canonical":"https:\/\/www.noticiasradioreflejos.com.ar\/2021\/la-fifa-ratifico-la-presencia-de-iran-en-el-mundial-2026-y-jugara-en-estados-unidos\/","og_locale":"es_ES","og_type":"article","og_title":"La FIFA ratific\u00f3 la presencia de Ir\u00e1n en el Mundial 2026 y jugar\u00e1 en Estados Unidos - Noticias Radio Reflejos","og_description":"Gianni Infantino despej\u00f3 las dudas sobre la participaci\u00f3n de Ir\u00e1n y afirm\u00f3 que primar\u00e1 el criterio deportivo por sobre los conflictos pol\u00edticos.","og_url":"https:\/\/www.noticiasradioreflejos.com.ar\/2021\/la-fifa-ratifico-la-presencia-de-iran-en-el-mundial-2026-y-jugara-en-estados-unidos\/","og_site_name":"Noticias Radio Reflejos","article_published_time":"2026-05-01T15:23:44+00:00","og_image":[{"width":1200,"height":675,"url":"https:\/\/www.noticiasradioreflejos.com.ar\/2021\/wp-content\/uploads\/2026\/05\/FIFA.webp","type":"image\/webp"}],"author":"Arnaldo Botto","twitter_card":"summary_large_image","schema":{"@context":"https:\/\/schema.org","@graph":[{"@type":"WebPage","@id":"https:\/\/www.noticiasradioreflejos.com.ar\/2021\/la-fifa-ratifico-la-presencia-de-iran-en-el-mundial-2026-y-jugara-en-estados-unidos\/","url":"https:\/\/www.noticiasradioreflejos.com.ar\/2021\/la-fifa-ratifico-la-presencia-de-iran-en-el-mundial-2026-y-jugara-en-estados-unidos\/","name":"La FIFA ratific\u00f3 la presencia de Ir\u00e1n en el Mundial 2026 y jugar\u00e1 en Estados Unidos - Noticias Radio Reflejos","isPartOf":{"@id":"https:\/\/www.noticiasradioreflejos.com.ar\/2021\/#website"},"primaryImageOfPage":{"@id":"https:\/\/www.noticiasradioreflejos.com.ar\/2021\/la-fifa-ratifico-la-presencia-de-iran-en-el-mundial-2026-y-jugara-en-estados-unidos\/#primaryimage"},"image":{"@id":"https:\/\/www.noticiasradioreflejos.com.ar\/2021\/la-fifa-ratifico-la-presencia-de-iran-en-el-mundial-2026-y-jugara-en-estados-unidos\/#primaryimage"},"thumbnailUrl":"https:\/\/www.noticiasradioreflejos.com.ar\/2021\/wp-content\/uploads\/2026\/05\/FIFA.webp","datePublished":"2026-05-01T15:23:44+00:00","author":{"@id":"https:\/\/www.noticiasradioreflejos.com.ar\/2021\/#\/schema\/person\/ad82545263dcc5ec0996818884fd5fb1"},"breadcrumb":{"@id":"https:\/\/www.noticiasradioreflejos.com.ar\/2021\/la-fifa-ratifico-la-presencia-de-iran-en-el-mundial-2026-y-jugara-en-estados-unidos\/#breadcrumb"},"inLanguage":"es","potentialAction":[{"@type":"ReadAction","target":["https:\/\/www.noticiasradioreflejos.com.ar\/2021\/la-fifa-ratifico-la-presencia-de-iran-en-el-mundial-2026-y-jugara-en-estados-unidos\/"]}]},{"@type":"ImageObject","inLanguage":"es","@id":"https:\/\/www.noticiasradioreflejos.com.ar\/2021\/la-fifa-ratifico-la-presencia-de-iran-en-el-mundial-2026-y-jugara-en-estados-unidos\/#primaryimage","url":"https:\/\/www.noticiasradioreflejos.com.ar\/2021\/wp-content\/uploads\/2026\/05\/FIFA.webp","contentUrl":"https:\/\/www.noticiasradioreflejos.com.ar\/2021\/wp-content\/uploads\/2026\/05\/FIFA.webp","width":1200,"height":675},{"@type":"BreadcrumbList","@id":"https:\/\/www.noticiasradioreflejos.com.ar\/2021\/la-fifa-ratifico-la-presencia-de-iran-en-el-mundial-2026-y-jugara-en-estados-unidos\/#breadcrumb","itemListElement":[{"@type":"ListItem","position":1,"name":"Portada","item":"https:\/\/www.noticiasradioreflejos.com.ar\/2021\/"},{"@type":"ListItem","position":2,"name":"La FIFA ratific\u00f3 la presencia de Ir\u00e1n en el Mundial 2026 y jugar\u00e1 en Estados Unidos"}]},{"@type":"WebSite","@id":"https:\/\/www.noticiasradioreflejos.com.ar\/2021\/#website","url":"https:\/\/www.noticiasradioreflejos.com.ar\/2021\/","name":"Noticias Radio Reflejos","description":"Las noticias de mi comarca","potentialAction":[{"@type":"SearchAction","target":{"@type":"EntryPoint","urlTemplate":"https:\/\/www.noticiasradioreflejos.com.ar\/2021\/?s={search_term_string}"},"query-input":{"@type":"PropertyValueSpecification","valueRequired":true,"valueName":"search_term_string"}}],"inLanguage":"es"},{"@type":"Person","@id":"https:\/\/www.noticiasradioreflejos.com.ar\/2021\/#\/schema\/person\/ad82545263dcc5ec0996818884fd5fb1","name":"Arnaldo Botto","image":{"@type":"ImageObject","inLanguage":"es","@id":"https:\/\/www.noticiasradioreflejos.com.ar\/2021\/#\/schema\/person\/image\/","url":"https:\/\/secure.gravatar.com\/avatar\/55cb5e37c1efa326397366e6974cb338056df65cb50e7d64d1cf314e87504837?s=96&d=mm&r=g","contentUrl":"https:\/\/secure.gravatar.com\/avatar\/55cb5e37c1efa326397366e6974cb338056df65cb50e7d64d1cf314e87504837?s=96&d=mm&r=g","caption":"Arnaldo Botto"},"url":"https:\/\/www.noticiasradioreflejos.com.ar\/2021\/author\/arnaldo\/"}]}},"_links":{"self":[{"href":"https:\/\/www.noticiasradioreflejos.com.ar\/2021\/wp-json\/wp\/v2\/posts\/136805","targetHints":{"allow":["GET"]}}],"collection":[{"href":"https:\/\/www.noticiasradioreflejos.com.ar\/2021\/wp-json\/wp\/v2\/posts"}],"about":[{"href":"https:\/\/www.noticiasradioreflejos.com.ar\/2021\/wp-json\/wp\/v2\/types\/post"}],"author":[{"embeddable":true,"href":"https:\/\/www.noticiasradioreflejos.com.ar\/2021\/wp-json\/wp\/v2\/users\/3"}],"replies":[{"embeddable":true,"href":"https:\/\/www.noticiasradioreflejos.com.ar\/2021\/wp-json\/wp\/v2\/comments?post=136805"}],"version-history":[{"count":1,"href":"https:\/\/www.noticiasradioreflejos.com.ar\/2021\/wp-json\/wp\/v2\/posts\/136805\/revisions"}],"predecessor-version":[{"id":136807,"href":"https:\/\/www.noticiasradioreflejos.com.ar\/2021\/wp-json\/wp\/v2\/posts\/136805\/revisions\/136807"}],"wp:featuredmedia":[{"embeddable":true,"href":"https:\/\/www.noticiasradioreflejos.com.ar\/2021\/wp-json\/wp\/v2\/media\/136806"}],"wp:attachment":[{"href":"https:\/\/www.noticiasradioreflejos.com.ar\/2021\/wp-json\/wp\/v2\/media?parent=136805"}],"wp:term":[{"taxonomy":"category","embeddable":true,"href":"https:\/\/www.noticiasradioreflejos.com.ar\/2021\/wp-json\/wp\/v2\/categories?post=136805"},{"taxonomy":"post_tag","embeddable":true,"href":"https:\/\/www.noticiasradioreflejos.com.ar\/2021\/wp-json\/wp\/v2\/tags?post=136805"}],"curies":[{"name":"wp","href":"https:\/\/api.w.org\/{rel}","templated":true}]}}