{"id":136793,"date":"2026-05-01T11:24:51","date_gmt":"2026-05-01T14:24:51","guid":{"rendered":"https:\/\/www.noticiasradioreflejos.com.ar\/2021\/?p=136793"},"modified":"2026-05-01T11:24:51","modified_gmt":"2026-05-01T14:24:51","slug":"la-justicia-absolvio-definitivamente-a-los-ex-concejales-cristian-raising-y-federico-labarthe","status":"publish","type":"post","link":"https:\/\/www.noticiasradioreflejos.com.ar\/2021\/la-justicia-absolvio-definitivamente-a-los-ex-concejales-cristian-raising-y-federico-labarthe\/","title":{"rendered":"La Justicia absolvi\u00f3 definitivamente a los ex concejales Cristian Raising y Federico Labarthe"},"content":{"rendered":"<p data-path-to-node=\"4\">Tras m\u00e1s de cuatro a\u00f1os de un proceso judicial que gener\u00f3 un fuerte impacto pol\u00edtico y social en el Distrito de Tornquist, los ex ediles de la Uni\u00f3n C\u00edvica Radical (UCR), <b data-path-to-node=\"4\" data-index-in-node=\"183\">Cristian Raising y Federico Labarthe<\/b>, han sido absueltos de manera definitiva. La resoluci\u00f3n judicial pone fin a la causa que los vinculaba err\u00f3neamente con el tr\u00e1fico de estupefacientes, desestimando las acusaciones impulsadas originalmente por la fiscal\u00eda.<!--more--><\/p>\n<p data-path-to-node=\"6\">El fallo llega luego de que la Justicia rechazara el pedido de elevaci\u00f3n a juicio formulado por el fiscal <b data-path-to-node=\"6\" data-index-in-node=\"106\">Mauricio Del Cero<\/b>. La resoluci\u00f3n ratifica la inocencia de ambos ex dirigentes, quienes en su momento ejerc\u00edan como presidente y vicepresidente del Concejo Deliberante. Con esta decisi\u00f3n, ambos quedan formalmente desvinculados del expediente, cerrando un cap\u00edtulo que, seg\u00fan los propios protagonistas, estuvo marcado por irregularidades procesales y un fuerte sesgo punitivo contra el cultivo con fines medicinales.<\/p>\n<h4 data-path-to-node=\"7\">Antecedentes y contexto del caso<\/h4>\n<p data-path-to-node=\"8\">El proceso se inici\u00f3 en <b data-path-to-node=\"8\" data-index-in-node=\"24\">marzo de 2020<\/b>, en un operativo de Gendarmer\u00eda Nacional que tuvo lugar en la sede local del <b data-path-to-node=\"8\" data-index-in-node=\"115\">Instituto Nacional de Tecnolog\u00eda Agropecuaria (INTA)<\/b> y en domicilios particulares.<\/p>\n<ul data-path-to-node=\"9\">\n<li>\n<p data-path-to-node=\"9,0,0\"><b data-path-to-node=\"9,0,0\" data-index-in-node=\"0\"><span class=\"citation-23\">El origen:<\/span><\/b><span class=\"citation-23 citation-end-23\"> Labarthe (quien tambi\u00e9n era titular de la agencia del INTA en Tornquist) y Raising fueron detenidos mientras retiraban plantas de cannabis de la sede del organismo.<\/span><\/p>\n<\/li>\n<li>\n<p data-path-to-node=\"9,1,0\"><b data-path-to-node=\"9,1,0\" data-index-in-node=\"0\">La defensa:<\/b> Desde el primer momento, los ex concejales y gran parte de la comunidad de Tornquist sostuvieron que el fin de dichas plantas era exclusivamente <b data-path-to-node=\"9,1,0\" data-index-in-node=\"157\">solidario y medicinal<\/b>, destinado a la elaboraci\u00f3n de aceite para m\u00e1s de 50 familias del distrito que padec\u00edan diversas patolog\u00edas.<\/p>\n<\/li>\n<li>\n<p data-path-to-node=\"9,2,0\"><b data-path-to-node=\"9,2,0\" data-index-in-node=\"0\">Apoyo social:<\/b> El caso dispar\u00f3 una movilizaci\u00f3n hist\u00f3rica en la localidad, donde vecinos y el propio intendente Sergio Bordoni manifestaron su respaldo a los dirigentes, denunciando que se estaba criminalizando una actividad de salud p\u00fablica ante la ausencia del Estado.<\/p>\n<\/li>\n<\/ul>\n<h3 data-path-to-node=\"10\">Un camino judicial de nulidades y sobreseimientos<\/h3>\n<p data-path-to-node=\"11\">A lo largo de estos a\u00f1os, la causa sufri\u00f3 varios reveses para la fiscal\u00eda:<\/p>\n<ol start=\"1\" data-path-to-node=\"12\">\n<li>\n<p data-path-to-node=\"12,0,0\"><b data-path-to-node=\"12,0,0\" data-index-in-node=\"0\">En 2021:<\/b> La jueza de Garant\u00edas de Bah\u00eda Blanca, <b data-path-to-node=\"12,0,0\" data-index-in-node=\"48\">Marisa Prom\u00e9<\/b>, dict\u00f3 un primer sobreseimiento al entender que no hab\u00eda fines comerciales, sino un uso medicinal sin afectaci\u00f3n al bien jur\u00eddico.<\/p>\n<\/li>\n<li>\n<p data-path-to-node=\"12,1,0\"><b data-path-to-node=\"12,1,0\" data-index-in-node=\"0\">En 2022:<\/b> La C\u00e1mara de Apelaciones lleg\u00f3 a declarar la <b data-path-to-node=\"12,1,0\" data-index-in-node=\"54\">nulidad de los allanamientos<\/b> realizados en el INTA, argumentando falta de pruebas sobre actividades sospechosas de narcotr\u00e1fico y la ausencia de identificaci\u00f3n del denunciante an\u00f3nimo.<\/p>\n<\/li>\n<li>\n<p data-path-to-node=\"12,2,0\"><b data-path-to-node=\"12,2,0\" data-index-in-node=\"0\">Resoluci\u00f3n Final:<\/b> Tras agotarse las instancias de apelaci\u00f3n por parte del Ministerio P\u00fablico Fiscal, la absoluci\u00f3n firme marca el cierre institucional de un conflicto que fue pionero en el debate nacional sobre la Ley de Cannabis Medicinal en Argentina.<\/p>\n<\/li>\n<\/ol>\n<blockquote data-path-to-node=\"13\">\n<p data-path-to-node=\"13,0\"><i data-path-to-node=\"13,0\" data-index-in-node=\"0\">\u00abSi bien est\u00e1bamos convencidos de que no hab\u00edamos cometido ning\u00fan delito, hasta que no est\u00e1 el papel son d\u00edas dif\u00edciles\u00bb<\/i>, hab\u00edan manifestado los protagonistas durante el proceso.<\/p>\n<\/blockquote>\n<p data-path-to-node=\"14\">Con este fallo, no solo se limpia el nombre de los ex concejales Raising y Labarthe, sino que se sienta un precedente judicial sobre la distinci\u00f3n entre el tr\u00e1fico de drogas y el cultivo solidario para fines terap\u00e9uticos en la regi\u00f3n.<\/p>\n<p data-path-to-node=\"16\"><strong><em>Fuentes: \u00c1rea de Comunicaci\u00f3n \/ Bloque UCR Tornquist\/ La Voz Tornquist<\/em><\/strong><\/p>\n<p><iframe loading=\"lazy\" class=\"scribd_iframe_embed\" tabindex=\"0\" title=\"Causa Raising Labarte\" src=\"https:\/\/www.scribd.com\/embeds\/1033618069\/content?start_page=1&amp;view_mode=scroll&amp;access_key=key-b0udrfW7eViCBbMmBzAz\" width=\"100%\" height=\"600\" frameborder=\"0\" scrolling=\"no\" data-auto-height=\"true\" data-aspect-ratio=\"0.707221350078493\"><\/iframe><\/p>\n<p style=\"margin: 12px auto 6px auto; font-family: Helvetica,Arial,Sans-serif; font-size: 14px; line-height: normal; display: block;\"><a style=\"color: #098642; text-decoration: underline;\" title=\"View Causa Raising Labarte on Scribd\" href=\"https:\/\/www.scribd.com\/document\/1033618069\/Causa-Raising-Labarte#from_embed\"> Causa Raising Labarte <\/a> by <a style=\"color: #098642; text-decoration: underline;\" title=\"View FM Reflejos Sierra de la Ventana's profile on Scribd\" href=\"https:\/\/www.scribd.com\/user\/128459674\/FM-Reflejos-Sierra-de-la-Ventana#from_embed\"> FM Reflejos Sierra de la Ventana <\/a><\/p>\n","protected":false},"excerpt":{"rendered":"<p>Tras m\u00e1s de cuatro a\u00f1os de un proceso judicial que gener\u00f3 un fuerte impacto pol\u00edtico y social en el Distrito de Tornquist, los ex ediles de la Uni\u00f3n C\u00edvica Radical (UCR), Cristian Raising y Federico Labarthe, han sido absueltos de manera definitiva. La resoluci\u00f3n judicial pone fin a la causa que los vinculaba err\u00f3neamente con [&hellip;]<\/p>\n","protected":false},"author":3,"featured_media":136803,"comment_status":"closed","ping_status":"closed","sticky":false,"template":"","format":"standard","meta":{"footnotes":""},"categories":[57],"tags":[48],"class_list":["post-136793","post","type-post","status-publish","format-standard","has-post-thumbnail","hentry","category-judiciales","tag-destacada"],"yoast_head":"<!-- This site is optimized with the Yoast SEO plugin v25.9 - https:\/\/yoast.com\/wordpress\/plugins\/seo\/ -->\n<title>La Justicia absolvi\u00f3 definitivamente a los ex concejales Cristian Raising y Federico Labarthe - Noticias Radio Reflejos<\/title>\n<meta name=\"robots\" content=\"index, follow, max-snippet:-1, max-image-preview:large, max-video-preview:-1\" \/>\n<link rel=\"canonical\" href=\"https:\/\/www.noticiasradioreflejos.com.ar\/2021\/la-justicia-absolvio-definitivamente-a-los-ex-concejales-cristian-raising-y-federico-labarthe\/\" \/>\n<meta property=\"og:locale\" content=\"es_ES\" \/>\n<meta property=\"og:type\" content=\"article\" \/>\n<meta property=\"og:title\" content=\"La Justicia absolvi\u00f3 definitivamente a los ex concejales Cristian Raising y Federico Labarthe - Noticias Radio Reflejos\" \/>\n<meta property=\"og:description\" content=\"Tras m\u00e1s de cuatro a\u00f1os de un proceso judicial que gener\u00f3 un fuerte impacto pol\u00edtico y social en el Distrito de Tornquist, los ex ediles de la Uni\u00f3n C\u00edvica Radical (UCR), Cristian Raising y Federico Labarthe, han sido absueltos de manera definitiva. La resoluci\u00f3n judicial pone fin a la causa que los vinculaba err\u00f3neamente con [&hellip;]\" \/>\n<meta property=\"og:url\" content=\"https:\/\/www.noticiasradioreflejos.com.ar\/2021\/la-justicia-absolvio-definitivamente-a-los-ex-concejales-cristian-raising-y-federico-labarthe\/\" \/>\n<meta property=\"og:site_name\" content=\"Noticias Radio Reflejos\" \/>\n<meta property=\"article:published_time\" content=\"2026-05-01T14:24:51+00:00\" \/>\n<meta property=\"og:image\" content=\"https:\/\/www.noticiasradioreflejos.com.ar\/2021\/wp-content\/uploads\/2026\/05\/raisingylabarthe-1.jpg\" \/>\n\t<meta property=\"og:image:width\" content=\"1000\" \/>\n\t<meta property=\"og:image:height\" content=\"600\" \/>\n\t<meta property=\"og:image:type\" content=\"image\/jpeg\" \/>\n<meta name=\"author\" content=\"Arnaldo Botto\" \/>\n<meta name=\"twitter:card\" content=\"summary_large_image\" \/>\n<script type=\"application\/ld+json\" class=\"yoast-schema-graph\">{\"@context\":\"https:\/\/schema.org\",\"@graph\":[{\"@type\":\"WebPage\",\"@id\":\"https:\/\/www.noticiasradioreflejos.com.ar\/2021\/la-justicia-absolvio-definitivamente-a-los-ex-concejales-cristian-raising-y-federico-labarthe\/\",\"url\":\"https:\/\/www.noticiasradioreflejos.com.ar\/2021\/la-justicia-absolvio-definitivamente-a-los-ex-concejales-cristian-raising-y-federico-labarthe\/\",\"name\":\"La Justicia absolvi\u00f3 definitivamente a los ex concejales Cristian Raising y Federico Labarthe - Noticias Radio Reflejos\",\"isPartOf\":{\"@id\":\"https:\/\/www.noticiasradioreflejos.com.ar\/2021\/#website\"},\"primaryImageOfPage\":{\"@id\":\"https:\/\/www.noticiasradioreflejos.com.ar\/2021\/la-justicia-absolvio-definitivamente-a-los-ex-concejales-cristian-raising-y-federico-labarthe\/#primaryimage\"},\"image\":{\"@id\":\"https:\/\/www.noticiasradioreflejos.com.ar\/2021\/la-justicia-absolvio-definitivamente-a-los-ex-concejales-cristian-raising-y-federico-labarthe\/#primaryimage\"},\"thumbnailUrl\":\"https:\/\/www.noticiasradioreflejos.com.ar\/2021\/wp-content\/uploads\/2026\/05\/raisingylabarthe-1.jpg\",\"datePublished\":\"2026-05-01T14:24:51+00:00\",\"author\":{\"@id\":\"https:\/\/www.noticiasradioreflejos.com.ar\/2021\/#\/schema\/person\/ad82545263dcc5ec0996818884fd5fb1\"},\"breadcrumb\":{\"@id\":\"https:\/\/www.noticiasradioreflejos.com.ar\/2021\/la-justicia-absolvio-definitivamente-a-los-ex-concejales-cristian-raising-y-federico-labarthe\/#breadcrumb\"},\"inLanguage\":\"es\",\"potentialAction\":[{\"@type\":\"ReadAction\",\"target\":[\"https:\/\/www.noticiasradioreflejos.com.ar\/2021\/la-justicia-absolvio-definitivamente-a-los-ex-concejales-cristian-raising-y-federico-labarthe\/\"]}]},{\"@type\":\"ImageObject\",\"inLanguage\":\"es\",\"@id\":\"https:\/\/www.noticiasradioreflejos.com.ar\/2021\/la-justicia-absolvio-definitivamente-a-los-ex-concejales-cristian-raising-y-federico-labarthe\/#primaryimage\",\"url\":\"https:\/\/www.noticiasradioreflejos.com.ar\/2021\/wp-content\/uploads\/2026\/05\/raisingylabarthe-1.jpg\",\"contentUrl\":\"https:\/\/www.noticiasradioreflejos.com.ar\/2021\/wp-content\/uploads\/2026\/05\/raisingylabarthe-1.jpg\",\"width\":1000,\"height\":600},{\"@type\":\"BreadcrumbList\",\"@id\":\"https:\/\/www.noticiasradioreflejos.com.ar\/2021\/la-justicia-absolvio-definitivamente-a-los-ex-concejales-cristian-raising-y-federico-labarthe\/#breadcrumb\",\"itemListElement\":[{\"@type\":\"ListItem\",\"position\":1,\"name\":\"Portada\",\"item\":\"https:\/\/www.noticiasradioreflejos.com.ar\/2021\/\"},{\"@type\":\"ListItem\",\"position\":2,\"name\":\"La Justicia absolvi\u00f3 definitivamente a los ex concejales Cristian Raising y Federico Labarthe\"}]},{\"@type\":\"WebSite\",\"@id\":\"https:\/\/www.noticiasradioreflejos.com.ar\/2021\/#website\",\"url\":\"https:\/\/www.noticiasradioreflejos.com.ar\/2021\/\",\"name\":\"Noticias Radio Reflejos\",\"description\":\"Las noticias de mi comarca\",\"potentialAction\":[{\"@type\":\"SearchAction\",\"target\":{\"@type\":\"EntryPoint\",\"urlTemplate\":\"https:\/\/www.noticiasradioreflejos.com.ar\/2021\/?s={search_term_string}\"},\"query-input\":{\"@type\":\"PropertyValueSpecification\",\"valueRequired\":true,\"valueName\":\"search_term_string\"}}],\"inLanguage\":\"es\"},{\"@type\":\"Person\",\"@id\":\"https:\/\/www.noticiasradioreflejos.com.ar\/2021\/#\/schema\/person\/ad82545263dcc5ec0996818884fd5fb1\",\"name\":\"Arnaldo Botto\",\"image\":{\"@type\":\"ImageObject\",\"inLanguage\":\"es\",\"@id\":\"https:\/\/www.noticiasradioreflejos.com.ar\/2021\/#\/schema\/person\/image\/\",\"url\":\"https:\/\/secure.gravatar.com\/avatar\/55cb5e37c1efa326397366e6974cb338056df65cb50e7d64d1cf314e87504837?s=96&d=mm&r=g\",\"contentUrl\":\"https:\/\/secure.gravatar.com\/avatar\/55cb5e37c1efa326397366e6974cb338056df65cb50e7d64d1cf314e87504837?s=96&d=mm&r=g\",\"caption\":\"Arnaldo Botto\"},\"url\":\"https:\/\/www.noticiasradioreflejos.com.ar\/2021\/author\/arnaldo\/\"}]}<\/script>\n<!-- \/ Yoast SEO plugin. -->","yoast_head_json":{"title":"La Justicia absolvi\u00f3 definitivamente a los ex concejales Cristian Raising y Federico Labarthe - Noticias Radio Reflejos","robots":{"index":"index","follow":"follow","max-snippet":"max-snippet:-1","max-image-preview":"max-image-preview:large","max-video-preview":"max-video-preview:-1"},"canonical":"https:\/\/www.noticiasradioreflejos.com.ar\/2021\/la-justicia-absolvio-definitivamente-a-los-ex-concejales-cristian-raising-y-federico-labarthe\/","og_locale":"es_ES","og_type":"article","og_title":"La Justicia absolvi\u00f3 definitivamente a los ex concejales Cristian Raising y Federico Labarthe - Noticias Radio Reflejos","og_description":"Tras m\u00e1s de cuatro a\u00f1os de un proceso judicial que gener\u00f3 un fuerte impacto pol\u00edtico y social en el Distrito de Tornquist, los ex ediles de la Uni\u00f3n C\u00edvica Radical (UCR), Cristian Raising y Federico Labarthe, han sido absueltos de manera definitiva. La resoluci\u00f3n judicial pone fin a la causa que los vinculaba err\u00f3neamente con [&hellip;]","og_url":"https:\/\/www.noticiasradioreflejos.com.ar\/2021\/la-justicia-absolvio-definitivamente-a-los-ex-concejales-cristian-raising-y-federico-labarthe\/","og_site_name":"Noticias Radio Reflejos","article_published_time":"2026-05-01T14:24:51+00:00","og_image":[{"width":1000,"height":600,"url":"https:\/\/www.noticiasradioreflejos.com.ar\/2021\/wp-content\/uploads\/2026\/05\/raisingylabarthe-1.jpg","type":"image\/jpeg"}],"author":"Arnaldo Botto","twitter_card":"summary_large_image","schema":{"@context":"https:\/\/schema.org","@graph":[{"@type":"WebPage","@id":"https:\/\/www.noticiasradioreflejos.com.ar\/2021\/la-justicia-absolvio-definitivamente-a-los-ex-concejales-cristian-raising-y-federico-labarthe\/","url":"https:\/\/www.noticiasradioreflejos.com.ar\/2021\/la-justicia-absolvio-definitivamente-a-los-ex-concejales-cristian-raising-y-federico-labarthe\/","name":"La Justicia absolvi\u00f3 definitivamente a los ex concejales Cristian Raising y Federico Labarthe - Noticias Radio Reflejos","isPartOf":{"@id":"https:\/\/www.noticiasradioreflejos.com.ar\/2021\/#website"},"primaryImageOfPage":{"@id":"https:\/\/www.noticiasradioreflejos.com.ar\/2021\/la-justicia-absolvio-definitivamente-a-los-ex-concejales-cristian-raising-y-federico-labarthe\/#primaryimage"},"image":{"@id":"https:\/\/www.noticiasradioreflejos.com.ar\/2021\/la-justicia-absolvio-definitivamente-a-los-ex-concejales-cristian-raising-y-federico-labarthe\/#primaryimage"},"thumbnailUrl":"https:\/\/www.noticiasradioreflejos.com.ar\/2021\/wp-content\/uploads\/2026\/05\/raisingylabarthe-1.jpg","datePublished":"2026-05-01T14:24:51+00:00","author":{"@id":"https:\/\/www.noticiasradioreflejos.com.ar\/2021\/#\/schema\/person\/ad82545263dcc5ec0996818884fd5fb1"},"breadcrumb":{"@id":"https:\/\/www.noticiasradioreflejos.com.ar\/2021\/la-justicia-absolvio-definitivamente-a-los-ex-concejales-cristian-raising-y-federico-labarthe\/#breadcrumb"},"inLanguage":"es","potentialAction":[{"@type":"ReadAction","target":["https:\/\/www.noticiasradioreflejos.com.ar\/2021\/la-justicia-absolvio-definitivamente-a-los-ex-concejales-cristian-raising-y-federico-labarthe\/"]}]},{"@type":"ImageObject","inLanguage":"es","@id":"https:\/\/www.noticiasradioreflejos.com.ar\/2021\/la-justicia-absolvio-definitivamente-a-los-ex-concejales-cristian-raising-y-federico-labarthe\/#primaryimage","url":"https:\/\/www.noticiasradioreflejos.com.ar\/2021\/wp-content\/uploads\/2026\/05\/raisingylabarthe-1.jpg","contentUrl":"https:\/\/www.noticiasradioreflejos.com.ar\/2021\/wp-content\/uploads\/2026\/05\/raisingylabarthe-1.jpg","width":1000,"height":600},{"@type":"BreadcrumbList","@id":"https:\/\/www.noticiasradioreflejos.com.ar\/2021\/la-justicia-absolvio-definitivamente-a-los-ex-concejales-cristian-raising-y-federico-labarthe\/#breadcrumb","itemListElement":[{"@type":"ListItem","position":1,"name":"Portada","item":"https:\/\/www.noticiasradioreflejos.com.ar\/2021\/"},{"@type":"ListItem","position":2,"name":"La Justicia absolvi\u00f3 definitivamente a los ex concejales Cristian Raising y Federico Labarthe"}]},{"@type":"WebSite","@id":"https:\/\/www.noticiasradioreflejos.com.ar\/2021\/#website","url":"https:\/\/www.noticiasradioreflejos.com.ar\/2021\/","name":"Noticias Radio Reflejos","description":"Las noticias de mi comarca","potentialAction":[{"@type":"SearchAction","target":{"@type":"EntryPoint","urlTemplate":"https:\/\/www.noticiasradioreflejos.com.ar\/2021\/?s={search_term_string}"},"query-input":{"@type":"PropertyValueSpecification","valueRequired":true,"valueName":"search_term_string"}}],"inLanguage":"es"},{"@type":"Person","@id":"https:\/\/www.noticiasradioreflejos.com.ar\/2021\/#\/schema\/person\/ad82545263dcc5ec0996818884fd5fb1","name":"Arnaldo Botto","image":{"@type":"ImageObject","inLanguage":"es","@id":"https:\/\/www.noticiasradioreflejos.com.ar\/2021\/#\/schema\/person\/image\/","url":"https:\/\/secure.gravatar.com\/avatar\/55cb5e37c1efa326397366e6974cb338056df65cb50e7d64d1cf314e87504837?s=96&d=mm&r=g","contentUrl":"https:\/\/secure.gravatar.com\/avatar\/55cb5e37c1efa326397366e6974cb338056df65cb50e7d64d1cf314e87504837?s=96&d=mm&r=g","caption":"Arnaldo Botto"},"url":"https:\/\/www.noticiasradioreflejos.com.ar\/2021\/author\/arnaldo\/"}]}},"_links":{"self":[{"href":"https:\/\/www.noticiasradioreflejos.com.ar\/2021\/wp-json\/wp\/v2\/posts\/136793","targetHints":{"allow":["GET"]}}],"collection":[{"href":"https:\/\/www.noticiasradioreflejos.com.ar\/2021\/wp-json\/wp\/v2\/posts"}],"about":[{"href":"https:\/\/www.noticiasradioreflejos.com.ar\/2021\/wp-json\/wp\/v2\/types\/post"}],"author":[{"embeddable":true,"href":"https:\/\/www.noticiasradioreflejos.com.ar\/2021\/wp-json\/wp\/v2\/users\/3"}],"replies":[{"embeddable":true,"href":"https:\/\/www.noticiasradioreflejos.com.ar\/2021\/wp-json\/wp\/v2\/comments?post=136793"}],"version-history":[{"count":1,"href":"https:\/\/www.noticiasradioreflejos.com.ar\/2021\/wp-json\/wp\/v2\/posts\/136793\/revisions"}],"predecessor-version":[{"id":136804,"href":"https:\/\/www.noticiasradioreflejos.com.ar\/2021\/wp-json\/wp\/v2\/posts\/136793\/revisions\/136804"}],"wp:featuredmedia":[{"embeddable":true,"href":"https:\/\/www.noticiasradioreflejos.com.ar\/2021\/wp-json\/wp\/v2\/media\/136803"}],"wp:attachment":[{"href":"https:\/\/www.noticiasradioreflejos.com.ar\/2021\/wp-json\/wp\/v2\/media?parent=136793"}],"wp:term":[{"taxonomy":"category","embeddable":true,"href":"https:\/\/www.noticiasradioreflejos.com.ar\/2021\/wp-json\/wp\/v2\/categories?post=136793"},{"taxonomy":"post_tag","embeddable":true,"href":"https:\/\/www.noticiasradioreflejos.com.ar\/2021\/wp-json\/wp\/v2\/tags?post=136793"}],"curies":[{"name":"wp","href":"https:\/\/api.w.org\/{rel}","templated":true}]}}