{"id":136787,"date":"2026-05-01T09:04:04","date_gmt":"2026-05-01T12:04:04","guid":{"rendered":"https:\/\/www.noticiasradioreflejos.com.ar\/2021\/?p=136787"},"modified":"2026-05-01T09:04:04","modified_gmt":"2026-05-01T12:04:04","slug":"y-los-120-000-millones-banfi-dijo-que-la-unica-instancia-que-queda-es-la-judicial","status":"publish","type":"post","link":"https:\/\/www.noticiasradioreflejos.com.ar\/2021\/y-los-120-000-millones-banfi-dijo-que-la-unica-instancia-que-queda-es-la-judicial\/","title":{"rendered":"\u00bfY los $120.000 millones?: Banfi dijo que la \u00fanica instancia que queda es la judicial"},"content":{"rendered":"<header>\n<h1 class=\"noticia__titular\"><span style=\"color: #333333; font-size: 15px;\">\u201cHay un abandono total a una pol\u00edtica que cre\u00f3 el propio presidente Milei\u201d, asever\u00f3 la diputada bahiense.<\/span><\/h1>\n<\/header>\n<p><!--more--><\/p>\n<div class=\"imagen-copete-container\">\n<div class=\"noticia__imagen\">\n<div class=\"noticia__thumb\"><\/div>\n<\/div>\n<\/div>\n<div class=\"noticia-main-container\">\n<div class=\"noticia__rrss flex items-center gap-6\">Ayer durante la exposici\u00f3n del informe de gesti\u00f3n del Jefe de Gabinete Manuel Adorni, <a href=\"https:\/\/frenteacano.com.ar\/no-sabe-no-responde-la-pregunta-de-karina-banfi-a-adorni-por-los-subsidios-a-bahienses-inundados\/\">la diputada nacional Karina Banfi pregunt\u00f3 sobre el fondo especial que cre\u00f3 por decreto\u00a0<\/a>el gobierno de Javier Milei para asistir a las y los bahienses tras la inundaci\u00f3n del 7 de marzo de 2025.<\/div>\n<div class=\"noticia__desarrollo\">\n<p>Seg\u00fan respondi\u00f3 Adorni, de los\u00a0<strong>$200.000 millones\u00a0<\/strong>que hab\u00eda destinado Naci\u00f3n, a trav\u00e9s del Suplemento \u00danico para la Reconstrucci\u00f3n (SUR) se efectivizaron 36.981 pagos, representando una erogaci\u00f3n total de\u00a0<strong>$82.604 millones<\/strong>.<\/p>\n<p>La pregunta que surge es\u00a0<strong>qu\u00e9 ocurri\u00f3 con los casi $120.000 millones que no se ejecutaron<\/strong>. Para eso, no hubo respuesta.<\/p>\n<p><em>\u201cLa instancia que nos queda, seg\u00fan la respuesta que me da el jefe de gabinete, es la judicial porque todos los plazos de los procedimientos administrativos han caducado\u201d, manifest\u00f3 esta ma\u00f1ana en di\u00e1logo con Radio Altos la legisladora bahiense.<\/em><\/p>\n<p>Banfi se mostr\u00f3 en contra de que un damnificado de la inundaci\u00f3n, despu\u00e9s de m\u00e1s de un a\u00f1o, tenga que recurrir a la justicia para reclamar por el subsidio que nunca cobr\u00f3: \u201cla gente no tiene ni tiempo, ni dinero, ni abogados; no hay litigaci\u00f3n sin gastos en el contencioso administrativo federal\u201d.<\/p>\n<p>En ese punto, sostuvo que\u00a0<strong>hay un abandono total del oficialismo a una pol\u00edtica que cre\u00f3 el propio presidente Javier Milei<\/strong>.<\/p>\n<p>Record\u00f3 que el Congreso de la Naci\u00f3n aprob\u00f3 una ley para asistir a Bah\u00eda Blanca tras la inundaci\u00f3n, que no fue acompa\u00f1ada por el bloque de La Libertad Avanza, y que luego de ser aprobada, fue vetada por el presidente.<\/p>\n<p>\u201cSi hubiese sido una ley quiz\u00e1s ten\u00edamos otro tipo de recursos para poder insistir. En este caso, al ser un decreto el que crea el fondo especial de asistencia, lo que nos responden es que tenemos que recurrir a la justicia\u201d, critic\u00f3.<\/p>\n<p>&nbsp;<\/p>\n<figure class=\"wp-block-embed is-type-video is-provider-youtube wp-block-embed-youtube wp-embed-aspect-16-9 wp-has-aspect-ratio\">\n<div class=\"wp-block-embed__wrapper\"><iframe loading=\"lazy\" title=\"Karina Banfi: &quot;Nos queda la instancia juidicial&quot;\" src=\"https:\/\/www.youtube.com\/embed\/p09oDDM51Tg?feature=oembed\" width=\"500\" height=\"281\" frameborder=\"0\" allowfullscreen=\"allowfullscreen\" data-mce-fragment=\"1\"><\/iframe><\/div>\n<\/figure>\n<p>&nbsp;<\/p>\n<p><strong>Los $120.000 millones que no se ejecutaron \u201cno se sabe d\u00f3nde est\u00e1n\u201d.\u00a0<\/strong>Pese a los cuatro pedidos que realiz\u00f3 al Ejecutivo la diputada, en ning\u00fan caso obtuvo respuesta.<\/p>\n<blockquote class=\"wp-block-quote is-layout-flow wp-block-quote-is-layout-flow\"><p>\u201cEl problema es que hay mucho novatismo en esta gesti\u00f3n. Esto lo hicieron a la bartola. No creo que se quisieran quedar con guita ni nada por el estilo. Yo creo que no tienen ni idea qu\u00e9 pasa despu\u00e9s de la General Paz. No tienen ni idea c\u00f3mo vive la gente en el interior\u201d, acus\u00f3.<\/p><\/blockquote>\n<p>Por eso, sostuvo que el Gobierno eligi\u00f3 un sistema para otorgar los subsidios que podr\u00eda funcionar en la Ciudad Aut\u00f3noma de Buenos Aires, pero no en Bah\u00eda Blanca donde, por ejemplo, mencion\u00f3 que hay personas que no tienen medidor de luz o que lo comparten. Vale recordar que para poder iniciar la solicitud se ped\u00eda el n\u00famero de medidor de energ\u00eda el\u00e9ctrica.<\/p>\n<p>\u201cNi siquiera depuraron el padr\u00f3n, ni siquiera verificaron direcciones y pusieron a una persona a llamar por tel\u00e9fono para ver si la persona que estaba anotada viv\u00eda o no viv\u00eda. Hay mecanismos para poder hacer esto bien, pero no los aplicaron\u201d, critic\u00f3.<\/p>\n<p>Por \u00faltimo, Banfi asegur\u00f3 que cada vez que pueda llevar\u00e1 el tema de Bah\u00eda Blanca al Congreso de la Naci\u00f3n. \u201cEs cierto que estoy sola. A m\u00ed me gustar\u00eda que me acompa\u00f1en los concejales, el intendente, los diputados. Ayer no estaban en las gradas reclamando\u201d, subray\u00f3.<\/p>\n<p><em>Frente a Cano<\/em><\/p>\n<\/div>\n<\/div>\n","protected":false},"excerpt":{"rendered":"<p>\u201cHay un abandono total a una pol\u00edtica que cre\u00f3 el propio presidente Milei\u201d, asever\u00f3 la diputada bahiense.<\/p>\n","protected":false},"author":3,"featured_media":136788,"comment_status":"closed","ping_status":"closed","sticky":false,"template":"","format":"standard","meta":{"footnotes":""},"categories":[24],"tags":[],"class_list":["post-136787","post","type-post","status-publish","format-standard","has-post-thumbnail","hentry","category-politica"],"yoast_head":"<!-- This site is optimized with the Yoast SEO plugin v25.9 - https:\/\/yoast.com\/wordpress\/plugins\/seo\/ -->\n<title>\u00bfY los $120.000 millones?: Banfi dijo que la \u00fanica instancia que queda es la judicial - Noticias Radio Reflejos<\/title>\n<meta name=\"robots\" content=\"index, follow, max-snippet:-1, max-image-preview:large, max-video-preview:-1\" \/>\n<link rel=\"canonical\" href=\"https:\/\/www.noticiasradioreflejos.com.ar\/2021\/y-los-120-000-millones-banfi-dijo-que-la-unica-instancia-que-queda-es-la-judicial\/\" \/>\n<meta property=\"og:locale\" content=\"es_ES\" \/>\n<meta property=\"og:type\" content=\"article\" \/>\n<meta property=\"og:title\" content=\"\u00bfY los $120.000 millones?: Banfi dijo que la \u00fanica instancia que queda es la judicial - Noticias Radio Reflejos\" \/>\n<meta property=\"og:description\" content=\"\u201cHay un abandono total a una pol\u00edtica que cre\u00f3 el propio presidente Milei\u201d, asever\u00f3 la diputada bahiense.\" \/>\n<meta property=\"og:url\" content=\"https:\/\/www.noticiasradioreflejos.com.ar\/2021\/y-los-120-000-millones-banfi-dijo-que-la-unica-instancia-que-queda-es-la-judicial\/\" \/>\n<meta property=\"og:site_name\" content=\"Noticias Radio Reflejos\" \/>\n<meta property=\"article:published_time\" content=\"2026-05-01T12:04:04+00:00\" \/>\n<meta property=\"og:image\" content=\"https:\/\/www.noticiasradioreflejos.com.ar\/2021\/wp-content\/uploads\/2026\/05\/Karina-Banfi-1568x1047-1.webp\" \/>\n\t<meta property=\"og:image:width\" content=\"1568\" \/>\n\t<meta property=\"og:image:height\" content=\"1047\" \/>\n\t<meta property=\"og:image:type\" content=\"image\/webp\" \/>\n<meta name=\"author\" content=\"Arnaldo Botto\" \/>\n<meta name=\"twitter:card\" content=\"summary_large_image\" \/>\n<script type=\"application\/ld+json\" class=\"yoast-schema-graph\">{\"@context\":\"https:\/\/schema.org\",\"@graph\":[{\"@type\":\"WebPage\",\"@id\":\"https:\/\/www.noticiasradioreflejos.com.ar\/2021\/y-los-120-000-millones-banfi-dijo-que-la-unica-instancia-que-queda-es-la-judicial\/\",\"url\":\"https:\/\/www.noticiasradioreflejos.com.ar\/2021\/y-los-120-000-millones-banfi-dijo-que-la-unica-instancia-que-queda-es-la-judicial\/\",\"name\":\"\u00bfY los $120.000 millones?: Banfi dijo que la \u00fanica instancia que queda es la judicial - Noticias Radio Reflejos\",\"isPartOf\":{\"@id\":\"https:\/\/www.noticiasradioreflejos.com.ar\/2021\/#website\"},\"primaryImageOfPage\":{\"@id\":\"https:\/\/www.noticiasradioreflejos.com.ar\/2021\/y-los-120-000-millones-banfi-dijo-que-la-unica-instancia-que-queda-es-la-judicial\/#primaryimage\"},\"image\":{\"@id\":\"https:\/\/www.noticiasradioreflejos.com.ar\/2021\/y-los-120-000-millones-banfi-dijo-que-la-unica-instancia-que-queda-es-la-judicial\/#primaryimage\"},\"thumbnailUrl\":\"https:\/\/www.noticiasradioreflejos.com.ar\/2021\/wp-content\/uploads\/2026\/05\/Karina-Banfi-1568x1047-1.webp\",\"datePublished\":\"2026-05-01T12:04:04+00:00\",\"author\":{\"@id\":\"https:\/\/www.noticiasradioreflejos.com.ar\/2021\/#\/schema\/person\/ad82545263dcc5ec0996818884fd5fb1\"},\"breadcrumb\":{\"@id\":\"https:\/\/www.noticiasradioreflejos.com.ar\/2021\/y-los-120-000-millones-banfi-dijo-que-la-unica-instancia-que-queda-es-la-judicial\/#breadcrumb\"},\"inLanguage\":\"es\",\"potentialAction\":[{\"@type\":\"ReadAction\",\"target\":[\"https:\/\/www.noticiasradioreflejos.com.ar\/2021\/y-los-120-000-millones-banfi-dijo-que-la-unica-instancia-que-queda-es-la-judicial\/\"]}]},{\"@type\":\"ImageObject\",\"inLanguage\":\"es\",\"@id\":\"https:\/\/www.noticiasradioreflejos.com.ar\/2021\/y-los-120-000-millones-banfi-dijo-que-la-unica-instancia-que-queda-es-la-judicial\/#primaryimage\",\"url\":\"https:\/\/www.noticiasradioreflejos.com.ar\/2021\/wp-content\/uploads\/2026\/05\/Karina-Banfi-1568x1047-1.webp\",\"contentUrl\":\"https:\/\/www.noticiasradioreflejos.com.ar\/2021\/wp-content\/uploads\/2026\/05\/Karina-Banfi-1568x1047-1.webp\",\"width\":1568,\"height\":1047},{\"@type\":\"BreadcrumbList\",\"@id\":\"https:\/\/www.noticiasradioreflejos.com.ar\/2021\/y-los-120-000-millones-banfi-dijo-que-la-unica-instancia-que-queda-es-la-judicial\/#breadcrumb\",\"itemListElement\":[{\"@type\":\"ListItem\",\"position\":1,\"name\":\"Portada\",\"item\":\"https:\/\/www.noticiasradioreflejos.com.ar\/2021\/\"},{\"@type\":\"ListItem\",\"position\":2,\"name\":\"\u00bfY los $120.000 millones?: Banfi dijo que la \u00fanica instancia que queda es la judicial\"}]},{\"@type\":\"WebSite\",\"@id\":\"https:\/\/www.noticiasradioreflejos.com.ar\/2021\/#website\",\"url\":\"https:\/\/www.noticiasradioreflejos.com.ar\/2021\/\",\"name\":\"Noticias Radio Reflejos\",\"description\":\"Las noticias de mi comarca\",\"potentialAction\":[{\"@type\":\"SearchAction\",\"target\":{\"@type\":\"EntryPoint\",\"urlTemplate\":\"https:\/\/www.noticiasradioreflejos.com.ar\/2021\/?s={search_term_string}\"},\"query-input\":{\"@type\":\"PropertyValueSpecification\",\"valueRequired\":true,\"valueName\":\"search_term_string\"}}],\"inLanguage\":\"es\"},{\"@type\":\"Person\",\"@id\":\"https:\/\/www.noticiasradioreflejos.com.ar\/2021\/#\/schema\/person\/ad82545263dcc5ec0996818884fd5fb1\",\"name\":\"Arnaldo Botto\",\"image\":{\"@type\":\"ImageObject\",\"inLanguage\":\"es\",\"@id\":\"https:\/\/www.noticiasradioreflejos.com.ar\/2021\/#\/schema\/person\/image\/\",\"url\":\"https:\/\/secure.gravatar.com\/avatar\/55cb5e37c1efa326397366e6974cb338056df65cb50e7d64d1cf314e87504837?s=96&d=mm&r=g\",\"contentUrl\":\"https:\/\/secure.gravatar.com\/avatar\/55cb5e37c1efa326397366e6974cb338056df65cb50e7d64d1cf314e87504837?s=96&d=mm&r=g\",\"caption\":\"Arnaldo Botto\"},\"url\":\"https:\/\/www.noticiasradioreflejos.com.ar\/2021\/author\/arnaldo\/\"}]}<\/script>\n<!-- \/ Yoast SEO plugin. -->","yoast_head_json":{"title":"\u00bfY los $120.000 millones?: Banfi dijo que la \u00fanica instancia que queda es la judicial - Noticias Radio Reflejos","robots":{"index":"index","follow":"follow","max-snippet":"max-snippet:-1","max-image-preview":"max-image-preview:large","max-video-preview":"max-video-preview:-1"},"canonical":"https:\/\/www.noticiasradioreflejos.com.ar\/2021\/y-los-120-000-millones-banfi-dijo-que-la-unica-instancia-que-queda-es-la-judicial\/","og_locale":"es_ES","og_type":"article","og_title":"\u00bfY los $120.000 millones?: Banfi dijo que la \u00fanica instancia que queda es la judicial - Noticias Radio Reflejos","og_description":"\u201cHay un abandono total a una pol\u00edtica que cre\u00f3 el propio presidente Milei\u201d, asever\u00f3 la diputada bahiense.","og_url":"https:\/\/www.noticiasradioreflejos.com.ar\/2021\/y-los-120-000-millones-banfi-dijo-que-la-unica-instancia-que-queda-es-la-judicial\/","og_site_name":"Noticias Radio Reflejos","article_published_time":"2026-05-01T12:04:04+00:00","og_image":[{"width":1568,"height":1047,"url":"https:\/\/www.noticiasradioreflejos.com.ar\/2021\/wp-content\/uploads\/2026\/05\/Karina-Banfi-1568x1047-1.webp","type":"image\/webp"}],"author":"Arnaldo Botto","twitter_card":"summary_large_image","schema":{"@context":"https:\/\/schema.org","@graph":[{"@type":"WebPage","@id":"https:\/\/www.noticiasradioreflejos.com.ar\/2021\/y-los-120-000-millones-banfi-dijo-que-la-unica-instancia-que-queda-es-la-judicial\/","url":"https:\/\/www.noticiasradioreflejos.com.ar\/2021\/y-los-120-000-millones-banfi-dijo-que-la-unica-instancia-que-queda-es-la-judicial\/","name":"\u00bfY los $120.000 millones?: Banfi dijo que la \u00fanica instancia que queda es la judicial - Noticias Radio Reflejos","isPartOf":{"@id":"https:\/\/www.noticiasradioreflejos.com.ar\/2021\/#website"},"primaryImageOfPage":{"@id":"https:\/\/www.noticiasradioreflejos.com.ar\/2021\/y-los-120-000-millones-banfi-dijo-que-la-unica-instancia-que-queda-es-la-judicial\/#primaryimage"},"image":{"@id":"https:\/\/www.noticiasradioreflejos.com.ar\/2021\/y-los-120-000-millones-banfi-dijo-que-la-unica-instancia-que-queda-es-la-judicial\/#primaryimage"},"thumbnailUrl":"https:\/\/www.noticiasradioreflejos.com.ar\/2021\/wp-content\/uploads\/2026\/05\/Karina-Banfi-1568x1047-1.webp","datePublished":"2026-05-01T12:04:04+00:00","author":{"@id":"https:\/\/www.noticiasradioreflejos.com.ar\/2021\/#\/schema\/person\/ad82545263dcc5ec0996818884fd5fb1"},"breadcrumb":{"@id":"https:\/\/www.noticiasradioreflejos.com.ar\/2021\/y-los-120-000-millones-banfi-dijo-que-la-unica-instancia-que-queda-es-la-judicial\/#breadcrumb"},"inLanguage":"es","potentialAction":[{"@type":"ReadAction","target":["https:\/\/www.noticiasradioreflejos.com.ar\/2021\/y-los-120-000-millones-banfi-dijo-que-la-unica-instancia-que-queda-es-la-judicial\/"]}]},{"@type":"ImageObject","inLanguage":"es","@id":"https:\/\/www.noticiasradioreflejos.com.ar\/2021\/y-los-120-000-millones-banfi-dijo-que-la-unica-instancia-que-queda-es-la-judicial\/#primaryimage","url":"https:\/\/www.noticiasradioreflejos.com.ar\/2021\/wp-content\/uploads\/2026\/05\/Karina-Banfi-1568x1047-1.webp","contentUrl":"https:\/\/www.noticiasradioreflejos.com.ar\/2021\/wp-content\/uploads\/2026\/05\/Karina-Banfi-1568x1047-1.webp","width":1568,"height":1047},{"@type":"BreadcrumbList","@id":"https:\/\/www.noticiasradioreflejos.com.ar\/2021\/y-los-120-000-millones-banfi-dijo-que-la-unica-instancia-que-queda-es-la-judicial\/#breadcrumb","itemListElement":[{"@type":"ListItem","position":1,"name":"Portada","item":"https:\/\/www.noticiasradioreflejos.com.ar\/2021\/"},{"@type":"ListItem","position":2,"name":"\u00bfY los $120.000 millones?: Banfi dijo que la \u00fanica instancia que queda es la judicial"}]},{"@type":"WebSite","@id":"https:\/\/www.noticiasradioreflejos.com.ar\/2021\/#website","url":"https:\/\/www.noticiasradioreflejos.com.ar\/2021\/","name":"Noticias Radio Reflejos","description":"Las noticias de mi comarca","potentialAction":[{"@type":"SearchAction","target":{"@type":"EntryPoint","urlTemplate":"https:\/\/www.noticiasradioreflejos.com.ar\/2021\/?s={search_term_string}"},"query-input":{"@type":"PropertyValueSpecification","valueRequired":true,"valueName":"search_term_string"}}],"inLanguage":"es"},{"@type":"Person","@id":"https:\/\/www.noticiasradioreflejos.com.ar\/2021\/#\/schema\/person\/ad82545263dcc5ec0996818884fd5fb1","name":"Arnaldo Botto","image":{"@type":"ImageObject","inLanguage":"es","@id":"https:\/\/www.noticiasradioreflejos.com.ar\/2021\/#\/schema\/person\/image\/","url":"https:\/\/secure.gravatar.com\/avatar\/55cb5e37c1efa326397366e6974cb338056df65cb50e7d64d1cf314e87504837?s=96&d=mm&r=g","contentUrl":"https:\/\/secure.gravatar.com\/avatar\/55cb5e37c1efa326397366e6974cb338056df65cb50e7d64d1cf314e87504837?s=96&d=mm&r=g","caption":"Arnaldo Botto"},"url":"https:\/\/www.noticiasradioreflejos.com.ar\/2021\/author\/arnaldo\/"}]}},"_links":{"self":[{"href":"https:\/\/www.noticiasradioreflejos.com.ar\/2021\/wp-json\/wp\/v2\/posts\/136787","targetHints":{"allow":["GET"]}}],"collection":[{"href":"https:\/\/www.noticiasradioreflejos.com.ar\/2021\/wp-json\/wp\/v2\/posts"}],"about":[{"href":"https:\/\/www.noticiasradioreflejos.com.ar\/2021\/wp-json\/wp\/v2\/types\/post"}],"author":[{"embeddable":true,"href":"https:\/\/www.noticiasradioreflejos.com.ar\/2021\/wp-json\/wp\/v2\/users\/3"}],"replies":[{"embeddable":true,"href":"https:\/\/www.noticiasradioreflejos.com.ar\/2021\/wp-json\/wp\/v2\/comments?post=136787"}],"version-history":[{"count":1,"href":"https:\/\/www.noticiasradioreflejos.com.ar\/2021\/wp-json\/wp\/v2\/posts\/136787\/revisions"}],"predecessor-version":[{"id":136789,"href":"https:\/\/www.noticiasradioreflejos.com.ar\/2021\/wp-json\/wp\/v2\/posts\/136787\/revisions\/136789"}],"wp:featuredmedia":[{"embeddable":true,"href":"https:\/\/www.noticiasradioreflejos.com.ar\/2021\/wp-json\/wp\/v2\/media\/136788"}],"wp:attachment":[{"href":"https:\/\/www.noticiasradioreflejos.com.ar\/2021\/wp-json\/wp\/v2\/media?parent=136787"}],"wp:term":[{"taxonomy":"category","embeddable":true,"href":"https:\/\/www.noticiasradioreflejos.com.ar\/2021\/wp-json\/wp\/v2\/categories?post=136787"},{"taxonomy":"post_tag","embeddable":true,"href":"https:\/\/www.noticiasradioreflejos.com.ar\/2021\/wp-json\/wp\/v2\/tags?post=136787"}],"curies":[{"name":"wp","href":"https:\/\/api.w.org\/{rel}","templated":true}]}}