{"id":136783,"date":"2026-05-01T09:00:15","date_gmt":"2026-05-01T12:00:15","guid":{"rendered":"https:\/\/www.noticiasradioreflejos.com.ar\/2021\/?p=136783"},"modified":"2026-05-01T09:00:51","modified_gmt":"2026-05-01T12:00:51","slug":"dia-del-trabajador-por-que-se-conmemora-el-1o-de-mayo-2","status":"publish","type":"post","link":"https:\/\/www.noticiasradioreflejos.com.ar\/2021\/dia-del-trabajador-por-que-se-conmemora-el-1o-de-mayo-2\/","title":{"rendered":"D\u00eda del trabajador: \u00bfpor qu\u00e9 se conmemora el 1\u00ba de mayo?"},"content":{"rendered":"<p>Este viernes se celebra en el mundo el d\u00eda del trabajador y del trabajo. La historia de los M\u00e1rtires de Chicago y el origen del movimiento obrero organizado moderno.<!--more-->El <strong>D\u00eda Internacional del Trabajador\u00a0<\/strong>se celebra el 1\u00b0 de mayo como recordatorio de las protestas que se dieron en esa fecha\u00a0en 1886,\u00a0en Chicago,\u00a0Estados Unidos.<\/p>\n<p>\u00bfPero qu\u00e9 se recuerda el 1 de mayo?\u00a0Los reclamos de los trabajadores\u00a0para establecer\u00a0una jornada laboral de 8 horas\u00a0se pusieron de manifiesto en huelgas y movilizaciones callejeras que se extendieron hasta el 4 de mayo cuando se produjo la llamada\u00a0Revuelta de Haymarket.<\/p>\n<p class=\"article-text\">Esa movilizaci\u00f3n dej\u00f3 como saldo varios muertos, tanto de la polic\u00eda como de los manifestantes, y la detenci\u00f3n de decenas trabajadores, entre los cuales cinco fueron ejecutados.\u00a0<strong>De ah\u00ed que la fecha sea un homenaje a\u00a0Los M\u00e1rtires de Chicago.<\/strong><\/p>\n<p class=\"article-text\">Los reclamos apuntaban a las p\u00e9simas condiciones laborales que trajo la Revoluci\u00f3n Industrial en Gran Breta\u00f1a durante el siglo XVIII. De hecho, en 1884, en el cuarto congreso de la Federaci\u00f3n de Trabajadores de Estados Unidos y Canad\u00e1 se convoc\u00f3 a los obreros a reclamar por una jornada de ocho horas.<\/p>\n<p class=\"article-text\">El lema, que se repiti\u00f3 tambi\u00e9n en otros pa\u00edses, era: \u201cOcho horas para el trabajo, ocho para el sue\u00f1o y ocho para la casa\u201d. Por ese entonces, era habitual que los empleados tuvieran que cumplir con jornadas de 12, 16 y hasta 18 horas diarias.<\/p>\n<figure><picture class=\"news-image\"><source srcset=\"https:\/\/static.eldiario.es\/clip\/081006d8-e1a7-42b1-8103-cca0b0eaeeb1_source-aspect-ratio_50p_1116845.webp\" type=\"image\/webp\" media=\"(max-width: 576px)\" \/><source srcset=\"https:\/\/static.eldiario.es\/clip\/081006d8-e1a7-42b1-8103-cca0b0eaeeb1_source-aspect-ratio_50p_1116845.jpg\" type=\"image\/jpg\" media=\"(max-width: 576px)\" \/><source srcset=\"https:\/\/static.eldiario.es\/clip\/081006d8-e1a7-42b1-8103-cca0b0eaeeb1_source-aspect-ratio_75p_1116845.webp\" type=\"image\/webp\" media=\"(max-width: 767px)\" \/><source srcset=\"https:\/\/static.eldiario.es\/clip\/081006d8-e1a7-42b1-8103-cca0b0eaeeb1_source-aspect-ratio_75p_1116845.jpg\" type=\"image\/jpg\" media=\"(max-width: 767px)\" \/><source srcset=\"https:\/\/static.eldiario.es\/clip\/081006d8-e1a7-42b1-8103-cca0b0eaeeb1_source-aspect-ratio_default_1116845.webp\" type=\"image\/webp\" media=\"(min-width: 768px)\" \/><source srcset=\"https:\/\/static.eldiario.es\/clip\/081006d8-e1a7-42b1-8103-cca0b0eaeeb1_source-aspect-ratio_default_1116845.jpg\" type=\"image\/jpg\" media=\"(min-width: 768px)\" \/><source srcset=\"https:\/\/static.eldiario.es\/clip\/081006d8-e1a7-42b1-8103-cca0b0eaeeb1_source-aspect-ratio_default_1116845.webp\" type=\"image\/webp\" \/><img decoding=\"async\" class=\"lazy entered loaded\" src=\"https:\/\/static.eldiario.es\/clip\/081006d8-e1a7-42b1-8103-cca0b0eaeeb1_source-aspect-ratio_default_1116845.jpg\" alt=\"D\u00eda del trabajador: los m\u00e1rtires de Chicago\" data-src=\"https:\/\/static.eldiario.es\/clip\/081006d8-e1a7-42b1-8103-cca0b0eaeeb1_source-aspect-ratio_default_1116845.jpg\" data-ll-status=\"loaded\" \/><\/picture><figcaption class=\"image-footer\"><em><span class=\"title\">D\u00eda del trabajador: los m\u00e1rtires de Chicago<\/span><\/em><\/figcaption><\/figure>\n<p>&nbsp;<\/p>\n<p class=\"article-text\">Si bien en 1886, el presidente de Estados Unidos, Andrew Johnson, promulg\u00f3 la ley Ingersoll que estableci\u00f3 la jornada de ocho horas de trabajo diario, hubo varios estados y empleadores que la incumplieron.<\/p>\n<h2 class=\"article-text\">La masacre de Haymarket<\/h2>\n<p class=\"article-text\">Fue entonces, que diversas organizaciones laborales y sindicales de Chicago \u2013 en su mayor\u00eda compuestas por anarquistas, comunistas y socialistas- iniciaron una huelga el 1\u00ba de mayo de 1886 en la que participaron m\u00e1s de 80.000 trabajadores.<\/p>\n<p class=\"article-text\">Luego, el conflicto se fue extendiendo a otras ciudades de Estados Unidos y m\u00e1s de 400.000 obreros en 5000 huelgas simult\u00e1neas entraron en paro. En los d\u00edas posteriores hubo enfrentamientos entre los trabajadores y la polic\u00eda que culminaron con seis personas muertas por la represi\u00f3n policial el 3 de mayo en las puertas de la f\u00e1brica McCormick. El punto de inflexi\u00f3n lleg\u00f3 el 4 de mayo, d\u00eda conocido como\u00a0la masacre de Haymarket.<\/p>\n<p class=\"article-text\">En aquella jornada, una persona cuya identidad se desconoce, hizo explotar una bomba que alcanz\u00f3 a 67 polic\u00edas, siete de los cuales murieron. Las fuerzas de seguridad entonces respondieron con disparos de armas de fuego hacia los trabajadores, con el saldo de varios de ellos muertos y otros tantos heridos.<\/p>\n<figure><picture class=\"news-image\"><source srcset=\"https:\/\/static.eldiario.es\/clip\/155df00b-e93b-4db3-893f-b9a254f5a78f_16-9-discover-aspect-ratio_50p_0.webp\" type=\"image\/webp\" media=\"(max-width: 576px)\" \/><source srcset=\"https:\/\/static.eldiario.es\/clip\/155df00b-e93b-4db3-893f-b9a254f5a78f_16-9-discover-aspect-ratio_50p_0.jpg\" type=\"image\/jpg\" media=\"(max-width: 576px)\" \/><source srcset=\"https:\/\/static.eldiario.es\/clip\/155df00b-e93b-4db3-893f-b9a254f5a78f_16-9-discover-aspect-ratio_75p_0.webp\" type=\"image\/webp\" media=\"(max-width: 767px)\" \/><source srcset=\"https:\/\/static.eldiario.es\/clip\/155df00b-e93b-4db3-893f-b9a254f5a78f_16-9-discover-aspect-ratio_75p_0.jpg\" type=\"image\/jpg\" media=\"(max-width: 767px)\" \/><source srcset=\"https:\/\/static.eldiario.es\/clip\/155df00b-e93b-4db3-893f-b9a254f5a78f_16-9-discover-aspect-ratio_default_0.webp\" type=\"image\/webp\" media=\"(min-width: 768px)\" \/><source srcset=\"https:\/\/static.eldiario.es\/clip\/155df00b-e93b-4db3-893f-b9a254f5a78f_16-9-discover-aspect-ratio_default_0.jpg\" type=\"image\/jpg\" media=\"(min-width: 768px)\" \/><source srcset=\"https:\/\/static.eldiario.es\/clip\/155df00b-e93b-4db3-893f-b9a254f5a78f_16-9-discover-aspect-ratio_default_0.webp\" type=\"image\/webp\" \/><img decoding=\"async\" class=\"lazy entered loaded\" src=\"https:\/\/static.eldiario.es\/clip\/155df00b-e93b-4db3-893f-b9a254f5a78f_16-9-discover-aspect-ratio_default_0.jpg\" alt=\"D\u00eda del trabajador\" data-src=\"https:\/\/static.eldiario.es\/clip\/155df00b-e93b-4db3-893f-b9a254f5a78f_16-9-discover-aspect-ratio_default_0.jpg\" data-ll-status=\"loaded\" \/><\/picture><figcaption class=\"image-footer\"><span class=\"title\">D\u00eda del trabajador<\/span><\/figcaption><\/figure>\n<p class=\"article-text\">El gobierno declar\u00f3 el estado de sitio y el toque de queda; con esa medida los paros cesaron y en los d\u00edas siguientes las autoridades detuvieron a numerosos huelguistas.<\/p>\n<h2 class=\"article-text\">Los M\u00e1rtires de Chicago<\/h2>\n<p class=\"article-text\">El 21 de junio de 1886, comenz\u00f3 el juicio a 31 obreros acusados de haber sido los responsables del conflicto, de los que luego quedaron ocho. Todos condenados: dos a cadena perpetua, uno a 15 a\u00f1os de trabajos forzados y cinco a la muerte en la horca. Ellos se conocieron como Los M\u00e1rtires de Chicago.<\/p>\n<p class=\"article-text\">En 1887, el nuevo gobernador de Illinois, critic\u00f3 el juicio y perdon\u00f3 a los sindicalistas que se encontraban en prisi\u00f3n. En 1889, el congreso de Par\u00eds de la Segunda Internacional acord\u00f3 celebrar el D\u00eda Internacional del Trabajador el 1\u00b0 de mayo, para conmemorar a los \u201cM\u00e1rtires&#8230;\u201d.<\/p>\n<div id=\"container-after-news-outlook\"><\/div>\n<p class=\"article-text\">Parad\u00f3jicamente, en Canad\u00e1 y Estados Unidos, el D\u00eda del Trabajador no se conmemora el 1\u00b0 de mayo. Si bien ambos paises fueron determinantes en el reclamo que deriv\u00f3 en la popular fecha, all\u00ed tienen el Labor Day, que se celebra el primer lunes de septiembre.<\/p>\n<p class=\"article-text\"><em>fuente: NB<\/em><\/p>\n","protected":false},"excerpt":{"rendered":"<p>Este viernes se celebra en el mundo el d\u00eda del trabajador y del trabajo. La historia de los M\u00e1rtires de Chicago y el origen del movimiento obrero organizado moderno.<\/p>\n","protected":false},"author":3,"featured_media":136785,"comment_status":"closed","ping_status":"closed","sticky":false,"template":"","format":"standard","meta":{"footnotes":""},"categories":[35,26],"tags":[48],"class_list":["post-136783","post","type-post","status-publish","format-standard","has-post-thumbnail","hentry","category-cultura","category-sociedad","tag-destacada"],"yoast_head":"<!-- This site is optimized with the Yoast SEO plugin v25.9 - https:\/\/yoast.com\/wordpress\/plugins\/seo\/ -->\n<title>D\u00eda del trabajador: \u00bfpor qu\u00e9 se conmemora el 1\u00ba de mayo? - Noticias Radio Reflejos<\/title>\n<meta name=\"robots\" content=\"index, follow, max-snippet:-1, max-image-preview:large, max-video-preview:-1\" \/>\n<link rel=\"canonical\" href=\"https:\/\/www.noticiasradioreflejos.com.ar\/2021\/dia-del-trabajador-por-que-se-conmemora-el-1o-de-mayo-2\/\" \/>\n<meta property=\"og:locale\" content=\"es_ES\" \/>\n<meta property=\"og:type\" content=\"article\" \/>\n<meta property=\"og:title\" content=\"D\u00eda del trabajador: \u00bfpor qu\u00e9 se conmemora el 1\u00ba de mayo? - Noticias Radio Reflejos\" \/>\n<meta property=\"og:description\" content=\"Este viernes se celebra en el mundo el d\u00eda del trabajador y del trabajo. La historia de los M\u00e1rtires de Chicago y el origen del movimiento obrero organizado moderno.\" \/>\n<meta property=\"og:url\" content=\"https:\/\/www.noticiasradioreflejos.com.ar\/2021\/dia-del-trabajador-por-que-se-conmemora-el-1o-de-mayo-2\/\" \/>\n<meta property=\"og:site_name\" content=\"Noticias Radio Reflejos\" \/>\n<meta property=\"article:published_time\" content=\"2026-05-01T12:00:15+00:00\" \/>\n<meta property=\"article:modified_time\" content=\"2026-05-01T12:00:51+00:00\" \/>\n<meta property=\"og:image\" content=\"https:\/\/www.noticiasradioreflejos.com.ar\/2021\/wp-content\/uploads\/2026\/05\/Dia-del-Trabajo-1024x559.png\" \/>\n\t<meta property=\"og:image:width\" content=\"1024\" \/>\n\t<meta property=\"og:image:height\" content=\"559\" \/>\n\t<meta property=\"og:image:type\" content=\"image\/png\" \/>\n<meta name=\"author\" content=\"Arnaldo Botto\" \/>\n<meta name=\"twitter:card\" content=\"summary_large_image\" \/>\n<script type=\"application\/ld+json\" class=\"yoast-schema-graph\">{\"@context\":\"https:\/\/schema.org\",\"@graph\":[{\"@type\":\"WebPage\",\"@id\":\"https:\/\/www.noticiasradioreflejos.com.ar\/2021\/dia-del-trabajador-por-que-se-conmemora-el-1o-de-mayo-2\/\",\"url\":\"https:\/\/www.noticiasradioreflejos.com.ar\/2021\/dia-del-trabajador-por-que-se-conmemora-el-1o-de-mayo-2\/\",\"name\":\"D\u00eda del trabajador: \u00bfpor qu\u00e9 se conmemora el 1\u00ba de mayo? - Noticias Radio Reflejos\",\"isPartOf\":{\"@id\":\"https:\/\/www.noticiasradioreflejos.com.ar\/2021\/#website\"},\"primaryImageOfPage\":{\"@id\":\"https:\/\/www.noticiasradioreflejos.com.ar\/2021\/dia-del-trabajador-por-que-se-conmemora-el-1o-de-mayo-2\/#primaryimage\"},\"image\":{\"@id\":\"https:\/\/www.noticiasradioreflejos.com.ar\/2021\/dia-del-trabajador-por-que-se-conmemora-el-1o-de-mayo-2\/#primaryimage\"},\"thumbnailUrl\":\"https:\/\/www.noticiasradioreflejos.com.ar\/2021\/wp-content\/uploads\/2026\/05\/Dia-del-Trabajo-scaled.png\",\"datePublished\":\"2026-05-01T12:00:15+00:00\",\"dateModified\":\"2026-05-01T12:00:51+00:00\",\"author\":{\"@id\":\"https:\/\/www.noticiasradioreflejos.com.ar\/2021\/#\/schema\/person\/ad82545263dcc5ec0996818884fd5fb1\"},\"breadcrumb\":{\"@id\":\"https:\/\/www.noticiasradioreflejos.com.ar\/2021\/dia-del-trabajador-por-que-se-conmemora-el-1o-de-mayo-2\/#breadcrumb\"},\"inLanguage\":\"es\",\"potentialAction\":[{\"@type\":\"ReadAction\",\"target\":[\"https:\/\/www.noticiasradioreflejos.com.ar\/2021\/dia-del-trabajador-por-que-se-conmemora-el-1o-de-mayo-2\/\"]}]},{\"@type\":\"ImageObject\",\"inLanguage\":\"es\",\"@id\":\"https:\/\/www.noticiasradioreflejos.com.ar\/2021\/dia-del-trabajador-por-que-se-conmemora-el-1o-de-mayo-2\/#primaryimage\",\"url\":\"https:\/\/www.noticiasradioreflejos.com.ar\/2021\/wp-content\/uploads\/2026\/05\/Dia-del-Trabajo-scaled.png\",\"contentUrl\":\"https:\/\/www.noticiasradioreflejos.com.ar\/2021\/wp-content\/uploads\/2026\/05\/Dia-del-Trabajo-scaled.png\",\"width\":2560,\"height\":1396},{\"@type\":\"BreadcrumbList\",\"@id\":\"https:\/\/www.noticiasradioreflejos.com.ar\/2021\/dia-del-trabajador-por-que-se-conmemora-el-1o-de-mayo-2\/#breadcrumb\",\"itemListElement\":[{\"@type\":\"ListItem\",\"position\":1,\"name\":\"Portada\",\"item\":\"https:\/\/www.noticiasradioreflejos.com.ar\/2021\/\"},{\"@type\":\"ListItem\",\"position\":2,\"name\":\"D\u00eda del trabajador: \u00bfpor qu\u00e9 se conmemora el 1\u00ba de mayo?\"}]},{\"@type\":\"WebSite\",\"@id\":\"https:\/\/www.noticiasradioreflejos.com.ar\/2021\/#website\",\"url\":\"https:\/\/www.noticiasradioreflejos.com.ar\/2021\/\",\"name\":\"Noticias Radio Reflejos\",\"description\":\"Las noticias de mi comarca\",\"potentialAction\":[{\"@type\":\"SearchAction\",\"target\":{\"@type\":\"EntryPoint\",\"urlTemplate\":\"https:\/\/www.noticiasradioreflejos.com.ar\/2021\/?s={search_term_string}\"},\"query-input\":{\"@type\":\"PropertyValueSpecification\",\"valueRequired\":true,\"valueName\":\"search_term_string\"}}],\"inLanguage\":\"es\"},{\"@type\":\"Person\",\"@id\":\"https:\/\/www.noticiasradioreflejos.com.ar\/2021\/#\/schema\/person\/ad82545263dcc5ec0996818884fd5fb1\",\"name\":\"Arnaldo Botto\",\"image\":{\"@type\":\"ImageObject\",\"inLanguage\":\"es\",\"@id\":\"https:\/\/www.noticiasradioreflejos.com.ar\/2021\/#\/schema\/person\/image\/\",\"url\":\"https:\/\/secure.gravatar.com\/avatar\/55cb5e37c1efa326397366e6974cb338056df65cb50e7d64d1cf314e87504837?s=96&d=mm&r=g\",\"contentUrl\":\"https:\/\/secure.gravatar.com\/avatar\/55cb5e37c1efa326397366e6974cb338056df65cb50e7d64d1cf314e87504837?s=96&d=mm&r=g\",\"caption\":\"Arnaldo Botto\"},\"url\":\"https:\/\/www.noticiasradioreflejos.com.ar\/2021\/author\/arnaldo\/\"}]}<\/script>\n<!-- \/ Yoast SEO plugin. -->","yoast_head_json":{"title":"D\u00eda del trabajador: \u00bfpor qu\u00e9 se conmemora el 1\u00ba de mayo? - Noticias Radio Reflejos","robots":{"index":"index","follow":"follow","max-snippet":"max-snippet:-1","max-image-preview":"max-image-preview:large","max-video-preview":"max-video-preview:-1"},"canonical":"https:\/\/www.noticiasradioreflejos.com.ar\/2021\/dia-del-trabajador-por-que-se-conmemora-el-1o-de-mayo-2\/","og_locale":"es_ES","og_type":"article","og_title":"D\u00eda del trabajador: \u00bfpor qu\u00e9 se conmemora el 1\u00ba de mayo? - Noticias Radio Reflejos","og_description":"Este viernes se celebra en el mundo el d\u00eda del trabajador y del trabajo. La historia de los M\u00e1rtires de Chicago y el origen del movimiento obrero organizado moderno.","og_url":"https:\/\/www.noticiasradioreflejos.com.ar\/2021\/dia-del-trabajador-por-que-se-conmemora-el-1o-de-mayo-2\/","og_site_name":"Noticias Radio Reflejos","article_published_time":"2026-05-01T12:00:15+00:00","article_modified_time":"2026-05-01T12:00:51+00:00","og_image":[{"width":1024,"height":559,"url":"https:\/\/www.noticiasradioreflejos.com.ar\/2021\/wp-content\/uploads\/2026\/05\/Dia-del-Trabajo-1024x559.png","type":"image\/png"}],"author":"Arnaldo Botto","twitter_card":"summary_large_image","schema":{"@context":"https:\/\/schema.org","@graph":[{"@type":"WebPage","@id":"https:\/\/www.noticiasradioreflejos.com.ar\/2021\/dia-del-trabajador-por-que-se-conmemora-el-1o-de-mayo-2\/","url":"https:\/\/www.noticiasradioreflejos.com.ar\/2021\/dia-del-trabajador-por-que-se-conmemora-el-1o-de-mayo-2\/","name":"D\u00eda del trabajador: \u00bfpor qu\u00e9 se conmemora el 1\u00ba de mayo? - Noticias Radio Reflejos","isPartOf":{"@id":"https:\/\/www.noticiasradioreflejos.com.ar\/2021\/#website"},"primaryImageOfPage":{"@id":"https:\/\/www.noticiasradioreflejos.com.ar\/2021\/dia-del-trabajador-por-que-se-conmemora-el-1o-de-mayo-2\/#primaryimage"},"image":{"@id":"https:\/\/www.noticiasradioreflejos.com.ar\/2021\/dia-del-trabajador-por-que-se-conmemora-el-1o-de-mayo-2\/#primaryimage"},"thumbnailUrl":"https:\/\/www.noticiasradioreflejos.com.ar\/2021\/wp-content\/uploads\/2026\/05\/Dia-del-Trabajo-scaled.png","datePublished":"2026-05-01T12:00:15+00:00","dateModified":"2026-05-01T12:00:51+00:00","author":{"@id":"https:\/\/www.noticiasradioreflejos.com.ar\/2021\/#\/schema\/person\/ad82545263dcc5ec0996818884fd5fb1"},"breadcrumb":{"@id":"https:\/\/www.noticiasradioreflejos.com.ar\/2021\/dia-del-trabajador-por-que-se-conmemora-el-1o-de-mayo-2\/#breadcrumb"},"inLanguage":"es","potentialAction":[{"@type":"ReadAction","target":["https:\/\/www.noticiasradioreflejos.com.ar\/2021\/dia-del-trabajador-por-que-se-conmemora-el-1o-de-mayo-2\/"]}]},{"@type":"ImageObject","inLanguage":"es","@id":"https:\/\/www.noticiasradioreflejos.com.ar\/2021\/dia-del-trabajador-por-que-se-conmemora-el-1o-de-mayo-2\/#primaryimage","url":"https:\/\/www.noticiasradioreflejos.com.ar\/2021\/wp-content\/uploads\/2026\/05\/Dia-del-Trabajo-scaled.png","contentUrl":"https:\/\/www.noticiasradioreflejos.com.ar\/2021\/wp-content\/uploads\/2026\/05\/Dia-del-Trabajo-scaled.png","width":2560,"height":1396},{"@type":"BreadcrumbList","@id":"https:\/\/www.noticiasradioreflejos.com.ar\/2021\/dia-del-trabajador-por-que-se-conmemora-el-1o-de-mayo-2\/#breadcrumb","itemListElement":[{"@type":"ListItem","position":1,"name":"Portada","item":"https:\/\/www.noticiasradioreflejos.com.ar\/2021\/"},{"@type":"ListItem","position":2,"name":"D\u00eda del trabajador: \u00bfpor qu\u00e9 se conmemora el 1\u00ba de mayo?"}]},{"@type":"WebSite","@id":"https:\/\/www.noticiasradioreflejos.com.ar\/2021\/#website","url":"https:\/\/www.noticiasradioreflejos.com.ar\/2021\/","name":"Noticias Radio Reflejos","description":"Las noticias de mi comarca","potentialAction":[{"@type":"SearchAction","target":{"@type":"EntryPoint","urlTemplate":"https:\/\/www.noticiasradioreflejos.com.ar\/2021\/?s={search_term_string}"},"query-input":{"@type":"PropertyValueSpecification","valueRequired":true,"valueName":"search_term_string"}}],"inLanguage":"es"},{"@type":"Person","@id":"https:\/\/www.noticiasradioreflejos.com.ar\/2021\/#\/schema\/person\/ad82545263dcc5ec0996818884fd5fb1","name":"Arnaldo Botto","image":{"@type":"ImageObject","inLanguage":"es","@id":"https:\/\/www.noticiasradioreflejos.com.ar\/2021\/#\/schema\/person\/image\/","url":"https:\/\/secure.gravatar.com\/avatar\/55cb5e37c1efa326397366e6974cb338056df65cb50e7d64d1cf314e87504837?s=96&d=mm&r=g","contentUrl":"https:\/\/secure.gravatar.com\/avatar\/55cb5e37c1efa326397366e6974cb338056df65cb50e7d64d1cf314e87504837?s=96&d=mm&r=g","caption":"Arnaldo Botto"},"url":"https:\/\/www.noticiasradioreflejos.com.ar\/2021\/author\/arnaldo\/"}]}},"_links":{"self":[{"href":"https:\/\/www.noticiasradioreflejos.com.ar\/2021\/wp-json\/wp\/v2\/posts\/136783","targetHints":{"allow":["GET"]}}],"collection":[{"href":"https:\/\/www.noticiasradioreflejos.com.ar\/2021\/wp-json\/wp\/v2\/posts"}],"about":[{"href":"https:\/\/www.noticiasradioreflejos.com.ar\/2021\/wp-json\/wp\/v2\/types\/post"}],"author":[{"embeddable":true,"href":"https:\/\/www.noticiasradioreflejos.com.ar\/2021\/wp-json\/wp\/v2\/users\/3"}],"replies":[{"embeddable":true,"href":"https:\/\/www.noticiasradioreflejos.com.ar\/2021\/wp-json\/wp\/v2\/comments?post=136783"}],"version-history":[{"count":1,"href":"https:\/\/www.noticiasradioreflejos.com.ar\/2021\/wp-json\/wp\/v2\/posts\/136783\/revisions"}],"predecessor-version":[{"id":136786,"href":"https:\/\/www.noticiasradioreflejos.com.ar\/2021\/wp-json\/wp\/v2\/posts\/136783\/revisions\/136786"}],"wp:featuredmedia":[{"embeddable":true,"href":"https:\/\/www.noticiasradioreflejos.com.ar\/2021\/wp-json\/wp\/v2\/media\/136785"}],"wp:attachment":[{"href":"https:\/\/www.noticiasradioreflejos.com.ar\/2021\/wp-json\/wp\/v2\/media?parent=136783"}],"wp:term":[{"taxonomy":"category","embeddable":true,"href":"https:\/\/www.noticiasradioreflejos.com.ar\/2021\/wp-json\/wp\/v2\/categories?post=136783"},{"taxonomy":"post_tag","embeddable":true,"href":"https:\/\/www.noticiasradioreflejos.com.ar\/2021\/wp-json\/wp\/v2\/tags?post=136783"}],"curies":[{"name":"wp","href":"https:\/\/api.w.org\/{rel}","templated":true}]}}