{"id":136781,"date":"2026-05-01T08:41:34","date_gmt":"2026-05-01T11:41:34","guid":{"rendered":"https:\/\/www.noticiasradioreflejos.com.ar\/2021\/?p=136781"},"modified":"2026-05-01T08:41:34","modified_gmt":"2026-05-01T11:41:34","slug":"transporte-servicios-alquileres-y-prepagas-todos-los-rubros-que-suben-sus-precios-en-mayo","status":"publish","type":"post","link":"https:\/\/www.noticiasradioreflejos.com.ar\/2021\/transporte-servicios-alquileres-y-prepagas-todos-los-rubros-que-suben-sus-precios-en-mayo\/","title":{"rendered":"Transporte, servicios, alquileres y prepagas: todos los rubros que suben sus precios en mayo"},"content":{"rendered":"<p>Con el inicio del quinto mes del a\u00f1o entran en vigencia incrementos en diversos sectores.<!--more--><\/p>\n<div class=\"columns\" data-tadevel-template=\"web\/article-columns\">\n<div class=\"column-main\">\n<figure class=\"multimedia\" data-tadevel-template=\"web\/multimedia\" data-type=\"photo\">\n<div class=\"content\">\n<div class=\"sizer\" data-sizer=\"aspect-ratio\" data-tadevel-template=\"web\/aspect-ratio\"><\/div>\n<\/div>\n<\/figure>\n<div class=\"article-body\" data-tadevel-template=\"web\/article-body\">\n<div class=\"article-body-content\">\n<p>El comienzo de mayo, como sucede en cada mes,\u00a0<strong>trae aparejado la puesta en marcha de nuevos aumentos\u00a0<\/strong>en diferentes rubros que\u00a0<mark>impactar\u00e1n en la inflaci\u00f3n y en el bolsillo de los argentinos<\/mark>\u00a0en las pr\u00f3ximas semanas.<\/p>\n<p>En los \u00faltimos meses, la variaci\u00f3n de precios se fue acelerando y condicionando la expectativa gubernamental de que se retome la baja de la inflaci\u00f3n. En mayo, los incrementos en diferentes sectores continuar\u00e1n presionando el \u00cdndice de Precios al Consumidor (IPC), seg\u00fan pudo relevar la\u00a0<i><strong>Agencia Noticias Argentinas<\/strong><\/i>.<\/p>\n<h4>Alquileres<\/h4>\n<p>Los inquilinos que hayan firmado contratos regidos por la derogada ley que regulaba al mercado de alquileres, deber\u00e1n afrontar la actualizaci\u00f3n del \u00cdndice de Contratos de Locaci\u00f3n, que marca un\u00a0<strong>incremento anual de 32,05% para mayo.<\/strong><\/p>\n<p>De esta manera,\u00a0<mark>contin\u00faa con la desaceleraci\u00f3n<\/mark>\u00a0que viene experimentando hace varios meses. En abril el aumento de los alquileres fue de 31,22%, en marzo alcanz\u00f3 el 33,80%, en febrero el 34,6% y en enero fue de 36,39%.<\/p>\n<p>El descenso en lo que va del 2026 muestra una acentuaci\u00f3n respecto a las cifras del a\u00f1o pasado y de mediados del 2024, cuando empez\u00f3 el camino decreciente.<\/p>\n<h4>Transporte &#8211; Colectivos y subte<\/h4>\n<p>El boleto de los colectivos que circulan en la provincia y la Ciudad de Buenos Aires\u00a0<strong>vuelve a aumentar en mayo, en un 5,4%<\/strong>. De esta manera, el pasaje con SUBE\u00a0<strong>pasa a costar entre $753,74 y $1.259,07<\/strong>, dependiendo la cantidad de kil\u00f3metros recorridos y la jurisdicci\u00f3n. En el Gran La Plata la suba alcanzar\u00eda el 11% y el boleto costar\u00e1 entre $1.053 y $1.406.<\/p>\n<p>En tanto que el pasaje de subte en el territorio porte\u00f1o tambi\u00e9n exhibir\u00e1 un incremento del mismo orden. As\u00ed, la nueva tarifa del subte con SUBE registrada\u00a0<strong>pasa a costar $1.490<\/strong>. Mientras que el premetro alcanzar\u00e1 $521<\/p>\n<h4>Peajes<\/h4>\n<p>Las tarifas de los peajes de jurisdicci\u00f3n porte\u00f1a<strong>\u00a0tambi\u00e9n subir\u00e1n un 5,4% en mayo<\/strong>. Los nuevos valores para los veh\u00edculos livianos de 2 ejes en Autopista 25 de Mayo y Perito Moreno ser\u00e1n de $4.319,63 en hora no pico y de $6.121,62 en hora pico; en la Autopista Illia, Retiro II, Sarmiento y Salguero estar\u00e1n en $1.799,66 en hora no pico y $2.544,99 en hora pico; en tanto que en Alberti ser\u00e1n de $1.367,98 en hora no pico y de $1.727,70 en hora pico.<\/p>\n<h4>VTV en CABA<\/h4>\n<p>Las tarifas de la Verificaci\u00f3n T\u00e9cnica Vehicular (VTV) en la Ciudad de Buenos Aires\u00a0<strong>aumentan 28%.\u00a0<\/strong>Los nuevos precios para renovar la oblea y poder circular son $96.968,19 para los autos y $36.459,72 para las motos.<\/p>\n<h4>Combustibles<\/h4>\n<p>La nafta y el gasoil\u00a0<strong>subir\u00e1n en el quinto mes del a\u00f1o<\/strong>, producto de la\u00a0<a href=\"https:\/\/noticiasargentinas.com\/economia\/el-gobierno-aumento-parcialmente-los-impuestos-a-los-combustibles_a69f337e37825f88153a943be\">actualizaci\u00f3n parcial del impuesto a los combustibles<\/a>\u00a0l\u00edquidos y al di\u00f3xido de carbono. Al igual que viene sucediendo en las \u00faltimas semanas, el incremento ser\u00e1 aplicado directamente sin aviso previo.<\/p>\n<h4>Prepagas<\/h4>\n<p>Los planes de salud de las prepagas tendr\u00e1n una suba en el mes que\u00a0<strong>rondar\u00e1 entre el 3% y el 3,9%,<\/strong>\u00a0dependiendo de la empresa, el plan y la regi\u00f3n del pa\u00eds, en sinton\u00eda con la variaci\u00f3n general de los precios en los \u00faltimos meses.<\/p>\n<h4>Servicios p\u00fablicos<\/h4>\n<p>Las tarifas de servicios p\u00fablicos seguir\u00e1n con sus actualizaciones mensuales, en base a los esquemas respectivos vigentes. De esta manera, las facturas de electricidad, gas natural y agua\u00a0<strong>llegar\u00e1n con aumentos en mayo.<\/strong><\/p>\n<p>En el caso del agua, los usuarios del \u00c1rea Metropolitana de Buenos Aires (AMBA) afrontar\u00e1n un\u00a0<strong>incremento del 3%\u00a0<\/strong>en las tarifas de agua y desag\u00fces cloacales,\u00a0<mark>pasando a costar $29.967<\/mark>\u00a0en promedio.<\/p>\n<p title=\"__IP__\" data-ipspy=\"__IP__\">Al segmentarlos por niveles, la factura para el zonal alto ser\u00e1 de $35.325 en mayo, para el zonal medio la boleta subir\u00e1 a $32.081 y para el zonal bajo el costo del servicio se encarece a $25.777 en el quinto mes del a\u00f1o.<span data-nosnippet=\"\">__IP__<\/span><\/p>\n<h4>Telecomunicaciones<\/h4>\n<p>Las compa\u00f1\u00edas de telefon\u00eda celular y cable aplicar\u00e1n nuevos aumentos en mayo, que\u00a0<strong>rondan entre el 3,5% y 4,5%<\/strong>. De esta manera, contin\u00faan con las actualizaciones mensuales, tras la decisi\u00f3n del Gobierno de eliminar las regulaciones que limitaban los aumentos en las tarifas de internet, celulares y cable.<\/p>\n<p><a href=\"https:\/\/noticiasargentinas.com\/-agenciana_t6916e70a4551e78eb9423f59\">#AgenciaNA<\/a><\/p>\n<\/div>\n<\/div>\n<\/div>\n<\/div>\n<p>&nbsp;<\/p>\n","protected":false},"excerpt":{"rendered":"<p>Con el inicio del quinto mes del a\u00f1o entran en vigencia incrementos en diversos sectores.<\/p>\n","protected":false},"author":3,"featured_media":133261,"comment_status":"closed","ping_status":"closed","sticky":false,"template":"","format":"standard","meta":{"footnotes":""},"categories":[36],"tags":[],"class_list":["post-136781","post","type-post","status-publish","format-standard","has-post-thumbnail","hentry","category-economia"],"yoast_head":"<!-- This site is optimized with the Yoast SEO plugin v25.9 - https:\/\/yoast.com\/wordpress\/plugins\/seo\/ -->\n<title>Transporte, servicios, alquileres y prepagas: todos los rubros que suben sus precios en mayo - Noticias Radio Reflejos<\/title>\n<meta name=\"robots\" content=\"index, follow, max-snippet:-1, max-image-preview:large, max-video-preview:-1\" \/>\n<link rel=\"canonical\" href=\"https:\/\/www.noticiasradioreflejos.com.ar\/2021\/transporte-servicios-alquileres-y-prepagas-todos-los-rubros-que-suben-sus-precios-en-mayo\/\" \/>\n<meta property=\"og:locale\" content=\"es_ES\" \/>\n<meta property=\"og:type\" content=\"article\" \/>\n<meta property=\"og:title\" content=\"Transporte, servicios, alquileres y prepagas: todos los rubros que suben sus precios en mayo - Noticias Radio Reflejos\" \/>\n<meta property=\"og:description\" content=\"Con el inicio del quinto mes del a\u00f1o entran en vigencia incrementos en diversos sectores.\" \/>\n<meta property=\"og:url\" content=\"https:\/\/www.noticiasradioreflejos.com.ar\/2021\/transporte-servicios-alquileres-y-prepagas-todos-los-rubros-que-suben-sus-precios-en-mayo\/\" \/>\n<meta property=\"og:site_name\" content=\"Noticias Radio Reflejos\" \/>\n<meta property=\"article:published_time\" content=\"2026-05-01T11:41:34+00:00\" \/>\n<meta property=\"og:image\" content=\"https:\/\/www.noticiasradioreflejos.com.ar\/2021\/wp-content\/uploads\/2026\/02\/aumentos-luz-agua-gas.webp\" \/>\n\t<meta property=\"og:image:width\" content=\"1280\" \/>\n\t<meta property=\"og:image:height\" content=\"570\" \/>\n\t<meta property=\"og:image:type\" content=\"image\/webp\" \/>\n<meta name=\"author\" content=\"Arnaldo Botto\" \/>\n<meta name=\"twitter:card\" content=\"summary_large_image\" \/>\n<script type=\"application\/ld+json\" class=\"yoast-schema-graph\">{\"@context\":\"https:\/\/schema.org\",\"@graph\":[{\"@type\":\"WebPage\",\"@id\":\"https:\/\/www.noticiasradioreflejos.com.ar\/2021\/transporte-servicios-alquileres-y-prepagas-todos-los-rubros-que-suben-sus-precios-en-mayo\/\",\"url\":\"https:\/\/www.noticiasradioreflejos.com.ar\/2021\/transporte-servicios-alquileres-y-prepagas-todos-los-rubros-que-suben-sus-precios-en-mayo\/\",\"name\":\"Transporte, servicios, alquileres y prepagas: todos los rubros que suben sus precios en mayo - Noticias Radio Reflejos\",\"isPartOf\":{\"@id\":\"https:\/\/www.noticiasradioreflejos.com.ar\/2021\/#website\"},\"primaryImageOfPage\":{\"@id\":\"https:\/\/www.noticiasradioreflejos.com.ar\/2021\/transporte-servicios-alquileres-y-prepagas-todos-los-rubros-que-suben-sus-precios-en-mayo\/#primaryimage\"},\"image\":{\"@id\":\"https:\/\/www.noticiasradioreflejos.com.ar\/2021\/transporte-servicios-alquileres-y-prepagas-todos-los-rubros-que-suben-sus-precios-en-mayo\/#primaryimage\"},\"thumbnailUrl\":\"https:\/\/www.noticiasradioreflejos.com.ar\/2021\/wp-content\/uploads\/2026\/02\/aumentos-luz-agua-gas.webp\",\"datePublished\":\"2026-05-01T11:41:34+00:00\",\"author\":{\"@id\":\"https:\/\/www.noticiasradioreflejos.com.ar\/2021\/#\/schema\/person\/ad82545263dcc5ec0996818884fd5fb1\"},\"breadcrumb\":{\"@id\":\"https:\/\/www.noticiasradioreflejos.com.ar\/2021\/transporte-servicios-alquileres-y-prepagas-todos-los-rubros-que-suben-sus-precios-en-mayo\/#breadcrumb\"},\"inLanguage\":\"es\",\"potentialAction\":[{\"@type\":\"ReadAction\",\"target\":[\"https:\/\/www.noticiasradioreflejos.com.ar\/2021\/transporte-servicios-alquileres-y-prepagas-todos-los-rubros-que-suben-sus-precios-en-mayo\/\"]}]},{\"@type\":\"ImageObject\",\"inLanguage\":\"es\",\"@id\":\"https:\/\/www.noticiasradioreflejos.com.ar\/2021\/transporte-servicios-alquileres-y-prepagas-todos-los-rubros-que-suben-sus-precios-en-mayo\/#primaryimage\",\"url\":\"https:\/\/www.noticiasradioreflejos.com.ar\/2021\/wp-content\/uploads\/2026\/02\/aumentos-luz-agua-gas.webp\",\"contentUrl\":\"https:\/\/www.noticiasradioreflejos.com.ar\/2021\/wp-content\/uploads\/2026\/02\/aumentos-luz-agua-gas.webp\",\"width\":1280,\"height\":570},{\"@type\":\"BreadcrumbList\",\"@id\":\"https:\/\/www.noticiasradioreflejos.com.ar\/2021\/transporte-servicios-alquileres-y-prepagas-todos-los-rubros-que-suben-sus-precios-en-mayo\/#breadcrumb\",\"itemListElement\":[{\"@type\":\"ListItem\",\"position\":1,\"name\":\"Portada\",\"item\":\"https:\/\/www.noticiasradioreflejos.com.ar\/2021\/\"},{\"@type\":\"ListItem\",\"position\":2,\"name\":\"Transporte, servicios, alquileres y prepagas: todos los rubros que suben sus precios en mayo\"}]},{\"@type\":\"WebSite\",\"@id\":\"https:\/\/www.noticiasradioreflejos.com.ar\/2021\/#website\",\"url\":\"https:\/\/www.noticiasradioreflejos.com.ar\/2021\/\",\"name\":\"Noticias Radio Reflejos\",\"description\":\"Las noticias de mi comarca\",\"potentialAction\":[{\"@type\":\"SearchAction\",\"target\":{\"@type\":\"EntryPoint\",\"urlTemplate\":\"https:\/\/www.noticiasradioreflejos.com.ar\/2021\/?s={search_term_string}\"},\"query-input\":{\"@type\":\"PropertyValueSpecification\",\"valueRequired\":true,\"valueName\":\"search_term_string\"}}],\"inLanguage\":\"es\"},{\"@type\":\"Person\",\"@id\":\"https:\/\/www.noticiasradioreflejos.com.ar\/2021\/#\/schema\/person\/ad82545263dcc5ec0996818884fd5fb1\",\"name\":\"Arnaldo Botto\",\"image\":{\"@type\":\"ImageObject\",\"inLanguage\":\"es\",\"@id\":\"https:\/\/www.noticiasradioreflejos.com.ar\/2021\/#\/schema\/person\/image\/\",\"url\":\"https:\/\/secure.gravatar.com\/avatar\/55cb5e37c1efa326397366e6974cb338056df65cb50e7d64d1cf314e87504837?s=96&d=mm&r=g\",\"contentUrl\":\"https:\/\/secure.gravatar.com\/avatar\/55cb5e37c1efa326397366e6974cb338056df65cb50e7d64d1cf314e87504837?s=96&d=mm&r=g\",\"caption\":\"Arnaldo Botto\"},\"url\":\"https:\/\/www.noticiasradioreflejos.com.ar\/2021\/author\/arnaldo\/\"}]}<\/script>\n<!-- \/ Yoast SEO plugin. -->","yoast_head_json":{"title":"Transporte, servicios, alquileres y prepagas: todos los rubros que suben sus precios en mayo - Noticias Radio Reflejos","robots":{"index":"index","follow":"follow","max-snippet":"max-snippet:-1","max-image-preview":"max-image-preview:large","max-video-preview":"max-video-preview:-1"},"canonical":"https:\/\/www.noticiasradioreflejos.com.ar\/2021\/transporte-servicios-alquileres-y-prepagas-todos-los-rubros-que-suben-sus-precios-en-mayo\/","og_locale":"es_ES","og_type":"article","og_title":"Transporte, servicios, alquileres y prepagas: todos los rubros que suben sus precios en mayo - Noticias Radio Reflejos","og_description":"Con el inicio del quinto mes del a\u00f1o entran en vigencia incrementos en diversos sectores.","og_url":"https:\/\/www.noticiasradioreflejos.com.ar\/2021\/transporte-servicios-alquileres-y-prepagas-todos-los-rubros-que-suben-sus-precios-en-mayo\/","og_site_name":"Noticias Radio Reflejos","article_published_time":"2026-05-01T11:41:34+00:00","og_image":[{"width":1280,"height":570,"url":"https:\/\/www.noticiasradioreflejos.com.ar\/2021\/wp-content\/uploads\/2026\/02\/aumentos-luz-agua-gas.webp","type":"image\/webp"}],"author":"Arnaldo Botto","twitter_card":"summary_large_image","schema":{"@context":"https:\/\/schema.org","@graph":[{"@type":"WebPage","@id":"https:\/\/www.noticiasradioreflejos.com.ar\/2021\/transporte-servicios-alquileres-y-prepagas-todos-los-rubros-que-suben-sus-precios-en-mayo\/","url":"https:\/\/www.noticiasradioreflejos.com.ar\/2021\/transporte-servicios-alquileres-y-prepagas-todos-los-rubros-que-suben-sus-precios-en-mayo\/","name":"Transporte, servicios, alquileres y prepagas: todos los rubros que suben sus precios en mayo - Noticias Radio Reflejos","isPartOf":{"@id":"https:\/\/www.noticiasradioreflejos.com.ar\/2021\/#website"},"primaryImageOfPage":{"@id":"https:\/\/www.noticiasradioreflejos.com.ar\/2021\/transporte-servicios-alquileres-y-prepagas-todos-los-rubros-que-suben-sus-precios-en-mayo\/#primaryimage"},"image":{"@id":"https:\/\/www.noticiasradioreflejos.com.ar\/2021\/transporte-servicios-alquileres-y-prepagas-todos-los-rubros-que-suben-sus-precios-en-mayo\/#primaryimage"},"thumbnailUrl":"https:\/\/www.noticiasradioreflejos.com.ar\/2021\/wp-content\/uploads\/2026\/02\/aumentos-luz-agua-gas.webp","datePublished":"2026-05-01T11:41:34+00:00","author":{"@id":"https:\/\/www.noticiasradioreflejos.com.ar\/2021\/#\/schema\/person\/ad82545263dcc5ec0996818884fd5fb1"},"breadcrumb":{"@id":"https:\/\/www.noticiasradioreflejos.com.ar\/2021\/transporte-servicios-alquileres-y-prepagas-todos-los-rubros-que-suben-sus-precios-en-mayo\/#breadcrumb"},"inLanguage":"es","potentialAction":[{"@type":"ReadAction","target":["https:\/\/www.noticiasradioreflejos.com.ar\/2021\/transporte-servicios-alquileres-y-prepagas-todos-los-rubros-que-suben-sus-precios-en-mayo\/"]}]},{"@type":"ImageObject","inLanguage":"es","@id":"https:\/\/www.noticiasradioreflejos.com.ar\/2021\/transporte-servicios-alquileres-y-prepagas-todos-los-rubros-que-suben-sus-precios-en-mayo\/#primaryimage","url":"https:\/\/www.noticiasradioreflejos.com.ar\/2021\/wp-content\/uploads\/2026\/02\/aumentos-luz-agua-gas.webp","contentUrl":"https:\/\/www.noticiasradioreflejos.com.ar\/2021\/wp-content\/uploads\/2026\/02\/aumentos-luz-agua-gas.webp","width":1280,"height":570},{"@type":"BreadcrumbList","@id":"https:\/\/www.noticiasradioreflejos.com.ar\/2021\/transporte-servicios-alquileres-y-prepagas-todos-los-rubros-que-suben-sus-precios-en-mayo\/#breadcrumb","itemListElement":[{"@type":"ListItem","position":1,"name":"Portada","item":"https:\/\/www.noticiasradioreflejos.com.ar\/2021\/"},{"@type":"ListItem","position":2,"name":"Transporte, servicios, alquileres y prepagas: todos los rubros que suben sus precios en mayo"}]},{"@type":"WebSite","@id":"https:\/\/www.noticiasradioreflejos.com.ar\/2021\/#website","url":"https:\/\/www.noticiasradioreflejos.com.ar\/2021\/","name":"Noticias Radio Reflejos","description":"Las noticias de mi comarca","potentialAction":[{"@type":"SearchAction","target":{"@type":"EntryPoint","urlTemplate":"https:\/\/www.noticiasradioreflejos.com.ar\/2021\/?s={search_term_string}"},"query-input":{"@type":"PropertyValueSpecification","valueRequired":true,"valueName":"search_term_string"}}],"inLanguage":"es"},{"@type":"Person","@id":"https:\/\/www.noticiasradioreflejos.com.ar\/2021\/#\/schema\/person\/ad82545263dcc5ec0996818884fd5fb1","name":"Arnaldo Botto","image":{"@type":"ImageObject","inLanguage":"es","@id":"https:\/\/www.noticiasradioreflejos.com.ar\/2021\/#\/schema\/person\/image\/","url":"https:\/\/secure.gravatar.com\/avatar\/55cb5e37c1efa326397366e6974cb338056df65cb50e7d64d1cf314e87504837?s=96&d=mm&r=g","contentUrl":"https:\/\/secure.gravatar.com\/avatar\/55cb5e37c1efa326397366e6974cb338056df65cb50e7d64d1cf314e87504837?s=96&d=mm&r=g","caption":"Arnaldo Botto"},"url":"https:\/\/www.noticiasradioreflejos.com.ar\/2021\/author\/arnaldo\/"}]}},"_links":{"self":[{"href":"https:\/\/www.noticiasradioreflejos.com.ar\/2021\/wp-json\/wp\/v2\/posts\/136781","targetHints":{"allow":["GET"]}}],"collection":[{"href":"https:\/\/www.noticiasradioreflejos.com.ar\/2021\/wp-json\/wp\/v2\/posts"}],"about":[{"href":"https:\/\/www.noticiasradioreflejos.com.ar\/2021\/wp-json\/wp\/v2\/types\/post"}],"author":[{"embeddable":true,"href":"https:\/\/www.noticiasradioreflejos.com.ar\/2021\/wp-json\/wp\/v2\/users\/3"}],"replies":[{"embeddable":true,"href":"https:\/\/www.noticiasradioreflejos.com.ar\/2021\/wp-json\/wp\/v2\/comments?post=136781"}],"version-history":[{"count":1,"href":"https:\/\/www.noticiasradioreflejos.com.ar\/2021\/wp-json\/wp\/v2\/posts\/136781\/revisions"}],"predecessor-version":[{"id":136782,"href":"https:\/\/www.noticiasradioreflejos.com.ar\/2021\/wp-json\/wp\/v2\/posts\/136781\/revisions\/136782"}],"wp:featuredmedia":[{"embeddable":true,"href":"https:\/\/www.noticiasradioreflejos.com.ar\/2021\/wp-json\/wp\/v2\/media\/133261"}],"wp:attachment":[{"href":"https:\/\/www.noticiasradioreflejos.com.ar\/2021\/wp-json\/wp\/v2\/media?parent=136781"}],"wp:term":[{"taxonomy":"category","embeddable":true,"href":"https:\/\/www.noticiasradioreflejos.com.ar\/2021\/wp-json\/wp\/v2\/categories?post=136781"},{"taxonomy":"post_tag","embeddable":true,"href":"https:\/\/www.noticiasradioreflejos.com.ar\/2021\/wp-json\/wp\/v2\/tags?post=136781"}],"curies":[{"name":"wp","href":"https:\/\/api.w.org\/{rel}","templated":true}]}}