{"id":136769,"date":"2026-04-30T16:08:21","date_gmt":"2026-04-30T19:08:21","guid":{"rendered":"https:\/\/www.noticiasradioreflejos.com.ar\/2021\/?p=136769"},"modified":"2026-04-30T16:08:22","modified_gmt":"2026-04-30T19:08:22","slug":"vidas-en-riesgo-en-el-transporte-publico-se-reiteran-graves-hechos-en-colectivos-urbanos","status":"publish","type":"post","link":"https:\/\/www.noticiasradioreflejos.com.ar\/2021\/vidas-en-riesgo-en-el-transporte-publico-se-reiteran-graves-hechos-en-colectivos-urbanos\/","title":{"rendered":"Vidas en riesgo en el transporte p\u00fablico.  Se reiteran graves hechos en colectivos urbanos."},"content":{"rendered":"<p>El 12 de abril, una joven (31) muri\u00f3 en Villa Devoto (CABA), al bajar del colectivo de la l\u00ednea 134. Su mochila qued\u00f3 enganchada, al cerrarse la puerta mientras estaba bajando, y ella cay\u00f3 al asfalto. El chofer reanud\u00f3 la marcha sin ver lo que suced\u00eda, y la atropell\u00f3.<\/p>\n<p><!--more--><\/p>\n<p>D\u00edas despu\u00e9s, en Villa Fiorito (PBA) un nene (5) fue arrastrado por un colectivo 283, tras quedar enganchado en la puerta mientras descend\u00eda junto a su abuela.\u00a0 La puerta se cerr\u00f3 antes de tiempo y el chico qued\u00f3 atrapado por su mochila.<\/p>\n<p>El chofer no lo vio, arranc\u00f3 con el ni\u00f1o enganchado y lo arrastr\u00f3 varios metros sobre el asfalto. El ni\u00f1o sobrevivi\u00f3 con politraumatismos y quemaduras.La reacci\u00f3n de los lectores en redes sociales ante estas noticias, revel\u00f3 que estos hechos\u00a0<strong>son frecuentes. <\/strong><\/p>\n<p><strong>Y se suman a otros sufrimientos cotidianos de los usuarios.\u00a0<\/strong><\/p>\n<p><a href=\"https:\/\/www.noticiasradioreflejos.com.ar\/2021\/vidas-en-riesgo-en-el-transporte-publico-se-reiteran-graves-hechos-en-colectivos-urbanos\/unnamed-33\/\" rel=\"attachment wp-att-136771\"><img loading=\"lazy\" decoding=\"async\" class=\"aligncenter size-full wp-image-136771\" src=\"https:\/\/www.noticiasradioreflejos.com.ar\/2021\/wp-content\/uploads\/2026\/04\/unnamed-2.png\" alt=\"\" width=\"534\" height=\"300\" srcset=\"https:\/\/www.noticiasradioreflejos.com.ar\/2021\/wp-content\/uploads\/2026\/04\/unnamed-2.png 534w, https:\/\/www.noticiasradioreflejos.com.ar\/2021\/wp-content\/uploads\/2026\/04\/unnamed-2-300x169.png 300w\" sizes=\"auto, (max-width: 534px) 100vw, 534px\" \/><\/a><\/p>\n<p>De acuerdo a las 36.079<strong>\u00a0denuncias recibidas en 2025, de usuarios de l\u00edneas de colectivo por la CNRT<\/strong>\u00a0(Comisi\u00f3n Nacional de Regulaci\u00f3n del Transporte), durante 2025, de usuarios a l\u00edneas de colectivo, las que involucran a los choferes se concentran en cinco:<\/p>\n<ul>\n<li><strong>No respetar la parada<\/strong><\/li>\n<li><strong>Conducir de forma imprudente<\/strong><\/li>\n<li><strong>Trato desconsiderado<\/strong><\/li>\n<li><strong>Conducir usando el celular<\/strong><\/li>\n<li><strong>Conducir con exceso de velocidad<\/strong><\/li>\n<\/ul>\n<p>Estos choferes que causaron la muerte de una joven, y lesiones a un ni\u00f1o de 5 a\u00f1os, reanudaron la marcha sin verificar que el descenso haya finalizado por completo. \u00bfEstaban distra\u00eddos? \u00bfTal vez mirando el celular? \u00bfApurados?\u00a0 Resulta fundamental la atenci\u00f3n constante del chofer durante su recorrido y en el ascenso y descenso de pasajeros.\u00a0 Y la atenci\u00f3n de las empresas y autoridades para que su desempe\u00f1o no ponga en riesgo a las personas.<\/p>\n<h4><img decoding=\"async\" src=\"https:\/\/ci3.googleusercontent.com\/meips\/ADKq_NabtVj3NmBdgb6IKVLt6_zNYg6FSgmF_jQ1_0D8hraLsOtHl7WfTkLaFonCNO7M0PRGbbusLQ5ylrT9mn7RBuPZ78BNuPY5eSdr0MhE6gU4xF8wKBEFpXLoJ3K-uH3FlIEWJn4AbvytDHMxxvgQo3guLkHjfYsWO848s4WOao44a6gPLwM8cF2V_8zBHwTKilgvYd62IJ6WXkLUuca-bw=s0-d-e1-ft#https:\/\/bucket.mlcdn.com\/a\/487\/487743\/images\/b8a81d6cf213bf080dd0e121fab215d670f13bf7.jpeg\/b02cfc26d602548bb8e92b2d453d1c57e3073771.jpeg\" \/><\/h4>\n<h4><strong>Colectivos: un sistema de transporte p\u00fablico en crisis<\/strong><\/h4>\n<p>El sistema de transporte p\u00fablico automotor moviliza a 5.000.000 de pasajeros por d\u00eda en el AMBA (Ciudad de Buenos Aires y Gran Buenos Aires). Pero est\u00e1 en crisis desde hace a\u00f1os y los pasajeros son sus principales v\u00edctimas.<strong>\u00a0 \u00a0 \u00a0Sus unidades, sin contar los recortes m\u00e1s recientes por reclamos de aumentos y pagos de subsidios, vienen reduci\u00e9ndose<\/strong>: en marzo de 2026 circulaban 16.989 unidades en el AMBA, contra 19.348 en noviembre de 2019.\u00a0\u00a0<strong>Y los pasajeros sufren el impacto de un peor servicio<\/strong>:<strong>\u00a0frecuencias m\u00e1s espaciadas, con colectivos que vienen cargados, que no siempre se detienen en las paradas, y cuando lo hacen, apuran el arranque para compensar las demoras de un tr\u00e1nsito cada vez m\u00e1s complicado\u00a0<\/strong>de autom\u00f3viles, motocicletas, bicis y monopatines el\u00e9ctricos en menor medida, muchos de los cuales son la consecuencia del empeoramiento de servicios del transporte p\u00fablico de colectivos y trenes.No obstante, nada justifica poner en riesgo la vida de los pasajeros y los dem\u00e1s usuarios de la v\u00eda p\u00fablica.\u00a0<strong>Para lograr choferes profesionales seguros<\/strong>, es fundamental que\u00a0<strong>las empresas de transporte de pasajeros, y las autoridades nacionales y locales<\/strong>, realicen todas las\u00a0<strong>acciones necesarias de capacitaci\u00f3n, de contro<\/strong><strong>l y de sanciones a los infractores<\/strong>. Los choferes de colectivos, que diariamente trasladan a millones de personas, no deben ser causantes de siniestros viales.<\/p>\n<h4><img decoding=\"async\" src=\"https:\/\/ci3.googleusercontent.com\/meips\/ADKq_NaDNdrenU4RHYJ5At62IkP8-DsypCt8H1jU_QpnT1iv4ZTeqOVFgivE-9OmUAy1E2bEIPC5mbU7LM7BlesWOwL0R3XJMptu-hURS6chcRJ82--6hkxmvD2fmMw0UjoKn3fXZ-gasFE-u5e4sGW4JPzpDGr3IJpRT1RFiKIf3okhZ3Wfq1J9jkyW4zMl0nw8tRQ1OXHaHqoVsdhvvRkxNg=s0-d-e1-ft#https:\/\/bucket.mlcdn.com\/a\/487\/487743\/images\/fc400397dcba977550f137762e8cbacbd918148e.jpeg\/164a140ee4079320aefbc48bb25cdedc1fcb31c9.jpeg\" \/><\/h4>\n<h4>\u00bfSab\u00edas que pod\u00e9s reclamarle al chofer cuando est\u00e1 poniendo en riesgo tu vida?<\/h4>\n<p>El C\u00f3digo de Tr\u00e1nsito y Transporte de la Ciudad de Buenos Aires, la ley Nacional de Tr\u00e1nsito N\u00ba 24.449 (Art 54), a la cual adhiere la Provincia de Buenos Aires (Ley 13927), establecen las <strong>obligaciones de los choferes de colectivos<\/strong>.Se destacan:<\/p>\n<ul>\n<li><strong>Prohibido realizar aceleraciones o frenadas bruscas<\/strong>.<\/li>\n<li>En las paradas,<strong>\u00a0acercarse la vereda para el ascenso y descenso<\/strong>\u00a0<strong>de los pasajeros.<\/strong><\/li>\n<li><strong>No circular con las puertas del colectivo abiertas<\/strong>.<\/li>\n<li>No escuchar m\u00fasica ni radio.<\/li>\n<li><strong>No utilizar el celular ni realizar acciones que los distraigan de la conducci\u00f3n<\/strong>.<\/li>\n<li>Respetar todas las normas de tr\u00e1nsito.<\/li>\n<\/ul>\n<p>M\u00e1s all\u00e1 de la responsabilidad de las empresas en relaci\u00f3n con la calidad del servicio y la supervisi\u00f3n del cumplimiento de las normas de tr\u00e1nsito por parte de los choferes, y de las autoridades de CNRT, de CABA y Provincia de controlar y sancionar a quienes las incumplen,<strong>\u00a0\u00bfPor qu\u00e9 dejamos que nuestros choferes conduzcan usando el celular, que vayan r\u00e1pido, que no respeten el sem\u00e1foro?\u00a0<\/strong>No esperemos a sufrir un siniestro de tr\u00e1nsito. Decirle que no lo haga, es prevenir hechos tr\u00e1gicos que pueden evitarse.\u00a0<strong>\u00a0Los pasajeros tenemos el derecho de exigir a los choferes cuando incumplen sus obligaciones y ponen en peligro la vida de todos.<\/strong><strong>\u00a0 \u00a0 \u00a0Adem\u00e1s, podemos movernos m\u00e1s seguros en colectivo<\/strong>, por ejemplo:<\/p>\n<ul>\n<li>No esperar sobre la calzada su llegada.<\/li>\n<li><strong>Colocar las mochilas por delante del cuerpo, no en la espalda<\/strong>, y sostener carteras, bolsas, portafolios y otras cargas por delante al descender del colectivo.<\/li>\n<li><strong>Si se viaja con un ni\u00f1o de baja estatura<\/strong>, que por su estatura puede no ser visto en el espejo,\u00a0<strong>asegurarse poniendo al ni\u00f1o delante de uno y descender en paralelo con \u00e9l<\/strong>.<\/li>\n<li><strong>Mirar bien a ambos lados al bajar del transporte.<\/strong><\/li>\n<\/ul>\n<p><strong>\u00a0 \u00a0 \u00a0Los pasajeros de transporte de pasajeros podemos hacer m\u00e1s para movernos m\u00e1s seguros.<\/strong><\/p>\n<p>&nbsp;<\/p>\n<p>&nbsp;<\/p>\n<p>Fuentes y fotos: El Trece, La Naci\u00f3n, Portal Ciudad, La 100 FM, Clar\u00edn, C5N, El Doce TV<\/p>\n<table id=\"m_-2721115722086696973ml-block-200300029\" class=\"m_-2721115722086696973mlContentTable\" border=\"0\" width=\"640\" cellspacing=\"0\" cellpadding=\"0\" align=\"center\" bgcolor=\"#FFFFFF\">\n<tbody>\n<tr>\n<td class=\"m_-2721115722086696973mlContentContainer m_-2721115722086696973mlContentImage m_-2721115722086696973mlContentHeight\" align=\"center\"><\/td>\n<\/tr>\n<\/tbody>\n<\/table>\n","protected":false},"excerpt":{"rendered":"<p>El 12 de abril, una joven (31) muri\u00f3 en Villa Devoto (CABA), al bajar del colectivo de la l\u00ednea 134. Su mochila qued\u00f3 enganchada, al cerrarse la puerta mientras estaba bajando, y ella cay\u00f3 al asfalto. El chofer reanud\u00f3 la marcha sin ver lo que suced\u00eda, y la atropell\u00f3.<\/p>\n","protected":false},"author":3,"featured_media":136770,"comment_status":"closed","ping_status":"closed","sticky":false,"template":"","format":"standard","meta":{"footnotes":""},"categories":[26],"tags":[],"class_list":["post-136769","post","type-post","status-publish","format-standard","has-post-thumbnail","hentry","category-sociedad"],"yoast_head":"<!-- This site is optimized with the Yoast SEO plugin v25.9 - https:\/\/yoast.com\/wordpress\/plugins\/seo\/ -->\n<title>Vidas en riesgo en el transporte p\u00fablico. Se reiteran graves hechos en colectivos urbanos. - Noticias Radio Reflejos<\/title>\n<meta name=\"robots\" content=\"index, follow, max-snippet:-1, max-image-preview:large, max-video-preview:-1\" \/>\n<link rel=\"canonical\" href=\"https:\/\/www.noticiasradioreflejos.com.ar\/2021\/vidas-en-riesgo-en-el-transporte-publico-se-reiteran-graves-hechos-en-colectivos-urbanos\/\" \/>\n<meta property=\"og:locale\" content=\"es_ES\" \/>\n<meta property=\"og:type\" content=\"article\" \/>\n<meta property=\"og:title\" content=\"Vidas en riesgo en el transporte p\u00fablico. Se reiteran graves hechos en colectivos urbanos. - Noticias Radio Reflejos\" \/>\n<meta property=\"og:description\" content=\"El 12 de abril, una joven (31) muri\u00f3 en Villa Devoto (CABA), al bajar del colectivo de la l\u00ednea 134. Su mochila qued\u00f3 enganchada, al cerrarse la puerta mientras estaba bajando, y ella cay\u00f3 al asfalto. El chofer reanud\u00f3 la marcha sin ver lo que suced\u00eda, y la atropell\u00f3.\" \/>\n<meta property=\"og:url\" content=\"https:\/\/www.noticiasradioreflejos.com.ar\/2021\/vidas-en-riesgo-en-el-transporte-publico-se-reiteran-graves-hechos-en-colectivos-urbanos\/\" \/>\n<meta property=\"og:site_name\" content=\"Noticias Radio Reflejos\" \/>\n<meta property=\"article:published_time\" content=\"2026-04-30T19:08:21+00:00\" \/>\n<meta property=\"article:modified_time\" content=\"2026-04-30T19:08:22+00:00\" \/>\n<meta property=\"og:image\" content=\"https:\/\/www.noticiasradioreflejos.com.ar\/2021\/wp-content\/uploads\/2026\/04\/unnamed-1-1.png\" \/>\n\t<meta property=\"og:image:width\" content=\"534\" \/>\n\t<meta property=\"og:image:height\" content=\"300\" \/>\n\t<meta property=\"og:image:type\" content=\"image\/png\" \/>\n<meta name=\"author\" content=\"Arnaldo Botto\" \/>\n<meta name=\"twitter:card\" content=\"summary_large_image\" \/>\n<script type=\"application\/ld+json\" class=\"yoast-schema-graph\">{\"@context\":\"https:\/\/schema.org\",\"@graph\":[{\"@type\":\"WebPage\",\"@id\":\"https:\/\/www.noticiasradioreflejos.com.ar\/2021\/vidas-en-riesgo-en-el-transporte-publico-se-reiteran-graves-hechos-en-colectivos-urbanos\/\",\"url\":\"https:\/\/www.noticiasradioreflejos.com.ar\/2021\/vidas-en-riesgo-en-el-transporte-publico-se-reiteran-graves-hechos-en-colectivos-urbanos\/\",\"name\":\"Vidas en riesgo en el transporte p\u00fablico. Se reiteran graves hechos en colectivos urbanos. - Noticias Radio Reflejos\",\"isPartOf\":{\"@id\":\"https:\/\/www.noticiasradioreflejos.com.ar\/2021\/#website\"},\"primaryImageOfPage\":{\"@id\":\"https:\/\/www.noticiasradioreflejos.com.ar\/2021\/vidas-en-riesgo-en-el-transporte-publico-se-reiteran-graves-hechos-en-colectivos-urbanos\/#primaryimage\"},\"image\":{\"@id\":\"https:\/\/www.noticiasradioreflejos.com.ar\/2021\/vidas-en-riesgo-en-el-transporte-publico-se-reiteran-graves-hechos-en-colectivos-urbanos\/#primaryimage\"},\"thumbnailUrl\":\"https:\/\/www.noticiasradioreflejos.com.ar\/2021\/wp-content\/uploads\/2026\/04\/unnamed-1-1.png\",\"datePublished\":\"2026-04-30T19:08:21+00:00\",\"dateModified\":\"2026-04-30T19:08:22+00:00\",\"author\":{\"@id\":\"https:\/\/www.noticiasradioreflejos.com.ar\/2021\/#\/schema\/person\/ad82545263dcc5ec0996818884fd5fb1\"},\"breadcrumb\":{\"@id\":\"https:\/\/www.noticiasradioreflejos.com.ar\/2021\/vidas-en-riesgo-en-el-transporte-publico-se-reiteran-graves-hechos-en-colectivos-urbanos\/#breadcrumb\"},\"inLanguage\":\"es\",\"potentialAction\":[{\"@type\":\"ReadAction\",\"target\":[\"https:\/\/www.noticiasradioreflejos.com.ar\/2021\/vidas-en-riesgo-en-el-transporte-publico-se-reiteran-graves-hechos-en-colectivos-urbanos\/\"]}]},{\"@type\":\"ImageObject\",\"inLanguage\":\"es\",\"@id\":\"https:\/\/www.noticiasradioreflejos.com.ar\/2021\/vidas-en-riesgo-en-el-transporte-publico-se-reiteran-graves-hechos-en-colectivos-urbanos\/#primaryimage\",\"url\":\"https:\/\/www.noticiasradioreflejos.com.ar\/2021\/wp-content\/uploads\/2026\/04\/unnamed-1-1.png\",\"contentUrl\":\"https:\/\/www.noticiasradioreflejos.com.ar\/2021\/wp-content\/uploads\/2026\/04\/unnamed-1-1.png\",\"width\":534,\"height\":300},{\"@type\":\"BreadcrumbList\",\"@id\":\"https:\/\/www.noticiasradioreflejos.com.ar\/2021\/vidas-en-riesgo-en-el-transporte-publico-se-reiteran-graves-hechos-en-colectivos-urbanos\/#breadcrumb\",\"itemListElement\":[{\"@type\":\"ListItem\",\"position\":1,\"name\":\"Portada\",\"item\":\"https:\/\/www.noticiasradioreflejos.com.ar\/2021\/\"},{\"@type\":\"ListItem\",\"position\":2,\"name\":\"Vidas en riesgo en el transporte p\u00fablico. Se reiteran graves hechos en colectivos urbanos.\"}]},{\"@type\":\"WebSite\",\"@id\":\"https:\/\/www.noticiasradioreflejos.com.ar\/2021\/#website\",\"url\":\"https:\/\/www.noticiasradioreflejos.com.ar\/2021\/\",\"name\":\"Noticias Radio Reflejos\",\"description\":\"Las noticias de mi comarca\",\"potentialAction\":[{\"@type\":\"SearchAction\",\"target\":{\"@type\":\"EntryPoint\",\"urlTemplate\":\"https:\/\/www.noticiasradioreflejos.com.ar\/2021\/?s={search_term_string}\"},\"query-input\":{\"@type\":\"PropertyValueSpecification\",\"valueRequired\":true,\"valueName\":\"search_term_string\"}}],\"inLanguage\":\"es\"},{\"@type\":\"Person\",\"@id\":\"https:\/\/www.noticiasradioreflejos.com.ar\/2021\/#\/schema\/person\/ad82545263dcc5ec0996818884fd5fb1\",\"name\":\"Arnaldo Botto\",\"image\":{\"@type\":\"ImageObject\",\"inLanguage\":\"es\",\"@id\":\"https:\/\/www.noticiasradioreflejos.com.ar\/2021\/#\/schema\/person\/image\/\",\"url\":\"https:\/\/secure.gravatar.com\/avatar\/55cb5e37c1efa326397366e6974cb338056df65cb50e7d64d1cf314e87504837?s=96&d=mm&r=g\",\"contentUrl\":\"https:\/\/secure.gravatar.com\/avatar\/55cb5e37c1efa326397366e6974cb338056df65cb50e7d64d1cf314e87504837?s=96&d=mm&r=g\",\"caption\":\"Arnaldo Botto\"},\"url\":\"https:\/\/www.noticiasradioreflejos.com.ar\/2021\/author\/arnaldo\/\"}]}<\/script>\n<!-- \/ Yoast SEO plugin. -->","yoast_head_json":{"title":"Vidas en riesgo en el transporte p\u00fablico. Se reiteran graves hechos en colectivos urbanos. - Noticias Radio Reflejos","robots":{"index":"index","follow":"follow","max-snippet":"max-snippet:-1","max-image-preview":"max-image-preview:large","max-video-preview":"max-video-preview:-1"},"canonical":"https:\/\/www.noticiasradioreflejos.com.ar\/2021\/vidas-en-riesgo-en-el-transporte-publico-se-reiteran-graves-hechos-en-colectivos-urbanos\/","og_locale":"es_ES","og_type":"article","og_title":"Vidas en riesgo en el transporte p\u00fablico. Se reiteran graves hechos en colectivos urbanos. - Noticias Radio Reflejos","og_description":"El 12 de abril, una joven (31) muri\u00f3 en Villa Devoto (CABA), al bajar del colectivo de la l\u00ednea 134. Su mochila qued\u00f3 enganchada, al cerrarse la puerta mientras estaba bajando, y ella cay\u00f3 al asfalto. El chofer reanud\u00f3 la marcha sin ver lo que suced\u00eda, y la atropell\u00f3.","og_url":"https:\/\/www.noticiasradioreflejos.com.ar\/2021\/vidas-en-riesgo-en-el-transporte-publico-se-reiteran-graves-hechos-en-colectivos-urbanos\/","og_site_name":"Noticias Radio Reflejos","article_published_time":"2026-04-30T19:08:21+00:00","article_modified_time":"2026-04-30T19:08:22+00:00","og_image":[{"width":534,"height":300,"url":"https:\/\/www.noticiasradioreflejos.com.ar\/2021\/wp-content\/uploads\/2026\/04\/unnamed-1-1.png","type":"image\/png"}],"author":"Arnaldo Botto","twitter_card":"summary_large_image","schema":{"@context":"https:\/\/schema.org","@graph":[{"@type":"WebPage","@id":"https:\/\/www.noticiasradioreflejos.com.ar\/2021\/vidas-en-riesgo-en-el-transporte-publico-se-reiteran-graves-hechos-en-colectivos-urbanos\/","url":"https:\/\/www.noticiasradioreflejos.com.ar\/2021\/vidas-en-riesgo-en-el-transporte-publico-se-reiteran-graves-hechos-en-colectivos-urbanos\/","name":"Vidas en riesgo en el transporte p\u00fablico. Se reiteran graves hechos en colectivos urbanos. - Noticias Radio Reflejos","isPartOf":{"@id":"https:\/\/www.noticiasradioreflejos.com.ar\/2021\/#website"},"primaryImageOfPage":{"@id":"https:\/\/www.noticiasradioreflejos.com.ar\/2021\/vidas-en-riesgo-en-el-transporte-publico-se-reiteran-graves-hechos-en-colectivos-urbanos\/#primaryimage"},"image":{"@id":"https:\/\/www.noticiasradioreflejos.com.ar\/2021\/vidas-en-riesgo-en-el-transporte-publico-se-reiteran-graves-hechos-en-colectivos-urbanos\/#primaryimage"},"thumbnailUrl":"https:\/\/www.noticiasradioreflejos.com.ar\/2021\/wp-content\/uploads\/2026\/04\/unnamed-1-1.png","datePublished":"2026-04-30T19:08:21+00:00","dateModified":"2026-04-30T19:08:22+00:00","author":{"@id":"https:\/\/www.noticiasradioreflejos.com.ar\/2021\/#\/schema\/person\/ad82545263dcc5ec0996818884fd5fb1"},"breadcrumb":{"@id":"https:\/\/www.noticiasradioreflejos.com.ar\/2021\/vidas-en-riesgo-en-el-transporte-publico-se-reiteran-graves-hechos-en-colectivos-urbanos\/#breadcrumb"},"inLanguage":"es","potentialAction":[{"@type":"ReadAction","target":["https:\/\/www.noticiasradioreflejos.com.ar\/2021\/vidas-en-riesgo-en-el-transporte-publico-se-reiteran-graves-hechos-en-colectivos-urbanos\/"]}]},{"@type":"ImageObject","inLanguage":"es","@id":"https:\/\/www.noticiasradioreflejos.com.ar\/2021\/vidas-en-riesgo-en-el-transporte-publico-se-reiteran-graves-hechos-en-colectivos-urbanos\/#primaryimage","url":"https:\/\/www.noticiasradioreflejos.com.ar\/2021\/wp-content\/uploads\/2026\/04\/unnamed-1-1.png","contentUrl":"https:\/\/www.noticiasradioreflejos.com.ar\/2021\/wp-content\/uploads\/2026\/04\/unnamed-1-1.png","width":534,"height":300},{"@type":"BreadcrumbList","@id":"https:\/\/www.noticiasradioreflejos.com.ar\/2021\/vidas-en-riesgo-en-el-transporte-publico-se-reiteran-graves-hechos-en-colectivos-urbanos\/#breadcrumb","itemListElement":[{"@type":"ListItem","position":1,"name":"Portada","item":"https:\/\/www.noticiasradioreflejos.com.ar\/2021\/"},{"@type":"ListItem","position":2,"name":"Vidas en riesgo en el transporte p\u00fablico. Se reiteran graves hechos en colectivos urbanos."}]},{"@type":"WebSite","@id":"https:\/\/www.noticiasradioreflejos.com.ar\/2021\/#website","url":"https:\/\/www.noticiasradioreflejos.com.ar\/2021\/","name":"Noticias Radio Reflejos","description":"Las noticias de mi comarca","potentialAction":[{"@type":"SearchAction","target":{"@type":"EntryPoint","urlTemplate":"https:\/\/www.noticiasradioreflejos.com.ar\/2021\/?s={search_term_string}"},"query-input":{"@type":"PropertyValueSpecification","valueRequired":true,"valueName":"search_term_string"}}],"inLanguage":"es"},{"@type":"Person","@id":"https:\/\/www.noticiasradioreflejos.com.ar\/2021\/#\/schema\/person\/ad82545263dcc5ec0996818884fd5fb1","name":"Arnaldo Botto","image":{"@type":"ImageObject","inLanguage":"es","@id":"https:\/\/www.noticiasradioreflejos.com.ar\/2021\/#\/schema\/person\/image\/","url":"https:\/\/secure.gravatar.com\/avatar\/55cb5e37c1efa326397366e6974cb338056df65cb50e7d64d1cf314e87504837?s=96&d=mm&r=g","contentUrl":"https:\/\/secure.gravatar.com\/avatar\/55cb5e37c1efa326397366e6974cb338056df65cb50e7d64d1cf314e87504837?s=96&d=mm&r=g","caption":"Arnaldo Botto"},"url":"https:\/\/www.noticiasradioreflejos.com.ar\/2021\/author\/arnaldo\/"}]}},"_links":{"self":[{"href":"https:\/\/www.noticiasradioreflejos.com.ar\/2021\/wp-json\/wp\/v2\/posts\/136769","targetHints":{"allow":["GET"]}}],"collection":[{"href":"https:\/\/www.noticiasradioreflejos.com.ar\/2021\/wp-json\/wp\/v2\/posts"}],"about":[{"href":"https:\/\/www.noticiasradioreflejos.com.ar\/2021\/wp-json\/wp\/v2\/types\/post"}],"author":[{"embeddable":true,"href":"https:\/\/www.noticiasradioreflejos.com.ar\/2021\/wp-json\/wp\/v2\/users\/3"}],"replies":[{"embeddable":true,"href":"https:\/\/www.noticiasradioreflejos.com.ar\/2021\/wp-json\/wp\/v2\/comments?post=136769"}],"version-history":[{"count":2,"href":"https:\/\/www.noticiasradioreflejos.com.ar\/2021\/wp-json\/wp\/v2\/posts\/136769\/revisions"}],"predecessor-version":[{"id":136773,"href":"https:\/\/www.noticiasradioreflejos.com.ar\/2021\/wp-json\/wp\/v2\/posts\/136769\/revisions\/136773"}],"wp:featuredmedia":[{"embeddable":true,"href":"https:\/\/www.noticiasradioreflejos.com.ar\/2021\/wp-json\/wp\/v2\/media\/136770"}],"wp:attachment":[{"href":"https:\/\/www.noticiasradioreflejos.com.ar\/2021\/wp-json\/wp\/v2\/media?parent=136769"}],"wp:term":[{"taxonomy":"category","embeddable":true,"href":"https:\/\/www.noticiasradioreflejos.com.ar\/2021\/wp-json\/wp\/v2\/categories?post=136769"},{"taxonomy":"post_tag","embeddable":true,"href":"https:\/\/www.noticiasradioreflejos.com.ar\/2021\/wp-json\/wp\/v2\/tags?post=136769"}],"curies":[{"name":"wp","href":"https:\/\/api.w.org\/{rel}","templated":true}]}}