{"id":136767,"date":"2026-04-30T15:47:01","date_gmt":"2026-04-30T18:47:01","guid":{"rendered":"https:\/\/www.noticiasradioreflejos.com.ar\/2021\/?p=136767"},"modified":"2026-04-30T15:47:01","modified_gmt":"2026-04-30T18:47:01","slug":"aumento-de-combustibles-en-mayo-de-cuanto-es-la-suba-por-impuestos-que-dispuso-el-gobierno","status":"publish","type":"post","link":"https:\/\/www.noticiasradioreflejos.com.ar\/2021\/aumento-de-combustibles-en-mayo-de-cuanto-es-la-suba-por-impuestos-que-dispuso-el-gobierno\/","title":{"rendered":"Aumento de combustibles en mayo: de cu\u00e1nto es la suba por impuestos que dispuso el Gobierno"},"content":{"rendered":"<p>El incremento parcial definido para mayo impactar\u00e1 en los surtidores mientras que el ajuste total se pas\u00f3 para junio.<!--more--><\/p>\n<figure class=\"multimedia\" data-tadevel-template=\"web\/multimedia\" data-type=\"photo\">\n<div class=\"content\">\n<div class=\"sizer\" data-sizer=\"aspect-ratio\" data-tadevel-template=\"web\/aspect-ratio\"><\/div>\n<\/div>\n<\/figure>\n<div class=\"article-body\" data-tadevel-template=\"web\/article-body\">\n<div class=\"article-body-content\">\n<p>El Gobierno dispuso una\u00a0<strong>actualizaci\u00f3n parcial de los impuestos a los combustibles para mayo de 0,5% que impactar\u00e1 en los surtidores\u00a0<\/strong>y\u00a0<mark>difiri\u00f3 para junio el resto del ajuste pendiente<\/mark>, mediante el Decreto 302\/2026 publicado este jueves en el Bolet\u00edn Oficial.<\/p>\n<p>La normativa, analizada por la\u00a0<i><strong>Agencia Noticias Argentinas<\/strong><\/i>, determin\u00f3 el incremento en los montos de los impuestos sobre los Combustibles L\u00edquidos y al Di\u00f3xido de Carbono, para los hechos imponibles que se perfeccionen entre el 1\u00b0 y el 31 de mayo de 2026.<\/p>\n<p>De esta manera, en el caso de la nafta sin plomo y nafta virgen, el costo\u00a0<strong>trepa $10,398 por litro en el impuesto a los combustibles l\u00edquidos y $0,637 en el impuesto al di\u00f3xido de carbono.<\/strong><\/p>\n<p>En cuanto al gasoil, el tributo\u00a0<strong>sube $9,269 en el impuesto a los combustibles l\u00edquidos, a $5,019 en el tratamiento diferencial para algunas regiones y a $1,056 en el impuesto al di\u00f3xido de carbono.<\/strong><\/p>\n<p>El ajuste rige en todo el pa\u00eds, con una aplicaci\u00f3n diferente para el gasoil destinado a las provincias de Neuqu\u00e9n, La Pampa, R\u00edo Negro, Chubut, Santa Cruz, Tierra del Fuego, el Partido de Patagones en Buenos Aires y el Departamento de Malarg\u00fce en Mendoza.<\/p>\n<p>Asimismo, el Ejecutivo estipul\u00f3 en el decreto que los efectos de los incrementos remanentes en los montos de los impuestos de las actualizaciones correspondientes al 2024 y al 2025, para la nafta sin plomo, la nafta virgen y el gasoil, no se apliquen completamente en mayo sino que pasan a junio.<\/p>\n<p>Al respecto, en el texto oficial se argument\u00f3 que \u201ccon el prop\u00f3sito de\u00a0<strong>continuar estimulando el crecimiento de la econom\u00eda a trav\u00e9s de un sendero fiscal sostenible<\/strong>, resulta necesario, para los productos en cuesti\u00f3n, diferir parcialmente los incrementos remanentes originados en las referidas actualizaciones\u201d.<\/p>\n<p>La decisi\u00f3n se da en un escenario de\u00a0<mark>creciente presi\u00f3n sobre los precios energ\u00e9ticos<\/mark>\u00a0por la guerra en Medio Oriente, buscando evitar un mayor impacto en los surtidores y atenuar el efecto en la inflaci\u00f3n que se viene acelerando en los \u00faltimos meses.<\/p>\n<p title=\"__IP__\" data-ipspy=\"__IP__\">De esta forma, la administraci\u00f3n de Javier Milei contin\u00faa desdoblando y postergando los aumentos impositivos plenos sobre los combustibles, con el objetivo de evitar un impacto considerable en los precios al p\u00fablico y por consiguiente en la inflaci\u00f3n.<\/p>\n<p title=\"__IP__\" data-ipspy=\"__IP__\">Las postergaciones de los aumentos impositivos a los combustibles dispuestas en 2025 implicaron una resignaci\u00f3n de ingresos fiscales\u00a0<mark>por un total de US$2.326 millones<\/mark>, de acuerdo a la estimaci\u00f3n de la consultora Econom\u00eda y Energ\u00eda.<\/p>\n<p><a href=\"https:\/\/noticiasargentinas.com\/-agenciana_t6916e70a4551e78eb9423f59\">#AgenciaNA<\/a><\/p>\n<\/div>\n<\/div>\n","protected":false},"excerpt":{"rendered":"<p>El incremento parcial definido para mayo impactar\u00e1 en los surtidores mientras que el ajuste total se pas\u00f3 para junio.<\/p>\n","protected":false},"author":3,"featured_media":94574,"comment_status":"closed","ping_status":"closed","sticky":false,"template":"","format":"standard","meta":{"footnotes":""},"categories":[36],"tags":[],"class_list":["post-136767","post","type-post","status-publish","format-standard","has-post-thumbnail","hentry","category-economia"],"yoast_head":"<!-- This site is optimized with the Yoast SEO plugin v25.9 - https:\/\/yoast.com\/wordpress\/plugins\/seo\/ -->\n<title>Aumento de combustibles en mayo: de cu\u00e1nto es la suba por impuestos que dispuso el Gobierno - Noticias Radio Reflejos<\/title>\n<meta name=\"robots\" content=\"index, follow, max-snippet:-1, max-image-preview:large, max-video-preview:-1\" \/>\n<link rel=\"canonical\" href=\"https:\/\/www.noticiasradioreflejos.com.ar\/2021\/aumento-de-combustibles-en-mayo-de-cuanto-es-la-suba-por-impuestos-que-dispuso-el-gobierno\/\" \/>\n<meta property=\"og:locale\" content=\"es_ES\" \/>\n<meta property=\"og:type\" content=\"article\" \/>\n<meta property=\"og:title\" content=\"Aumento de combustibles en mayo: de cu\u00e1nto es la suba por impuestos que dispuso el Gobierno - Noticias Radio Reflejos\" \/>\n<meta property=\"og:description\" content=\"El incremento parcial definido para mayo impactar\u00e1 en los surtidores mientras que el ajuste total se pas\u00f3 para junio.\" \/>\n<meta property=\"og:url\" content=\"https:\/\/www.noticiasradioreflejos.com.ar\/2021\/aumento-de-combustibles-en-mayo-de-cuanto-es-la-suba-por-impuestos-que-dispuso-el-gobierno\/\" \/>\n<meta property=\"og:site_name\" content=\"Noticias Radio Reflejos\" \/>\n<meta property=\"article:published_time\" content=\"2026-04-30T18:47:01+00:00\" \/>\n<meta property=\"og:image\" content=\"https:\/\/www.noticiasradioreflejos.com.ar\/2021\/wp-content\/uploads\/2023\/10\/naftas.jpg\" \/>\n\t<meta property=\"og:image:width\" content=\"1200\" \/>\n\t<meta property=\"og:image:height\" content=\"675\" \/>\n\t<meta property=\"og:image:type\" content=\"image\/jpeg\" \/>\n<meta name=\"author\" content=\"Arnaldo Botto\" \/>\n<meta name=\"twitter:card\" content=\"summary_large_image\" \/>\n<script type=\"application\/ld+json\" class=\"yoast-schema-graph\">{\"@context\":\"https:\/\/schema.org\",\"@graph\":[{\"@type\":\"WebPage\",\"@id\":\"https:\/\/www.noticiasradioreflejos.com.ar\/2021\/aumento-de-combustibles-en-mayo-de-cuanto-es-la-suba-por-impuestos-que-dispuso-el-gobierno\/\",\"url\":\"https:\/\/www.noticiasradioreflejos.com.ar\/2021\/aumento-de-combustibles-en-mayo-de-cuanto-es-la-suba-por-impuestos-que-dispuso-el-gobierno\/\",\"name\":\"Aumento de combustibles en mayo: de cu\u00e1nto es la suba por impuestos que dispuso el Gobierno - Noticias Radio Reflejos\",\"isPartOf\":{\"@id\":\"https:\/\/www.noticiasradioreflejos.com.ar\/2021\/#website\"},\"primaryImageOfPage\":{\"@id\":\"https:\/\/www.noticiasradioreflejos.com.ar\/2021\/aumento-de-combustibles-en-mayo-de-cuanto-es-la-suba-por-impuestos-que-dispuso-el-gobierno\/#primaryimage\"},\"image\":{\"@id\":\"https:\/\/www.noticiasradioreflejos.com.ar\/2021\/aumento-de-combustibles-en-mayo-de-cuanto-es-la-suba-por-impuestos-que-dispuso-el-gobierno\/#primaryimage\"},\"thumbnailUrl\":\"https:\/\/www.noticiasradioreflejos.com.ar\/2021\/wp-content\/uploads\/2023\/10\/naftas.jpg\",\"datePublished\":\"2026-04-30T18:47:01+00:00\",\"author\":{\"@id\":\"https:\/\/www.noticiasradioreflejos.com.ar\/2021\/#\/schema\/person\/ad82545263dcc5ec0996818884fd5fb1\"},\"breadcrumb\":{\"@id\":\"https:\/\/www.noticiasradioreflejos.com.ar\/2021\/aumento-de-combustibles-en-mayo-de-cuanto-es-la-suba-por-impuestos-que-dispuso-el-gobierno\/#breadcrumb\"},\"inLanguage\":\"es\",\"potentialAction\":[{\"@type\":\"ReadAction\",\"target\":[\"https:\/\/www.noticiasradioreflejos.com.ar\/2021\/aumento-de-combustibles-en-mayo-de-cuanto-es-la-suba-por-impuestos-que-dispuso-el-gobierno\/\"]}]},{\"@type\":\"ImageObject\",\"inLanguage\":\"es\",\"@id\":\"https:\/\/www.noticiasradioreflejos.com.ar\/2021\/aumento-de-combustibles-en-mayo-de-cuanto-es-la-suba-por-impuestos-que-dispuso-el-gobierno\/#primaryimage\",\"url\":\"https:\/\/www.noticiasradioreflejos.com.ar\/2021\/wp-content\/uploads\/2023\/10\/naftas.jpg\",\"contentUrl\":\"https:\/\/www.noticiasradioreflejos.com.ar\/2021\/wp-content\/uploads\/2023\/10\/naftas.jpg\",\"width\":1200,\"height\":675},{\"@type\":\"BreadcrumbList\",\"@id\":\"https:\/\/www.noticiasradioreflejos.com.ar\/2021\/aumento-de-combustibles-en-mayo-de-cuanto-es-la-suba-por-impuestos-que-dispuso-el-gobierno\/#breadcrumb\",\"itemListElement\":[{\"@type\":\"ListItem\",\"position\":1,\"name\":\"Portada\",\"item\":\"https:\/\/www.noticiasradioreflejos.com.ar\/2021\/\"},{\"@type\":\"ListItem\",\"position\":2,\"name\":\"Aumento de combustibles en mayo: de cu\u00e1nto es la suba por impuestos que dispuso el Gobierno\"}]},{\"@type\":\"WebSite\",\"@id\":\"https:\/\/www.noticiasradioreflejos.com.ar\/2021\/#website\",\"url\":\"https:\/\/www.noticiasradioreflejos.com.ar\/2021\/\",\"name\":\"Noticias Radio Reflejos\",\"description\":\"Las noticias de mi comarca\",\"potentialAction\":[{\"@type\":\"SearchAction\",\"target\":{\"@type\":\"EntryPoint\",\"urlTemplate\":\"https:\/\/www.noticiasradioreflejos.com.ar\/2021\/?s={search_term_string}\"},\"query-input\":{\"@type\":\"PropertyValueSpecification\",\"valueRequired\":true,\"valueName\":\"search_term_string\"}}],\"inLanguage\":\"es\"},{\"@type\":\"Person\",\"@id\":\"https:\/\/www.noticiasradioreflejos.com.ar\/2021\/#\/schema\/person\/ad82545263dcc5ec0996818884fd5fb1\",\"name\":\"Arnaldo Botto\",\"image\":{\"@type\":\"ImageObject\",\"inLanguage\":\"es\",\"@id\":\"https:\/\/www.noticiasradioreflejos.com.ar\/2021\/#\/schema\/person\/image\/\",\"url\":\"https:\/\/secure.gravatar.com\/avatar\/55cb5e37c1efa326397366e6974cb338056df65cb50e7d64d1cf314e87504837?s=96&d=mm&r=g\",\"contentUrl\":\"https:\/\/secure.gravatar.com\/avatar\/55cb5e37c1efa326397366e6974cb338056df65cb50e7d64d1cf314e87504837?s=96&d=mm&r=g\",\"caption\":\"Arnaldo Botto\"},\"url\":\"https:\/\/www.noticiasradioreflejos.com.ar\/2021\/author\/arnaldo\/\"}]}<\/script>\n<!-- \/ Yoast SEO plugin. -->","yoast_head_json":{"title":"Aumento de combustibles en mayo: de cu\u00e1nto es la suba por impuestos que dispuso el Gobierno - Noticias Radio Reflejos","robots":{"index":"index","follow":"follow","max-snippet":"max-snippet:-1","max-image-preview":"max-image-preview:large","max-video-preview":"max-video-preview:-1"},"canonical":"https:\/\/www.noticiasradioreflejos.com.ar\/2021\/aumento-de-combustibles-en-mayo-de-cuanto-es-la-suba-por-impuestos-que-dispuso-el-gobierno\/","og_locale":"es_ES","og_type":"article","og_title":"Aumento de combustibles en mayo: de cu\u00e1nto es la suba por impuestos que dispuso el Gobierno - Noticias Radio Reflejos","og_description":"El incremento parcial definido para mayo impactar\u00e1 en los surtidores mientras que el ajuste total se pas\u00f3 para junio.","og_url":"https:\/\/www.noticiasradioreflejos.com.ar\/2021\/aumento-de-combustibles-en-mayo-de-cuanto-es-la-suba-por-impuestos-que-dispuso-el-gobierno\/","og_site_name":"Noticias Radio Reflejos","article_published_time":"2026-04-30T18:47:01+00:00","og_image":[{"width":1200,"height":675,"url":"https:\/\/www.noticiasradioreflejos.com.ar\/2021\/wp-content\/uploads\/2023\/10\/naftas.jpg","type":"image\/jpeg"}],"author":"Arnaldo Botto","twitter_card":"summary_large_image","schema":{"@context":"https:\/\/schema.org","@graph":[{"@type":"WebPage","@id":"https:\/\/www.noticiasradioreflejos.com.ar\/2021\/aumento-de-combustibles-en-mayo-de-cuanto-es-la-suba-por-impuestos-que-dispuso-el-gobierno\/","url":"https:\/\/www.noticiasradioreflejos.com.ar\/2021\/aumento-de-combustibles-en-mayo-de-cuanto-es-la-suba-por-impuestos-que-dispuso-el-gobierno\/","name":"Aumento de combustibles en mayo: de cu\u00e1nto es la suba por impuestos que dispuso el Gobierno - Noticias Radio Reflejos","isPartOf":{"@id":"https:\/\/www.noticiasradioreflejos.com.ar\/2021\/#website"},"primaryImageOfPage":{"@id":"https:\/\/www.noticiasradioreflejos.com.ar\/2021\/aumento-de-combustibles-en-mayo-de-cuanto-es-la-suba-por-impuestos-que-dispuso-el-gobierno\/#primaryimage"},"image":{"@id":"https:\/\/www.noticiasradioreflejos.com.ar\/2021\/aumento-de-combustibles-en-mayo-de-cuanto-es-la-suba-por-impuestos-que-dispuso-el-gobierno\/#primaryimage"},"thumbnailUrl":"https:\/\/www.noticiasradioreflejos.com.ar\/2021\/wp-content\/uploads\/2023\/10\/naftas.jpg","datePublished":"2026-04-30T18:47:01+00:00","author":{"@id":"https:\/\/www.noticiasradioreflejos.com.ar\/2021\/#\/schema\/person\/ad82545263dcc5ec0996818884fd5fb1"},"breadcrumb":{"@id":"https:\/\/www.noticiasradioreflejos.com.ar\/2021\/aumento-de-combustibles-en-mayo-de-cuanto-es-la-suba-por-impuestos-que-dispuso-el-gobierno\/#breadcrumb"},"inLanguage":"es","potentialAction":[{"@type":"ReadAction","target":["https:\/\/www.noticiasradioreflejos.com.ar\/2021\/aumento-de-combustibles-en-mayo-de-cuanto-es-la-suba-por-impuestos-que-dispuso-el-gobierno\/"]}]},{"@type":"ImageObject","inLanguage":"es","@id":"https:\/\/www.noticiasradioreflejos.com.ar\/2021\/aumento-de-combustibles-en-mayo-de-cuanto-es-la-suba-por-impuestos-que-dispuso-el-gobierno\/#primaryimage","url":"https:\/\/www.noticiasradioreflejos.com.ar\/2021\/wp-content\/uploads\/2023\/10\/naftas.jpg","contentUrl":"https:\/\/www.noticiasradioreflejos.com.ar\/2021\/wp-content\/uploads\/2023\/10\/naftas.jpg","width":1200,"height":675},{"@type":"BreadcrumbList","@id":"https:\/\/www.noticiasradioreflejos.com.ar\/2021\/aumento-de-combustibles-en-mayo-de-cuanto-es-la-suba-por-impuestos-que-dispuso-el-gobierno\/#breadcrumb","itemListElement":[{"@type":"ListItem","position":1,"name":"Portada","item":"https:\/\/www.noticiasradioreflejos.com.ar\/2021\/"},{"@type":"ListItem","position":2,"name":"Aumento de combustibles en mayo: de cu\u00e1nto es la suba por impuestos que dispuso el Gobierno"}]},{"@type":"WebSite","@id":"https:\/\/www.noticiasradioreflejos.com.ar\/2021\/#website","url":"https:\/\/www.noticiasradioreflejos.com.ar\/2021\/","name":"Noticias Radio Reflejos","description":"Las noticias de mi comarca","potentialAction":[{"@type":"SearchAction","target":{"@type":"EntryPoint","urlTemplate":"https:\/\/www.noticiasradioreflejos.com.ar\/2021\/?s={search_term_string}"},"query-input":{"@type":"PropertyValueSpecification","valueRequired":true,"valueName":"search_term_string"}}],"inLanguage":"es"},{"@type":"Person","@id":"https:\/\/www.noticiasradioreflejos.com.ar\/2021\/#\/schema\/person\/ad82545263dcc5ec0996818884fd5fb1","name":"Arnaldo Botto","image":{"@type":"ImageObject","inLanguage":"es","@id":"https:\/\/www.noticiasradioreflejos.com.ar\/2021\/#\/schema\/person\/image\/","url":"https:\/\/secure.gravatar.com\/avatar\/55cb5e37c1efa326397366e6974cb338056df65cb50e7d64d1cf314e87504837?s=96&d=mm&r=g","contentUrl":"https:\/\/secure.gravatar.com\/avatar\/55cb5e37c1efa326397366e6974cb338056df65cb50e7d64d1cf314e87504837?s=96&d=mm&r=g","caption":"Arnaldo Botto"},"url":"https:\/\/www.noticiasradioreflejos.com.ar\/2021\/author\/arnaldo\/"}]}},"_links":{"self":[{"href":"https:\/\/www.noticiasradioreflejos.com.ar\/2021\/wp-json\/wp\/v2\/posts\/136767","targetHints":{"allow":["GET"]}}],"collection":[{"href":"https:\/\/www.noticiasradioreflejos.com.ar\/2021\/wp-json\/wp\/v2\/posts"}],"about":[{"href":"https:\/\/www.noticiasradioreflejos.com.ar\/2021\/wp-json\/wp\/v2\/types\/post"}],"author":[{"embeddable":true,"href":"https:\/\/www.noticiasradioreflejos.com.ar\/2021\/wp-json\/wp\/v2\/users\/3"}],"replies":[{"embeddable":true,"href":"https:\/\/www.noticiasradioreflejos.com.ar\/2021\/wp-json\/wp\/v2\/comments?post=136767"}],"version-history":[{"count":1,"href":"https:\/\/www.noticiasradioreflejos.com.ar\/2021\/wp-json\/wp\/v2\/posts\/136767\/revisions"}],"predecessor-version":[{"id":136768,"href":"https:\/\/www.noticiasradioreflejos.com.ar\/2021\/wp-json\/wp\/v2\/posts\/136767\/revisions\/136768"}],"wp:featuredmedia":[{"embeddable":true,"href":"https:\/\/www.noticiasradioreflejos.com.ar\/2021\/wp-json\/wp\/v2\/media\/94574"}],"wp:attachment":[{"href":"https:\/\/www.noticiasradioreflejos.com.ar\/2021\/wp-json\/wp\/v2\/media?parent=136767"}],"wp:term":[{"taxonomy":"category","embeddable":true,"href":"https:\/\/www.noticiasradioreflejos.com.ar\/2021\/wp-json\/wp\/v2\/categories?post=136767"},{"taxonomy":"post_tag","embeddable":true,"href":"https:\/\/www.noticiasradioreflejos.com.ar\/2021\/wp-json\/wp\/v2\/tags?post=136767"}],"curies":[{"name":"wp","href":"https:\/\/api.w.org\/{rel}","templated":true}]}}