{"id":136752,"date":"2026-04-30T15:20:15","date_gmt":"2026-04-30T18:20:15","guid":{"rendered":"https:\/\/www.noticiasradioreflejos.com.ar\/2021\/?p=136752"},"modified":"2026-04-30T15:20:16","modified_gmt":"2026-04-30T18:20:16","slug":"vialidad-nacional-actualiza-la-limitacion-de-carga-sobre-el-puente-de-la-rn-3-en-bahia-blanca","status":"publish","type":"post","link":"https:\/\/www.noticiasradioreflejos.com.ar\/2021\/vialidad-nacional-actualiza-la-limitacion-de-carga-sobre-el-puente-de-la-rn-3-en-bahia-blanca\/","title":{"rendered":"Vialidad Nacional actualiza la limitaci\u00f3n de carga sobre el puente de la RN 3 en Bah\u00eda Blanca"},"content":{"rendered":"<p data-path-to-node=\"5\">Vialidad Nacional informa que, a partir del d\u00eda de la fecha, se implementan nuevas restricciones de peso para la circulaci\u00f3n vehicular sobre el puente ubicado en el <b data-path-to-node=\"5\" data-index-in-node=\"201\">kil\u00f3metro 692 de la Ruta Nacional 3<\/b>.<!--more--><\/p>\n<p data-path-to-node=\"6\">Esta medida responde a estrictos motivos de seguridad y a la necesidad de preservar la infraestructura vial de la regi\u00f3n. Las limitaciones de carga m\u00e1xima y los desv\u00edos obligatorios para veh\u00edculos de gran porte se detallan a continuaci\u00f3n:<\/p>\n<h3 data-path-to-node=\"7\">Restricciones por sentido de circulaci\u00f3n<\/h3>\n<ul data-path-to-node=\"8\">\n<li>\n<p data-path-to-node=\"8,0,0\"><b data-path-to-node=\"8,0,0\" data-index-in-node=\"0\">Sentido descendente (puente de hormig\u00f3n):<\/b><\/p>\n<ul data-path-to-node=\"8,0,1\">\n<li>\n<p data-path-to-node=\"8,0,1,0,0\"><b data-path-to-node=\"8,0,1,0,0\" data-index-in-node=\"0\">Peso m\u00e1ximo permitido:<\/b> 40 toneladas.<\/p>\n<\/li>\n<li>\n<p data-path-to-node=\"8,0,1,1,0\"><b data-path-to-node=\"8,0,1,1,0\" data-index-in-node=\"0\">Carga m\u00e1xima por eje:<\/b> 11 toneladas.<\/p>\n<\/li>\n<li>\n<p data-path-to-node=\"8,0,1,2,0\"><b data-path-to-node=\"8,0,1,2,0\" data-index-in-node=\"0\">Desv\u00edo obligatorio (desde el norte):<\/b> Se deber\u00e1 circular por RN 229 en Grumbein, continuando por la circunvalaci\u00f3n Atilio Freut y la RN 33 hasta retomar la RN 3 en el sector de El Cholo.<\/p>\n<\/li>\n<\/ul>\n<\/li>\n<li>\n<p data-path-to-node=\"8,1,0\"><b data-path-to-node=\"8,1,0\" data-index-in-node=\"0\">Sentido ascendente (puente bailey):<\/b><\/p>\n<ul data-path-to-node=\"8,1,1\">\n<li>\n<p data-path-to-node=\"8,1,1,0,0\"><b data-path-to-node=\"8,1,1,0,0\" data-index-in-node=\"0\">Peso m\u00e1ximo permitido:<\/b> 45 toneladas.<\/p>\n<\/li>\n<li>\n<p data-path-to-node=\"8,1,1,1,0\"><b data-path-to-node=\"8,1,1,1,0\" data-index-in-node=\"0\">Desv\u00edo obligatorio (desde el sur):<\/b> En El Cholo (intersecci\u00f3n RN 3 y RN 33), el tr\u00e1nsito deber\u00e1 desviarse por RN 33, circunvalaci\u00f3n Atilio Freut y RN 229 hasta retomar la RN 3 en Grumbein.<\/p>\n<\/li>\n<\/ul>\n<\/li>\n<\/ul>\n<h3 data-path-to-node=\"10\"><a href=\"https:\/\/www.noticiasradioreflejos.com.ar\/2021\/vialidad-nacional-actualiza-la-limitacion-de-carga-sobre-el-puente-de-la-rn-3-en-bahia-blanca\/vialidad-nacional-r-3-bb-2\/\" rel=\"attachment wp-att-136754\"><img loading=\"lazy\" decoding=\"async\" class=\"aligncenter size-full wp-image-136754\" src=\"https:\/\/www.noticiasradioreflejos.com.ar\/2021\/wp-content\/uploads\/2026\/04\/Vialidad-Nacional-R-3-BB-2.jpeg\" alt=\"\" width=\"1600\" height=\"1131\" srcset=\"https:\/\/www.noticiasradioreflejos.com.ar\/2021\/wp-content\/uploads\/2026\/04\/Vialidad-Nacional-R-3-BB-2.jpeg 1600w, https:\/\/www.noticiasradioreflejos.com.ar\/2021\/wp-content\/uploads\/2026\/04\/Vialidad-Nacional-R-3-BB-2-300x212.jpeg 300w, https:\/\/www.noticiasradioreflejos.com.ar\/2021\/wp-content\/uploads\/2026\/04\/Vialidad-Nacional-R-3-BB-2-1024x724.jpeg 1024w, https:\/\/www.noticiasradioreflejos.com.ar\/2021\/wp-content\/uploads\/2026\/04\/Vialidad-Nacional-R-3-BB-2-768x543.jpeg 768w, https:\/\/www.noticiasradioreflejos.com.ar\/2021\/wp-content\/uploads\/2026\/04\/Vialidad-Nacional-R-3-BB-2-1536x1086.jpeg 1536w, https:\/\/www.noticiasradioreflejos.com.ar\/2021\/wp-content\/uploads\/2026\/04\/Vialidad-Nacional-R-3-BB-2-120x86.jpeg 120w, https:\/\/www.noticiasradioreflejos.com.ar\/2021\/wp-content\/uploads\/2026\/04\/Vialidad-Nacional-R-3-BB-2-750x530.jpeg 750w, https:\/\/www.noticiasradioreflejos.com.ar\/2021\/wp-content\/uploads\/2026\/04\/Vialidad-Nacional-R-3-BB-2-1140x806.jpeg 1140w\" sizes=\"auto, (max-width: 1600px) 100vw, 1600px\" \/><\/a><\/h3>\n<h3 data-path-to-node=\"10\">Canales de atenci\u00f3n al usuario<\/h3>\n<p data-path-to-node=\"11\">Para consultas adicionales, los usuarios pueden comunicarse a trav\u00e9s de los siguientes medios de lunes a viernes, de 09:00 a 18:00 hs:<\/p>\n<ul data-path-to-node=\"12\">\n<li>\n<p data-path-to-node=\"12,0,0\"><b data-path-to-node=\"12,0,0\" data-index-in-node=\"0\">Tel\u00e9fonos:<\/b> 0800-222-6272 \/ 0800-333-0073<\/p>\n<\/li>\n<li>\n<p data-path-to-node=\"12,1,0\"><b data-path-to-node=\"12,1,0\" data-index-in-node=\"0\">Correo electr\u00f3nico:<\/b> atencionalusuario@vialidad.gob.ar<\/p>\n<\/li>\n<li>\n<p data-path-to-node=\"12,2,0\"><b data-path-to-node=\"12,2,0\" data-index-in-node=\"0\">Estado de rutas en tiempo real:<\/b> <a class=\"ng-star-inserted\" href=\"https:\/\/www.google.com\/search?q=http:\/\/www.argentina.gob.ar\/rutasnacionales\" target=\"_blank\" rel=\"noopener\" data-hveid=\"0\" data-ved=\"0CAAQ_4QMahgKEwjDk7fIl5aUAxUAAAAAHQAAAAAQkgE\">www.argentina.gob.ar\/rutasnacionales<\/a><\/p>\n<\/li>\n<\/ul>\n","protected":false},"excerpt":{"rendered":"<p>Vialidad Nacional informa que, a partir del d\u00eda de la fecha, se implementan nuevas restricciones de peso para la circulaci\u00f3n vehicular sobre el puente ubicado en el kil\u00f3metro 692 de la Ruta Nacional 3.<\/p>\n","protected":false},"author":3,"featured_media":136753,"comment_status":"closed","ping_status":"closed","sticky":false,"template":"","format":"standard","meta":{"footnotes":""},"categories":[26],"tags":[],"class_list":["post-136752","post","type-post","status-publish","format-standard","has-post-thumbnail","hentry","category-sociedad"],"yoast_head":"<!-- This site is optimized with the Yoast SEO plugin v25.9 - https:\/\/yoast.com\/wordpress\/plugins\/seo\/ -->\n<title>Vialidad Nacional actualiza la limitaci\u00f3n de carga sobre el puente de la RN 3 en Bah\u00eda Blanca - Noticias Radio Reflejos<\/title>\n<meta name=\"robots\" content=\"index, follow, max-snippet:-1, max-image-preview:large, max-video-preview:-1\" \/>\n<link rel=\"canonical\" href=\"https:\/\/www.noticiasradioreflejos.com.ar\/2021\/vialidad-nacional-actualiza-la-limitacion-de-carga-sobre-el-puente-de-la-rn-3-en-bahia-blanca\/\" \/>\n<meta property=\"og:locale\" content=\"es_ES\" \/>\n<meta property=\"og:type\" content=\"article\" \/>\n<meta property=\"og:title\" content=\"Vialidad Nacional actualiza la limitaci\u00f3n de carga sobre el puente de la RN 3 en Bah\u00eda Blanca - Noticias Radio Reflejos\" \/>\n<meta property=\"og:description\" content=\"Vialidad Nacional informa que, a partir del d\u00eda de la fecha, se implementan nuevas restricciones de peso para la circulaci\u00f3n vehicular sobre el puente ubicado en el kil\u00f3metro 692 de la Ruta Nacional 3.\" \/>\n<meta property=\"og:url\" content=\"https:\/\/www.noticiasradioreflejos.com.ar\/2021\/vialidad-nacional-actualiza-la-limitacion-de-carga-sobre-el-puente-de-la-rn-3-en-bahia-blanca\/\" \/>\n<meta property=\"og:site_name\" content=\"Noticias Radio Reflejos\" \/>\n<meta property=\"article:published_time\" content=\"2026-04-30T18:20:15+00:00\" \/>\n<meta property=\"article:modified_time\" content=\"2026-04-30T18:20:16+00:00\" \/>\n<meta property=\"og:image\" content=\"https:\/\/www.noticiasradioreflejos.com.ar\/2021\/wp-content\/uploads\/2026\/04\/Vialidad-Nacional-R-3-BB-1.jpeg\" \/>\n\t<meta property=\"og:image:width\" content=\"1061\" \/>\n\t<meta property=\"og:image:height\" content=\"842\" \/>\n\t<meta property=\"og:image:type\" content=\"image\/jpeg\" \/>\n<meta name=\"author\" content=\"Arnaldo Botto\" \/>\n<meta name=\"twitter:card\" content=\"summary_large_image\" \/>\n<script type=\"application\/ld+json\" class=\"yoast-schema-graph\">{\"@context\":\"https:\/\/schema.org\",\"@graph\":[{\"@type\":\"WebPage\",\"@id\":\"https:\/\/www.noticiasradioreflejos.com.ar\/2021\/vialidad-nacional-actualiza-la-limitacion-de-carga-sobre-el-puente-de-la-rn-3-en-bahia-blanca\/\",\"url\":\"https:\/\/www.noticiasradioreflejos.com.ar\/2021\/vialidad-nacional-actualiza-la-limitacion-de-carga-sobre-el-puente-de-la-rn-3-en-bahia-blanca\/\",\"name\":\"Vialidad Nacional actualiza la limitaci\u00f3n de carga sobre el puente de la RN 3 en Bah\u00eda Blanca - Noticias Radio Reflejos\",\"isPartOf\":{\"@id\":\"https:\/\/www.noticiasradioreflejos.com.ar\/2021\/#website\"},\"primaryImageOfPage\":{\"@id\":\"https:\/\/www.noticiasradioreflejos.com.ar\/2021\/vialidad-nacional-actualiza-la-limitacion-de-carga-sobre-el-puente-de-la-rn-3-en-bahia-blanca\/#primaryimage\"},\"image\":{\"@id\":\"https:\/\/www.noticiasradioreflejos.com.ar\/2021\/vialidad-nacional-actualiza-la-limitacion-de-carga-sobre-el-puente-de-la-rn-3-en-bahia-blanca\/#primaryimage\"},\"thumbnailUrl\":\"https:\/\/www.noticiasradioreflejos.com.ar\/2021\/wp-content\/uploads\/2026\/04\/Vialidad-Nacional-R-3-BB-1.jpeg\",\"datePublished\":\"2026-04-30T18:20:15+00:00\",\"dateModified\":\"2026-04-30T18:20:16+00:00\",\"author\":{\"@id\":\"https:\/\/www.noticiasradioreflejos.com.ar\/2021\/#\/schema\/person\/ad82545263dcc5ec0996818884fd5fb1\"},\"breadcrumb\":{\"@id\":\"https:\/\/www.noticiasradioreflejos.com.ar\/2021\/vialidad-nacional-actualiza-la-limitacion-de-carga-sobre-el-puente-de-la-rn-3-en-bahia-blanca\/#breadcrumb\"},\"inLanguage\":\"es\",\"potentialAction\":[{\"@type\":\"ReadAction\",\"target\":[\"https:\/\/www.noticiasradioreflejos.com.ar\/2021\/vialidad-nacional-actualiza-la-limitacion-de-carga-sobre-el-puente-de-la-rn-3-en-bahia-blanca\/\"]}]},{\"@type\":\"ImageObject\",\"inLanguage\":\"es\",\"@id\":\"https:\/\/www.noticiasradioreflejos.com.ar\/2021\/vialidad-nacional-actualiza-la-limitacion-de-carga-sobre-el-puente-de-la-rn-3-en-bahia-blanca\/#primaryimage\",\"url\":\"https:\/\/www.noticiasradioreflejos.com.ar\/2021\/wp-content\/uploads\/2026\/04\/Vialidad-Nacional-R-3-BB-1.jpeg\",\"contentUrl\":\"https:\/\/www.noticiasradioreflejos.com.ar\/2021\/wp-content\/uploads\/2026\/04\/Vialidad-Nacional-R-3-BB-1.jpeg\",\"width\":1061,\"height\":842},{\"@type\":\"BreadcrumbList\",\"@id\":\"https:\/\/www.noticiasradioreflejos.com.ar\/2021\/vialidad-nacional-actualiza-la-limitacion-de-carga-sobre-el-puente-de-la-rn-3-en-bahia-blanca\/#breadcrumb\",\"itemListElement\":[{\"@type\":\"ListItem\",\"position\":1,\"name\":\"Portada\",\"item\":\"https:\/\/www.noticiasradioreflejos.com.ar\/2021\/\"},{\"@type\":\"ListItem\",\"position\":2,\"name\":\"Vialidad Nacional actualiza la limitaci\u00f3n de carga sobre el puente de la RN 3 en Bah\u00eda Blanca\"}]},{\"@type\":\"WebSite\",\"@id\":\"https:\/\/www.noticiasradioreflejos.com.ar\/2021\/#website\",\"url\":\"https:\/\/www.noticiasradioreflejos.com.ar\/2021\/\",\"name\":\"Noticias Radio Reflejos\",\"description\":\"Las noticias de mi comarca\",\"potentialAction\":[{\"@type\":\"SearchAction\",\"target\":{\"@type\":\"EntryPoint\",\"urlTemplate\":\"https:\/\/www.noticiasradioreflejos.com.ar\/2021\/?s={search_term_string}\"},\"query-input\":{\"@type\":\"PropertyValueSpecification\",\"valueRequired\":true,\"valueName\":\"search_term_string\"}}],\"inLanguage\":\"es\"},{\"@type\":\"Person\",\"@id\":\"https:\/\/www.noticiasradioreflejos.com.ar\/2021\/#\/schema\/person\/ad82545263dcc5ec0996818884fd5fb1\",\"name\":\"Arnaldo Botto\",\"image\":{\"@type\":\"ImageObject\",\"inLanguage\":\"es\",\"@id\":\"https:\/\/www.noticiasradioreflejos.com.ar\/2021\/#\/schema\/person\/image\/\",\"url\":\"https:\/\/secure.gravatar.com\/avatar\/55cb5e37c1efa326397366e6974cb338056df65cb50e7d64d1cf314e87504837?s=96&d=mm&r=g\",\"contentUrl\":\"https:\/\/secure.gravatar.com\/avatar\/55cb5e37c1efa326397366e6974cb338056df65cb50e7d64d1cf314e87504837?s=96&d=mm&r=g\",\"caption\":\"Arnaldo Botto\"},\"url\":\"https:\/\/www.noticiasradioreflejos.com.ar\/2021\/author\/arnaldo\/\"}]}<\/script>\n<!-- \/ Yoast SEO plugin. -->","yoast_head_json":{"title":"Vialidad Nacional actualiza la limitaci\u00f3n de carga sobre el puente de la RN 3 en Bah\u00eda Blanca - Noticias Radio Reflejos","robots":{"index":"index","follow":"follow","max-snippet":"max-snippet:-1","max-image-preview":"max-image-preview:large","max-video-preview":"max-video-preview:-1"},"canonical":"https:\/\/www.noticiasradioreflejos.com.ar\/2021\/vialidad-nacional-actualiza-la-limitacion-de-carga-sobre-el-puente-de-la-rn-3-en-bahia-blanca\/","og_locale":"es_ES","og_type":"article","og_title":"Vialidad Nacional actualiza la limitaci\u00f3n de carga sobre el puente de la RN 3 en Bah\u00eda Blanca - Noticias Radio Reflejos","og_description":"Vialidad Nacional informa que, a partir del d\u00eda de la fecha, se implementan nuevas restricciones de peso para la circulaci\u00f3n vehicular sobre el puente ubicado en el kil\u00f3metro 692 de la Ruta Nacional 3.","og_url":"https:\/\/www.noticiasradioreflejos.com.ar\/2021\/vialidad-nacional-actualiza-la-limitacion-de-carga-sobre-el-puente-de-la-rn-3-en-bahia-blanca\/","og_site_name":"Noticias Radio Reflejos","article_published_time":"2026-04-30T18:20:15+00:00","article_modified_time":"2026-04-30T18:20:16+00:00","og_image":[{"width":1061,"height":842,"url":"https:\/\/www.noticiasradioreflejos.com.ar\/2021\/wp-content\/uploads\/2026\/04\/Vialidad-Nacional-R-3-BB-1.jpeg","type":"image\/jpeg"}],"author":"Arnaldo Botto","twitter_card":"summary_large_image","schema":{"@context":"https:\/\/schema.org","@graph":[{"@type":"WebPage","@id":"https:\/\/www.noticiasradioreflejos.com.ar\/2021\/vialidad-nacional-actualiza-la-limitacion-de-carga-sobre-el-puente-de-la-rn-3-en-bahia-blanca\/","url":"https:\/\/www.noticiasradioreflejos.com.ar\/2021\/vialidad-nacional-actualiza-la-limitacion-de-carga-sobre-el-puente-de-la-rn-3-en-bahia-blanca\/","name":"Vialidad Nacional actualiza la limitaci\u00f3n de carga sobre el puente de la RN 3 en Bah\u00eda Blanca - Noticias Radio Reflejos","isPartOf":{"@id":"https:\/\/www.noticiasradioreflejos.com.ar\/2021\/#website"},"primaryImageOfPage":{"@id":"https:\/\/www.noticiasradioreflejos.com.ar\/2021\/vialidad-nacional-actualiza-la-limitacion-de-carga-sobre-el-puente-de-la-rn-3-en-bahia-blanca\/#primaryimage"},"image":{"@id":"https:\/\/www.noticiasradioreflejos.com.ar\/2021\/vialidad-nacional-actualiza-la-limitacion-de-carga-sobre-el-puente-de-la-rn-3-en-bahia-blanca\/#primaryimage"},"thumbnailUrl":"https:\/\/www.noticiasradioreflejos.com.ar\/2021\/wp-content\/uploads\/2026\/04\/Vialidad-Nacional-R-3-BB-1.jpeg","datePublished":"2026-04-30T18:20:15+00:00","dateModified":"2026-04-30T18:20:16+00:00","author":{"@id":"https:\/\/www.noticiasradioreflejos.com.ar\/2021\/#\/schema\/person\/ad82545263dcc5ec0996818884fd5fb1"},"breadcrumb":{"@id":"https:\/\/www.noticiasradioreflejos.com.ar\/2021\/vialidad-nacional-actualiza-la-limitacion-de-carga-sobre-el-puente-de-la-rn-3-en-bahia-blanca\/#breadcrumb"},"inLanguage":"es","potentialAction":[{"@type":"ReadAction","target":["https:\/\/www.noticiasradioreflejos.com.ar\/2021\/vialidad-nacional-actualiza-la-limitacion-de-carga-sobre-el-puente-de-la-rn-3-en-bahia-blanca\/"]}]},{"@type":"ImageObject","inLanguage":"es","@id":"https:\/\/www.noticiasradioreflejos.com.ar\/2021\/vialidad-nacional-actualiza-la-limitacion-de-carga-sobre-el-puente-de-la-rn-3-en-bahia-blanca\/#primaryimage","url":"https:\/\/www.noticiasradioreflejos.com.ar\/2021\/wp-content\/uploads\/2026\/04\/Vialidad-Nacional-R-3-BB-1.jpeg","contentUrl":"https:\/\/www.noticiasradioreflejos.com.ar\/2021\/wp-content\/uploads\/2026\/04\/Vialidad-Nacional-R-3-BB-1.jpeg","width":1061,"height":842},{"@type":"BreadcrumbList","@id":"https:\/\/www.noticiasradioreflejos.com.ar\/2021\/vialidad-nacional-actualiza-la-limitacion-de-carga-sobre-el-puente-de-la-rn-3-en-bahia-blanca\/#breadcrumb","itemListElement":[{"@type":"ListItem","position":1,"name":"Portada","item":"https:\/\/www.noticiasradioreflejos.com.ar\/2021\/"},{"@type":"ListItem","position":2,"name":"Vialidad Nacional actualiza la limitaci\u00f3n de carga sobre el puente de la RN 3 en Bah\u00eda Blanca"}]},{"@type":"WebSite","@id":"https:\/\/www.noticiasradioreflejos.com.ar\/2021\/#website","url":"https:\/\/www.noticiasradioreflejos.com.ar\/2021\/","name":"Noticias Radio Reflejos","description":"Las noticias de mi comarca","potentialAction":[{"@type":"SearchAction","target":{"@type":"EntryPoint","urlTemplate":"https:\/\/www.noticiasradioreflejos.com.ar\/2021\/?s={search_term_string}"},"query-input":{"@type":"PropertyValueSpecification","valueRequired":true,"valueName":"search_term_string"}}],"inLanguage":"es"},{"@type":"Person","@id":"https:\/\/www.noticiasradioreflejos.com.ar\/2021\/#\/schema\/person\/ad82545263dcc5ec0996818884fd5fb1","name":"Arnaldo Botto","image":{"@type":"ImageObject","inLanguage":"es","@id":"https:\/\/www.noticiasradioreflejos.com.ar\/2021\/#\/schema\/person\/image\/","url":"https:\/\/secure.gravatar.com\/avatar\/55cb5e37c1efa326397366e6974cb338056df65cb50e7d64d1cf314e87504837?s=96&d=mm&r=g","contentUrl":"https:\/\/secure.gravatar.com\/avatar\/55cb5e37c1efa326397366e6974cb338056df65cb50e7d64d1cf314e87504837?s=96&d=mm&r=g","caption":"Arnaldo Botto"},"url":"https:\/\/www.noticiasradioreflejos.com.ar\/2021\/author\/arnaldo\/"}]}},"_links":{"self":[{"href":"https:\/\/www.noticiasradioreflejos.com.ar\/2021\/wp-json\/wp\/v2\/posts\/136752","targetHints":{"allow":["GET"]}}],"collection":[{"href":"https:\/\/www.noticiasradioreflejos.com.ar\/2021\/wp-json\/wp\/v2\/posts"}],"about":[{"href":"https:\/\/www.noticiasradioreflejos.com.ar\/2021\/wp-json\/wp\/v2\/types\/post"}],"author":[{"embeddable":true,"href":"https:\/\/www.noticiasradioreflejos.com.ar\/2021\/wp-json\/wp\/v2\/users\/3"}],"replies":[{"embeddable":true,"href":"https:\/\/www.noticiasradioreflejos.com.ar\/2021\/wp-json\/wp\/v2\/comments?post=136752"}],"version-history":[{"count":2,"href":"https:\/\/www.noticiasradioreflejos.com.ar\/2021\/wp-json\/wp\/v2\/posts\/136752\/revisions"}],"predecessor-version":[{"id":136756,"href":"https:\/\/www.noticiasradioreflejos.com.ar\/2021\/wp-json\/wp\/v2\/posts\/136752\/revisions\/136756"}],"wp:featuredmedia":[{"embeddable":true,"href":"https:\/\/www.noticiasradioreflejos.com.ar\/2021\/wp-json\/wp\/v2\/media\/136753"}],"wp:attachment":[{"href":"https:\/\/www.noticiasradioreflejos.com.ar\/2021\/wp-json\/wp\/v2\/media?parent=136752"}],"wp:term":[{"taxonomy":"category","embeddable":true,"href":"https:\/\/www.noticiasradioreflejos.com.ar\/2021\/wp-json\/wp\/v2\/categories?post=136752"},{"taxonomy":"post_tag","embeddable":true,"href":"https:\/\/www.noticiasradioreflejos.com.ar\/2021\/wp-json\/wp\/v2\/tags?post=136752"}],"curies":[{"name":"wp","href":"https:\/\/api.w.org\/{rel}","templated":true}]}}