{"id":136742,"date":"2026-04-30T15:30:13","date_gmt":"2026-04-30T18:30:13","guid":{"rendered":"https:\/\/www.noticiasradioreflejos.com.ar\/2021\/?p=136742"},"modified":"2026-04-30T15:30:14","modified_gmt":"2026-04-30T18:30:14","slug":"el-arte-del-pastoreo-la-destreza-de-los-perros-arrieros-llega-a-la-rural-de-tornquist","status":"publish","type":"post","link":"https:\/\/www.noticiasradioreflejos.com.ar\/2021\/el-arte-del-pastoreo-la-destreza-de-los-perros-arrieros-llega-a-la-rural-de-tornquist\/","title":{"rendered":"El arte del pastoreo: la destreza de los perros arrieros llega a la Rural de Tornquist"},"content":{"rendered":"<p><em><strong>Cristian Kurtz, referente de la actividad y presidente de la Asociaci\u00f3n Argentina de Perros Arrieros<\/strong><\/em>, presentar\u00e1 una demostraci\u00f3n con Border Collies. En esta nota, explica c\u00f3mo estos animales pasaron de ser una necesidad operativa a convertirse en piezas fundamentales \u2014y atletas de alta competencia\u2014 para el trabajo con el ganado en la regi\u00f3n.<!--more--><\/p>\n<p data-path-to-node=\"3\">Kurtz presentar\u00e1 una demostraci\u00f3n t\u00e9cnica sobre el trabajo con perros entrenados en la 50\u00b0 edici\u00f3n de la Expo Rural. El especialista destac\u00f3 la importancia de esta herramienta para el manejo de ovinos y vacunos, y c\u00f3mo la raza Border Collie se ha consolidado como el est\u00e1ndar de excelencia para las tareas rurales en la regi\u00f3n.<\/p>\n<p data-path-to-node=\"3\"><a href=\"https:\/\/www.noticiasradioreflejos.com.ar\/2021\/el-arte-del-pastoreo-la-destreza-de-los-perros-arrieros-llega-a-la-rural-de-tornquist\/perros-arrieros-2\/\" rel=\"attachment wp-att-136758\"><img loading=\"lazy\" decoding=\"async\" class=\"aligncenter  wp-image-136758\" src=\"https:\/\/www.noticiasradioreflejos.com.ar\/2021\/wp-content\/uploads\/2026\/04\/Perros-arrieros.jpg\" alt=\"\" width=\"755\" height=\"372\" srcset=\"https:\/\/www.noticiasradioreflejos.com.ar\/2021\/wp-content\/uploads\/2026\/04\/Perros-arrieros.jpg 599w, https:\/\/www.noticiasradioreflejos.com.ar\/2021\/wp-content\/uploads\/2026\/04\/Perros-arrieros-300x148.jpg 300w\" sizes=\"auto, (max-width: 755px) 100vw, 755px\" \/><\/a><\/p>\n<p data-path-to-node=\"4\">En el marco de la <b data-path-to-node=\"4\" data-index-in-node=\"18\">50\u00b0 Exposici\u00f3n Rural de Tornquist<\/b>, uno de los atractivos m\u00e1s esperados ser\u00e1 la demostraci\u00f3n de perros arrieros. <b data-path-to-node=\"4\" data-index-in-node=\"130\">Cristian Kurtz<\/b>, quien cr\u00eda y entrena estos animales desde hace a\u00f1os, define esta actividad como una muestra del trabajo diario en el campo. \u00abEs una herramienta muy importante y un complemento para el hombre o la mujer de campo; llegamos a esto por la necesidad de tener un perro ayud\u00e1ndonos con las ovejas\u00bb, explic\u00f3.<\/p>\n<p data-path-to-node=\"5\">Aunque antiguamente se utilizaban otras razas, hoy el <b data-path-to-node=\"5\" data-index-in-node=\"54\">Border Collie<\/b> es el protagonista indiscutido por ser el \u00abperro de arreo por excelencia\u00bb. Seg\u00fan Kurtz, estos animales se han adaptado perfectamente al clima y terreno de la zona, a pesar de su origen brit\u00e1nico. En su proyecto de cr\u00eda, el proceso es a largo plazo: un perro requiere entrenamiento hasta los <b data-path-to-node=\"5\" data-index-in-node=\"358\">2 a\u00f1os<\/b> para estar listo y puede ser un compa\u00f1ero de trabajo por aproximadamente una d\u00e9cada.<\/p>\n<p data-path-to-node=\"5\">\n<p data-path-to-node=\"7\">El trabajo de arreo profesional requiere una armon\u00eda particular entre los tres actores. Kurtz se\u00f1ala que no solo el perro debe estar preparado, sino que el reba\u00f1o tambi\u00e9n necesita un per\u00edodo de adaptaci\u00f3n. \u00abEl trabajo mayormente lo hace el perro; la persona le da las instrucciones para llevar la hacienda de un lado al otro o pasarla por la manga. Con la oveja, no se puede concebir la idea de trabajar sin perros\u00bb, afirm\u00f3 el especialista.<\/p>\n<p data-path-to-node=\"9\">Desde la <b data-path-to-node=\"9\" data-index-in-node=\"9\">Asociaci\u00f3n Argentina de Perros Arrieros<\/b>, que Kurtz preside desde su fundaci\u00f3n en 2013, se busca nuclear a quienes practican el pastoreo, ya sea por necesidad laboral o de forma recreativa. La asociaci\u00f3n est\u00e1 vinculada a clubes internacionales y organiza el <b data-path-to-node=\"9\" data-index-in-node=\"265\">Campeonato Argentino<\/b>, que cuenta con tres categor\u00edas: iniciantes, intermedia y profesional.<\/p>\n<p data-path-to-node=\"10\">\u00abEn Argentina es muy bajo el porcentaje de gente que utiliza perros para el trabajo. Nuestra idea es difundir y promover el buen uso de estos animales mediante el campeonato y las exposiciones\u00bb, concluy\u00f3 Cristian. La demostraci\u00f3n en la Rural ser\u00e1 una oportunidad \u00fanica para que el p\u00fablico vea en acci\u00f3n a estos perros, que son mucho m\u00e1s que una mascota: son el motor que agiliza y profesionaliza la vida rural.<\/p>\n<p>&nbsp;<\/p>\n<audio class=\"wp-audio-shortcode\" id=\"audio-136742-1\" preload=\"none\" style=\"width: 100%;\" controls=\"controls\"><source type=\"audio\/mpeg\" src=\"https:\/\/www.noticiasradioreflejos.com.ar\/2021\/wp-content\/uploads\/2026\/04\/Cristian-Kurs-29-04.mp3?_=1\" \/><a href=\"https:\/\/www.noticiasradioreflejos.com.ar\/2021\/wp-content\/uploads\/2026\/04\/Cristian-Kurs-29-04.mp3\">https:\/\/www.noticiasradioreflejos.com.ar\/2021\/wp-content\/uploads\/2026\/04\/Cristian-Kurs-29-04.mp3<\/a><\/audio>\n<p>&nbsp;<\/p>\n","protected":false},"excerpt":{"rendered":"<p>Cristian Kurtz, referente de la actividad y presidente de la Asociaci\u00f3n Argentina de Perros Arrieros, presentar\u00e1 una demostraci\u00f3n con Border Collies. En esta nota, explica c\u00f3mo estos animales pasaron de ser una necesidad operativa a convertirse en piezas fundamentales \u2014y atletas de alta competencia\u2014 para el trabajo con el ganado en la regi\u00f3n.<\/p>\n","protected":false},"author":3,"featured_media":136757,"comment_status":"closed","ping_status":"closed","sticky":false,"template":"","format":"standard","meta":{"footnotes":""},"categories":[35,26],"tags":[48],"class_list":["post-136742","post","type-post","status-publish","format-standard","has-post-thumbnail","hentry","category-cultura","category-sociedad","tag-destacada"],"yoast_head":"<!-- This site is optimized with the Yoast SEO plugin v25.9 - https:\/\/yoast.com\/wordpress\/plugins\/seo\/ -->\n<title>El arte del pastoreo: la destreza de los perros arrieros llega a la Rural de Tornquist - Noticias Radio Reflejos<\/title>\n<meta name=\"robots\" content=\"index, follow, max-snippet:-1, max-image-preview:large, max-video-preview:-1\" \/>\n<link rel=\"canonical\" href=\"https:\/\/www.noticiasradioreflejos.com.ar\/2021\/el-arte-del-pastoreo-la-destreza-de-los-perros-arrieros-llega-a-la-rural-de-tornquist\/\" \/>\n<meta property=\"og:locale\" content=\"es_ES\" \/>\n<meta property=\"og:type\" content=\"article\" \/>\n<meta property=\"og:title\" content=\"El arte del pastoreo: la destreza de los perros arrieros llega a la Rural de Tornquist - Noticias Radio Reflejos\" \/>\n<meta property=\"og:description\" content=\"Cristian Kurtz, referente de la actividad y presidente de la Asociaci\u00f3n Argentina de Perros Arrieros, presentar\u00e1 una demostraci\u00f3n con Border Collies. En esta nota, explica c\u00f3mo estos animales pasaron de ser una necesidad operativa a convertirse en piezas fundamentales \u2014y atletas de alta competencia\u2014 para el trabajo con el ganado en la regi\u00f3n.\" \/>\n<meta property=\"og:url\" content=\"https:\/\/www.noticiasradioreflejos.com.ar\/2021\/el-arte-del-pastoreo-la-destreza-de-los-perros-arrieros-llega-a-la-rural-de-tornquist\/\" \/>\n<meta property=\"og:site_name\" content=\"Noticias Radio Reflejos\" \/>\n<meta property=\"article:published_time\" content=\"2026-04-30T18:30:13+00:00\" \/>\n<meta property=\"article:modified_time\" content=\"2026-04-30T18:30:14+00:00\" \/>\n<meta property=\"og:image\" content=\"https:\/\/www.noticiasradioreflejos.com.ar\/2021\/wp-content\/uploads\/2026\/04\/Perros-arrieros.jpeg\" \/>\n\t<meta property=\"og:image:width\" content=\"1550\" \/>\n\t<meta property=\"og:image:height\" content=\"1029\" \/>\n\t<meta property=\"og:image:type\" content=\"image\/jpeg\" \/>\n<meta name=\"author\" content=\"Arnaldo Botto\" \/>\n<meta name=\"twitter:card\" content=\"summary_large_image\" \/>\n<script type=\"application\/ld+json\" class=\"yoast-schema-graph\">{\"@context\":\"https:\/\/schema.org\",\"@graph\":[{\"@type\":\"WebPage\",\"@id\":\"https:\/\/www.noticiasradioreflejos.com.ar\/2021\/el-arte-del-pastoreo-la-destreza-de-los-perros-arrieros-llega-a-la-rural-de-tornquist\/\",\"url\":\"https:\/\/www.noticiasradioreflejos.com.ar\/2021\/el-arte-del-pastoreo-la-destreza-de-los-perros-arrieros-llega-a-la-rural-de-tornquist\/\",\"name\":\"El arte del pastoreo: la destreza de los perros arrieros llega a la Rural de Tornquist - Noticias Radio Reflejos\",\"isPartOf\":{\"@id\":\"https:\/\/www.noticiasradioreflejos.com.ar\/2021\/#website\"},\"primaryImageOfPage\":{\"@id\":\"https:\/\/www.noticiasradioreflejos.com.ar\/2021\/el-arte-del-pastoreo-la-destreza-de-los-perros-arrieros-llega-a-la-rural-de-tornquist\/#primaryimage\"},\"image\":{\"@id\":\"https:\/\/www.noticiasradioreflejos.com.ar\/2021\/el-arte-del-pastoreo-la-destreza-de-los-perros-arrieros-llega-a-la-rural-de-tornquist\/#primaryimage\"},\"thumbnailUrl\":\"https:\/\/www.noticiasradioreflejos.com.ar\/2021\/wp-content\/uploads\/2026\/04\/Perros-arrieros.jpeg\",\"datePublished\":\"2026-04-30T18:30:13+00:00\",\"dateModified\":\"2026-04-30T18:30:14+00:00\",\"author\":{\"@id\":\"https:\/\/www.noticiasradioreflejos.com.ar\/2021\/#\/schema\/person\/ad82545263dcc5ec0996818884fd5fb1\"},\"breadcrumb\":{\"@id\":\"https:\/\/www.noticiasradioreflejos.com.ar\/2021\/el-arte-del-pastoreo-la-destreza-de-los-perros-arrieros-llega-a-la-rural-de-tornquist\/#breadcrumb\"},\"inLanguage\":\"es\",\"potentialAction\":[{\"@type\":\"ReadAction\",\"target\":[\"https:\/\/www.noticiasradioreflejos.com.ar\/2021\/el-arte-del-pastoreo-la-destreza-de-los-perros-arrieros-llega-a-la-rural-de-tornquist\/\"]}]},{\"@type\":\"ImageObject\",\"inLanguage\":\"es\",\"@id\":\"https:\/\/www.noticiasradioreflejos.com.ar\/2021\/el-arte-del-pastoreo-la-destreza-de-los-perros-arrieros-llega-a-la-rural-de-tornquist\/#primaryimage\",\"url\":\"https:\/\/www.noticiasradioreflejos.com.ar\/2021\/wp-content\/uploads\/2026\/04\/Perros-arrieros.jpeg\",\"contentUrl\":\"https:\/\/www.noticiasradioreflejos.com.ar\/2021\/wp-content\/uploads\/2026\/04\/Perros-arrieros.jpeg\",\"width\":1550,\"height\":1029},{\"@type\":\"BreadcrumbList\",\"@id\":\"https:\/\/www.noticiasradioreflejos.com.ar\/2021\/el-arte-del-pastoreo-la-destreza-de-los-perros-arrieros-llega-a-la-rural-de-tornquist\/#breadcrumb\",\"itemListElement\":[{\"@type\":\"ListItem\",\"position\":1,\"name\":\"Portada\",\"item\":\"https:\/\/www.noticiasradioreflejos.com.ar\/2021\/\"},{\"@type\":\"ListItem\",\"position\":2,\"name\":\"El arte del pastoreo: la destreza de los perros arrieros llega a la Rural de Tornquist\"}]},{\"@type\":\"WebSite\",\"@id\":\"https:\/\/www.noticiasradioreflejos.com.ar\/2021\/#website\",\"url\":\"https:\/\/www.noticiasradioreflejos.com.ar\/2021\/\",\"name\":\"Noticias Radio Reflejos\",\"description\":\"Las noticias de mi comarca\",\"potentialAction\":[{\"@type\":\"SearchAction\",\"target\":{\"@type\":\"EntryPoint\",\"urlTemplate\":\"https:\/\/www.noticiasradioreflejos.com.ar\/2021\/?s={search_term_string}\"},\"query-input\":{\"@type\":\"PropertyValueSpecification\",\"valueRequired\":true,\"valueName\":\"search_term_string\"}}],\"inLanguage\":\"es\"},{\"@type\":\"Person\",\"@id\":\"https:\/\/www.noticiasradioreflejos.com.ar\/2021\/#\/schema\/person\/ad82545263dcc5ec0996818884fd5fb1\",\"name\":\"Arnaldo Botto\",\"image\":{\"@type\":\"ImageObject\",\"inLanguage\":\"es\",\"@id\":\"https:\/\/www.noticiasradioreflejos.com.ar\/2021\/#\/schema\/person\/image\/\",\"url\":\"https:\/\/secure.gravatar.com\/avatar\/55cb5e37c1efa326397366e6974cb338056df65cb50e7d64d1cf314e87504837?s=96&d=mm&r=g\",\"contentUrl\":\"https:\/\/secure.gravatar.com\/avatar\/55cb5e37c1efa326397366e6974cb338056df65cb50e7d64d1cf314e87504837?s=96&d=mm&r=g\",\"caption\":\"Arnaldo Botto\"},\"url\":\"https:\/\/www.noticiasradioreflejos.com.ar\/2021\/author\/arnaldo\/\"}]}<\/script>\n<!-- \/ Yoast SEO plugin. -->","yoast_head_json":{"title":"El arte del pastoreo: la destreza de los perros arrieros llega a la Rural de Tornquist - Noticias Radio Reflejos","robots":{"index":"index","follow":"follow","max-snippet":"max-snippet:-1","max-image-preview":"max-image-preview:large","max-video-preview":"max-video-preview:-1"},"canonical":"https:\/\/www.noticiasradioreflejos.com.ar\/2021\/el-arte-del-pastoreo-la-destreza-de-los-perros-arrieros-llega-a-la-rural-de-tornquist\/","og_locale":"es_ES","og_type":"article","og_title":"El arte del pastoreo: la destreza de los perros arrieros llega a la Rural de Tornquist - Noticias Radio Reflejos","og_description":"Cristian Kurtz, referente de la actividad y presidente de la Asociaci\u00f3n Argentina de Perros Arrieros, presentar\u00e1 una demostraci\u00f3n con Border Collies. En esta nota, explica c\u00f3mo estos animales pasaron de ser una necesidad operativa a convertirse en piezas fundamentales \u2014y atletas de alta competencia\u2014 para el trabajo con el ganado en la regi\u00f3n.","og_url":"https:\/\/www.noticiasradioreflejos.com.ar\/2021\/el-arte-del-pastoreo-la-destreza-de-los-perros-arrieros-llega-a-la-rural-de-tornquist\/","og_site_name":"Noticias Radio Reflejos","article_published_time":"2026-04-30T18:30:13+00:00","article_modified_time":"2026-04-30T18:30:14+00:00","og_image":[{"width":1550,"height":1029,"url":"https:\/\/www.noticiasradioreflejos.com.ar\/2021\/wp-content\/uploads\/2026\/04\/Perros-arrieros.jpeg","type":"image\/jpeg"}],"author":"Arnaldo Botto","twitter_card":"summary_large_image","schema":{"@context":"https:\/\/schema.org","@graph":[{"@type":"WebPage","@id":"https:\/\/www.noticiasradioreflejos.com.ar\/2021\/el-arte-del-pastoreo-la-destreza-de-los-perros-arrieros-llega-a-la-rural-de-tornquist\/","url":"https:\/\/www.noticiasradioreflejos.com.ar\/2021\/el-arte-del-pastoreo-la-destreza-de-los-perros-arrieros-llega-a-la-rural-de-tornquist\/","name":"El arte del pastoreo: la destreza de los perros arrieros llega a la Rural de Tornquist - Noticias Radio Reflejos","isPartOf":{"@id":"https:\/\/www.noticiasradioreflejos.com.ar\/2021\/#website"},"primaryImageOfPage":{"@id":"https:\/\/www.noticiasradioreflejos.com.ar\/2021\/el-arte-del-pastoreo-la-destreza-de-los-perros-arrieros-llega-a-la-rural-de-tornquist\/#primaryimage"},"image":{"@id":"https:\/\/www.noticiasradioreflejos.com.ar\/2021\/el-arte-del-pastoreo-la-destreza-de-los-perros-arrieros-llega-a-la-rural-de-tornquist\/#primaryimage"},"thumbnailUrl":"https:\/\/www.noticiasradioreflejos.com.ar\/2021\/wp-content\/uploads\/2026\/04\/Perros-arrieros.jpeg","datePublished":"2026-04-30T18:30:13+00:00","dateModified":"2026-04-30T18:30:14+00:00","author":{"@id":"https:\/\/www.noticiasradioreflejos.com.ar\/2021\/#\/schema\/person\/ad82545263dcc5ec0996818884fd5fb1"},"breadcrumb":{"@id":"https:\/\/www.noticiasradioreflejos.com.ar\/2021\/el-arte-del-pastoreo-la-destreza-de-los-perros-arrieros-llega-a-la-rural-de-tornquist\/#breadcrumb"},"inLanguage":"es","potentialAction":[{"@type":"ReadAction","target":["https:\/\/www.noticiasradioreflejos.com.ar\/2021\/el-arte-del-pastoreo-la-destreza-de-los-perros-arrieros-llega-a-la-rural-de-tornquist\/"]}]},{"@type":"ImageObject","inLanguage":"es","@id":"https:\/\/www.noticiasradioreflejos.com.ar\/2021\/el-arte-del-pastoreo-la-destreza-de-los-perros-arrieros-llega-a-la-rural-de-tornquist\/#primaryimage","url":"https:\/\/www.noticiasradioreflejos.com.ar\/2021\/wp-content\/uploads\/2026\/04\/Perros-arrieros.jpeg","contentUrl":"https:\/\/www.noticiasradioreflejos.com.ar\/2021\/wp-content\/uploads\/2026\/04\/Perros-arrieros.jpeg","width":1550,"height":1029},{"@type":"BreadcrumbList","@id":"https:\/\/www.noticiasradioreflejos.com.ar\/2021\/el-arte-del-pastoreo-la-destreza-de-los-perros-arrieros-llega-a-la-rural-de-tornquist\/#breadcrumb","itemListElement":[{"@type":"ListItem","position":1,"name":"Portada","item":"https:\/\/www.noticiasradioreflejos.com.ar\/2021\/"},{"@type":"ListItem","position":2,"name":"El arte del pastoreo: la destreza de los perros arrieros llega a la Rural de Tornquist"}]},{"@type":"WebSite","@id":"https:\/\/www.noticiasradioreflejos.com.ar\/2021\/#website","url":"https:\/\/www.noticiasradioreflejos.com.ar\/2021\/","name":"Noticias Radio Reflejos","description":"Las noticias de mi comarca","potentialAction":[{"@type":"SearchAction","target":{"@type":"EntryPoint","urlTemplate":"https:\/\/www.noticiasradioreflejos.com.ar\/2021\/?s={search_term_string}"},"query-input":{"@type":"PropertyValueSpecification","valueRequired":true,"valueName":"search_term_string"}}],"inLanguage":"es"},{"@type":"Person","@id":"https:\/\/www.noticiasradioreflejos.com.ar\/2021\/#\/schema\/person\/ad82545263dcc5ec0996818884fd5fb1","name":"Arnaldo Botto","image":{"@type":"ImageObject","inLanguage":"es","@id":"https:\/\/www.noticiasradioreflejos.com.ar\/2021\/#\/schema\/person\/image\/","url":"https:\/\/secure.gravatar.com\/avatar\/55cb5e37c1efa326397366e6974cb338056df65cb50e7d64d1cf314e87504837?s=96&d=mm&r=g","contentUrl":"https:\/\/secure.gravatar.com\/avatar\/55cb5e37c1efa326397366e6974cb338056df65cb50e7d64d1cf314e87504837?s=96&d=mm&r=g","caption":"Arnaldo Botto"},"url":"https:\/\/www.noticiasradioreflejos.com.ar\/2021\/author\/arnaldo\/"}]}},"_links":{"self":[{"href":"https:\/\/www.noticiasradioreflejos.com.ar\/2021\/wp-json\/wp\/v2\/posts\/136742","targetHints":{"allow":["GET"]}}],"collection":[{"href":"https:\/\/www.noticiasradioreflejos.com.ar\/2021\/wp-json\/wp\/v2\/posts"}],"about":[{"href":"https:\/\/www.noticiasradioreflejos.com.ar\/2021\/wp-json\/wp\/v2\/types\/post"}],"author":[{"embeddable":true,"href":"https:\/\/www.noticiasradioreflejos.com.ar\/2021\/wp-json\/wp\/v2\/users\/3"}],"replies":[{"embeddable":true,"href":"https:\/\/www.noticiasradioreflejos.com.ar\/2021\/wp-json\/wp\/v2\/comments?post=136742"}],"version-history":[{"count":4,"href":"https:\/\/www.noticiasradioreflejos.com.ar\/2021\/wp-json\/wp\/v2\/posts\/136742\/revisions"}],"predecessor-version":[{"id":136760,"href":"https:\/\/www.noticiasradioreflejos.com.ar\/2021\/wp-json\/wp\/v2\/posts\/136742\/revisions\/136760"}],"wp:featuredmedia":[{"embeddable":true,"href":"https:\/\/www.noticiasradioreflejos.com.ar\/2021\/wp-json\/wp\/v2\/media\/136757"}],"wp:attachment":[{"href":"https:\/\/www.noticiasradioreflejos.com.ar\/2021\/wp-json\/wp\/v2\/media?parent=136742"}],"wp:term":[{"taxonomy":"category","embeddable":true,"href":"https:\/\/www.noticiasradioreflejos.com.ar\/2021\/wp-json\/wp\/v2\/categories?post=136742"},{"taxonomy":"post_tag","embeddable":true,"href":"https:\/\/www.noticiasradioreflejos.com.ar\/2021\/wp-json\/wp\/v2\/tags?post=136742"}],"curies":[{"name":"wp","href":"https:\/\/api.w.org\/{rel}","templated":true}]}}