{"id":136739,"date":"2026-04-30T11:13:36","date_gmt":"2026-04-30T14:13:36","guid":{"rendered":"https:\/\/www.noticiasradioreflejos.com.ar\/2021\/?p=136739"},"modified":"2026-04-30T11:48:55","modified_gmt":"2026-04-30T14:48:55","slug":"dia-internacional-del-jazz-por-que-se-celebra-el-30-de-abril","status":"publish","type":"post","link":"https:\/\/www.noticiasradioreflejos.com.ar\/2021\/dia-internacional-del-jazz-por-que-se-celebra-el-30-de-abril\/","title":{"rendered":"D\u00eda Internacional del Jazz: \u00bfpor qu\u00e9 se celebra el 30 de abril?"},"content":{"rendered":"<p>En noviembre de 2011, la Unesco design\u00f3 esta fecha para homenajear en todo el mundo a un g\u00e9nero musical que mezcla melod\u00edas afroamericanas con otros ritmos, uniendo culturas.<!--more--><\/p>\n<p>El 30 de abril se celebra en todo el mundo el <strong>D\u00eda Internacional del Jazz<\/strong>.\u00a0Se pretende concienciar sobre la importancia del jazz como herramienta educativa y de promoci\u00f3n de la paz, el di\u00e1logo y la cooperaci\u00f3n entre pueblos de todo el mundo.<\/p>\n<div class=\"partner-wrapper article-page__body-row\">\n<div class=\"second-col\">\n<p class=\"article-text\">Fue decretado por la\u00a0UNESCO\u00a0en el a\u00f1o 2011, con el objetivo de dar a conocer un movimiento musical de gran valor educativo, as\u00ed como un recurso valioso que contribuye al intercambio cultural, al di\u00e1logo y la cooperaci\u00f3n entre los pueblos a nivel mundial.<\/p>\n<p class=\"article-text\">La fecha marca el cierre del\u00a0<strong>Mes de Apreciaci\u00f3n del Jazz<\/strong>\u00a0en Estados Unidos y se convirti\u00f3 en el punto de encuentro internacional para celebrar esta m\u00fasica y su legado. Desde 2012, miles de ciudades participan con conciertos, clases magistrales, actividades educativas y transmisiones globales.<\/p>\n<p class=\"article-text\">Cada a\u00f1o, una ciudad anfitriona concentra el\u00a0<strong>Concierto Global All-Star<\/strong>, con artistas de renombre internacional y transmisi\u00f3n en vivo a millones de personas. La UNESCO invita a escuelas, universidades, centros culturales, radios y organizaciones a sumarse con actividades propias.<\/p>\n<p class=\"article-text\"><strong>Este 2026 celebra su 15 aniversario con el All-Star Global Concert en directo desde Chicago.\u00a0<\/strong>La programaci\u00f3n del evento, anunciada por la UNESCO y el Herbie Hancock Institute of Jazz, incluye a artistas como Gregory Porter (Estados Unidos de Am\u00e9rica), James Morrison (Australia), Tiger Okoshi (Jap\u00f3n), Mandisi Dyantyis (Sud\u00e1frica), Antonio S\u00e1nchez (M\u00e9xico), Mino Cin\u00e9lu (Martinica, Francia), entre otros.<\/p>\n<p class=\"article-text\">En reconocimiento al ilustre legado del jazz en la ciudad \u2014forjado por leyendas como Louis Armstrong, King Oliver y Jelly Roll Morton\u2014 Chicago acoger\u00e1, hasta el 3\u00a0de mayo, una variedad de actuaciones, programas educativos y proyectos comunitarios. Estas iniciativas destacan la capacidad del jazz, a lo largo de su historia y en la actualidad, para inspirar un sentido compartido de humanidad a trav\u00e9s de la cultura.<\/p>\n<p class=\"article-text\">Se celebrar\u00e1n eventos en todo el mundo organizados por distintos socios en m\u00e1s de 190\u00a0pa\u00edses y los 50\u00a0estados de EE.UU. Por su parte, la compa\u00f1\u00eda a\u00e9rea United, con sede en Chicago y patrocinadora del D\u00eda Internacional del Jazz, est\u00e1 proporcionando transporte a\u00e9reo y apoyo adicional para artistas y educadores.<\/p>\n<p class=\"article-text\">Los principales programas de la Red de Ciudades Creativas de la UNESCO ampl\u00edan el alcance mundial del D\u00eda Internacional del Jazz, con ciudades miembros de Estados Unidos como Kansas City y la reci\u00e9n nombrada Nueva Orleans, que fomentan el intercambio cultural internacional y promueven la creatividad como motor de un desarrollo urbano sostenible.<\/p>\n<p class=\"article-text\"><strong>\u00bfQu\u00e9 es el jazz?<\/strong><\/p>\n<p class=\"article-text\">El jazz es un g\u00e9nero musical que incluye melod\u00edas afroamericanas y mezclas de otros ritmos, basados en la improvisaci\u00f3n y la libre interpretaci\u00f3n.<\/p>\n<p class=\"article-text\">Tuvo sus inicios en el siglo XIX en los Estados Unidos y en la actualidad se encuentra expandida alrededor del mundo.<\/p>\n<p class=\"article-text\">Esta corriente musical se ha fusionado con otras tendencias y g\u00e9neros musicales populares, como el Rock and Roll y el Blues.<\/p>\n<div id=\"container-after-news-outlook\"><\/div>\n<h2 class=\"article-text\"><strong>El festival de 2025 completo<\/strong><\/h2>\n<figure class=\"embed-container embed-container--type-youtube ratio\"><script src=\"https:\/\/www.youtube.com\/iframe_api\"><\/script><script type=\"module\">window.marfeel.cmd.push(['multimedia', function(multimedia) { multimedia.initializeItem('yt-LyRA48mDCRo-1406', 'youtube', 'LyRA48mDCRo', document.getElementById('yt-LyRA48mDCRo-1406')); }]);<\/script><iframe id=\"yt-LyRA48mDCRo-1406\" title=\"2025 International Jazz Day All-Star Global Concert - Etihad Arena, Abu Dhabi, UAE \/ #JazzDay\" src=\"https:\/\/www.youtube.com\/embed\/LyRA48mDCRo?enablejsapi=1\" frameborder=\"0\" data-gtm-yt-inspected-34399851_303=\"true\" data-gtm-yt-inspected-34399851_396=\"true\" data-gtm-yt-inspected-41=\"true\" data-mce-fragment=\"1\"><\/iframe><\/figure>\n<h2 class=\"article-text\"><strong>El jazz como forma de expresi\u00f3n<\/strong><\/h2>\n<p class=\"article-text\">La m\u00fasica siempre ha representado para los seres humanos un importante medio de comunicaci\u00f3n, que aporta grandes beneficios. En este sentido, el jazz es considerado como el lenguaje de las emociones, siendo una forma expresiva y aut\u00e9ntica que tiene la capacidad de humanizar y trascender en la transformaci\u00f3n de las personas y de la Sociedad. Mencionamos a continuaci\u00f3n algunos aspectos sobre la influencia e importancia de este g\u00e9nero musical:<\/p>\n<div class=\"list\">\n<ul>\n<li>Es un importante medio de comunicaci\u00f3n de las masas, estrechamente vinculado a la igualdad de g\u00e9nero, la unidad y la paz.<\/li>\n<li>Es una herramienta para la juventud\u00a0y un gran aporte para generar cambios sociales.<\/li>\n<li>El jazz rompe barreras, creando oportunidades para el debate, el di\u00e1logo intercultural y la tolerancia.<\/li>\n<li>Permite crear nuevas ideas orientadas al mundo de las artes, ya que es un g\u00e9nero que facilita la interpretaci\u00f3n y la innovaci\u00f3n para que surjan nuevos estilos musicales.<\/li>\n<\/ul>\n<\/div>\n<h2 class=\"article-text\"><strong>Los grandes m\u00fasicos de jazz a trav\u00e9s de la historia<\/strong><\/h2>\n<p class=\"article-text\">A trav\u00e9s de los a\u00f1os, han existido grandes m\u00fasicos de jazz que ha dejado un importante legado para las nuevas generaciones. Es un estilo musical muy peculiar, que cada vez gana m\u00e1s adeptos en todo el mundo. A continuaci\u00f3n mostramos una representaci\u00f3n de grandes int\u00e9rpretes del jazz que han pasado a la historia por sus bellas canciones y composiciones inolvidables.<\/p>\n<div class=\"list\">\n<ol>\n<li><strong>Charlie Parker.\u00a0<\/strong>Uno de los m\u00e1s grandes saxofonistas y compositores de jazz. Perteneciente a la generaci\u00f3n de los a\u00f1os 50, este gran m\u00fasico compuso varias canciones que en la actualidad son interpretados por otros m\u00fasicos reconocidos a nivel internacional.<\/li>\n<li><strong>Duke Ellington.\u00a0<\/strong>Director de orquesta y afamado pianista. Dej\u00f3 un vasto repertorio de canciones y lleg\u00f3 a producir un gran n\u00famero de \u00e1lbumes.<\/li>\n<li><strong>Thelonious Monk.\u00a0<\/strong>Gran pianista y compositor. Considerado como uno de los grandes representantes del jazz.<\/li>\n<li><strong>Billie Holiday.\u00a0<\/strong>Una gran cantante de jazz norteamericana, que sigue teniendo una gran influencia en todo el mundo. Con una voz y un estilo \u00fanicos que la convirti\u00f3 en una de las grandes cantantes de jazz de todos los tiempos.<\/li>\n<li><strong>Ella Fitzgerald.\u00a0<\/strong>La mejor cantante femenina de este g\u00e9nero. Comenz\u00f3 su carrera muy joven y tuvo la oportunidad de compartir escenario con grandes cantantes, como Louis Armstrong y Duke Ellington.<\/li>\n<\/ol>\n<\/div>\n<figure class=\"embed-container embed-container--type-youtube ratio\"><script src=\"https:\/\/www.youtube.com\/iframe_api\"><\/script><script type=\"module\">window.marfeel.cmd.push(['multimedia', function(multimedia) { multimedia.initializeItem('yt-2PGjdIqvd2Q-8960', 'youtube', '2PGjdIqvd2Q', document.getElementById('yt-2PGjdIqvd2Q-8960')); }]);<\/script><iframe id=\"yt-2PGjdIqvd2Q-8960\" title=\"International Jazz Day Interview: Herbie Hancock\" src=\"https:\/\/www.youtube.com\/embed\/2PGjdIqvd2Q?enablejsapi=1\" frameborder=\"0\" data-gtm-yt-inspected-34399851_303=\"true\" data-gtm-yt-inspected-34399851_396=\"true\" data-gtm-yt-inspected-41=\"true\" data-mce-fragment=\"1\"><\/iframe><\/figure>\n<\/div>\n<div class=\"first-col\">\n<div class=\"tags\" data-mrf-recirculation=\"etiquetas\">\n<ul class=\"tags-wrapper\">\n<li><a class=\"tag-link\" href=\"https:\/\/www.eldiarioar.com\/sociedad\/\" data-mrf-link=\"https:\/\/www.eldiarioar.com\/sociedad\/\">Sociedad<\/a><\/li>\n<li class=\"slash\">\u00a0\u00a0\/<\/li>\n<li><a class=\"tag-link\" href=\"https:\/\/www.eldiarioar.com\/temas\/jazz\/\" data-mrf-link=\"https:\/\/www.eldiarioar.com\/temas\/jazz\/\">Jazz<\/a><\/li>\n<li class=\"slash\">\u00a0\u00a0\/<\/li>\n<li><a class=\"tag-link\" href=\"https:\/\/www.eldiarioar.com\/temas\/efemerides\/\" data-mrf-link=\"https:\/\/www.eldiarioar.com\/temas\/efemerides\/\">Efem\u00e9rides<\/a><\/li>\n<\/ul>\n<\/div>\n<\/div>\n<\/div>\n","protected":false},"excerpt":{"rendered":"<p>En noviembre de 2011, la Unesco design\u00f3 esta fecha para homenajear en todo el mundo a un g\u00e9nero musical que mezcla melod\u00edas afroamericanas con otros ritmos, uniendo culturas.<\/p>\n","protected":false},"author":3,"featured_media":136740,"comment_status":"closed","ping_status":"closed","sticky":false,"template":"","format":"standard","meta":{"footnotes":""},"categories":[35],"tags":[],"class_list":["post-136739","post","type-post","status-publish","format-standard","has-post-thumbnail","hentry","category-cultura"],"yoast_head":"<!-- This site is optimized with the Yoast SEO plugin v25.9 - https:\/\/yoast.com\/wordpress\/plugins\/seo\/ -->\n<title>D\u00eda Internacional del Jazz: \u00bfpor qu\u00e9 se celebra el 30 de abril? - Noticias Radio Reflejos<\/title>\n<meta name=\"robots\" content=\"index, follow, max-snippet:-1, max-image-preview:large, max-video-preview:-1\" \/>\n<link rel=\"canonical\" href=\"https:\/\/www.noticiasradioreflejos.com.ar\/2021\/dia-internacional-del-jazz-por-que-se-celebra-el-30-de-abril\/\" \/>\n<meta property=\"og:locale\" content=\"es_ES\" \/>\n<meta property=\"og:type\" content=\"article\" \/>\n<meta property=\"og:title\" content=\"D\u00eda Internacional del Jazz: \u00bfpor qu\u00e9 se celebra el 30 de abril? - Noticias Radio Reflejos\" \/>\n<meta property=\"og:description\" content=\"En noviembre de 2011, la Unesco design\u00f3 esta fecha para homenajear en todo el mundo a un g\u00e9nero musical que mezcla melod\u00edas afroamericanas con otros ritmos, uniendo culturas.\" \/>\n<meta property=\"og:url\" content=\"https:\/\/www.noticiasradioreflejos.com.ar\/2021\/dia-internacional-del-jazz-por-que-se-celebra-el-30-de-abril\/\" \/>\n<meta property=\"og:site_name\" content=\"Noticias Radio Reflejos\" \/>\n<meta property=\"article:published_time\" content=\"2026-04-30T14:13:36+00:00\" \/>\n<meta property=\"article:modified_time\" content=\"2026-04-30T14:48:55+00:00\" \/>\n<meta property=\"og:image\" content=\"https:\/\/www.noticiasradioreflejos.com.ar\/2021\/wp-content\/uploads\/2026\/04\/jazz.webp\" \/>\n\t<meta property=\"og:image:width\" content=\"1200\" \/>\n\t<meta property=\"og:image:height\" content=\"675\" \/>\n\t<meta property=\"og:image:type\" content=\"image\/webp\" \/>\n<meta name=\"author\" content=\"Arnaldo Botto\" \/>\n<meta name=\"twitter:card\" content=\"summary_large_image\" \/>\n<script type=\"application\/ld+json\" class=\"yoast-schema-graph\">{\"@context\":\"https:\/\/schema.org\",\"@graph\":[{\"@type\":\"WebPage\",\"@id\":\"https:\/\/www.noticiasradioreflejos.com.ar\/2021\/dia-internacional-del-jazz-por-que-se-celebra-el-30-de-abril\/\",\"url\":\"https:\/\/www.noticiasradioreflejos.com.ar\/2021\/dia-internacional-del-jazz-por-que-se-celebra-el-30-de-abril\/\",\"name\":\"D\u00eda Internacional del Jazz: \u00bfpor qu\u00e9 se celebra el 30 de abril? - Noticias Radio Reflejos\",\"isPartOf\":{\"@id\":\"https:\/\/www.noticiasradioreflejos.com.ar\/2021\/#website\"},\"primaryImageOfPage\":{\"@id\":\"https:\/\/www.noticiasradioreflejos.com.ar\/2021\/dia-internacional-del-jazz-por-que-se-celebra-el-30-de-abril\/#primaryimage\"},\"image\":{\"@id\":\"https:\/\/www.noticiasradioreflejos.com.ar\/2021\/dia-internacional-del-jazz-por-que-se-celebra-el-30-de-abril\/#primaryimage\"},\"thumbnailUrl\":\"https:\/\/www.noticiasradioreflejos.com.ar\/2021\/wp-content\/uploads\/2026\/04\/jazz.webp\",\"datePublished\":\"2026-04-30T14:13:36+00:00\",\"dateModified\":\"2026-04-30T14:48:55+00:00\",\"author\":{\"@id\":\"https:\/\/www.noticiasradioreflejos.com.ar\/2021\/#\/schema\/person\/ad82545263dcc5ec0996818884fd5fb1\"},\"breadcrumb\":{\"@id\":\"https:\/\/www.noticiasradioreflejos.com.ar\/2021\/dia-internacional-del-jazz-por-que-se-celebra-el-30-de-abril\/#breadcrumb\"},\"inLanguage\":\"es\",\"potentialAction\":[{\"@type\":\"ReadAction\",\"target\":[\"https:\/\/www.noticiasradioreflejos.com.ar\/2021\/dia-internacional-del-jazz-por-que-se-celebra-el-30-de-abril\/\"]}]},{\"@type\":\"ImageObject\",\"inLanguage\":\"es\",\"@id\":\"https:\/\/www.noticiasradioreflejos.com.ar\/2021\/dia-internacional-del-jazz-por-que-se-celebra-el-30-de-abril\/#primaryimage\",\"url\":\"https:\/\/www.noticiasradioreflejos.com.ar\/2021\/wp-content\/uploads\/2026\/04\/jazz.webp\",\"contentUrl\":\"https:\/\/www.noticiasradioreflejos.com.ar\/2021\/wp-content\/uploads\/2026\/04\/jazz.webp\",\"width\":1200,\"height\":675},{\"@type\":\"BreadcrumbList\",\"@id\":\"https:\/\/www.noticiasradioreflejos.com.ar\/2021\/dia-internacional-del-jazz-por-que-se-celebra-el-30-de-abril\/#breadcrumb\",\"itemListElement\":[{\"@type\":\"ListItem\",\"position\":1,\"name\":\"Portada\",\"item\":\"https:\/\/www.noticiasradioreflejos.com.ar\/2021\/\"},{\"@type\":\"ListItem\",\"position\":2,\"name\":\"D\u00eda Internacional del Jazz: \u00bfpor qu\u00e9 se celebra el 30 de abril?\"}]},{\"@type\":\"WebSite\",\"@id\":\"https:\/\/www.noticiasradioreflejos.com.ar\/2021\/#website\",\"url\":\"https:\/\/www.noticiasradioreflejos.com.ar\/2021\/\",\"name\":\"Noticias Radio Reflejos\",\"description\":\"Las noticias de mi comarca\",\"potentialAction\":[{\"@type\":\"SearchAction\",\"target\":{\"@type\":\"EntryPoint\",\"urlTemplate\":\"https:\/\/www.noticiasradioreflejos.com.ar\/2021\/?s={search_term_string}\"},\"query-input\":{\"@type\":\"PropertyValueSpecification\",\"valueRequired\":true,\"valueName\":\"search_term_string\"}}],\"inLanguage\":\"es\"},{\"@type\":\"Person\",\"@id\":\"https:\/\/www.noticiasradioreflejos.com.ar\/2021\/#\/schema\/person\/ad82545263dcc5ec0996818884fd5fb1\",\"name\":\"Arnaldo Botto\",\"image\":{\"@type\":\"ImageObject\",\"inLanguage\":\"es\",\"@id\":\"https:\/\/www.noticiasradioreflejos.com.ar\/2021\/#\/schema\/person\/image\/\",\"url\":\"https:\/\/secure.gravatar.com\/avatar\/55cb5e37c1efa326397366e6974cb338056df65cb50e7d64d1cf314e87504837?s=96&d=mm&r=g\",\"contentUrl\":\"https:\/\/secure.gravatar.com\/avatar\/55cb5e37c1efa326397366e6974cb338056df65cb50e7d64d1cf314e87504837?s=96&d=mm&r=g\",\"caption\":\"Arnaldo Botto\"},\"url\":\"https:\/\/www.noticiasradioreflejos.com.ar\/2021\/author\/arnaldo\/\"}]}<\/script>\n<!-- \/ Yoast SEO plugin. -->","yoast_head_json":{"title":"D\u00eda Internacional del Jazz: \u00bfpor qu\u00e9 se celebra el 30 de abril? - Noticias Radio Reflejos","robots":{"index":"index","follow":"follow","max-snippet":"max-snippet:-1","max-image-preview":"max-image-preview:large","max-video-preview":"max-video-preview:-1"},"canonical":"https:\/\/www.noticiasradioreflejos.com.ar\/2021\/dia-internacional-del-jazz-por-que-se-celebra-el-30-de-abril\/","og_locale":"es_ES","og_type":"article","og_title":"D\u00eda Internacional del Jazz: \u00bfpor qu\u00e9 se celebra el 30 de abril? - Noticias Radio Reflejos","og_description":"En noviembre de 2011, la Unesco design\u00f3 esta fecha para homenajear en todo el mundo a un g\u00e9nero musical que mezcla melod\u00edas afroamericanas con otros ritmos, uniendo culturas.","og_url":"https:\/\/www.noticiasradioreflejos.com.ar\/2021\/dia-internacional-del-jazz-por-que-se-celebra-el-30-de-abril\/","og_site_name":"Noticias Radio Reflejos","article_published_time":"2026-04-30T14:13:36+00:00","article_modified_time":"2026-04-30T14:48:55+00:00","og_image":[{"width":1200,"height":675,"url":"https:\/\/www.noticiasradioreflejos.com.ar\/2021\/wp-content\/uploads\/2026\/04\/jazz.webp","type":"image\/webp"}],"author":"Arnaldo Botto","twitter_card":"summary_large_image","schema":{"@context":"https:\/\/schema.org","@graph":[{"@type":"WebPage","@id":"https:\/\/www.noticiasradioreflejos.com.ar\/2021\/dia-internacional-del-jazz-por-que-se-celebra-el-30-de-abril\/","url":"https:\/\/www.noticiasradioreflejos.com.ar\/2021\/dia-internacional-del-jazz-por-que-se-celebra-el-30-de-abril\/","name":"D\u00eda Internacional del Jazz: \u00bfpor qu\u00e9 se celebra el 30 de abril? - Noticias Radio Reflejos","isPartOf":{"@id":"https:\/\/www.noticiasradioreflejos.com.ar\/2021\/#website"},"primaryImageOfPage":{"@id":"https:\/\/www.noticiasradioreflejos.com.ar\/2021\/dia-internacional-del-jazz-por-que-se-celebra-el-30-de-abril\/#primaryimage"},"image":{"@id":"https:\/\/www.noticiasradioreflejos.com.ar\/2021\/dia-internacional-del-jazz-por-que-se-celebra-el-30-de-abril\/#primaryimage"},"thumbnailUrl":"https:\/\/www.noticiasradioreflejos.com.ar\/2021\/wp-content\/uploads\/2026\/04\/jazz.webp","datePublished":"2026-04-30T14:13:36+00:00","dateModified":"2026-04-30T14:48:55+00:00","author":{"@id":"https:\/\/www.noticiasradioreflejos.com.ar\/2021\/#\/schema\/person\/ad82545263dcc5ec0996818884fd5fb1"},"breadcrumb":{"@id":"https:\/\/www.noticiasradioreflejos.com.ar\/2021\/dia-internacional-del-jazz-por-que-se-celebra-el-30-de-abril\/#breadcrumb"},"inLanguage":"es","potentialAction":[{"@type":"ReadAction","target":["https:\/\/www.noticiasradioreflejos.com.ar\/2021\/dia-internacional-del-jazz-por-que-se-celebra-el-30-de-abril\/"]}]},{"@type":"ImageObject","inLanguage":"es","@id":"https:\/\/www.noticiasradioreflejos.com.ar\/2021\/dia-internacional-del-jazz-por-que-se-celebra-el-30-de-abril\/#primaryimage","url":"https:\/\/www.noticiasradioreflejos.com.ar\/2021\/wp-content\/uploads\/2026\/04\/jazz.webp","contentUrl":"https:\/\/www.noticiasradioreflejos.com.ar\/2021\/wp-content\/uploads\/2026\/04\/jazz.webp","width":1200,"height":675},{"@type":"BreadcrumbList","@id":"https:\/\/www.noticiasradioreflejos.com.ar\/2021\/dia-internacional-del-jazz-por-que-se-celebra-el-30-de-abril\/#breadcrumb","itemListElement":[{"@type":"ListItem","position":1,"name":"Portada","item":"https:\/\/www.noticiasradioreflejos.com.ar\/2021\/"},{"@type":"ListItem","position":2,"name":"D\u00eda Internacional del Jazz: \u00bfpor qu\u00e9 se celebra el 30 de abril?"}]},{"@type":"WebSite","@id":"https:\/\/www.noticiasradioreflejos.com.ar\/2021\/#website","url":"https:\/\/www.noticiasradioreflejos.com.ar\/2021\/","name":"Noticias Radio Reflejos","description":"Las noticias de mi comarca","potentialAction":[{"@type":"SearchAction","target":{"@type":"EntryPoint","urlTemplate":"https:\/\/www.noticiasradioreflejos.com.ar\/2021\/?s={search_term_string}"},"query-input":{"@type":"PropertyValueSpecification","valueRequired":true,"valueName":"search_term_string"}}],"inLanguage":"es"},{"@type":"Person","@id":"https:\/\/www.noticiasradioreflejos.com.ar\/2021\/#\/schema\/person\/ad82545263dcc5ec0996818884fd5fb1","name":"Arnaldo Botto","image":{"@type":"ImageObject","inLanguage":"es","@id":"https:\/\/www.noticiasradioreflejos.com.ar\/2021\/#\/schema\/person\/image\/","url":"https:\/\/secure.gravatar.com\/avatar\/55cb5e37c1efa326397366e6974cb338056df65cb50e7d64d1cf314e87504837?s=96&d=mm&r=g","contentUrl":"https:\/\/secure.gravatar.com\/avatar\/55cb5e37c1efa326397366e6974cb338056df65cb50e7d64d1cf314e87504837?s=96&d=mm&r=g","caption":"Arnaldo Botto"},"url":"https:\/\/www.noticiasradioreflejos.com.ar\/2021\/author\/arnaldo\/"}]}},"_links":{"self":[{"href":"https:\/\/www.noticiasradioreflejos.com.ar\/2021\/wp-json\/wp\/v2\/posts\/136739","targetHints":{"allow":["GET"]}}],"collection":[{"href":"https:\/\/www.noticiasradioreflejos.com.ar\/2021\/wp-json\/wp\/v2\/posts"}],"about":[{"href":"https:\/\/www.noticiasradioreflejos.com.ar\/2021\/wp-json\/wp\/v2\/types\/post"}],"author":[{"embeddable":true,"href":"https:\/\/www.noticiasradioreflejos.com.ar\/2021\/wp-json\/wp\/v2\/users\/3"}],"replies":[{"embeddable":true,"href":"https:\/\/www.noticiasradioreflejos.com.ar\/2021\/wp-json\/wp\/v2\/comments?post=136739"}],"version-history":[{"count":1,"href":"https:\/\/www.noticiasradioreflejos.com.ar\/2021\/wp-json\/wp\/v2\/posts\/136739\/revisions"}],"predecessor-version":[{"id":136741,"href":"https:\/\/www.noticiasradioreflejos.com.ar\/2021\/wp-json\/wp\/v2\/posts\/136739\/revisions\/136741"}],"wp:featuredmedia":[{"embeddable":true,"href":"https:\/\/www.noticiasradioreflejos.com.ar\/2021\/wp-json\/wp\/v2\/media\/136740"}],"wp:attachment":[{"href":"https:\/\/www.noticiasradioreflejos.com.ar\/2021\/wp-json\/wp\/v2\/media?parent=136739"}],"wp:term":[{"taxonomy":"category","embeddable":true,"href":"https:\/\/www.noticiasradioreflejos.com.ar\/2021\/wp-json\/wp\/v2\/categories?post=136739"},{"taxonomy":"post_tag","embeddable":true,"href":"https:\/\/www.noticiasradioreflejos.com.ar\/2021\/wp-json\/wp\/v2\/tags?post=136739"}],"curies":[{"name":"wp","href":"https:\/\/api.w.org\/{rel}","templated":true}]}}