{"id":136729,"date":"2026-04-30T10:52:50","date_gmt":"2026-04-30T13:52:50","guid":{"rendered":"https:\/\/www.noticiasradioreflejos.com.ar\/2021\/?p=136729"},"modified":"2026-04-30T10:52:50","modified_gmt":"2026-04-30T13:52:50","slug":"cineclub-coopersive-proyeccion-de-un-lugar-en-el-mundo","status":"publish","type":"post","link":"https:\/\/www.noticiasradioreflejos.com.ar\/2021\/cineclub-coopersive-proyeccion-de-un-lugar-en-el-mundo\/","title":{"rendered":"Cineclub Coopersive: Proyecci\u00f3n de \u00abUn lugar en el mundo\u00bb"},"content":{"rendered":"<p data-path-to-node=\"3\"><b data-path-to-node=\"3\" data-index-in-node=\"0\">Coopersive<\/b> invita a toda la comunidad a una nueva funci\u00f3n de su <b data-path-to-node=\"3\" data-index-in-node=\"64\">Cineclub<\/b>, un espacio pensado para disfrutar del s\u00e9ptimo arte y el encuentro vecinal. En esta oportunidad, se proyectar\u00e1 una de las obras m\u00e1s emblem\u00e1ticas de la cinematograf\u00eda nacional: <b data-path-to-node=\"3\" data-index-in-node=\"249\">\u00abUn lugar en el mundo\u00bb<\/b>.<!--more--><\/p>\n<h3 data-path-to-node=\"4\"><b data-path-to-node=\"4\" data-index-in-node=\"0\">Detalles del Evento<\/b><\/h3>\n<ul data-path-to-node=\"5\">\n<li>\n<p data-path-to-node=\"5,0,0\"><b data-path-to-node=\"5,0,0\" data-index-in-node=\"0\">Fecha:<\/b> 1 de mayo.<\/p>\n<\/li>\n<li>\n<p data-path-to-node=\"5,1,0\"><b data-path-to-node=\"5,1,0\" data-index-in-node=\"0\">Hora:<\/b> 21:00 horas.<\/p>\n<\/li>\n<li>\n<p data-path-to-node=\"5,2,0\"><b data-path-to-node=\"5,2,0\" data-index-in-node=\"0\">Lugar:<\/b> Coopersive.<\/p>\n<\/li>\n<li>\n<p data-path-to-node=\"5,3,0\"><b data-path-to-node=\"5,3,0\" data-index-in-node=\"0\">Entrada:<\/b> Libre y gratuita.<\/p>\n<\/li>\n<\/ul>\n<h3 data-path-to-node=\"7\"><b data-path-to-node=\"7\" data-index-in-node=\"0\">Rese\u00f1a de la Pel\u00edcula<\/b><\/h3>\n<p data-path-to-node=\"8\"><b data-path-to-node=\"8\" data-index-in-node=\"0\">\u00abUn lugar en el mundo\u00bb<\/b> (1992), dirigida por Adolfo Aristarain, es un relato conmovedor sobre los ideales, la lucha social y el arraigo. La historia sigue a Ernesto, quien regresa a un remoto pueblo en San Luis para recordar su infancia y la labor de sus padres, quienes fundaron una cooperativa agr\u00edcola para ayudar a los campesinos locales contra los abusos de un terrateniente.<\/p>\n<p data-path-to-node=\"9\">La pel\u00edcula fue aclamada internacionalmente, obteniendo importantes galardones como:<\/p>\n<ul data-path-to-node=\"10\">\n<li>\n<p data-path-to-node=\"10,0,0\"><b data-path-to-node=\"10,0,0\" data-index-in-node=\"0\">Concha de Oro<\/b> a la Mejor Pel\u00edcula en el Festival de San Sebasti\u00e1n.<\/p>\n<\/li>\n<li>\n<p data-path-to-node=\"10,1,0\"><b data-path-to-node=\"10,1,0\" data-index-in-node=\"0\">Premio del P\u00fablico<\/b> en el Festival de San Sebasti\u00e1n.<\/p>\n<\/li>\n<li>\n<p data-path-to-node=\"10,2,0\"><b data-path-to-node=\"10,2,0\" data-index-in-node=\"0\">Premio Euskal Media S.A. &#8211; Gobierno Vasco<\/b>.<\/p>\n<\/li>\n<\/ul>\n<p data-path-to-node=\"11\">Con actuaciones memorables de Jos\u00e9 Sacrist\u00e1n, Federico Luppi y Cecilia Roth, el film nos invita a reflexionar sobre la \u00e9tica y la b\u00fasqueda de nuestro propio destino.<\/p>\n<p data-path-to-node=\"13\"><b data-path-to-node=\"13\" data-index-in-node=\"0\">\u00a1Los esperamos para compartir una noche de cine inolvidable!<\/b><\/p>\n","protected":false},"excerpt":{"rendered":"<p>Coopersive invita a toda la comunidad a una nueva funci\u00f3n de su Cineclub, un espacio pensado para disfrutar del s\u00e9ptimo arte y el encuentro vecinal. En esta oportunidad, se proyectar\u00e1 una de las obras m\u00e1s emblem\u00e1ticas de la cinematograf\u00eda nacional: \u00abUn lugar en el mundo\u00bb.<\/p>\n","protected":false},"author":3,"featured_media":136731,"comment_status":"closed","ping_status":"closed","sticky":false,"template":"","format":"standard","meta":{"footnotes":""},"categories":[35],"tags":[],"class_list":["post-136729","post","type-post","status-publish","format-standard","has-post-thumbnail","hentry","category-cultura"],"yoast_head":"<!-- This site is optimized with the Yoast SEO plugin v25.9 - https:\/\/yoast.com\/wordpress\/plugins\/seo\/ -->\n<title>Cineclub Coopersive: Proyecci\u00f3n de &quot;Un lugar en el mundo&quot; - Noticias Radio Reflejos<\/title>\n<meta name=\"robots\" content=\"index, follow, max-snippet:-1, max-image-preview:large, max-video-preview:-1\" \/>\n<link rel=\"canonical\" href=\"https:\/\/www.noticiasradioreflejos.com.ar\/2021\/cineclub-coopersive-proyeccion-de-un-lugar-en-el-mundo\/\" \/>\n<meta property=\"og:locale\" content=\"es_ES\" \/>\n<meta property=\"og:type\" content=\"article\" \/>\n<meta property=\"og:title\" content=\"Cineclub Coopersive: Proyecci\u00f3n de &quot;Un lugar en el mundo&quot; - Noticias Radio Reflejos\" \/>\n<meta property=\"og:description\" content=\"Coopersive invita a toda la comunidad a una nueva funci\u00f3n de su Cineclub, un espacio pensado para disfrutar del s\u00e9ptimo arte y el encuentro vecinal. En esta oportunidad, se proyectar\u00e1 una de las obras m\u00e1s emblem\u00e1ticas de la cinematograf\u00eda nacional: \u00abUn lugar en el mundo\u00bb.\" \/>\n<meta property=\"og:url\" content=\"https:\/\/www.noticiasradioreflejos.com.ar\/2021\/cineclub-coopersive-proyeccion-de-un-lugar-en-el-mundo\/\" \/>\n<meta property=\"og:site_name\" content=\"Noticias Radio Reflejos\" \/>\n<meta property=\"article:published_time\" content=\"2026-04-30T13:52:50+00:00\" \/>\n<meta property=\"og:image\" content=\"https:\/\/www.noticiasradioreflejos.com.ar\/2021\/wp-content\/uploads\/2026\/04\/WhatsApp-Image-2026-04-29-at-12.13.17-1.jpeg\" \/>\n\t<meta property=\"og:image:width\" content=\"900\" \/>\n\t<meta property=\"og:image:height\" content=\"1600\" \/>\n\t<meta property=\"og:image:type\" content=\"image\/jpeg\" \/>\n<meta name=\"author\" content=\"Arnaldo Botto\" \/>\n<meta name=\"twitter:card\" content=\"summary_large_image\" \/>\n<script type=\"application\/ld+json\" class=\"yoast-schema-graph\">{\"@context\":\"https:\/\/schema.org\",\"@graph\":[{\"@type\":\"WebPage\",\"@id\":\"https:\/\/www.noticiasradioreflejos.com.ar\/2021\/cineclub-coopersive-proyeccion-de-un-lugar-en-el-mundo\/\",\"url\":\"https:\/\/www.noticiasradioreflejos.com.ar\/2021\/cineclub-coopersive-proyeccion-de-un-lugar-en-el-mundo\/\",\"name\":\"Cineclub Coopersive: Proyecci\u00f3n de \\\"Un lugar en el mundo\\\" - Noticias Radio Reflejos\",\"isPartOf\":{\"@id\":\"https:\/\/www.noticiasradioreflejos.com.ar\/2021\/#website\"},\"primaryImageOfPage\":{\"@id\":\"https:\/\/www.noticiasradioreflejos.com.ar\/2021\/cineclub-coopersive-proyeccion-de-un-lugar-en-el-mundo\/#primaryimage\"},\"image\":{\"@id\":\"https:\/\/www.noticiasradioreflejos.com.ar\/2021\/cineclub-coopersive-proyeccion-de-un-lugar-en-el-mundo\/#primaryimage\"},\"thumbnailUrl\":\"https:\/\/www.noticiasradioreflejos.com.ar\/2021\/wp-content\/uploads\/2026\/04\/WhatsApp-Image-2026-04-29-at-12.13.17-1.jpeg\",\"datePublished\":\"2026-04-30T13:52:50+00:00\",\"author\":{\"@id\":\"https:\/\/www.noticiasradioreflejos.com.ar\/2021\/#\/schema\/person\/ad82545263dcc5ec0996818884fd5fb1\"},\"breadcrumb\":{\"@id\":\"https:\/\/www.noticiasradioreflejos.com.ar\/2021\/cineclub-coopersive-proyeccion-de-un-lugar-en-el-mundo\/#breadcrumb\"},\"inLanguage\":\"es\",\"potentialAction\":[{\"@type\":\"ReadAction\",\"target\":[\"https:\/\/www.noticiasradioreflejos.com.ar\/2021\/cineclub-coopersive-proyeccion-de-un-lugar-en-el-mundo\/\"]}]},{\"@type\":\"ImageObject\",\"inLanguage\":\"es\",\"@id\":\"https:\/\/www.noticiasradioreflejos.com.ar\/2021\/cineclub-coopersive-proyeccion-de-un-lugar-en-el-mundo\/#primaryimage\",\"url\":\"https:\/\/www.noticiasradioreflejos.com.ar\/2021\/wp-content\/uploads\/2026\/04\/WhatsApp-Image-2026-04-29-at-12.13.17-1.jpeg\",\"contentUrl\":\"https:\/\/www.noticiasradioreflejos.com.ar\/2021\/wp-content\/uploads\/2026\/04\/WhatsApp-Image-2026-04-29-at-12.13.17-1.jpeg\",\"width\":900,\"height\":1600},{\"@type\":\"BreadcrumbList\",\"@id\":\"https:\/\/www.noticiasradioreflejos.com.ar\/2021\/cineclub-coopersive-proyeccion-de-un-lugar-en-el-mundo\/#breadcrumb\",\"itemListElement\":[{\"@type\":\"ListItem\",\"position\":1,\"name\":\"Portada\",\"item\":\"https:\/\/www.noticiasradioreflejos.com.ar\/2021\/\"},{\"@type\":\"ListItem\",\"position\":2,\"name\":\"Cineclub Coopersive: Proyecci\u00f3n de \u00abUn lugar en el mundo\u00bb\"}]},{\"@type\":\"WebSite\",\"@id\":\"https:\/\/www.noticiasradioreflejos.com.ar\/2021\/#website\",\"url\":\"https:\/\/www.noticiasradioreflejos.com.ar\/2021\/\",\"name\":\"Noticias Radio Reflejos\",\"description\":\"Las noticias de mi comarca\",\"potentialAction\":[{\"@type\":\"SearchAction\",\"target\":{\"@type\":\"EntryPoint\",\"urlTemplate\":\"https:\/\/www.noticiasradioreflejos.com.ar\/2021\/?s={search_term_string}\"},\"query-input\":{\"@type\":\"PropertyValueSpecification\",\"valueRequired\":true,\"valueName\":\"search_term_string\"}}],\"inLanguage\":\"es\"},{\"@type\":\"Person\",\"@id\":\"https:\/\/www.noticiasradioreflejos.com.ar\/2021\/#\/schema\/person\/ad82545263dcc5ec0996818884fd5fb1\",\"name\":\"Arnaldo Botto\",\"image\":{\"@type\":\"ImageObject\",\"inLanguage\":\"es\",\"@id\":\"https:\/\/www.noticiasradioreflejos.com.ar\/2021\/#\/schema\/person\/image\/\",\"url\":\"https:\/\/secure.gravatar.com\/avatar\/55cb5e37c1efa326397366e6974cb338056df65cb50e7d64d1cf314e87504837?s=96&d=mm&r=g\",\"contentUrl\":\"https:\/\/secure.gravatar.com\/avatar\/55cb5e37c1efa326397366e6974cb338056df65cb50e7d64d1cf314e87504837?s=96&d=mm&r=g\",\"caption\":\"Arnaldo Botto\"},\"url\":\"https:\/\/www.noticiasradioreflejos.com.ar\/2021\/author\/arnaldo\/\"}]}<\/script>\n<!-- \/ Yoast SEO plugin. -->","yoast_head_json":{"title":"Cineclub Coopersive: Proyecci\u00f3n de \"Un lugar en el mundo\" - Noticias Radio Reflejos","robots":{"index":"index","follow":"follow","max-snippet":"max-snippet:-1","max-image-preview":"max-image-preview:large","max-video-preview":"max-video-preview:-1"},"canonical":"https:\/\/www.noticiasradioreflejos.com.ar\/2021\/cineclub-coopersive-proyeccion-de-un-lugar-en-el-mundo\/","og_locale":"es_ES","og_type":"article","og_title":"Cineclub Coopersive: Proyecci\u00f3n de \"Un lugar en el mundo\" - Noticias Radio Reflejos","og_description":"Coopersive invita a toda la comunidad a una nueva funci\u00f3n de su Cineclub, un espacio pensado para disfrutar del s\u00e9ptimo arte y el encuentro vecinal. En esta oportunidad, se proyectar\u00e1 una de las obras m\u00e1s emblem\u00e1ticas de la cinematograf\u00eda nacional: \u00abUn lugar en el mundo\u00bb.","og_url":"https:\/\/www.noticiasradioreflejos.com.ar\/2021\/cineclub-coopersive-proyeccion-de-un-lugar-en-el-mundo\/","og_site_name":"Noticias Radio Reflejos","article_published_time":"2026-04-30T13:52:50+00:00","og_image":[{"width":900,"height":1600,"url":"https:\/\/www.noticiasradioreflejos.com.ar\/2021\/wp-content\/uploads\/2026\/04\/WhatsApp-Image-2026-04-29-at-12.13.17-1.jpeg","type":"image\/jpeg"}],"author":"Arnaldo Botto","twitter_card":"summary_large_image","schema":{"@context":"https:\/\/schema.org","@graph":[{"@type":"WebPage","@id":"https:\/\/www.noticiasradioreflejos.com.ar\/2021\/cineclub-coopersive-proyeccion-de-un-lugar-en-el-mundo\/","url":"https:\/\/www.noticiasradioreflejos.com.ar\/2021\/cineclub-coopersive-proyeccion-de-un-lugar-en-el-mundo\/","name":"Cineclub Coopersive: Proyecci\u00f3n de \"Un lugar en el mundo\" - Noticias Radio Reflejos","isPartOf":{"@id":"https:\/\/www.noticiasradioreflejos.com.ar\/2021\/#website"},"primaryImageOfPage":{"@id":"https:\/\/www.noticiasradioreflejos.com.ar\/2021\/cineclub-coopersive-proyeccion-de-un-lugar-en-el-mundo\/#primaryimage"},"image":{"@id":"https:\/\/www.noticiasradioreflejos.com.ar\/2021\/cineclub-coopersive-proyeccion-de-un-lugar-en-el-mundo\/#primaryimage"},"thumbnailUrl":"https:\/\/www.noticiasradioreflejos.com.ar\/2021\/wp-content\/uploads\/2026\/04\/WhatsApp-Image-2026-04-29-at-12.13.17-1.jpeg","datePublished":"2026-04-30T13:52:50+00:00","author":{"@id":"https:\/\/www.noticiasradioreflejos.com.ar\/2021\/#\/schema\/person\/ad82545263dcc5ec0996818884fd5fb1"},"breadcrumb":{"@id":"https:\/\/www.noticiasradioreflejos.com.ar\/2021\/cineclub-coopersive-proyeccion-de-un-lugar-en-el-mundo\/#breadcrumb"},"inLanguage":"es","potentialAction":[{"@type":"ReadAction","target":["https:\/\/www.noticiasradioreflejos.com.ar\/2021\/cineclub-coopersive-proyeccion-de-un-lugar-en-el-mundo\/"]}]},{"@type":"ImageObject","inLanguage":"es","@id":"https:\/\/www.noticiasradioreflejos.com.ar\/2021\/cineclub-coopersive-proyeccion-de-un-lugar-en-el-mundo\/#primaryimage","url":"https:\/\/www.noticiasradioreflejos.com.ar\/2021\/wp-content\/uploads\/2026\/04\/WhatsApp-Image-2026-04-29-at-12.13.17-1.jpeg","contentUrl":"https:\/\/www.noticiasradioreflejos.com.ar\/2021\/wp-content\/uploads\/2026\/04\/WhatsApp-Image-2026-04-29-at-12.13.17-1.jpeg","width":900,"height":1600},{"@type":"BreadcrumbList","@id":"https:\/\/www.noticiasradioreflejos.com.ar\/2021\/cineclub-coopersive-proyeccion-de-un-lugar-en-el-mundo\/#breadcrumb","itemListElement":[{"@type":"ListItem","position":1,"name":"Portada","item":"https:\/\/www.noticiasradioreflejos.com.ar\/2021\/"},{"@type":"ListItem","position":2,"name":"Cineclub Coopersive: Proyecci\u00f3n de \u00abUn lugar en el mundo\u00bb"}]},{"@type":"WebSite","@id":"https:\/\/www.noticiasradioreflejos.com.ar\/2021\/#website","url":"https:\/\/www.noticiasradioreflejos.com.ar\/2021\/","name":"Noticias Radio Reflejos","description":"Las noticias de mi comarca","potentialAction":[{"@type":"SearchAction","target":{"@type":"EntryPoint","urlTemplate":"https:\/\/www.noticiasradioreflejos.com.ar\/2021\/?s={search_term_string}"},"query-input":{"@type":"PropertyValueSpecification","valueRequired":true,"valueName":"search_term_string"}}],"inLanguage":"es"},{"@type":"Person","@id":"https:\/\/www.noticiasradioreflejos.com.ar\/2021\/#\/schema\/person\/ad82545263dcc5ec0996818884fd5fb1","name":"Arnaldo Botto","image":{"@type":"ImageObject","inLanguage":"es","@id":"https:\/\/www.noticiasradioreflejos.com.ar\/2021\/#\/schema\/person\/image\/","url":"https:\/\/secure.gravatar.com\/avatar\/55cb5e37c1efa326397366e6974cb338056df65cb50e7d64d1cf314e87504837?s=96&d=mm&r=g","contentUrl":"https:\/\/secure.gravatar.com\/avatar\/55cb5e37c1efa326397366e6974cb338056df65cb50e7d64d1cf314e87504837?s=96&d=mm&r=g","caption":"Arnaldo Botto"},"url":"https:\/\/www.noticiasradioreflejos.com.ar\/2021\/author\/arnaldo\/"}]}},"_links":{"self":[{"href":"https:\/\/www.noticiasradioreflejos.com.ar\/2021\/wp-json\/wp\/v2\/posts\/136729","targetHints":{"allow":["GET"]}}],"collection":[{"href":"https:\/\/www.noticiasradioreflejos.com.ar\/2021\/wp-json\/wp\/v2\/posts"}],"about":[{"href":"https:\/\/www.noticiasradioreflejos.com.ar\/2021\/wp-json\/wp\/v2\/types\/post"}],"author":[{"embeddable":true,"href":"https:\/\/www.noticiasradioreflejos.com.ar\/2021\/wp-json\/wp\/v2\/users\/3"}],"replies":[{"embeddable":true,"href":"https:\/\/www.noticiasradioreflejos.com.ar\/2021\/wp-json\/wp\/v2\/comments?post=136729"}],"version-history":[{"count":1,"href":"https:\/\/www.noticiasradioreflejos.com.ar\/2021\/wp-json\/wp\/v2\/posts\/136729\/revisions"}],"predecessor-version":[{"id":136732,"href":"https:\/\/www.noticiasradioreflejos.com.ar\/2021\/wp-json\/wp\/v2\/posts\/136729\/revisions\/136732"}],"wp:featuredmedia":[{"embeddable":true,"href":"https:\/\/www.noticiasradioreflejos.com.ar\/2021\/wp-json\/wp\/v2\/media\/136731"}],"wp:attachment":[{"href":"https:\/\/www.noticiasradioreflejos.com.ar\/2021\/wp-json\/wp\/v2\/media?parent=136729"}],"wp:term":[{"taxonomy":"category","embeddable":true,"href":"https:\/\/www.noticiasradioreflejos.com.ar\/2021\/wp-json\/wp\/v2\/categories?post=136729"},{"taxonomy":"post_tag","embeddable":true,"href":"https:\/\/www.noticiasradioreflejos.com.ar\/2021\/wp-json\/wp\/v2\/tags?post=136729"}],"curies":[{"name":"wp","href":"https:\/\/api.w.org\/{rel}","templated":true}]}}