{"id":136717,"date":"2026-04-30T08:59:44","date_gmt":"2026-04-30T11:59:44","guid":{"rendered":"https:\/\/www.noticiasradioreflejos.com.ar\/2021\/?p=136717"},"modified":"2026-04-30T08:59:44","modified_gmt":"2026-04-30T11:59:44","slug":"la-zona-fria-es-una-necesidad-para-nuestra-region","status":"publish","type":"post","link":"https:\/\/www.noticiasradioreflejos.com.ar\/2021\/la-zona-fria-es-una-necesidad-para-nuestra-region\/","title":{"rendered":"\u201cLa Zona Fr\u00eda es una necesidad para nuestra regi\u00f3n\u201d"},"content":{"rendered":"<p style=\"font-weight: 400;\">Lo dijo la senadora provincial del radicalismo Nerina Neumann, ante las versiones de una posible modificaci\u00f3n del r\u00e9gimen de subsidios al gas natural y a la pol\u00edtica de Zona Fr\u00eda por parte del Gobierno Nacional. \u201cTambi\u00e9n creo que es una discusi\u00f3n leg\u00edtima, pero como toda revisi\u00f3n debe hacerse sobre criterios objetivos, t\u00e9cnicos y territorialmente justos\u201d, agreg\u00f3.<!--more--><\/p>\n<p style=\"font-weight: 400;\">Ante el surgimiento de diferentes informaciones acerca de que el Gobierno Nacional estar\u00eda trabajando sobre un proyecto de Ley que propone modificar el r\u00e9gimen de beneficios fiscales e impositivos relacionados con las energ\u00edas renovables, junto con el esquema de la \u201cZona Fr\u00eda\u201d, desde la Legislatura alertaron sobre esta situaci\u00f3n, que ya se dio los a\u00f1os anteriores, tambi\u00e9n previo al invierno.<\/p>\n<p style=\"font-weight: 400;\">Al respecto, la senadora provincial del Bloque UCR, Nerina Neumann, se\u00f1al\u00f3 que \u201cel r\u00e9gimen de Zona Fr\u00eda no es el resultado de una decisi\u00f3n discrecional. Se construy\u00f3 a partir de par\u00e1metros t\u00e9cnicos definidos por organismos especializados, como el ENARGAS, que consideran variables como la intensidad y duraci\u00f3n del fr\u00edo, as\u00ed como la demanda energ\u00e9tica necesaria para calefacci\u00f3n\u201d.<\/p>\n<p style=\"font-weight: 400;\">\u201cEs cierto \u2013agreg\u00f3-, que la Argentina enfrenta desaf\u00edos fiscales y energ\u00e9ticos que requieren revisar permanentemente sus instrumentos, mejorar su eficiencia y corregir posibles distorsiones. Pero \u2013continu\u00f3 Neumann-, en el caso de la provincia de Buenos Aires es necesario introducir un matiz que enriquezca el debate, porque no toda la Provincia presenta las mismas caracter\u00edsticas clim\u00e1ticas. Por ejemplo el Sudoeste (Sexta secci\u00f3n) y la Costa Atl\u00e1ntica bonaerense, donde sus distritos se encuentran dentro de zonas bioambientales templadas fr\u00edas, con condiciones comparables a regiones del sur del pa\u00eds en t\u00e9rminos de necesidad de calefacci\u00f3n\u201d.<\/p>\n<p style=\"font-weight: 400;\">\u201cEn estas zonas el consumo de gas no responde a una elecci\u00f3n, sino a una necesidad estructural. La calefacci\u00f3n es un componente esencial de la vida cotidiana durante varios meses del a\u00f1o, tanto en los hogares como en las actividades productivas\u201d.<\/p>\n<p style=\"font-weight: 400;\">\u201cSi el objetivo es mejorar la Ley, el camino no deber\u00eda ser la reducci\u00f3n indiscriminada de beneficios, sino la profundizaci\u00f3n de los criterios t\u00e9cnicos que permitan identificar con mayor exactitud qu\u00e9 regiones requieren este tipo de pol\u00edticas\u201d, indic\u00f3 la legisladora.<\/p>\n<p style=\"font-weight: 400;\">En el mismo sentido agreg\u00f3 que \u201cesto no implica congelar el sistema ni negar la posibilidad de cambios. Implica orientar esas modificaciones hacia una mayor justicia territorial, respetando la evidencia disponible y evitando decisiones arbitrarias\u201d.<\/p>\n<p style=\"font-weight: 400;\">\u201cEl desaf\u00edo es construir una pol\u00edtica energ\u00e9tica m\u00e1s eficiente sin perder de vista su dimensi\u00f3n social y territorial. Revisar la Ley puede ser una oportunidad, pero solo lo ser\u00e1 si se hace con responsabilidad, con datos y con una mirada federal que reconozca la diversidad del pa\u00eds, de nuestra Provincia y sus regiones\u201d, finaliz\u00f3 Neumann.<\/p>\n<p style=\"font-weight: 400;\">\n<p style=\"font-weight: 400;\">\n","protected":false},"excerpt":{"rendered":"<p>Lo dijo la senadora provincial del radicalismo Nerina Neumann, ante las versiones de una posible modificaci\u00f3n del r\u00e9gimen de subsidios al gas natural y a la pol\u00edtica de Zona Fr\u00eda por parte del Gobierno Nacional. \u201cTambi\u00e9n creo que es una discusi\u00f3n leg\u00edtima, pero como toda revisi\u00f3n debe hacerse sobre criterios objetivos, t\u00e9cnicos y territorialmente justos\u201d, [&hellip;]<\/p>\n","protected":false},"author":3,"featured_media":125845,"comment_status":"closed","ping_status":"closed","sticky":false,"template":"","format":"standard","meta":{"footnotes":""},"categories":[24],"tags":[],"class_list":["post-136717","post","type-post","status-publish","format-standard","has-post-thumbnail","hentry","category-politica"],"yoast_head":"<!-- This site is optimized with the Yoast SEO plugin v25.9 - https:\/\/yoast.com\/wordpress\/plugins\/seo\/ -->\n<title>\u201cLa Zona Fr\u00eda es una necesidad para nuestra regi\u00f3n\u201d - Noticias Radio Reflejos<\/title>\n<meta name=\"robots\" content=\"index, follow, max-snippet:-1, max-image-preview:large, max-video-preview:-1\" \/>\n<link rel=\"canonical\" href=\"https:\/\/www.noticiasradioreflejos.com.ar\/2021\/la-zona-fria-es-una-necesidad-para-nuestra-region\/\" \/>\n<meta property=\"og:locale\" content=\"es_ES\" \/>\n<meta property=\"og:type\" content=\"article\" \/>\n<meta property=\"og:title\" content=\"\u201cLa Zona Fr\u00eda es una necesidad para nuestra regi\u00f3n\u201d - Noticias Radio Reflejos\" \/>\n<meta property=\"og:description\" content=\"Lo dijo la senadora provincial del radicalismo Nerina Neumann, ante las versiones de una posible modificaci\u00f3n del r\u00e9gimen de subsidios al gas natural y a la pol\u00edtica de Zona Fr\u00eda por parte del Gobierno Nacional. \u201cTambi\u00e9n creo que es una discusi\u00f3n leg\u00edtima, pero como toda revisi\u00f3n debe hacerse sobre criterios objetivos, t\u00e9cnicos y territorialmente justos\u201d, [&hellip;]\" \/>\n<meta property=\"og:url\" content=\"https:\/\/www.noticiasradioreflejos.com.ar\/2021\/la-zona-fria-es-una-necesidad-para-nuestra-region\/\" \/>\n<meta property=\"og:site_name\" content=\"Noticias Radio Reflejos\" \/>\n<meta property=\"article:published_time\" content=\"2026-04-30T11:59:44+00:00\" \/>\n<meta property=\"og:image\" content=\"https:\/\/www.noticiasradioreflejos.com.ar\/2021\/wp-content\/uploads\/2025\/09\/zona-fria-regimen-1068x712-1.jpg\" \/>\n\t<meta property=\"og:image:width\" content=\"1068\" \/>\n\t<meta property=\"og:image:height\" content=\"712\" \/>\n\t<meta property=\"og:image:type\" content=\"image\/jpeg\" \/>\n<meta name=\"author\" content=\"Arnaldo Botto\" \/>\n<meta name=\"twitter:card\" content=\"summary_large_image\" \/>\n<script type=\"application\/ld+json\" class=\"yoast-schema-graph\">{\"@context\":\"https:\/\/schema.org\",\"@graph\":[{\"@type\":\"WebPage\",\"@id\":\"https:\/\/www.noticiasradioreflejos.com.ar\/2021\/la-zona-fria-es-una-necesidad-para-nuestra-region\/\",\"url\":\"https:\/\/www.noticiasradioreflejos.com.ar\/2021\/la-zona-fria-es-una-necesidad-para-nuestra-region\/\",\"name\":\"\u201cLa Zona Fr\u00eda es una necesidad para nuestra regi\u00f3n\u201d - Noticias Radio Reflejos\",\"isPartOf\":{\"@id\":\"https:\/\/www.noticiasradioreflejos.com.ar\/2021\/#website\"},\"primaryImageOfPage\":{\"@id\":\"https:\/\/www.noticiasradioreflejos.com.ar\/2021\/la-zona-fria-es-una-necesidad-para-nuestra-region\/#primaryimage\"},\"image\":{\"@id\":\"https:\/\/www.noticiasradioreflejos.com.ar\/2021\/la-zona-fria-es-una-necesidad-para-nuestra-region\/#primaryimage\"},\"thumbnailUrl\":\"https:\/\/www.noticiasradioreflejos.com.ar\/2021\/wp-content\/uploads\/2025\/09\/zona-fria-regimen-1068x712-1.jpg\",\"datePublished\":\"2026-04-30T11:59:44+00:00\",\"author\":{\"@id\":\"https:\/\/www.noticiasradioreflejos.com.ar\/2021\/#\/schema\/person\/ad82545263dcc5ec0996818884fd5fb1\"},\"breadcrumb\":{\"@id\":\"https:\/\/www.noticiasradioreflejos.com.ar\/2021\/la-zona-fria-es-una-necesidad-para-nuestra-region\/#breadcrumb\"},\"inLanguage\":\"es\",\"potentialAction\":[{\"@type\":\"ReadAction\",\"target\":[\"https:\/\/www.noticiasradioreflejos.com.ar\/2021\/la-zona-fria-es-una-necesidad-para-nuestra-region\/\"]}]},{\"@type\":\"ImageObject\",\"inLanguage\":\"es\",\"@id\":\"https:\/\/www.noticiasradioreflejos.com.ar\/2021\/la-zona-fria-es-una-necesidad-para-nuestra-region\/#primaryimage\",\"url\":\"https:\/\/www.noticiasradioreflejos.com.ar\/2021\/wp-content\/uploads\/2025\/09\/zona-fria-regimen-1068x712-1.jpg\",\"contentUrl\":\"https:\/\/www.noticiasradioreflejos.com.ar\/2021\/wp-content\/uploads\/2025\/09\/zona-fria-regimen-1068x712-1.jpg\",\"width\":1068,\"height\":712},{\"@type\":\"BreadcrumbList\",\"@id\":\"https:\/\/www.noticiasradioreflejos.com.ar\/2021\/la-zona-fria-es-una-necesidad-para-nuestra-region\/#breadcrumb\",\"itemListElement\":[{\"@type\":\"ListItem\",\"position\":1,\"name\":\"Portada\",\"item\":\"https:\/\/www.noticiasradioreflejos.com.ar\/2021\/\"},{\"@type\":\"ListItem\",\"position\":2,\"name\":\"\u201cLa Zona Fr\u00eda es una necesidad para nuestra regi\u00f3n\u201d\"}]},{\"@type\":\"WebSite\",\"@id\":\"https:\/\/www.noticiasradioreflejos.com.ar\/2021\/#website\",\"url\":\"https:\/\/www.noticiasradioreflejos.com.ar\/2021\/\",\"name\":\"Noticias Radio Reflejos\",\"description\":\"Las noticias de mi comarca\",\"potentialAction\":[{\"@type\":\"SearchAction\",\"target\":{\"@type\":\"EntryPoint\",\"urlTemplate\":\"https:\/\/www.noticiasradioreflejos.com.ar\/2021\/?s={search_term_string}\"},\"query-input\":{\"@type\":\"PropertyValueSpecification\",\"valueRequired\":true,\"valueName\":\"search_term_string\"}}],\"inLanguage\":\"es\"},{\"@type\":\"Person\",\"@id\":\"https:\/\/www.noticiasradioreflejos.com.ar\/2021\/#\/schema\/person\/ad82545263dcc5ec0996818884fd5fb1\",\"name\":\"Arnaldo Botto\",\"image\":{\"@type\":\"ImageObject\",\"inLanguage\":\"es\",\"@id\":\"https:\/\/www.noticiasradioreflejos.com.ar\/2021\/#\/schema\/person\/image\/\",\"url\":\"https:\/\/secure.gravatar.com\/avatar\/55cb5e37c1efa326397366e6974cb338056df65cb50e7d64d1cf314e87504837?s=96&d=mm&r=g\",\"contentUrl\":\"https:\/\/secure.gravatar.com\/avatar\/55cb5e37c1efa326397366e6974cb338056df65cb50e7d64d1cf314e87504837?s=96&d=mm&r=g\",\"caption\":\"Arnaldo Botto\"},\"url\":\"https:\/\/www.noticiasradioreflejos.com.ar\/2021\/author\/arnaldo\/\"}]}<\/script>\n<!-- \/ Yoast SEO plugin. -->","yoast_head_json":{"title":"\u201cLa Zona Fr\u00eda es una necesidad para nuestra regi\u00f3n\u201d - Noticias Radio Reflejos","robots":{"index":"index","follow":"follow","max-snippet":"max-snippet:-1","max-image-preview":"max-image-preview:large","max-video-preview":"max-video-preview:-1"},"canonical":"https:\/\/www.noticiasradioreflejos.com.ar\/2021\/la-zona-fria-es-una-necesidad-para-nuestra-region\/","og_locale":"es_ES","og_type":"article","og_title":"\u201cLa Zona Fr\u00eda es una necesidad para nuestra regi\u00f3n\u201d - Noticias Radio Reflejos","og_description":"Lo dijo la senadora provincial del radicalismo Nerina Neumann, ante las versiones de una posible modificaci\u00f3n del r\u00e9gimen de subsidios al gas natural y a la pol\u00edtica de Zona Fr\u00eda por parte del Gobierno Nacional. \u201cTambi\u00e9n creo que es una discusi\u00f3n leg\u00edtima, pero como toda revisi\u00f3n debe hacerse sobre criterios objetivos, t\u00e9cnicos y territorialmente justos\u201d, [&hellip;]","og_url":"https:\/\/www.noticiasradioreflejos.com.ar\/2021\/la-zona-fria-es-una-necesidad-para-nuestra-region\/","og_site_name":"Noticias Radio Reflejos","article_published_time":"2026-04-30T11:59:44+00:00","og_image":[{"width":1068,"height":712,"url":"https:\/\/www.noticiasradioreflejos.com.ar\/2021\/wp-content\/uploads\/2025\/09\/zona-fria-regimen-1068x712-1.jpg","type":"image\/jpeg"}],"author":"Arnaldo Botto","twitter_card":"summary_large_image","schema":{"@context":"https:\/\/schema.org","@graph":[{"@type":"WebPage","@id":"https:\/\/www.noticiasradioreflejos.com.ar\/2021\/la-zona-fria-es-una-necesidad-para-nuestra-region\/","url":"https:\/\/www.noticiasradioreflejos.com.ar\/2021\/la-zona-fria-es-una-necesidad-para-nuestra-region\/","name":"\u201cLa Zona Fr\u00eda es una necesidad para nuestra regi\u00f3n\u201d - Noticias Radio Reflejos","isPartOf":{"@id":"https:\/\/www.noticiasradioreflejos.com.ar\/2021\/#website"},"primaryImageOfPage":{"@id":"https:\/\/www.noticiasradioreflejos.com.ar\/2021\/la-zona-fria-es-una-necesidad-para-nuestra-region\/#primaryimage"},"image":{"@id":"https:\/\/www.noticiasradioreflejos.com.ar\/2021\/la-zona-fria-es-una-necesidad-para-nuestra-region\/#primaryimage"},"thumbnailUrl":"https:\/\/www.noticiasradioreflejos.com.ar\/2021\/wp-content\/uploads\/2025\/09\/zona-fria-regimen-1068x712-1.jpg","datePublished":"2026-04-30T11:59:44+00:00","author":{"@id":"https:\/\/www.noticiasradioreflejos.com.ar\/2021\/#\/schema\/person\/ad82545263dcc5ec0996818884fd5fb1"},"breadcrumb":{"@id":"https:\/\/www.noticiasradioreflejos.com.ar\/2021\/la-zona-fria-es-una-necesidad-para-nuestra-region\/#breadcrumb"},"inLanguage":"es","potentialAction":[{"@type":"ReadAction","target":["https:\/\/www.noticiasradioreflejos.com.ar\/2021\/la-zona-fria-es-una-necesidad-para-nuestra-region\/"]}]},{"@type":"ImageObject","inLanguage":"es","@id":"https:\/\/www.noticiasradioreflejos.com.ar\/2021\/la-zona-fria-es-una-necesidad-para-nuestra-region\/#primaryimage","url":"https:\/\/www.noticiasradioreflejos.com.ar\/2021\/wp-content\/uploads\/2025\/09\/zona-fria-regimen-1068x712-1.jpg","contentUrl":"https:\/\/www.noticiasradioreflejos.com.ar\/2021\/wp-content\/uploads\/2025\/09\/zona-fria-regimen-1068x712-1.jpg","width":1068,"height":712},{"@type":"BreadcrumbList","@id":"https:\/\/www.noticiasradioreflejos.com.ar\/2021\/la-zona-fria-es-una-necesidad-para-nuestra-region\/#breadcrumb","itemListElement":[{"@type":"ListItem","position":1,"name":"Portada","item":"https:\/\/www.noticiasradioreflejos.com.ar\/2021\/"},{"@type":"ListItem","position":2,"name":"\u201cLa Zona Fr\u00eda es una necesidad para nuestra regi\u00f3n\u201d"}]},{"@type":"WebSite","@id":"https:\/\/www.noticiasradioreflejos.com.ar\/2021\/#website","url":"https:\/\/www.noticiasradioreflejos.com.ar\/2021\/","name":"Noticias Radio Reflejos","description":"Las noticias de mi comarca","potentialAction":[{"@type":"SearchAction","target":{"@type":"EntryPoint","urlTemplate":"https:\/\/www.noticiasradioreflejos.com.ar\/2021\/?s={search_term_string}"},"query-input":{"@type":"PropertyValueSpecification","valueRequired":true,"valueName":"search_term_string"}}],"inLanguage":"es"},{"@type":"Person","@id":"https:\/\/www.noticiasradioreflejos.com.ar\/2021\/#\/schema\/person\/ad82545263dcc5ec0996818884fd5fb1","name":"Arnaldo Botto","image":{"@type":"ImageObject","inLanguage":"es","@id":"https:\/\/www.noticiasradioreflejos.com.ar\/2021\/#\/schema\/person\/image\/","url":"https:\/\/secure.gravatar.com\/avatar\/55cb5e37c1efa326397366e6974cb338056df65cb50e7d64d1cf314e87504837?s=96&d=mm&r=g","contentUrl":"https:\/\/secure.gravatar.com\/avatar\/55cb5e37c1efa326397366e6974cb338056df65cb50e7d64d1cf314e87504837?s=96&d=mm&r=g","caption":"Arnaldo Botto"},"url":"https:\/\/www.noticiasradioreflejos.com.ar\/2021\/author\/arnaldo\/"}]}},"_links":{"self":[{"href":"https:\/\/www.noticiasradioreflejos.com.ar\/2021\/wp-json\/wp\/v2\/posts\/136717","targetHints":{"allow":["GET"]}}],"collection":[{"href":"https:\/\/www.noticiasradioreflejos.com.ar\/2021\/wp-json\/wp\/v2\/posts"}],"about":[{"href":"https:\/\/www.noticiasradioreflejos.com.ar\/2021\/wp-json\/wp\/v2\/types\/post"}],"author":[{"embeddable":true,"href":"https:\/\/www.noticiasradioreflejos.com.ar\/2021\/wp-json\/wp\/v2\/users\/3"}],"replies":[{"embeddable":true,"href":"https:\/\/www.noticiasradioreflejos.com.ar\/2021\/wp-json\/wp\/v2\/comments?post=136717"}],"version-history":[{"count":1,"href":"https:\/\/www.noticiasradioreflejos.com.ar\/2021\/wp-json\/wp\/v2\/posts\/136717\/revisions"}],"predecessor-version":[{"id":136718,"href":"https:\/\/www.noticiasradioreflejos.com.ar\/2021\/wp-json\/wp\/v2\/posts\/136717\/revisions\/136718"}],"wp:featuredmedia":[{"embeddable":true,"href":"https:\/\/www.noticiasradioreflejos.com.ar\/2021\/wp-json\/wp\/v2\/media\/125845"}],"wp:attachment":[{"href":"https:\/\/www.noticiasradioreflejos.com.ar\/2021\/wp-json\/wp\/v2\/media?parent=136717"}],"wp:term":[{"taxonomy":"category","embeddable":true,"href":"https:\/\/www.noticiasradioreflejos.com.ar\/2021\/wp-json\/wp\/v2\/categories?post=136717"},{"taxonomy":"post_tag","embeddable":true,"href":"https:\/\/www.noticiasradioreflejos.com.ar\/2021\/wp-json\/wp\/v2\/tags?post=136717"}],"curies":[{"name":"wp","href":"https:\/\/api.w.org\/{rel}","templated":true}]}}