{"id":136707,"date":"2026-04-30T07:07:37","date_gmt":"2026-04-30T10:07:37","guid":{"rendered":"https:\/\/www.noticiasradioreflejos.com.ar\/2021\/?p=136707"},"modified":"2026-04-30T07:07:37","modified_gmt":"2026-04-30T10:07:37","slug":"jornada-agradable-amplitud-termica-y-vientos-en-aumento-en-la-zona-serrana","status":"publish","type":"post","link":"https:\/\/www.noticiasradioreflejos.com.ar\/2021\/jornada-agradable-amplitud-termica-y-vientos-en-aumento-en-la-zona-serrana\/","title":{"rendered":"Jornada agradable: amplitud t\u00e9rmica y vientos en aumento en la zona serrana"},"content":{"rendered":"<p>Con una m\u00e1xima de 20\u00b0C y cielo despejado al amanecer, el jueves anticipa el clima del fin de semana largo. Se esperan r\u00e1fagas de hasta 45 km\/h hacia la tarde.<!--more--><\/p>\n<p data-path-to-node=\"5\">El oto\u00f1o se hace sentir con fuerza en la regi\u00f3n, ofreciendo un <b data-path-to-node=\"5\" data-index-in-node=\"63\">jueves marcado por la amplitud t\u00e9rmica<\/b> y condiciones variables que ir\u00e1n cambiando con el correr de las horas. Tras un amanecer de cielo totalmente despejado y una temperatura m\u00ednima que se ubic\u00f3 en los <b data-path-to-node=\"5\" data-index-in-node=\"265\">7\u00b0C<\/b>, se espera que el term\u00f3metro ascienda significativamente, brindando una tarde agradable en la previa del descanso extendido.<\/p>\n<p data-path-to-node=\"6\">De acuerdo al pron\u00f3stico, la temperatura tendr\u00e1 una escalada importante hasta alcanzar los <b data-path-to-node=\"6\" data-index-in-node=\"91\">20\u00b0C de m\u00e1xima<\/b>. Sin embargo, el ascenso t\u00e9rmico no llegar\u00e1 solo: el viento tambi\u00e9n cobrar\u00e1 protagonismo. Mientras que las primeras horas del d\u00eda presentaron r\u00e1fagas suaves, hacia la tarde la intensidad rotar\u00e1 de moderada a fuerte, pudiendo alcanzar los <b data-path-to-node=\"6\" data-index-in-node=\"344\">45 km\/h<\/b>.<\/p>\n<p data-path-to-node=\"7\">En cuanto al estado del cielo, la jornada transitar\u00e1 por diferentes etapas:<\/p>\n<ul data-path-to-node=\"8\">\n<li>\n<p data-path-to-node=\"8,0,0\"><b data-path-to-node=\"8,0,0\" data-index-in-node=\"0\">Ma\u00f1ana:<\/b> Nubosidad variable tras un inicio de d\u00eda estrellado.<\/p>\n<\/li>\n<li>\n<p data-path-to-node=\"8,1,0\"><b data-path-to-node=\"8,1,0\" data-index-in-node=\"0\">Tarde:<\/b> Intervalos de sol con aumento progresivo de nubes.<\/p>\n<\/li>\n<li>\n<p data-path-to-node=\"8,2,0\"><b data-path-to-node=\"8,2,0\" data-index-in-node=\"0\">Noche:<\/b> Cierre de jornada con cielo totalmente cubierto.<\/p>\n<\/li>\n<\/ul>\n<p data-path-to-node=\"9\">Este escenario meteorol\u00f3gico confirma la tendencia oto\u00f1al para la zona serrana, donde el abrigo matutino y la ligereza vespertina ser\u00e1n los aliados indispensables para quienes ya comienzan a disfrutar del movimiento tur\u00edstico por el fin de semana largo.<\/p>\n","protected":false},"excerpt":{"rendered":"<p>Con una m\u00e1xima de 20\u00b0C y cielo despejado al amanecer, el jueves anticipa el clima del fin de semana largo. Se esperan r\u00e1fagas de hasta 45 km\/h hacia la tarde.<\/p>\n","protected":false},"author":3,"featured_media":134452,"comment_status":"closed","ping_status":"closed","sticky":false,"template":"","format":"standard","meta":{"footnotes":""},"categories":[46],"tags":[48],"class_list":["post-136707","post","type-post","status-publish","format-standard","has-post-thumbnail","hentry","category-ciencia-y-tecnologia","tag-destacada"],"yoast_head":"<!-- This site is optimized with the Yoast SEO plugin v25.9 - https:\/\/yoast.com\/wordpress\/plugins\/seo\/ -->\n<title>Jornada agradable: amplitud t\u00e9rmica y vientos en aumento en la zona serrana - Noticias Radio Reflejos<\/title>\n<meta name=\"robots\" content=\"index, follow, max-snippet:-1, max-image-preview:large, max-video-preview:-1\" \/>\n<link rel=\"canonical\" href=\"https:\/\/www.noticiasradioreflejos.com.ar\/2021\/jornada-agradable-amplitud-termica-y-vientos-en-aumento-en-la-zona-serrana\/\" \/>\n<meta property=\"og:locale\" content=\"es_ES\" \/>\n<meta property=\"og:type\" content=\"article\" \/>\n<meta property=\"og:title\" content=\"Jornada agradable: amplitud t\u00e9rmica y vientos en aumento en la zona serrana - Noticias Radio Reflejos\" \/>\n<meta property=\"og:description\" content=\"Con una m\u00e1xima de 20\u00b0C y cielo despejado al amanecer, el jueves anticipa el clima del fin de semana largo. Se esperan r\u00e1fagas de hasta 45 km\/h hacia la tarde.\" \/>\n<meta property=\"og:url\" content=\"https:\/\/www.noticiasradioreflejos.com.ar\/2021\/jornada-agradable-amplitud-termica-y-vientos-en-aumento-en-la-zona-serrana\/\" \/>\n<meta property=\"og:site_name\" content=\"Noticias Radio Reflejos\" \/>\n<meta property=\"article:published_time\" content=\"2026-04-30T10:07:37+00:00\" \/>\n<meta property=\"og:image\" content=\"https:\/\/www.noticiasradioreflejos.com.ar\/2021\/wp-content\/uploads\/2026\/03\/Sierra-de-la-Ventana-otono.png\" \/>\n\t<meta property=\"og:image:width\" content=\"1440\" \/>\n\t<meta property=\"og:image:height\" content=\"720\" \/>\n\t<meta property=\"og:image:type\" content=\"image\/png\" \/>\n<meta name=\"author\" content=\"Arnaldo Botto\" \/>\n<meta name=\"twitter:card\" content=\"summary_large_image\" \/>\n<script type=\"application\/ld+json\" class=\"yoast-schema-graph\">{\"@context\":\"https:\/\/schema.org\",\"@graph\":[{\"@type\":\"WebPage\",\"@id\":\"https:\/\/www.noticiasradioreflejos.com.ar\/2021\/jornada-agradable-amplitud-termica-y-vientos-en-aumento-en-la-zona-serrana\/\",\"url\":\"https:\/\/www.noticiasradioreflejos.com.ar\/2021\/jornada-agradable-amplitud-termica-y-vientos-en-aumento-en-la-zona-serrana\/\",\"name\":\"Jornada agradable: amplitud t\u00e9rmica y vientos en aumento en la zona serrana - Noticias Radio Reflejos\",\"isPartOf\":{\"@id\":\"https:\/\/www.noticiasradioreflejos.com.ar\/2021\/#website\"},\"primaryImageOfPage\":{\"@id\":\"https:\/\/www.noticiasradioreflejos.com.ar\/2021\/jornada-agradable-amplitud-termica-y-vientos-en-aumento-en-la-zona-serrana\/#primaryimage\"},\"image\":{\"@id\":\"https:\/\/www.noticiasradioreflejos.com.ar\/2021\/jornada-agradable-amplitud-termica-y-vientos-en-aumento-en-la-zona-serrana\/#primaryimage\"},\"thumbnailUrl\":\"https:\/\/www.noticiasradioreflejos.com.ar\/2021\/wp-content\/uploads\/2026\/03\/Sierra-de-la-Ventana-otono.png\",\"datePublished\":\"2026-04-30T10:07:37+00:00\",\"author\":{\"@id\":\"https:\/\/www.noticiasradioreflejos.com.ar\/2021\/#\/schema\/person\/ad82545263dcc5ec0996818884fd5fb1\"},\"breadcrumb\":{\"@id\":\"https:\/\/www.noticiasradioreflejos.com.ar\/2021\/jornada-agradable-amplitud-termica-y-vientos-en-aumento-en-la-zona-serrana\/#breadcrumb\"},\"inLanguage\":\"es\",\"potentialAction\":[{\"@type\":\"ReadAction\",\"target\":[\"https:\/\/www.noticiasradioreflejos.com.ar\/2021\/jornada-agradable-amplitud-termica-y-vientos-en-aumento-en-la-zona-serrana\/\"]}]},{\"@type\":\"ImageObject\",\"inLanguage\":\"es\",\"@id\":\"https:\/\/www.noticiasradioreflejos.com.ar\/2021\/jornada-agradable-amplitud-termica-y-vientos-en-aumento-en-la-zona-serrana\/#primaryimage\",\"url\":\"https:\/\/www.noticiasradioreflejos.com.ar\/2021\/wp-content\/uploads\/2026\/03\/Sierra-de-la-Ventana-otono.png\",\"contentUrl\":\"https:\/\/www.noticiasradioreflejos.com.ar\/2021\/wp-content\/uploads\/2026\/03\/Sierra-de-la-Ventana-otono.png\",\"width\":1440,\"height\":720},{\"@type\":\"BreadcrumbList\",\"@id\":\"https:\/\/www.noticiasradioreflejos.com.ar\/2021\/jornada-agradable-amplitud-termica-y-vientos-en-aumento-en-la-zona-serrana\/#breadcrumb\",\"itemListElement\":[{\"@type\":\"ListItem\",\"position\":1,\"name\":\"Portada\",\"item\":\"https:\/\/www.noticiasradioreflejos.com.ar\/2021\/\"},{\"@type\":\"ListItem\",\"position\":2,\"name\":\"Jornada agradable: amplitud t\u00e9rmica y vientos en aumento en la zona serrana\"}]},{\"@type\":\"WebSite\",\"@id\":\"https:\/\/www.noticiasradioreflejos.com.ar\/2021\/#website\",\"url\":\"https:\/\/www.noticiasradioreflejos.com.ar\/2021\/\",\"name\":\"Noticias Radio Reflejos\",\"description\":\"Las noticias de mi comarca\",\"potentialAction\":[{\"@type\":\"SearchAction\",\"target\":{\"@type\":\"EntryPoint\",\"urlTemplate\":\"https:\/\/www.noticiasradioreflejos.com.ar\/2021\/?s={search_term_string}\"},\"query-input\":{\"@type\":\"PropertyValueSpecification\",\"valueRequired\":true,\"valueName\":\"search_term_string\"}}],\"inLanguage\":\"es\"},{\"@type\":\"Person\",\"@id\":\"https:\/\/www.noticiasradioreflejos.com.ar\/2021\/#\/schema\/person\/ad82545263dcc5ec0996818884fd5fb1\",\"name\":\"Arnaldo Botto\",\"image\":{\"@type\":\"ImageObject\",\"inLanguage\":\"es\",\"@id\":\"https:\/\/www.noticiasradioreflejos.com.ar\/2021\/#\/schema\/person\/image\/\",\"url\":\"https:\/\/secure.gravatar.com\/avatar\/55cb5e37c1efa326397366e6974cb338056df65cb50e7d64d1cf314e87504837?s=96&d=mm&r=g\",\"contentUrl\":\"https:\/\/secure.gravatar.com\/avatar\/55cb5e37c1efa326397366e6974cb338056df65cb50e7d64d1cf314e87504837?s=96&d=mm&r=g\",\"caption\":\"Arnaldo Botto\"},\"url\":\"https:\/\/www.noticiasradioreflejos.com.ar\/2021\/author\/arnaldo\/\"}]}<\/script>\n<!-- \/ Yoast SEO plugin. -->","yoast_head_json":{"title":"Jornada agradable: amplitud t\u00e9rmica y vientos en aumento en la zona serrana - Noticias Radio Reflejos","robots":{"index":"index","follow":"follow","max-snippet":"max-snippet:-1","max-image-preview":"max-image-preview:large","max-video-preview":"max-video-preview:-1"},"canonical":"https:\/\/www.noticiasradioreflejos.com.ar\/2021\/jornada-agradable-amplitud-termica-y-vientos-en-aumento-en-la-zona-serrana\/","og_locale":"es_ES","og_type":"article","og_title":"Jornada agradable: amplitud t\u00e9rmica y vientos en aumento en la zona serrana - Noticias Radio Reflejos","og_description":"Con una m\u00e1xima de 20\u00b0C y cielo despejado al amanecer, el jueves anticipa el clima del fin de semana largo. Se esperan r\u00e1fagas de hasta 45 km\/h hacia la tarde.","og_url":"https:\/\/www.noticiasradioreflejos.com.ar\/2021\/jornada-agradable-amplitud-termica-y-vientos-en-aumento-en-la-zona-serrana\/","og_site_name":"Noticias Radio Reflejos","article_published_time":"2026-04-30T10:07:37+00:00","og_image":[{"width":1440,"height":720,"url":"https:\/\/www.noticiasradioreflejos.com.ar\/2021\/wp-content\/uploads\/2026\/03\/Sierra-de-la-Ventana-otono.png","type":"image\/png"}],"author":"Arnaldo Botto","twitter_card":"summary_large_image","schema":{"@context":"https:\/\/schema.org","@graph":[{"@type":"WebPage","@id":"https:\/\/www.noticiasradioreflejos.com.ar\/2021\/jornada-agradable-amplitud-termica-y-vientos-en-aumento-en-la-zona-serrana\/","url":"https:\/\/www.noticiasradioreflejos.com.ar\/2021\/jornada-agradable-amplitud-termica-y-vientos-en-aumento-en-la-zona-serrana\/","name":"Jornada agradable: amplitud t\u00e9rmica y vientos en aumento en la zona serrana - Noticias Radio Reflejos","isPartOf":{"@id":"https:\/\/www.noticiasradioreflejos.com.ar\/2021\/#website"},"primaryImageOfPage":{"@id":"https:\/\/www.noticiasradioreflejos.com.ar\/2021\/jornada-agradable-amplitud-termica-y-vientos-en-aumento-en-la-zona-serrana\/#primaryimage"},"image":{"@id":"https:\/\/www.noticiasradioreflejos.com.ar\/2021\/jornada-agradable-amplitud-termica-y-vientos-en-aumento-en-la-zona-serrana\/#primaryimage"},"thumbnailUrl":"https:\/\/www.noticiasradioreflejos.com.ar\/2021\/wp-content\/uploads\/2026\/03\/Sierra-de-la-Ventana-otono.png","datePublished":"2026-04-30T10:07:37+00:00","author":{"@id":"https:\/\/www.noticiasradioreflejos.com.ar\/2021\/#\/schema\/person\/ad82545263dcc5ec0996818884fd5fb1"},"breadcrumb":{"@id":"https:\/\/www.noticiasradioreflejos.com.ar\/2021\/jornada-agradable-amplitud-termica-y-vientos-en-aumento-en-la-zona-serrana\/#breadcrumb"},"inLanguage":"es","potentialAction":[{"@type":"ReadAction","target":["https:\/\/www.noticiasradioreflejos.com.ar\/2021\/jornada-agradable-amplitud-termica-y-vientos-en-aumento-en-la-zona-serrana\/"]}]},{"@type":"ImageObject","inLanguage":"es","@id":"https:\/\/www.noticiasradioreflejos.com.ar\/2021\/jornada-agradable-amplitud-termica-y-vientos-en-aumento-en-la-zona-serrana\/#primaryimage","url":"https:\/\/www.noticiasradioreflejos.com.ar\/2021\/wp-content\/uploads\/2026\/03\/Sierra-de-la-Ventana-otono.png","contentUrl":"https:\/\/www.noticiasradioreflejos.com.ar\/2021\/wp-content\/uploads\/2026\/03\/Sierra-de-la-Ventana-otono.png","width":1440,"height":720},{"@type":"BreadcrumbList","@id":"https:\/\/www.noticiasradioreflejos.com.ar\/2021\/jornada-agradable-amplitud-termica-y-vientos-en-aumento-en-la-zona-serrana\/#breadcrumb","itemListElement":[{"@type":"ListItem","position":1,"name":"Portada","item":"https:\/\/www.noticiasradioreflejos.com.ar\/2021\/"},{"@type":"ListItem","position":2,"name":"Jornada agradable: amplitud t\u00e9rmica y vientos en aumento en la zona serrana"}]},{"@type":"WebSite","@id":"https:\/\/www.noticiasradioreflejos.com.ar\/2021\/#website","url":"https:\/\/www.noticiasradioreflejos.com.ar\/2021\/","name":"Noticias Radio Reflejos","description":"Las noticias de mi comarca","potentialAction":[{"@type":"SearchAction","target":{"@type":"EntryPoint","urlTemplate":"https:\/\/www.noticiasradioreflejos.com.ar\/2021\/?s={search_term_string}"},"query-input":{"@type":"PropertyValueSpecification","valueRequired":true,"valueName":"search_term_string"}}],"inLanguage":"es"},{"@type":"Person","@id":"https:\/\/www.noticiasradioreflejos.com.ar\/2021\/#\/schema\/person\/ad82545263dcc5ec0996818884fd5fb1","name":"Arnaldo Botto","image":{"@type":"ImageObject","inLanguage":"es","@id":"https:\/\/www.noticiasradioreflejos.com.ar\/2021\/#\/schema\/person\/image\/","url":"https:\/\/secure.gravatar.com\/avatar\/55cb5e37c1efa326397366e6974cb338056df65cb50e7d64d1cf314e87504837?s=96&d=mm&r=g","contentUrl":"https:\/\/secure.gravatar.com\/avatar\/55cb5e37c1efa326397366e6974cb338056df65cb50e7d64d1cf314e87504837?s=96&d=mm&r=g","caption":"Arnaldo Botto"},"url":"https:\/\/www.noticiasradioreflejos.com.ar\/2021\/author\/arnaldo\/"}]}},"_links":{"self":[{"href":"https:\/\/www.noticiasradioreflejos.com.ar\/2021\/wp-json\/wp\/v2\/posts\/136707","targetHints":{"allow":["GET"]}}],"collection":[{"href":"https:\/\/www.noticiasradioreflejos.com.ar\/2021\/wp-json\/wp\/v2\/posts"}],"about":[{"href":"https:\/\/www.noticiasradioreflejos.com.ar\/2021\/wp-json\/wp\/v2\/types\/post"}],"author":[{"embeddable":true,"href":"https:\/\/www.noticiasradioreflejos.com.ar\/2021\/wp-json\/wp\/v2\/users\/3"}],"replies":[{"embeddable":true,"href":"https:\/\/www.noticiasradioreflejos.com.ar\/2021\/wp-json\/wp\/v2\/comments?post=136707"}],"version-history":[{"count":1,"href":"https:\/\/www.noticiasradioreflejos.com.ar\/2021\/wp-json\/wp\/v2\/posts\/136707\/revisions"}],"predecessor-version":[{"id":136708,"href":"https:\/\/www.noticiasradioreflejos.com.ar\/2021\/wp-json\/wp\/v2\/posts\/136707\/revisions\/136708"}],"wp:featuredmedia":[{"embeddable":true,"href":"https:\/\/www.noticiasradioreflejos.com.ar\/2021\/wp-json\/wp\/v2\/media\/134452"}],"wp:attachment":[{"href":"https:\/\/www.noticiasradioreflejos.com.ar\/2021\/wp-json\/wp\/v2\/media?parent=136707"}],"wp:term":[{"taxonomy":"category","embeddable":true,"href":"https:\/\/www.noticiasradioreflejos.com.ar\/2021\/wp-json\/wp\/v2\/categories?post=136707"},{"taxonomy":"post_tag","embeddable":true,"href":"https:\/\/www.noticiasradioreflejos.com.ar\/2021\/wp-json\/wp\/v2\/tags?post=136707"}],"curies":[{"name":"wp","href":"https:\/\/api.w.org\/{rel}","templated":true}]}}