{"id":136700,"date":"2026-04-30T06:51:48","date_gmt":"2026-04-30T09:51:48","guid":{"rendered":"https:\/\/www.noticiasradioreflejos.com.ar\/2021\/?p=136700"},"modified":"2026-04-30T09:52:51","modified_gmt":"2026-04-30T12:52:51","slug":"la-celt-inauguro-su-edificio-renovado-y-refuerza-su-atencion-a-los-usuarios","status":"publish","type":"post","link":"https:\/\/www.noticiasradioreflejos.com.ar\/2021\/la-celt-inauguro-su-edificio-renovado-y-refuerza-su-atencion-a-los-usuarios\/","title":{"rendered":"La CELT inaugur\u00f3 su edificio renovado y refuerza su atenci\u00f3n a los usuarios"},"content":{"rendered":"<p>La Cooperativa El\u00e9ctrica Limitada de Tornquist inaugur\u00f3 este martes sus nuevas instalaciones, en el marco de un proceso de renovaci\u00f3n y puesta en valor de sus espacios, en un acto que cont\u00f3 con la destacada presencia de Ariel Guarco, referente del cooperativismo a nivel nacional e internacional.<\/p>\n<p><!--more--><\/p>\n<p>Las obras incluyeron la modernizaci\u00f3n de las oficinas de atenci\u00f3n al p\u00fablico, que ahora cuentan con mayor amplitud y sectores reservados, brindando a los usuarios un entorno m\u00e1s c\u00f3modo y la privacidad necesaria para cada gesti\u00f3n. Asimismo, se llevaron adelante mejoras en las \u00e1reas administrativas, abarcando oficinas para el personal, el sector de archivo y la sala de reuniones del Consejo de Administraci\u00f3n.<\/p>\n<p><a href=\"https:\/\/www.noticiasradioreflejos.com.ar\/2021\/la-celt-inauguro-su-edificio-renovado-y-refuerza-su-atencion-a-los-usuarios\/inauguracioncelt-4\/\" rel=\"attachment wp-att-136704\"><img loading=\"lazy\" decoding=\"async\" class=\"aligncenter size-full wp-image-136704\" src=\"https:\/\/www.noticiasradioreflejos.com.ar\/2021\/wp-content\/uploads\/2026\/04\/InauguracionCelt-4.jpeg\" alt=\"\" width=\"2048\" height=\"1365\" srcset=\"https:\/\/www.noticiasradioreflejos.com.ar\/2021\/wp-content\/uploads\/2026\/04\/InauguracionCelt-4.jpeg 2048w, https:\/\/www.noticiasradioreflejos.com.ar\/2021\/wp-content\/uploads\/2026\/04\/InauguracionCelt-4-300x200.jpeg 300w, https:\/\/www.noticiasradioreflejos.com.ar\/2021\/wp-content\/uploads\/2026\/04\/InauguracionCelt-4-1024x683.jpeg 1024w, https:\/\/www.noticiasradioreflejos.com.ar\/2021\/wp-content\/uploads\/2026\/04\/InauguracionCelt-4-768x512.jpeg 768w, https:\/\/www.noticiasradioreflejos.com.ar\/2021\/wp-content\/uploads\/2026\/04\/InauguracionCelt-4-1536x1024.jpeg 1536w, https:\/\/www.noticiasradioreflejos.com.ar\/2021\/wp-content\/uploads\/2026\/04\/InauguracionCelt-4-750x500.jpeg 750w, https:\/\/www.noticiasradioreflejos.com.ar\/2021\/wp-content\/uploads\/2026\/04\/InauguracionCelt-4-1140x760.jpeg 1140w\" sizes=\"auto, (max-width: 2048px) 100vw, 2048px\" \/><\/a><\/p>\n<p>El acto de reinauguraci\u00f3n se desarroll\u00f3 con una nutrida participaci\u00f3n de autoridades, asociados y vecinos de la comunidad, en una jornada significativa para la vida institucional de la Cooperativa.<\/p>\n<p>Durante la ceremonia, la presidenta del Consejo de Administraci\u00f3n, Mirta Rold\u00e1n, brind\u00f3 palabras de bienvenida en las que destac\u00f3 el trabajo sostenido de la instituci\u00f3n, el compromiso del equipo y la importancia de seguir fortaleciendo los servicios y la atenci\u00f3n a los usuarios.<\/p>\n<p><a href=\"https:\/\/www.noticiasradioreflejos.com.ar\/2021\/la-celt-inauguro-su-edificio-renovado-y-refuerza-su-atencion-a-los-usuarios\/inauguracioncelt-10\/\" rel=\"attachment wp-att-136701\"><img loading=\"lazy\" decoding=\"async\" class=\"aligncenter size-full wp-image-136701\" src=\"https:\/\/www.noticiasradioreflejos.com.ar\/2021\/wp-content\/uploads\/2026\/04\/InauguracionCelt-10.jpeg\" alt=\"\" width=\"2048\" height=\"1365\" srcset=\"https:\/\/www.noticiasradioreflejos.com.ar\/2021\/wp-content\/uploads\/2026\/04\/InauguracionCelt-10.jpeg 2048w, https:\/\/www.noticiasradioreflejos.com.ar\/2021\/wp-content\/uploads\/2026\/04\/InauguracionCelt-10-300x200.jpeg 300w, https:\/\/www.noticiasradioreflejos.com.ar\/2021\/wp-content\/uploads\/2026\/04\/InauguracionCelt-10-1024x683.jpeg 1024w, https:\/\/www.noticiasradioreflejos.com.ar\/2021\/wp-content\/uploads\/2026\/04\/InauguracionCelt-10-768x512.jpeg 768w, https:\/\/www.noticiasradioreflejos.com.ar\/2021\/wp-content\/uploads\/2026\/04\/InauguracionCelt-10-1536x1024.jpeg 1536w, https:\/\/www.noticiasradioreflejos.com.ar\/2021\/wp-content\/uploads\/2026\/04\/InauguracionCelt-10-750x500.jpeg 750w, https:\/\/www.noticiasradioreflejos.com.ar\/2021\/wp-content\/uploads\/2026\/04\/InauguracionCelt-10-1140x760.jpeg 1140w\" sizes=\"auto, (max-width: 2048px) 100vw, 2048px\" \/><\/a><\/p>\n<p>&nbsp;<\/p>\n<p>Posteriormente, hizo uso de la palabra Ariel Guarco, presidente de FEDECOBA y de la Alianza Cooperativa Internacional, cuya presencia en Tornquist jerarquiz\u00f3 el acto institucional. En su intervenci\u00f3n, valor\u00f3 el rol del cooperativismo como motor de desarrollo local y puso en relieve el crecimiento de la CELT como ejemplo dentro del sector.<\/p>\n<p>A su turno, la intendente municipal, Estefan\u00eda Bordoni, subray\u00f3 el crecimiento sostenido de la instituci\u00f3n en los \u00faltimos a\u00f1os, con m\u00e1s infraestructura, incorporaci\u00f3n de tecnolog\u00eda y ampliaci\u00f3n del servicio. Asimismo, remarc\u00f3 la importancia del trabajo conjunto entre la Cooperativa y el Municipio para generar beneficios directos para los vecinos del distrito.<\/p>\n<p>Como parte del acto, se realiz\u00f3 el corte de cintas compartido entre la intendente y la presidenta del Consejo de Administraci\u00f3n, seguido del descubrimiento de una placa conmemorativa otorgada por el Municipio.<\/p>\n<p>En ese marco, tambi\u00e9n se hizo referencia a la historia institucional de la Cooperativa, destacando la labor de los pioneros que, con su esfuerzo, sentaron las bases de la principal prestadora de servicios de Tornquist y la regi\u00f3n.<\/p>\n<p>Asimismo, antes del recorrido por las instalaciones, se anunci\u00f3 la incorporaci\u00f3n de una estaci\u00f3n de carga para veh\u00edculos h\u00edbridos, una iniciativa que marca un nuevo avance en materia de innovaci\u00f3n y sustentabilidad. La presentaci\u00f3n cont\u00f3 con el acompa\u00f1amiento de la empresa Minuj\u00edn Automotores, que realiz\u00f3 una demostraci\u00f3n de carga de uno de estos veh\u00edculos.<\/p>\n<p>El acto finaliz\u00f3 con un recorrido por las nuevas instalaciones, donde los presentes pudieron interiorizarse no solo de las mejoras edilicias, sino tambi\u00e9n de los avances tecnol\u00f3gicos incorporados, en l\u00ednea con los desaf\u00edos actuales y futuros del sector.<\/p>\n<p>Por \u00faltimo, se recuerda que a partir de ma\u00f1ana la atenci\u00f3n al p\u00fablico volver\u00e1 a desarrollarse en el edificio habitual de la CELT, en el horario de 8 a 13 horas.<\/p>\n<p>&nbsp;<br \/>\n<iframe loading=\"lazy\" src=\"https:\/\/www.facebook.com\/plugins\/post.php?href=https%3A%2F%2Fwww.facebook.com%2Fpermalink.php%3Fstory_fbid%3Dpfbid02QxoTbn4eU9eSzy3t6N5q1YCP8TkHkgNLNHrDbbSMZ6LmPA6EUHDFTHZw9Qiqveiyl%26id%3D100091327519773&#038;show_text=true&#038;width=500\" width=\"500\" height=\"250\" style=\"border:none;overflow:hidden\" scrolling=\"no\" frameborder=\"0\" allowfullscreen=\"true\" allow=\"autoplay; clipboard-write; encrypted-media; picture-in-picture; web-share\"><\/iframe><br \/>\n&nbsp;<\/p>\n<p>&nbsp;<\/p>\n","protected":false},"excerpt":{"rendered":"<p>La Cooperativa El\u00e9ctrica Limitada de Tornquist inaugur\u00f3 este martes sus nuevas instalaciones, en el marco de un proceso de renovaci\u00f3n y puesta en valor de sus espacios, en un acto que cont\u00f3 con la destacada presencia de Ariel Guarco, referente del cooperativismo a nivel nacional e internacional.<\/p>\n","protected":false},"author":3,"featured_media":136702,"comment_status":"closed","ping_status":"closed","sticky":false,"template":"","format":"standard","meta":{"footnotes":""},"categories":[26],"tags":[48],"class_list":["post-136700","post","type-post","status-publish","format-standard","has-post-thumbnail","hentry","category-sociedad","tag-destacada"],"yoast_head":"<!-- This site is optimized with the Yoast SEO plugin v25.9 - https:\/\/yoast.com\/wordpress\/plugins\/seo\/ -->\n<title>La CELT inaugur\u00f3 su edificio renovado y refuerza su atenci\u00f3n a los usuarios - Noticias Radio Reflejos<\/title>\n<meta name=\"robots\" content=\"index, follow, max-snippet:-1, max-image-preview:large, max-video-preview:-1\" \/>\n<link rel=\"canonical\" href=\"https:\/\/www.noticiasradioreflejos.com.ar\/2021\/la-celt-inauguro-su-edificio-renovado-y-refuerza-su-atencion-a-los-usuarios\/\" \/>\n<meta property=\"og:locale\" content=\"es_ES\" \/>\n<meta property=\"og:type\" content=\"article\" \/>\n<meta property=\"og:title\" content=\"La CELT inaugur\u00f3 su edificio renovado y refuerza su atenci\u00f3n a los usuarios - Noticias Radio Reflejos\" \/>\n<meta property=\"og:description\" content=\"La Cooperativa El\u00e9ctrica Limitada de Tornquist inaugur\u00f3 este martes sus nuevas instalaciones, en el marco de un proceso de renovaci\u00f3n y puesta en valor de sus espacios, en un acto que cont\u00f3 con la destacada presencia de Ariel Guarco, referente del cooperativismo a nivel nacional e internacional.\" \/>\n<meta property=\"og:url\" content=\"https:\/\/www.noticiasradioreflejos.com.ar\/2021\/la-celt-inauguro-su-edificio-renovado-y-refuerza-su-atencion-a-los-usuarios\/\" \/>\n<meta property=\"og:site_name\" content=\"Noticias Radio Reflejos\" \/>\n<meta property=\"article:published_time\" content=\"2026-04-30T09:51:48+00:00\" \/>\n<meta property=\"article:modified_time\" content=\"2026-04-30T12:52:51+00:00\" \/>\n<meta property=\"og:image\" content=\"https:\/\/www.noticiasradioreflejos.com.ar\/2021\/wp-content\/uploads\/2026\/04\/InauguracionCelt-12.jpeg\" \/>\n\t<meta property=\"og:image:width\" content=\"2048\" \/>\n\t<meta property=\"og:image:height\" content=\"1365\" \/>\n\t<meta property=\"og:image:type\" content=\"image\/jpeg\" \/>\n<meta name=\"author\" content=\"Arnaldo Botto\" \/>\n<meta name=\"twitter:card\" content=\"summary_large_image\" \/>\n<script type=\"application\/ld+json\" class=\"yoast-schema-graph\">{\"@context\":\"https:\/\/schema.org\",\"@graph\":[{\"@type\":\"WebPage\",\"@id\":\"https:\/\/www.noticiasradioreflejos.com.ar\/2021\/la-celt-inauguro-su-edificio-renovado-y-refuerza-su-atencion-a-los-usuarios\/\",\"url\":\"https:\/\/www.noticiasradioreflejos.com.ar\/2021\/la-celt-inauguro-su-edificio-renovado-y-refuerza-su-atencion-a-los-usuarios\/\",\"name\":\"La CELT inaugur\u00f3 su edificio renovado y refuerza su atenci\u00f3n a los usuarios - Noticias Radio Reflejos\",\"isPartOf\":{\"@id\":\"https:\/\/www.noticiasradioreflejos.com.ar\/2021\/#website\"},\"primaryImageOfPage\":{\"@id\":\"https:\/\/www.noticiasradioreflejos.com.ar\/2021\/la-celt-inauguro-su-edificio-renovado-y-refuerza-su-atencion-a-los-usuarios\/#primaryimage\"},\"image\":{\"@id\":\"https:\/\/www.noticiasradioreflejos.com.ar\/2021\/la-celt-inauguro-su-edificio-renovado-y-refuerza-su-atencion-a-los-usuarios\/#primaryimage\"},\"thumbnailUrl\":\"https:\/\/www.noticiasradioreflejos.com.ar\/2021\/wp-content\/uploads\/2026\/04\/InauguracionCelt-12.jpeg\",\"datePublished\":\"2026-04-30T09:51:48+00:00\",\"dateModified\":\"2026-04-30T12:52:51+00:00\",\"author\":{\"@id\":\"https:\/\/www.noticiasradioreflejos.com.ar\/2021\/#\/schema\/person\/ad82545263dcc5ec0996818884fd5fb1\"},\"breadcrumb\":{\"@id\":\"https:\/\/www.noticiasradioreflejos.com.ar\/2021\/la-celt-inauguro-su-edificio-renovado-y-refuerza-su-atencion-a-los-usuarios\/#breadcrumb\"},\"inLanguage\":\"es\",\"potentialAction\":[{\"@type\":\"ReadAction\",\"target\":[\"https:\/\/www.noticiasradioreflejos.com.ar\/2021\/la-celt-inauguro-su-edificio-renovado-y-refuerza-su-atencion-a-los-usuarios\/\"]}]},{\"@type\":\"ImageObject\",\"inLanguage\":\"es\",\"@id\":\"https:\/\/www.noticiasradioreflejos.com.ar\/2021\/la-celt-inauguro-su-edificio-renovado-y-refuerza-su-atencion-a-los-usuarios\/#primaryimage\",\"url\":\"https:\/\/www.noticiasradioreflejos.com.ar\/2021\/wp-content\/uploads\/2026\/04\/InauguracionCelt-12.jpeg\",\"contentUrl\":\"https:\/\/www.noticiasradioreflejos.com.ar\/2021\/wp-content\/uploads\/2026\/04\/InauguracionCelt-12.jpeg\",\"width\":2048,\"height\":1365},{\"@type\":\"BreadcrumbList\",\"@id\":\"https:\/\/www.noticiasradioreflejos.com.ar\/2021\/la-celt-inauguro-su-edificio-renovado-y-refuerza-su-atencion-a-los-usuarios\/#breadcrumb\",\"itemListElement\":[{\"@type\":\"ListItem\",\"position\":1,\"name\":\"Portada\",\"item\":\"https:\/\/www.noticiasradioreflejos.com.ar\/2021\/\"},{\"@type\":\"ListItem\",\"position\":2,\"name\":\"La CELT inaugur\u00f3 su edificio renovado y refuerza su atenci\u00f3n a los usuarios\"}]},{\"@type\":\"WebSite\",\"@id\":\"https:\/\/www.noticiasradioreflejos.com.ar\/2021\/#website\",\"url\":\"https:\/\/www.noticiasradioreflejos.com.ar\/2021\/\",\"name\":\"Noticias Radio Reflejos\",\"description\":\"Las noticias de mi comarca\",\"potentialAction\":[{\"@type\":\"SearchAction\",\"target\":{\"@type\":\"EntryPoint\",\"urlTemplate\":\"https:\/\/www.noticiasradioreflejos.com.ar\/2021\/?s={search_term_string}\"},\"query-input\":{\"@type\":\"PropertyValueSpecification\",\"valueRequired\":true,\"valueName\":\"search_term_string\"}}],\"inLanguage\":\"es\"},{\"@type\":\"Person\",\"@id\":\"https:\/\/www.noticiasradioreflejos.com.ar\/2021\/#\/schema\/person\/ad82545263dcc5ec0996818884fd5fb1\",\"name\":\"Arnaldo Botto\",\"image\":{\"@type\":\"ImageObject\",\"inLanguage\":\"es\",\"@id\":\"https:\/\/www.noticiasradioreflejos.com.ar\/2021\/#\/schema\/person\/image\/\",\"url\":\"https:\/\/secure.gravatar.com\/avatar\/55cb5e37c1efa326397366e6974cb338056df65cb50e7d64d1cf314e87504837?s=96&d=mm&r=g\",\"contentUrl\":\"https:\/\/secure.gravatar.com\/avatar\/55cb5e37c1efa326397366e6974cb338056df65cb50e7d64d1cf314e87504837?s=96&d=mm&r=g\",\"caption\":\"Arnaldo Botto\"},\"url\":\"https:\/\/www.noticiasradioreflejos.com.ar\/2021\/author\/arnaldo\/\"}]}<\/script>\n<!-- \/ Yoast SEO plugin. -->","yoast_head_json":{"title":"La CELT inaugur\u00f3 su edificio renovado y refuerza su atenci\u00f3n a los usuarios - Noticias Radio Reflejos","robots":{"index":"index","follow":"follow","max-snippet":"max-snippet:-1","max-image-preview":"max-image-preview:large","max-video-preview":"max-video-preview:-1"},"canonical":"https:\/\/www.noticiasradioreflejos.com.ar\/2021\/la-celt-inauguro-su-edificio-renovado-y-refuerza-su-atencion-a-los-usuarios\/","og_locale":"es_ES","og_type":"article","og_title":"La CELT inaugur\u00f3 su edificio renovado y refuerza su atenci\u00f3n a los usuarios - Noticias Radio Reflejos","og_description":"La Cooperativa El\u00e9ctrica Limitada de Tornquist inaugur\u00f3 este martes sus nuevas instalaciones, en el marco de un proceso de renovaci\u00f3n y puesta en valor de sus espacios, en un acto que cont\u00f3 con la destacada presencia de Ariel Guarco, referente del cooperativismo a nivel nacional e internacional.","og_url":"https:\/\/www.noticiasradioreflejos.com.ar\/2021\/la-celt-inauguro-su-edificio-renovado-y-refuerza-su-atencion-a-los-usuarios\/","og_site_name":"Noticias Radio Reflejos","article_published_time":"2026-04-30T09:51:48+00:00","article_modified_time":"2026-04-30T12:52:51+00:00","og_image":[{"width":2048,"height":1365,"url":"https:\/\/www.noticiasradioreflejos.com.ar\/2021\/wp-content\/uploads\/2026\/04\/InauguracionCelt-12.jpeg","type":"image\/jpeg"}],"author":"Arnaldo Botto","twitter_card":"summary_large_image","schema":{"@context":"https:\/\/schema.org","@graph":[{"@type":"WebPage","@id":"https:\/\/www.noticiasradioreflejos.com.ar\/2021\/la-celt-inauguro-su-edificio-renovado-y-refuerza-su-atencion-a-los-usuarios\/","url":"https:\/\/www.noticiasradioreflejos.com.ar\/2021\/la-celt-inauguro-su-edificio-renovado-y-refuerza-su-atencion-a-los-usuarios\/","name":"La CELT inaugur\u00f3 su edificio renovado y refuerza su atenci\u00f3n a los usuarios - Noticias Radio Reflejos","isPartOf":{"@id":"https:\/\/www.noticiasradioreflejos.com.ar\/2021\/#website"},"primaryImageOfPage":{"@id":"https:\/\/www.noticiasradioreflejos.com.ar\/2021\/la-celt-inauguro-su-edificio-renovado-y-refuerza-su-atencion-a-los-usuarios\/#primaryimage"},"image":{"@id":"https:\/\/www.noticiasradioreflejos.com.ar\/2021\/la-celt-inauguro-su-edificio-renovado-y-refuerza-su-atencion-a-los-usuarios\/#primaryimage"},"thumbnailUrl":"https:\/\/www.noticiasradioreflejos.com.ar\/2021\/wp-content\/uploads\/2026\/04\/InauguracionCelt-12.jpeg","datePublished":"2026-04-30T09:51:48+00:00","dateModified":"2026-04-30T12:52:51+00:00","author":{"@id":"https:\/\/www.noticiasradioreflejos.com.ar\/2021\/#\/schema\/person\/ad82545263dcc5ec0996818884fd5fb1"},"breadcrumb":{"@id":"https:\/\/www.noticiasradioreflejos.com.ar\/2021\/la-celt-inauguro-su-edificio-renovado-y-refuerza-su-atencion-a-los-usuarios\/#breadcrumb"},"inLanguage":"es","potentialAction":[{"@type":"ReadAction","target":["https:\/\/www.noticiasradioreflejos.com.ar\/2021\/la-celt-inauguro-su-edificio-renovado-y-refuerza-su-atencion-a-los-usuarios\/"]}]},{"@type":"ImageObject","inLanguage":"es","@id":"https:\/\/www.noticiasradioreflejos.com.ar\/2021\/la-celt-inauguro-su-edificio-renovado-y-refuerza-su-atencion-a-los-usuarios\/#primaryimage","url":"https:\/\/www.noticiasradioreflejos.com.ar\/2021\/wp-content\/uploads\/2026\/04\/InauguracionCelt-12.jpeg","contentUrl":"https:\/\/www.noticiasradioreflejos.com.ar\/2021\/wp-content\/uploads\/2026\/04\/InauguracionCelt-12.jpeg","width":2048,"height":1365},{"@type":"BreadcrumbList","@id":"https:\/\/www.noticiasradioreflejos.com.ar\/2021\/la-celt-inauguro-su-edificio-renovado-y-refuerza-su-atencion-a-los-usuarios\/#breadcrumb","itemListElement":[{"@type":"ListItem","position":1,"name":"Portada","item":"https:\/\/www.noticiasradioreflejos.com.ar\/2021\/"},{"@type":"ListItem","position":2,"name":"La CELT inaugur\u00f3 su edificio renovado y refuerza su atenci\u00f3n a los usuarios"}]},{"@type":"WebSite","@id":"https:\/\/www.noticiasradioreflejos.com.ar\/2021\/#website","url":"https:\/\/www.noticiasradioreflejos.com.ar\/2021\/","name":"Noticias Radio Reflejos","description":"Las noticias de mi comarca","potentialAction":[{"@type":"SearchAction","target":{"@type":"EntryPoint","urlTemplate":"https:\/\/www.noticiasradioreflejos.com.ar\/2021\/?s={search_term_string}"},"query-input":{"@type":"PropertyValueSpecification","valueRequired":true,"valueName":"search_term_string"}}],"inLanguage":"es"},{"@type":"Person","@id":"https:\/\/www.noticiasradioreflejos.com.ar\/2021\/#\/schema\/person\/ad82545263dcc5ec0996818884fd5fb1","name":"Arnaldo Botto","image":{"@type":"ImageObject","inLanguage":"es","@id":"https:\/\/www.noticiasradioreflejos.com.ar\/2021\/#\/schema\/person\/image\/","url":"https:\/\/secure.gravatar.com\/avatar\/55cb5e37c1efa326397366e6974cb338056df65cb50e7d64d1cf314e87504837?s=96&d=mm&r=g","contentUrl":"https:\/\/secure.gravatar.com\/avatar\/55cb5e37c1efa326397366e6974cb338056df65cb50e7d64d1cf314e87504837?s=96&d=mm&r=g","caption":"Arnaldo Botto"},"url":"https:\/\/www.noticiasradioreflejos.com.ar\/2021\/author\/arnaldo\/"}]}},"_links":{"self":[{"href":"https:\/\/www.noticiasradioreflejos.com.ar\/2021\/wp-json\/wp\/v2\/posts\/136700","targetHints":{"allow":["GET"]}}],"collection":[{"href":"https:\/\/www.noticiasradioreflejos.com.ar\/2021\/wp-json\/wp\/v2\/posts"}],"about":[{"href":"https:\/\/www.noticiasradioreflejos.com.ar\/2021\/wp-json\/wp\/v2\/types\/post"}],"author":[{"embeddable":true,"href":"https:\/\/www.noticiasradioreflejos.com.ar\/2021\/wp-json\/wp\/v2\/users\/3"}],"replies":[{"embeddable":true,"href":"https:\/\/www.noticiasradioreflejos.com.ar\/2021\/wp-json\/wp\/v2\/comments?post=136700"}],"version-history":[{"count":3,"href":"https:\/\/www.noticiasradioreflejos.com.ar\/2021\/wp-json\/wp\/v2\/posts\/136700\/revisions"}],"predecessor-version":[{"id":136721,"href":"https:\/\/www.noticiasradioreflejos.com.ar\/2021\/wp-json\/wp\/v2\/posts\/136700\/revisions\/136721"}],"wp:featuredmedia":[{"embeddable":true,"href":"https:\/\/www.noticiasradioreflejos.com.ar\/2021\/wp-json\/wp\/v2\/media\/136702"}],"wp:attachment":[{"href":"https:\/\/www.noticiasradioreflejos.com.ar\/2021\/wp-json\/wp\/v2\/media?parent=136700"}],"wp:term":[{"taxonomy":"category","embeddable":true,"href":"https:\/\/www.noticiasradioreflejos.com.ar\/2021\/wp-json\/wp\/v2\/categories?post=136700"},{"taxonomy":"post_tag","embeddable":true,"href":"https:\/\/www.noticiasradioreflejos.com.ar\/2021\/wp-json\/wp\/v2\/tags?post=136700"}],"curies":[{"name":"wp","href":"https:\/\/api.w.org\/{rel}","templated":true}]}}