{"id":136695,"date":"2026-04-29T18:40:35","date_gmt":"2026-04-29T21:40:35","guid":{"rendered":"https:\/\/www.noticiasradioreflejos.com.ar\/2021\/?p=136695"},"modified":"2026-04-29T18:40:35","modified_gmt":"2026-04-29T21:40:35","slug":"no-cometi-ningun-delito-y-lo-voy-a-probar-en-la-justicia","status":"publish","type":"post","link":"https:\/\/www.noticiasradioreflejos.com.ar\/2021\/no-cometi-ningun-delito-y-lo-voy-a-probar-en-la-justicia\/","title":{"rendered":"\u201cNo comet\u00ed ning\u00fan delito y lo voy a probar en la Justicia\u201d"},"content":{"rendered":"<p>El Jefe de Gabinete Manuel Adorni afirm\u00f3 que \u201cnunca ocult\u00f3 su patrimonio\u201d.<!--more--><\/p>\n<div class=\"noticia__thumb\"><\/div>\n<div class=\"noticia-main-container\">\n<div class=\"noticia__rrss flex items-center gap-6\">El jefe de Gabinete, Manuel Adorni, aprovech\u00f3 el tramo final de su informe de gesti\u00f3n en la C\u00e1mara de Diputados para responder a las denuncias sobre su patrimonio y sus viajes, y asegur\u00f3: <strong>\u201cNo comet\u00ed ning\u00fan delito y lo voy a probar en la Justicia\u201d<\/strong>.<\/div>\n<div class=\"noticia__desarrollo\">\n<p>Sin dar detalles, el funcionario investigado por sus viajes y sus bienes, asegur\u00f3 que<strong>\u00a0\u201cnunca ocult\u00f3 su patrimonio\u201d<\/strong>.<\/p>\n<p>En un discurso, Adorni sostuvo que\u00a0<strong>la causa por el viaje oficial a Miami y Nueva York<\/strong>\u00a0\u2212en el que fue cuestionada la participaci\u00f3n de su esposa\u2212\u00a0<strong>fue archivada por la fiscal y el juez intervinientes<\/strong>, quienes concluyeron que no hubo gastos para el Estado ni incumplimientos normativos.<\/p>\n<p>\u201cEsto prueba que,\u00a0<strong>cuando se permite a la Justicia actuar, se caen las operaciones pol\u00edticas que se intentan instalar en esta C\u00e1mara<\/strong>. Ped\u00ed disculpas a los argentinos y me puse a disposici\u00f3n de la Justicia frente a cada denuncia\u201d, se\u00f1al\u00f3.<\/p>\n<p>En relaci\u00f3n con su patrimonio y sus viajes personales, el jefe de Gabinete marc\u00f3 una diferencia entre gastos privados y fondos p\u00fablicos.\u00a0<strong>No se refiri\u00f3 a la forma en que adquiri\u00f3 propiedades\u00a0<\/strong>\u2212con pr\u00e9stamos y postergaciones de pago a jubiladas y polic\u00edas\u2212 y\u00a0<strong>asegur\u00f3 que todos sus viajes familiares fueron costeados con recursos propios<\/strong>\u00a0y que no recibi\u00f3 financiamiento de terceros ni beneficios indebidos.<\/p>\n<p>\u201cHe afrontado yo mismo los pagos de todos los viajes que realic\u00e9 con mi familia. Se circunscribieron a vacaciones personales y de mi c\u00edrculo familiar\u201d, asegur\u00f3 Adorni.<\/p>\n<blockquote class=\"wp-block-quote is-layout-flow wp-block-quote-is-layout-flow\"><p>Tambi\u00e9n sostuvo que cumpli\u00f3 con las obligaciones previstas en la Ley de \u00c9tica P\u00fablica y present\u00f3 las declaraciones juradas correspondientes.<\/p><\/blockquote>\n<p>Sobre este punto, explic\u00f3 que los formularios incluyen un componente p\u00fablico y otro reservado, este \u00faltimo bajo custodia de la Oficina Anticorrupci\u00f3n y accesible solo ante requerimiento judicial. Indic\u00f3 que esa informaci\u00f3n ya fue puesta a disposici\u00f3n de la Justicia en el marco de las investigaciones en curso. Se neg\u00f3 a brindar mayores detalles y se ampar\u00f3 en el car\u00e1cter confidencial de esos apartados.<\/p>\n<p>Adorni tambi\u00e9n\u00a0<strong>rechaz\u00f3 la existencia de conflictos de inter\u00e9s<\/strong>. Neg\u00f3 haber intervenido en contrataciones p\u00fablicas y asegur\u00f3 que no existen contratos entre medios estatales y su entorno familiar.\u00a0<strong>\u201cNo existen ni existieron contratos entre la Estado Nacional y mi c\u00f3nyuge, ni directa ni indirectamente\u201d<\/strong>, enfatiz\u00f3.<\/p>\n<p>Remarc\u00f3 que \u201c<strong>las manifestaciones que se realizaron p\u00fablicamente relativas al costeo por tercero de viajes son tendenciosas<\/strong>\u00a0y, adem\u00e1s, falsas. Tendenciosas y falsas\u201d. Y sum\u00f3:<strong>\u00a0\u201cNo existe contrato alguno celebrado entre la TV P\u00fablica y el periodista Marcelo Grandio\u201d<\/strong>. Grandio es el periodista, conductor de la TV P\u00fablica, cuya productora \u2212Imhouse SA\u2212 figura en las facturas del vuelo privado de Adorni a Punta del Este.<\/p>\n<p>Adorni busc\u00f3 as\u00ed cerrar uno de los frentes m\u00e1s sensibles de su exposici\u00f3n ante el Congreso, atravesada por cuestionamientos sobre su situaci\u00f3n patrimonial y el uso de recursos p\u00fablicos. \u201cNo comet\u00ed ning\u00fan delito\u201d, afirm\u00f3, y\u00a0<strong>atribuy\u00f3 las acusaciones a \u201coperaciones pol\u00edticas\u201d<\/strong>.<\/p>\n<p>Fue despu\u00e9s de un largo discurso de m\u00e1s de una hora. Solo al final hizo menci\u00f3n a su situaci\u00f3n judicial. \u201cS\u00e9 que muchos de ustedes les gustar\u00eda hacer de esta presentaci\u00f3n un juicio p\u00fablico a mi persona\u201d, les dijo a los legisladores. Les record\u00f3 que su funci\u00f3n constitucional es evaluar la marcha del Gobierno, no a \u00e9l como funcionario.<\/p>\n<p>Aun as\u00ed, el jefe de Gabinete decidi\u00f3 hacer referencia a su situaci\u00f3n. \u201cPese a eso, responder\u00e9 a fin de demostrar a los argentinos que \u00e9ste es un gobierno transparente y que cree firmemente\u201d, afirm\u00f3.<\/p>\n<p>Adorni abri\u00f3 su exposici\u00f3n con una definici\u00f3n que busc\u00f3 fijar el eje de su discurso. Asegur\u00f3 que el Gobierno \u201csolo se debe a la gente com\u00fan\u201d y que defiende \u201cel inter\u00e9s de los que trabajan, estudian y se esfuerzan\u201d, al iniciar su informe sobre la marcha general de la gesti\u00f3n.<\/p>\n<p>Milei y su hermana, como el resto del Gabinete, lo acompa\u00f1\u00f3 desde los palcos en una fuerte se\u00f1al de apoyo.<\/p>\n<p>El p\u00fablico presente aplaudi\u00f3 con fuerza cuando el funcionario enfatiz\u00f3 que \u201ctodos los argentinos son inocentes hasta que la Justicia demuestre lo contrario\u201d, en referencia a la sanci\u00f3n de la ley de inocencia fiscal. Seg\u00fan explic\u00f3, la norma busca blindar a los contribuyentes y revertir la carga de la prueba.<\/p>\n<p>Fuente: Frente a Cano<\/p>\n<\/div>\n<\/div>\n","protected":false},"excerpt":{"rendered":"<p>El Jefe de Gabinete Manuel Adorni afirm\u00f3 que \u201cnunca ocult\u00f3 su patrimonio\u201d.<\/p>\n","protected":false},"author":3,"featured_media":136696,"comment_status":"closed","ping_status":"closed","sticky":false,"template":"","format":"standard","meta":{"footnotes":""},"categories":[1],"tags":[],"class_list":["post-136695","post","type-post","status-publish","format-standard","has-post-thumbnail","hentry","category-sin-categoria"],"yoast_head":"<!-- This site is optimized with the Yoast SEO plugin v25.9 - https:\/\/yoast.com\/wordpress\/plugins\/seo\/ -->\n<title>\u201cNo comet\u00ed ning\u00fan delito y lo voy a probar en la Justicia\u201d - Noticias Radio Reflejos<\/title>\n<meta name=\"robots\" content=\"index, follow, max-snippet:-1, max-image-preview:large, max-video-preview:-1\" \/>\n<link rel=\"canonical\" href=\"https:\/\/www.noticiasradioreflejos.com.ar\/2021\/no-cometi-ningun-delito-y-lo-voy-a-probar-en-la-justicia\/\" \/>\n<meta property=\"og:locale\" content=\"es_ES\" \/>\n<meta property=\"og:type\" content=\"article\" \/>\n<meta property=\"og:title\" content=\"\u201cNo comet\u00ed ning\u00fan delito y lo voy a probar en la Justicia\u201d - Noticias Radio Reflejos\" \/>\n<meta property=\"og:description\" content=\"El Jefe de Gabinete Manuel Adorni afirm\u00f3 que \u201cnunca ocult\u00f3 su patrimonio\u201d.\" \/>\n<meta property=\"og:url\" content=\"https:\/\/www.noticiasradioreflejos.com.ar\/2021\/no-cometi-ningun-delito-y-lo-voy-a-probar-en-la-justicia\/\" \/>\n<meta property=\"og:site_name\" content=\"Noticias Radio Reflejos\" \/>\n<meta property=\"article:published_time\" content=\"2026-04-29T21:40:35+00:00\" \/>\n<meta property=\"og:image\" content=\"https:\/\/www.noticiasradioreflejos.com.ar\/2021\/wp-content\/uploads\/2026\/04\/manuel-adorni-5-1568x1045-1.webp\" \/>\n\t<meta property=\"og:image:width\" content=\"1568\" \/>\n\t<meta property=\"og:image:height\" content=\"1045\" \/>\n\t<meta property=\"og:image:type\" content=\"image\/webp\" \/>\n<meta name=\"author\" content=\"Arnaldo Botto\" \/>\n<meta name=\"twitter:card\" content=\"summary_large_image\" \/>\n<script type=\"application\/ld+json\" class=\"yoast-schema-graph\">{\"@context\":\"https:\/\/schema.org\",\"@graph\":[{\"@type\":\"WebPage\",\"@id\":\"https:\/\/www.noticiasradioreflejos.com.ar\/2021\/no-cometi-ningun-delito-y-lo-voy-a-probar-en-la-justicia\/\",\"url\":\"https:\/\/www.noticiasradioreflejos.com.ar\/2021\/no-cometi-ningun-delito-y-lo-voy-a-probar-en-la-justicia\/\",\"name\":\"\u201cNo comet\u00ed ning\u00fan delito y lo voy a probar en la Justicia\u201d - Noticias Radio Reflejos\",\"isPartOf\":{\"@id\":\"https:\/\/www.noticiasradioreflejos.com.ar\/2021\/#website\"},\"primaryImageOfPage\":{\"@id\":\"https:\/\/www.noticiasradioreflejos.com.ar\/2021\/no-cometi-ningun-delito-y-lo-voy-a-probar-en-la-justicia\/#primaryimage\"},\"image\":{\"@id\":\"https:\/\/www.noticiasradioreflejos.com.ar\/2021\/no-cometi-ningun-delito-y-lo-voy-a-probar-en-la-justicia\/#primaryimage\"},\"thumbnailUrl\":\"https:\/\/www.noticiasradioreflejos.com.ar\/2021\/wp-content\/uploads\/2026\/04\/manuel-adorni-5-1568x1045-1.webp\",\"datePublished\":\"2026-04-29T21:40:35+00:00\",\"author\":{\"@id\":\"https:\/\/www.noticiasradioreflejos.com.ar\/2021\/#\/schema\/person\/ad82545263dcc5ec0996818884fd5fb1\"},\"breadcrumb\":{\"@id\":\"https:\/\/www.noticiasradioreflejos.com.ar\/2021\/no-cometi-ningun-delito-y-lo-voy-a-probar-en-la-justicia\/#breadcrumb\"},\"inLanguage\":\"es\",\"potentialAction\":[{\"@type\":\"ReadAction\",\"target\":[\"https:\/\/www.noticiasradioreflejos.com.ar\/2021\/no-cometi-ningun-delito-y-lo-voy-a-probar-en-la-justicia\/\"]}]},{\"@type\":\"ImageObject\",\"inLanguage\":\"es\",\"@id\":\"https:\/\/www.noticiasradioreflejos.com.ar\/2021\/no-cometi-ningun-delito-y-lo-voy-a-probar-en-la-justicia\/#primaryimage\",\"url\":\"https:\/\/www.noticiasradioreflejos.com.ar\/2021\/wp-content\/uploads\/2026\/04\/manuel-adorni-5-1568x1045-1.webp\",\"contentUrl\":\"https:\/\/www.noticiasradioreflejos.com.ar\/2021\/wp-content\/uploads\/2026\/04\/manuel-adorni-5-1568x1045-1.webp\",\"width\":1568,\"height\":1045},{\"@type\":\"BreadcrumbList\",\"@id\":\"https:\/\/www.noticiasradioreflejos.com.ar\/2021\/no-cometi-ningun-delito-y-lo-voy-a-probar-en-la-justicia\/#breadcrumb\",\"itemListElement\":[{\"@type\":\"ListItem\",\"position\":1,\"name\":\"Portada\",\"item\":\"https:\/\/www.noticiasradioreflejos.com.ar\/2021\/\"},{\"@type\":\"ListItem\",\"position\":2,\"name\":\"\u201cNo comet\u00ed ning\u00fan delito y lo voy a probar en la Justicia\u201d\"}]},{\"@type\":\"WebSite\",\"@id\":\"https:\/\/www.noticiasradioreflejos.com.ar\/2021\/#website\",\"url\":\"https:\/\/www.noticiasradioreflejos.com.ar\/2021\/\",\"name\":\"Noticias Radio Reflejos\",\"description\":\"Las noticias de mi comarca\",\"potentialAction\":[{\"@type\":\"SearchAction\",\"target\":{\"@type\":\"EntryPoint\",\"urlTemplate\":\"https:\/\/www.noticiasradioreflejos.com.ar\/2021\/?s={search_term_string}\"},\"query-input\":{\"@type\":\"PropertyValueSpecification\",\"valueRequired\":true,\"valueName\":\"search_term_string\"}}],\"inLanguage\":\"es\"},{\"@type\":\"Person\",\"@id\":\"https:\/\/www.noticiasradioreflejos.com.ar\/2021\/#\/schema\/person\/ad82545263dcc5ec0996818884fd5fb1\",\"name\":\"Arnaldo Botto\",\"image\":{\"@type\":\"ImageObject\",\"inLanguage\":\"es\",\"@id\":\"https:\/\/www.noticiasradioreflejos.com.ar\/2021\/#\/schema\/person\/image\/\",\"url\":\"https:\/\/secure.gravatar.com\/avatar\/55cb5e37c1efa326397366e6974cb338056df65cb50e7d64d1cf314e87504837?s=96&d=mm&r=g\",\"contentUrl\":\"https:\/\/secure.gravatar.com\/avatar\/55cb5e37c1efa326397366e6974cb338056df65cb50e7d64d1cf314e87504837?s=96&d=mm&r=g\",\"caption\":\"Arnaldo Botto\"},\"url\":\"https:\/\/www.noticiasradioreflejos.com.ar\/2021\/author\/arnaldo\/\"}]}<\/script>\n<!-- \/ Yoast SEO plugin. -->","yoast_head_json":{"title":"\u201cNo comet\u00ed ning\u00fan delito y lo voy a probar en la Justicia\u201d - Noticias Radio Reflejos","robots":{"index":"index","follow":"follow","max-snippet":"max-snippet:-1","max-image-preview":"max-image-preview:large","max-video-preview":"max-video-preview:-1"},"canonical":"https:\/\/www.noticiasradioreflejos.com.ar\/2021\/no-cometi-ningun-delito-y-lo-voy-a-probar-en-la-justicia\/","og_locale":"es_ES","og_type":"article","og_title":"\u201cNo comet\u00ed ning\u00fan delito y lo voy a probar en la Justicia\u201d - Noticias Radio Reflejos","og_description":"El Jefe de Gabinete Manuel Adorni afirm\u00f3 que \u201cnunca ocult\u00f3 su patrimonio\u201d.","og_url":"https:\/\/www.noticiasradioreflejos.com.ar\/2021\/no-cometi-ningun-delito-y-lo-voy-a-probar-en-la-justicia\/","og_site_name":"Noticias Radio Reflejos","article_published_time":"2026-04-29T21:40:35+00:00","og_image":[{"width":1568,"height":1045,"url":"https:\/\/www.noticiasradioreflejos.com.ar\/2021\/wp-content\/uploads\/2026\/04\/manuel-adorni-5-1568x1045-1.webp","type":"image\/webp"}],"author":"Arnaldo Botto","twitter_card":"summary_large_image","schema":{"@context":"https:\/\/schema.org","@graph":[{"@type":"WebPage","@id":"https:\/\/www.noticiasradioreflejos.com.ar\/2021\/no-cometi-ningun-delito-y-lo-voy-a-probar-en-la-justicia\/","url":"https:\/\/www.noticiasradioreflejos.com.ar\/2021\/no-cometi-ningun-delito-y-lo-voy-a-probar-en-la-justicia\/","name":"\u201cNo comet\u00ed ning\u00fan delito y lo voy a probar en la Justicia\u201d - Noticias Radio Reflejos","isPartOf":{"@id":"https:\/\/www.noticiasradioreflejos.com.ar\/2021\/#website"},"primaryImageOfPage":{"@id":"https:\/\/www.noticiasradioreflejos.com.ar\/2021\/no-cometi-ningun-delito-y-lo-voy-a-probar-en-la-justicia\/#primaryimage"},"image":{"@id":"https:\/\/www.noticiasradioreflejos.com.ar\/2021\/no-cometi-ningun-delito-y-lo-voy-a-probar-en-la-justicia\/#primaryimage"},"thumbnailUrl":"https:\/\/www.noticiasradioreflejos.com.ar\/2021\/wp-content\/uploads\/2026\/04\/manuel-adorni-5-1568x1045-1.webp","datePublished":"2026-04-29T21:40:35+00:00","author":{"@id":"https:\/\/www.noticiasradioreflejos.com.ar\/2021\/#\/schema\/person\/ad82545263dcc5ec0996818884fd5fb1"},"breadcrumb":{"@id":"https:\/\/www.noticiasradioreflejos.com.ar\/2021\/no-cometi-ningun-delito-y-lo-voy-a-probar-en-la-justicia\/#breadcrumb"},"inLanguage":"es","potentialAction":[{"@type":"ReadAction","target":["https:\/\/www.noticiasradioreflejos.com.ar\/2021\/no-cometi-ningun-delito-y-lo-voy-a-probar-en-la-justicia\/"]}]},{"@type":"ImageObject","inLanguage":"es","@id":"https:\/\/www.noticiasradioreflejos.com.ar\/2021\/no-cometi-ningun-delito-y-lo-voy-a-probar-en-la-justicia\/#primaryimage","url":"https:\/\/www.noticiasradioreflejos.com.ar\/2021\/wp-content\/uploads\/2026\/04\/manuel-adorni-5-1568x1045-1.webp","contentUrl":"https:\/\/www.noticiasradioreflejos.com.ar\/2021\/wp-content\/uploads\/2026\/04\/manuel-adorni-5-1568x1045-1.webp","width":1568,"height":1045},{"@type":"BreadcrumbList","@id":"https:\/\/www.noticiasradioreflejos.com.ar\/2021\/no-cometi-ningun-delito-y-lo-voy-a-probar-en-la-justicia\/#breadcrumb","itemListElement":[{"@type":"ListItem","position":1,"name":"Portada","item":"https:\/\/www.noticiasradioreflejos.com.ar\/2021\/"},{"@type":"ListItem","position":2,"name":"\u201cNo comet\u00ed ning\u00fan delito y lo voy a probar en la Justicia\u201d"}]},{"@type":"WebSite","@id":"https:\/\/www.noticiasradioreflejos.com.ar\/2021\/#website","url":"https:\/\/www.noticiasradioreflejos.com.ar\/2021\/","name":"Noticias Radio Reflejos","description":"Las noticias de mi comarca","potentialAction":[{"@type":"SearchAction","target":{"@type":"EntryPoint","urlTemplate":"https:\/\/www.noticiasradioreflejos.com.ar\/2021\/?s={search_term_string}"},"query-input":{"@type":"PropertyValueSpecification","valueRequired":true,"valueName":"search_term_string"}}],"inLanguage":"es"},{"@type":"Person","@id":"https:\/\/www.noticiasradioreflejos.com.ar\/2021\/#\/schema\/person\/ad82545263dcc5ec0996818884fd5fb1","name":"Arnaldo Botto","image":{"@type":"ImageObject","inLanguage":"es","@id":"https:\/\/www.noticiasradioreflejos.com.ar\/2021\/#\/schema\/person\/image\/","url":"https:\/\/secure.gravatar.com\/avatar\/55cb5e37c1efa326397366e6974cb338056df65cb50e7d64d1cf314e87504837?s=96&d=mm&r=g","contentUrl":"https:\/\/secure.gravatar.com\/avatar\/55cb5e37c1efa326397366e6974cb338056df65cb50e7d64d1cf314e87504837?s=96&d=mm&r=g","caption":"Arnaldo Botto"},"url":"https:\/\/www.noticiasradioreflejos.com.ar\/2021\/author\/arnaldo\/"}]}},"_links":{"self":[{"href":"https:\/\/www.noticiasradioreflejos.com.ar\/2021\/wp-json\/wp\/v2\/posts\/136695","targetHints":{"allow":["GET"]}}],"collection":[{"href":"https:\/\/www.noticiasradioreflejos.com.ar\/2021\/wp-json\/wp\/v2\/posts"}],"about":[{"href":"https:\/\/www.noticiasradioreflejos.com.ar\/2021\/wp-json\/wp\/v2\/types\/post"}],"author":[{"embeddable":true,"href":"https:\/\/www.noticiasradioreflejos.com.ar\/2021\/wp-json\/wp\/v2\/users\/3"}],"replies":[{"embeddable":true,"href":"https:\/\/www.noticiasradioreflejos.com.ar\/2021\/wp-json\/wp\/v2\/comments?post=136695"}],"version-history":[{"count":1,"href":"https:\/\/www.noticiasradioreflejos.com.ar\/2021\/wp-json\/wp\/v2\/posts\/136695\/revisions"}],"predecessor-version":[{"id":136697,"href":"https:\/\/www.noticiasradioreflejos.com.ar\/2021\/wp-json\/wp\/v2\/posts\/136695\/revisions\/136697"}],"wp:featuredmedia":[{"embeddable":true,"href":"https:\/\/www.noticiasradioreflejos.com.ar\/2021\/wp-json\/wp\/v2\/media\/136696"}],"wp:attachment":[{"href":"https:\/\/www.noticiasradioreflejos.com.ar\/2021\/wp-json\/wp\/v2\/media?parent=136695"}],"wp:term":[{"taxonomy":"category","embeddable":true,"href":"https:\/\/www.noticiasradioreflejos.com.ar\/2021\/wp-json\/wp\/v2\/categories?post=136695"},{"taxonomy":"post_tag","embeddable":true,"href":"https:\/\/www.noticiasradioreflejos.com.ar\/2021\/wp-json\/wp\/v2\/tags?post=136695"}],"curies":[{"name":"wp","href":"https:\/\/api.w.org\/{rel}","templated":true}]}}