{"id":136687,"date":"2026-04-29T16:07:40","date_gmt":"2026-04-29T19:07:40","guid":{"rendered":"https:\/\/www.noticiasradioreflejos.com.ar\/2021\/?p=136687"},"modified":"2026-04-29T16:07:46","modified_gmt":"2026-04-29T19:07:46","slug":"comenzo-en-el-municipio-el-ciclo-de-capacitacion-perspectivas-de-discapacidad-y-buenas-practicas","status":"publish","type":"post","link":"https:\/\/www.noticiasradioreflejos.com.ar\/2021\/comenzo-en-el-municipio-el-ciclo-de-capacitacion-perspectivas-de-discapacidad-y-buenas-practicas\/","title":{"rendered":"Comenz\u00f3 en el municipio el ciclo de capacitaci\u00f3n \u2018Perspectivas de discapacidad y buenas pr\u00e1cticas\u2019"},"content":{"rendered":"<p>Tornquist Municipio dio inicio a la capacitaci\u00f3n \u2018Perspectivas de discapacidad y buenas pr\u00e1cticas\u2019, impulsada por el \u00e1rea de Salud Mental, Discapacidad y Adultos Mayores.<!--more--><\/p>\n<p>Estas instancias formativas, de car\u00e1cter obligatorio para todo el personal municipal, se desarrollan en el marco de una ordenanza sancionada en el a\u00f1o 2021. El objetivo principal es promover la reflexi\u00f3n sobre las pr\u00e1cticas cotidianas y la manera en que se percibe la discapacidad, fomentando un enfoque m\u00e1s inclusivo y respetuoso de los derechos de todas las personas.<\/p>\n<p>Las capacitaciones se llevar\u00e1n a cabo de manera itinerante en las distintas localidades del distrito, con el fin de garantizar la participaci\u00f3n de todos los trabajadores y trabajadoras municipales.<\/p>\n<p>De esta manera, el Municipio contin\u00faa fortaleciendo pol\u00edticas p\u00fablicas orientadas a la inclusi\u00f3n y la construcci\u00f3n de una comunidad m\u00e1s equitativa.<\/p>\n<p>&nbsp;<\/p>\n<p><a href=\"https:\/\/www.noticiasradioreflejos.com.ar\/2021\/comenzo-en-el-municipio-el-ciclo-de-capacitacion-perspectivas-de-discapacidad-y-buenas-practicas\/capacitdiscapacidad-3\/\" rel=\"attachment wp-att-136689\"><img loading=\"lazy\" decoding=\"async\" class=\"aligncenter size-full wp-image-136689\" src=\"https:\/\/www.noticiasradioreflejos.com.ar\/2021\/wp-content\/uploads\/2026\/04\/capacitdiscapacidad-3.jpg\" alt=\"\" width=\"2500\" height=\"1667\" srcset=\"https:\/\/www.noticiasradioreflejos.com.ar\/2021\/wp-content\/uploads\/2026\/04\/capacitdiscapacidad-3.jpg 2500w, https:\/\/www.noticiasradioreflejos.com.ar\/2021\/wp-content\/uploads\/2026\/04\/capacitdiscapacidad-3-300x200.jpg 300w, https:\/\/www.noticiasradioreflejos.com.ar\/2021\/wp-content\/uploads\/2026\/04\/capacitdiscapacidad-3-1024x683.jpg 1024w, https:\/\/www.noticiasradioreflejos.com.ar\/2021\/wp-content\/uploads\/2026\/04\/capacitdiscapacidad-3-768x512.jpg 768w, https:\/\/www.noticiasradioreflejos.com.ar\/2021\/wp-content\/uploads\/2026\/04\/capacitdiscapacidad-3-1536x1024.jpg 1536w, https:\/\/www.noticiasradioreflejos.com.ar\/2021\/wp-content\/uploads\/2026\/04\/capacitdiscapacidad-3-2048x1366.jpg 2048w, https:\/\/www.noticiasradioreflejos.com.ar\/2021\/wp-content\/uploads\/2026\/04\/capacitdiscapacidad-3-750x500.jpg 750w, https:\/\/www.noticiasradioreflejos.com.ar\/2021\/wp-content\/uploads\/2026\/04\/capacitdiscapacidad-3-1140x760.jpg 1140w\" sizes=\"auto, (max-width: 2500px) 100vw, 2500px\" \/><\/a> <a href=\"https:\/\/www.noticiasradioreflejos.com.ar\/2021\/comenzo-en-el-municipio-el-ciclo-de-capacitacion-perspectivas-de-discapacidad-y-buenas-practicas\/capacitdiscapacidad-9\/\" rel=\"attachment wp-att-136690\"><img loading=\"lazy\" decoding=\"async\" class=\"aligncenter size-full wp-image-136690\" src=\"https:\/\/www.noticiasradioreflejos.com.ar\/2021\/wp-content\/uploads\/2026\/04\/capacitdiscapacidad-9.jpg\" alt=\"\" width=\"2500\" height=\"1667\" srcset=\"https:\/\/www.noticiasradioreflejos.com.ar\/2021\/wp-content\/uploads\/2026\/04\/capacitdiscapacidad-9.jpg 2500w, https:\/\/www.noticiasradioreflejos.com.ar\/2021\/wp-content\/uploads\/2026\/04\/capacitdiscapacidad-9-300x200.jpg 300w, https:\/\/www.noticiasradioreflejos.com.ar\/2021\/wp-content\/uploads\/2026\/04\/capacitdiscapacidad-9-1024x683.jpg 1024w, https:\/\/www.noticiasradioreflejos.com.ar\/2021\/wp-content\/uploads\/2026\/04\/capacitdiscapacidad-9-768x512.jpg 768w, https:\/\/www.noticiasradioreflejos.com.ar\/2021\/wp-content\/uploads\/2026\/04\/capacitdiscapacidad-9-1536x1024.jpg 1536w, https:\/\/www.noticiasradioreflejos.com.ar\/2021\/wp-content\/uploads\/2026\/04\/capacitdiscapacidad-9-2048x1366.jpg 2048w, https:\/\/www.noticiasradioreflejos.com.ar\/2021\/wp-content\/uploads\/2026\/04\/capacitdiscapacidad-9-750x500.jpg 750w, https:\/\/www.noticiasradioreflejos.com.ar\/2021\/wp-content\/uploads\/2026\/04\/capacitdiscapacidad-9-1140x760.jpg 1140w\" sizes=\"auto, (max-width: 2500px) 100vw, 2500px\" \/><\/a><\/p>\n<p>&nbsp;<\/p>\n","protected":false},"excerpt":{"rendered":"<p>Tornquist Municipio dio inicio a la capacitaci\u00f3n \u2018Perspectivas de discapacidad y buenas pr\u00e1cticas\u2019, impulsada por el \u00e1rea de Salud Mental, Discapacidad y Adultos Mayores.<\/p>\n","protected":false},"author":3,"featured_media":136688,"comment_status":"closed","ping_status":"closed","sticky":false,"template":"","format":"standard","meta":{"footnotes":""},"categories":[28,30],"tags":[],"class_list":["post-136687","post","type-post","status-publish","format-standard","has-post-thumbnail","hentry","category-municipales","category-salud"],"yoast_head":"<!-- This site is optimized with the Yoast SEO plugin v25.9 - https:\/\/yoast.com\/wordpress\/plugins\/seo\/ -->\n<title>Comenz\u00f3 en el municipio el ciclo de capacitaci\u00f3n \u2018Perspectivas de discapacidad y buenas pr\u00e1cticas\u2019 - Noticias Radio Reflejos<\/title>\n<meta name=\"robots\" content=\"index, follow, max-snippet:-1, max-image-preview:large, max-video-preview:-1\" \/>\n<link rel=\"canonical\" href=\"https:\/\/www.noticiasradioreflejos.com.ar\/2021\/comenzo-en-el-municipio-el-ciclo-de-capacitacion-perspectivas-de-discapacidad-y-buenas-practicas\/\" \/>\n<meta property=\"og:locale\" content=\"es_ES\" \/>\n<meta property=\"og:type\" content=\"article\" \/>\n<meta property=\"og:title\" content=\"Comenz\u00f3 en el municipio el ciclo de capacitaci\u00f3n \u2018Perspectivas de discapacidad y buenas pr\u00e1cticas\u2019 - Noticias Radio Reflejos\" \/>\n<meta property=\"og:description\" content=\"Tornquist Municipio dio inicio a la capacitaci\u00f3n \u2018Perspectivas de discapacidad y buenas pr\u00e1cticas\u2019, impulsada por el \u00e1rea de Salud Mental, Discapacidad y Adultos Mayores.\" \/>\n<meta property=\"og:url\" content=\"https:\/\/www.noticiasradioreflejos.com.ar\/2021\/comenzo-en-el-municipio-el-ciclo-de-capacitacion-perspectivas-de-discapacidad-y-buenas-practicas\/\" \/>\n<meta property=\"og:site_name\" content=\"Noticias Radio Reflejos\" \/>\n<meta property=\"article:published_time\" content=\"2026-04-29T19:07:40+00:00\" \/>\n<meta property=\"article:modified_time\" content=\"2026-04-29T19:07:46+00:00\" \/>\n<meta property=\"og:image\" content=\"https:\/\/www.noticiasradioreflejos.com.ar\/2021\/wp-content\/uploads\/2026\/04\/capacitdiscapacidad-7.jpg\" \/>\n\t<meta property=\"og:image:width\" content=\"2500\" \/>\n\t<meta property=\"og:image:height\" content=\"1667\" \/>\n\t<meta property=\"og:image:type\" content=\"image\/jpeg\" \/>\n<meta name=\"author\" content=\"Arnaldo Botto\" \/>\n<meta name=\"twitter:card\" content=\"summary_large_image\" \/>\n<script type=\"application\/ld+json\" class=\"yoast-schema-graph\">{\"@context\":\"https:\/\/schema.org\",\"@graph\":[{\"@type\":\"WebPage\",\"@id\":\"https:\/\/www.noticiasradioreflejos.com.ar\/2021\/comenzo-en-el-municipio-el-ciclo-de-capacitacion-perspectivas-de-discapacidad-y-buenas-practicas\/\",\"url\":\"https:\/\/www.noticiasradioreflejos.com.ar\/2021\/comenzo-en-el-municipio-el-ciclo-de-capacitacion-perspectivas-de-discapacidad-y-buenas-practicas\/\",\"name\":\"Comenz\u00f3 en el municipio el ciclo de capacitaci\u00f3n \u2018Perspectivas de discapacidad y buenas pr\u00e1cticas\u2019 - Noticias Radio Reflejos\",\"isPartOf\":{\"@id\":\"https:\/\/www.noticiasradioreflejos.com.ar\/2021\/#website\"},\"primaryImageOfPage\":{\"@id\":\"https:\/\/www.noticiasradioreflejos.com.ar\/2021\/comenzo-en-el-municipio-el-ciclo-de-capacitacion-perspectivas-de-discapacidad-y-buenas-practicas\/#primaryimage\"},\"image\":{\"@id\":\"https:\/\/www.noticiasradioreflejos.com.ar\/2021\/comenzo-en-el-municipio-el-ciclo-de-capacitacion-perspectivas-de-discapacidad-y-buenas-practicas\/#primaryimage\"},\"thumbnailUrl\":\"https:\/\/www.noticiasradioreflejos.com.ar\/2021\/wp-content\/uploads\/2026\/04\/capacitdiscapacidad-7.jpg\",\"datePublished\":\"2026-04-29T19:07:40+00:00\",\"dateModified\":\"2026-04-29T19:07:46+00:00\",\"author\":{\"@id\":\"https:\/\/www.noticiasradioreflejos.com.ar\/2021\/#\/schema\/person\/ad82545263dcc5ec0996818884fd5fb1\"},\"breadcrumb\":{\"@id\":\"https:\/\/www.noticiasradioreflejos.com.ar\/2021\/comenzo-en-el-municipio-el-ciclo-de-capacitacion-perspectivas-de-discapacidad-y-buenas-practicas\/#breadcrumb\"},\"inLanguage\":\"es\",\"potentialAction\":[{\"@type\":\"ReadAction\",\"target\":[\"https:\/\/www.noticiasradioreflejos.com.ar\/2021\/comenzo-en-el-municipio-el-ciclo-de-capacitacion-perspectivas-de-discapacidad-y-buenas-practicas\/\"]}]},{\"@type\":\"ImageObject\",\"inLanguage\":\"es\",\"@id\":\"https:\/\/www.noticiasradioreflejos.com.ar\/2021\/comenzo-en-el-municipio-el-ciclo-de-capacitacion-perspectivas-de-discapacidad-y-buenas-practicas\/#primaryimage\",\"url\":\"https:\/\/www.noticiasradioreflejos.com.ar\/2021\/wp-content\/uploads\/2026\/04\/capacitdiscapacidad-7.jpg\",\"contentUrl\":\"https:\/\/www.noticiasradioreflejos.com.ar\/2021\/wp-content\/uploads\/2026\/04\/capacitdiscapacidad-7.jpg\",\"width\":2500,\"height\":1667},{\"@type\":\"BreadcrumbList\",\"@id\":\"https:\/\/www.noticiasradioreflejos.com.ar\/2021\/comenzo-en-el-municipio-el-ciclo-de-capacitacion-perspectivas-de-discapacidad-y-buenas-practicas\/#breadcrumb\",\"itemListElement\":[{\"@type\":\"ListItem\",\"position\":1,\"name\":\"Portada\",\"item\":\"https:\/\/www.noticiasradioreflejos.com.ar\/2021\/\"},{\"@type\":\"ListItem\",\"position\":2,\"name\":\"Comenz\u00f3 en el municipio el ciclo de capacitaci\u00f3n \u2018Perspectivas de discapacidad y buenas pr\u00e1cticas\u2019\"}]},{\"@type\":\"WebSite\",\"@id\":\"https:\/\/www.noticiasradioreflejos.com.ar\/2021\/#website\",\"url\":\"https:\/\/www.noticiasradioreflejos.com.ar\/2021\/\",\"name\":\"Noticias Radio Reflejos\",\"description\":\"Las noticias de mi comarca\",\"potentialAction\":[{\"@type\":\"SearchAction\",\"target\":{\"@type\":\"EntryPoint\",\"urlTemplate\":\"https:\/\/www.noticiasradioreflejos.com.ar\/2021\/?s={search_term_string}\"},\"query-input\":{\"@type\":\"PropertyValueSpecification\",\"valueRequired\":true,\"valueName\":\"search_term_string\"}}],\"inLanguage\":\"es\"},{\"@type\":\"Person\",\"@id\":\"https:\/\/www.noticiasradioreflejos.com.ar\/2021\/#\/schema\/person\/ad82545263dcc5ec0996818884fd5fb1\",\"name\":\"Arnaldo Botto\",\"image\":{\"@type\":\"ImageObject\",\"inLanguage\":\"es\",\"@id\":\"https:\/\/www.noticiasradioreflejos.com.ar\/2021\/#\/schema\/person\/image\/\",\"url\":\"https:\/\/secure.gravatar.com\/avatar\/55cb5e37c1efa326397366e6974cb338056df65cb50e7d64d1cf314e87504837?s=96&d=mm&r=g\",\"contentUrl\":\"https:\/\/secure.gravatar.com\/avatar\/55cb5e37c1efa326397366e6974cb338056df65cb50e7d64d1cf314e87504837?s=96&d=mm&r=g\",\"caption\":\"Arnaldo Botto\"},\"url\":\"https:\/\/www.noticiasradioreflejos.com.ar\/2021\/author\/arnaldo\/\"}]}<\/script>\n<!-- \/ Yoast SEO plugin. -->","yoast_head_json":{"title":"Comenz\u00f3 en el municipio el ciclo de capacitaci\u00f3n \u2018Perspectivas de discapacidad y buenas pr\u00e1cticas\u2019 - Noticias Radio Reflejos","robots":{"index":"index","follow":"follow","max-snippet":"max-snippet:-1","max-image-preview":"max-image-preview:large","max-video-preview":"max-video-preview:-1"},"canonical":"https:\/\/www.noticiasradioreflejos.com.ar\/2021\/comenzo-en-el-municipio-el-ciclo-de-capacitacion-perspectivas-de-discapacidad-y-buenas-practicas\/","og_locale":"es_ES","og_type":"article","og_title":"Comenz\u00f3 en el municipio el ciclo de capacitaci\u00f3n \u2018Perspectivas de discapacidad y buenas pr\u00e1cticas\u2019 - Noticias Radio Reflejos","og_description":"Tornquist Municipio dio inicio a la capacitaci\u00f3n \u2018Perspectivas de discapacidad y buenas pr\u00e1cticas\u2019, impulsada por el \u00e1rea de Salud Mental, Discapacidad y Adultos Mayores.","og_url":"https:\/\/www.noticiasradioreflejos.com.ar\/2021\/comenzo-en-el-municipio-el-ciclo-de-capacitacion-perspectivas-de-discapacidad-y-buenas-practicas\/","og_site_name":"Noticias Radio Reflejos","article_published_time":"2026-04-29T19:07:40+00:00","article_modified_time":"2026-04-29T19:07:46+00:00","og_image":[{"width":2500,"height":1667,"url":"https:\/\/www.noticiasradioreflejos.com.ar\/2021\/wp-content\/uploads\/2026\/04\/capacitdiscapacidad-7.jpg","type":"image\/jpeg"}],"author":"Arnaldo Botto","twitter_card":"summary_large_image","schema":{"@context":"https:\/\/schema.org","@graph":[{"@type":"WebPage","@id":"https:\/\/www.noticiasradioreflejos.com.ar\/2021\/comenzo-en-el-municipio-el-ciclo-de-capacitacion-perspectivas-de-discapacidad-y-buenas-practicas\/","url":"https:\/\/www.noticiasradioreflejos.com.ar\/2021\/comenzo-en-el-municipio-el-ciclo-de-capacitacion-perspectivas-de-discapacidad-y-buenas-practicas\/","name":"Comenz\u00f3 en el municipio el ciclo de capacitaci\u00f3n \u2018Perspectivas de discapacidad y buenas pr\u00e1cticas\u2019 - Noticias Radio Reflejos","isPartOf":{"@id":"https:\/\/www.noticiasradioreflejos.com.ar\/2021\/#website"},"primaryImageOfPage":{"@id":"https:\/\/www.noticiasradioreflejos.com.ar\/2021\/comenzo-en-el-municipio-el-ciclo-de-capacitacion-perspectivas-de-discapacidad-y-buenas-practicas\/#primaryimage"},"image":{"@id":"https:\/\/www.noticiasradioreflejos.com.ar\/2021\/comenzo-en-el-municipio-el-ciclo-de-capacitacion-perspectivas-de-discapacidad-y-buenas-practicas\/#primaryimage"},"thumbnailUrl":"https:\/\/www.noticiasradioreflejos.com.ar\/2021\/wp-content\/uploads\/2026\/04\/capacitdiscapacidad-7.jpg","datePublished":"2026-04-29T19:07:40+00:00","dateModified":"2026-04-29T19:07:46+00:00","author":{"@id":"https:\/\/www.noticiasradioreflejos.com.ar\/2021\/#\/schema\/person\/ad82545263dcc5ec0996818884fd5fb1"},"breadcrumb":{"@id":"https:\/\/www.noticiasradioreflejos.com.ar\/2021\/comenzo-en-el-municipio-el-ciclo-de-capacitacion-perspectivas-de-discapacidad-y-buenas-practicas\/#breadcrumb"},"inLanguage":"es","potentialAction":[{"@type":"ReadAction","target":["https:\/\/www.noticiasradioreflejos.com.ar\/2021\/comenzo-en-el-municipio-el-ciclo-de-capacitacion-perspectivas-de-discapacidad-y-buenas-practicas\/"]}]},{"@type":"ImageObject","inLanguage":"es","@id":"https:\/\/www.noticiasradioreflejos.com.ar\/2021\/comenzo-en-el-municipio-el-ciclo-de-capacitacion-perspectivas-de-discapacidad-y-buenas-practicas\/#primaryimage","url":"https:\/\/www.noticiasradioreflejos.com.ar\/2021\/wp-content\/uploads\/2026\/04\/capacitdiscapacidad-7.jpg","contentUrl":"https:\/\/www.noticiasradioreflejos.com.ar\/2021\/wp-content\/uploads\/2026\/04\/capacitdiscapacidad-7.jpg","width":2500,"height":1667},{"@type":"BreadcrumbList","@id":"https:\/\/www.noticiasradioreflejos.com.ar\/2021\/comenzo-en-el-municipio-el-ciclo-de-capacitacion-perspectivas-de-discapacidad-y-buenas-practicas\/#breadcrumb","itemListElement":[{"@type":"ListItem","position":1,"name":"Portada","item":"https:\/\/www.noticiasradioreflejos.com.ar\/2021\/"},{"@type":"ListItem","position":2,"name":"Comenz\u00f3 en el municipio el ciclo de capacitaci\u00f3n \u2018Perspectivas de discapacidad y buenas pr\u00e1cticas\u2019"}]},{"@type":"WebSite","@id":"https:\/\/www.noticiasradioreflejos.com.ar\/2021\/#website","url":"https:\/\/www.noticiasradioreflejos.com.ar\/2021\/","name":"Noticias Radio Reflejos","description":"Las noticias de mi comarca","potentialAction":[{"@type":"SearchAction","target":{"@type":"EntryPoint","urlTemplate":"https:\/\/www.noticiasradioreflejos.com.ar\/2021\/?s={search_term_string}"},"query-input":{"@type":"PropertyValueSpecification","valueRequired":true,"valueName":"search_term_string"}}],"inLanguage":"es"},{"@type":"Person","@id":"https:\/\/www.noticiasradioreflejos.com.ar\/2021\/#\/schema\/person\/ad82545263dcc5ec0996818884fd5fb1","name":"Arnaldo Botto","image":{"@type":"ImageObject","inLanguage":"es","@id":"https:\/\/www.noticiasradioreflejos.com.ar\/2021\/#\/schema\/person\/image\/","url":"https:\/\/secure.gravatar.com\/avatar\/55cb5e37c1efa326397366e6974cb338056df65cb50e7d64d1cf314e87504837?s=96&d=mm&r=g","contentUrl":"https:\/\/secure.gravatar.com\/avatar\/55cb5e37c1efa326397366e6974cb338056df65cb50e7d64d1cf314e87504837?s=96&d=mm&r=g","caption":"Arnaldo Botto"},"url":"https:\/\/www.noticiasradioreflejos.com.ar\/2021\/author\/arnaldo\/"}]}},"_links":{"self":[{"href":"https:\/\/www.noticiasradioreflejos.com.ar\/2021\/wp-json\/wp\/v2\/posts\/136687","targetHints":{"allow":["GET"]}}],"collection":[{"href":"https:\/\/www.noticiasradioreflejos.com.ar\/2021\/wp-json\/wp\/v2\/posts"}],"about":[{"href":"https:\/\/www.noticiasradioreflejos.com.ar\/2021\/wp-json\/wp\/v2\/types\/post"}],"author":[{"embeddable":true,"href":"https:\/\/www.noticiasradioreflejos.com.ar\/2021\/wp-json\/wp\/v2\/users\/3"}],"replies":[{"embeddable":true,"href":"https:\/\/www.noticiasradioreflejos.com.ar\/2021\/wp-json\/wp\/v2\/comments?post=136687"}],"version-history":[{"count":2,"href":"https:\/\/www.noticiasradioreflejos.com.ar\/2021\/wp-json\/wp\/v2\/posts\/136687\/revisions"}],"predecessor-version":[{"id":136692,"href":"https:\/\/www.noticiasradioreflejos.com.ar\/2021\/wp-json\/wp\/v2\/posts\/136687\/revisions\/136692"}],"wp:featuredmedia":[{"embeddable":true,"href":"https:\/\/www.noticiasradioreflejos.com.ar\/2021\/wp-json\/wp\/v2\/media\/136688"}],"wp:attachment":[{"href":"https:\/\/www.noticiasradioreflejos.com.ar\/2021\/wp-json\/wp\/v2\/media?parent=136687"}],"wp:term":[{"taxonomy":"category","embeddable":true,"href":"https:\/\/www.noticiasradioreflejos.com.ar\/2021\/wp-json\/wp\/v2\/categories?post=136687"},{"taxonomy":"post_tag","embeddable":true,"href":"https:\/\/www.noticiasradioreflejos.com.ar\/2021\/wp-json\/wp\/v2\/tags?post=136687"}],"curies":[{"name":"wp","href":"https:\/\/api.w.org\/{rel}","templated":true}]}}