{"id":136666,"date":"2026-04-30T07:46:25","date_gmt":"2026-04-30T10:46:25","guid":{"rendered":"https:\/\/www.noticiasradioreflejos.com.ar\/2021\/?p=136666"},"modified":"2026-04-30T07:56:38","modified_gmt":"2026-04-30T10:56:38","slug":"el-campo-y-la-ciudad-se-dan-la-mano-se-viene-el-2-concurso-de-terneros-en-la-50-expo-rural-de-tornquist","status":"publish","type":"post","link":"https:\/\/www.noticiasradioreflejos.com.ar\/2021\/el-campo-y-la-ciudad-se-dan-la-mano-se-viene-el-2-concurso-de-terneros-en-la-50-expo-rural-de-tornquist\/","title":{"rendered":"El campo y la ciudad se dan la mano: se viene el 2\u00b0 Concurso de Terneros en la 50\u00b0 Expo Rural de Tornquist"},"content":{"rendered":"<p>Con una destacada selecci\u00f3n de hacienda brit\u00e1nica y la participaci\u00f3n de productores de toda la regi\u00f3n, Santiago Echeguia detalla los preparativos para este evento que busca poner en valor la ganader\u00eda local en el marco de una exposici\u00f3n hist\u00f3rica.<!--more--><\/p>\n<p id=\"p-rc_02d1d9a74296579d-28\" data-path-to-node=\"4\"><span data-path-to-node=\"4,0\"><span class=\"citation-61\">\u00a0En el marco de la <\/span><b data-path-to-node=\"4,0\" data-index-in-node=\"30\"><span class=\"citation-61\">50\u00b0 Exposici\u00f3n Rural, Industrial, Comercial y de Turismo<\/span><\/b><span class=\"citation-61\">, la Asociaci\u00f3n Rural de Tornquist se prepara para vivir uno de sus momentos m\u00e1s fuertes con la realizaci\u00f3n del <\/span><b data-path-to-node=\"4,0\" data-index-in-node=\"198\"><span class=\"citation-61\">2\u00b0 Concurso de Terneros del Sudoeste<\/span><\/b><\/span><span data-path-to-node=\"4,2\">. <\/span><span data-path-to-node=\"4,4\"><span class=\"citation-60\"><em><strong>Santiago Echegu\u00eda,<\/strong><\/em> consignatario y coordinador del certamen, destac\u00f3 que esta iniciativa surgi\u00f3 con el objetivo de recuperar la esencia de la rural local, unificando esfuerzos con el sector de caballos criollos y la muestra de vientres para fortalecer el calendario ganadero de oto\u00f1o<\/span><\/span><span data-path-to-node=\"4,6\">.<\/span><\/p>\n<audio class=\"wp-audio-shortcode\" id=\"audio-136666-1\" preload=\"none\" style=\"width: 100%;\" controls=\"controls\"><source type=\"audio\/mpeg\" src=\"https:\/\/www.noticiasradioreflejos.com.ar\/2021\/wp-content\/uploads\/2026\/04\/Santiago-Echeguia-.mp3?_=1\" \/><a href=\"https:\/\/www.noticiasradioreflejos.com.ar\/2021\/wp-content\/uploads\/2026\/04\/Santiago-Echeguia-.mp3\">https:\/\/www.noticiasradioreflejos.com.ar\/2021\/wp-content\/uploads\/2026\/04\/Santiago-Echeguia-.mp3<\/a><\/audio>\n<p>&nbsp;<\/p>\n<p data-path-to-node=\"4\"><a href=\"https:\/\/www.noticiasradioreflejos.com.ar\/2021\/el-campo-y-la-ciudad-se-dan-la-mano-se-viene-el-2-concurso-de-terneros-en-la-50-expo-rural-de-tornquist\/terneros\/\" rel=\"attachment wp-att-136711\"><img loading=\"lazy\" decoding=\"async\" class=\"aligncenter size-full wp-image-136711\" src=\"https:\/\/www.noticiasradioreflejos.com.ar\/2021\/wp-content\/uploads\/2026\/04\/Terneros-.jpg\" alt=\"\" width=\"1165\" height=\"740\" srcset=\"https:\/\/www.noticiasradioreflejos.com.ar\/2021\/wp-content\/uploads\/2026\/04\/Terneros-.jpg 1165w, https:\/\/www.noticiasradioreflejos.com.ar\/2021\/wp-content\/uploads\/2026\/04\/Terneros--300x191.jpg 300w, https:\/\/www.noticiasradioreflejos.com.ar\/2021\/wp-content\/uploads\/2026\/04\/Terneros--1024x650.jpg 1024w, https:\/\/www.noticiasradioreflejos.com.ar\/2021\/wp-content\/uploads\/2026\/04\/Terneros--768x488.jpg 768w, https:\/\/www.noticiasradioreflejos.com.ar\/2021\/wp-content\/uploads\/2026\/04\/Terneros--750x476.jpg 750w, https:\/\/www.noticiasradioreflejos.com.ar\/2021\/wp-content\/uploads\/2026\/04\/Terneros--1140x724.jpg 1140w\" sizes=\"auto, (max-width: 1165px) 100vw, 1165px\" \/><\/a><\/p>\n<p id=\"p-rc_02d1d9a74296579d-29\" data-path-to-node=\"5\"><span data-path-to-node=\"5,0\"><b data-path-to-node=\"5,0\" data-index-in-node=\"0\">Calidad y Competencia:\u00a0<\/b> <\/span><span data-path-to-node=\"5,2\"><span class=\"citation-59\">El concurso est\u00e1 enfocado principalmente en <\/span><b data-path-to-node=\"5,2\" data-index-in-node=\"44\"><span class=\"citation-59\">razas brit\u00e1nicas<\/span><\/b><span class=\"citation-59\"> (Angus, Hereford, Shorthorn y sus cruzas) con lotes que promedian entre los <\/span><b data-path-to-node=\"5,2\" data-index-in-node=\"137\"><span class=\"citation-59\">160 y 300 kilogramos<\/span><\/b><\/span><span data-path-to-node=\"5,4\">. <\/span><span data-path-to-node=\"5,6\"><span class=\"citation-58\">\u00abLa idea es que todos participen, desde el peque\u00f1o hasta el gran criador, porque la zona ha mejorado much\u00edsimo gracias a la inversi\u00f3n de los productores\u00bb, se\u00f1al\u00f3 Echegu\u00eda<\/span><\/span><span data-path-to-node=\"5,8\">.<\/span><\/p>\n<p id=\"p-rc_02d1d9a74296579d-30\" data-path-to-node=\"6\"><span data-path-to-node=\"6,1\"><span class=\"citation-57\">La jura estar\u00e1 a cargo de profesionales de renombre: el m\u00e9dico veterinario <\/span><b data-path-to-node=\"6,1\" data-index-in-node=\"75\"><span class=\"citation-57\">Juan I. Gentili<\/span><\/b><span class=\"citation-57\"> (Tandil) y el veterinario <\/span><b data-path-to-node=\"6,1\" data-index-in-node=\"117\"><span class=\"citation-57\">Luis Tordini<\/span><\/b><span class=\"citation-57\">, quienes evaluar\u00e1n machos y hembras para otorgar tres premios por calidad<\/span><\/span><span data-path-to-node=\"6,3\">.<\/span><\/p>\n<p data-path-to-node=\"7\"><b data-path-to-node=\"7\" data-index-in-node=\"0\">Cronograma de Actividades<\/b><\/p>\n<ul data-path-to-node=\"8\">\n<li>\n<p id=\"p-rc_02d1d9a74296579d-31\" data-path-to-node=\"8,0,1\"><span data-path-to-node=\"8,0,1,0\"><b data-path-to-node=\"8,0,1,0\" data-index-in-node=\"0\"><span class=\"citation-56\">Ingreso de Hacienda:<\/span><\/b><span class=\"citation-56\"> Se producir\u00e1 el viernes 2 de mayo a partir de las 08:00 hs<\/span><\/span><span data-path-to-node=\"8,0,1,2\">.<\/span><\/p>\n<\/li>\n<li>\n<p id=\"p-rc_02d1d9a74296579d-32\" data-path-to-node=\"8,1,1\"><span data-path-to-node=\"8,1,1,0\"><b data-path-to-node=\"8,1,1,0\" data-index-in-node=\"0\"><span class=\"citation-55\">Jura:<\/span><\/b><span class=\"citation-55\"> Est\u00e1 prevista para el mismo viernes, una vez finalizado el encierre (aproximadamente a las 14:00 hs)<\/span><\/span><span data-path-to-node=\"8,1,1,2\">.<\/span><\/p>\n<\/li>\n<li>\n<p id=\"p-rc_02d1d9a74296579d-33\" data-path-to-node=\"8,2,1\"><span data-path-to-node=\"8,2,1,0\"><b data-path-to-node=\"8,2,1,0\" data-index-in-node=\"0\"><span class=\"citation-54\">Ventas:<\/span><\/b><span class=\"citation-54\"> El remate culminante, a cargo de la casa consignataria de Echeguia, se llevar\u00e1 a cabo el <\/span><b data-path-to-node=\"8,2,1,0\" data-index-in-node=\"97\"><span class=\"citation-54\">lunes 4 de mayo a las 11:00 hs<\/span><\/b><\/span><span data-path-to-node=\"8,2,1,2\">.<\/span><\/p>\n<\/li>\n<\/ul>\n<p id=\"p-rc_02d1d9a74296579d-34\" data-path-to-node=\"9\"><span data-path-to-node=\"9,0\"><b data-path-to-node=\"9,0\" data-index-in-node=\"0\">Un Evento Federal<\/b> <\/span><span data-path-to-node=\"9,2\"><span class=\"citation-53\">Echeguia celebr\u00f3 la participaci\u00f3n de productores provenientes de diversas localidades como <\/span><b data-path-to-node=\"9,2\" data-index-in-node=\"91\"><span class=\"citation-53\">Chasic\u00f3, Pelicura, Saldungaray, Sierra de la Ventana y Tornquist<\/span><\/b><span class=\"citation-53\">, lo que consolida el car\u00e1cter regional de la muestra<\/span><\/span><span data-path-to-node=\"9,4\">. <\/span><span data-path-to-node=\"9,6\"><span class=\"citation-52\">A pesar de un contexto de retenci\u00f3n natural de hacienda por las buenas condiciones de pasto actuales, las expectativas son altas y se espera igualar o superar los 400 animales de la edici\u00f3n anterior<\/span><\/span><span data-path-to-node=\"9,8\">.<\/span><\/p>\n<p data-path-to-node=\"10\">La invitaci\u00f3n queda abierta para toda la familia, uniendo el potencial productivo del campo con el sector comercial y tur\u00edstico de la Comarca en una verdadera fiesta del trabajo regional. \u00a1No se la pierdan, la Rural los espera!<\/p>\n<p><a href=\"https:\/\/www.noticiasradioreflejos.com.ar\/2021\/el-campo-y-la-ciudad-se-dan-la-mano-se-viene-el-2-concurso-de-terneros-en-la-50-expo-rural-de-tornquist\/santiago-echeguia-2\/\" rel=\"attachment wp-att-136712\"><img loading=\"lazy\" decoding=\"async\" class=\"aligncenter size-full wp-image-136712\" src=\"https:\/\/www.noticiasradioreflejos.com.ar\/2021\/wp-content\/uploads\/2026\/04\/Santiago-Echeguia.jpg\" alt=\"\" width=\"960\" height=\"572\" srcset=\"https:\/\/www.noticiasradioreflejos.com.ar\/2021\/wp-content\/uploads\/2026\/04\/Santiago-Echeguia.jpg 960w, https:\/\/www.noticiasradioreflejos.com.ar\/2021\/wp-content\/uploads\/2026\/04\/Santiago-Echeguia-300x179.jpg 300w, https:\/\/www.noticiasradioreflejos.com.ar\/2021\/wp-content\/uploads\/2026\/04\/Santiago-Echeguia-768x458.jpg 768w, https:\/\/www.noticiasradioreflejos.com.ar\/2021\/wp-content\/uploads\/2026\/04\/Santiago-Echeguia-750x447.jpg 750w\" sizes=\"auto, (max-width: 960px) 100vw, 960px\" \/><\/a><\/p>\n","protected":false},"excerpt":{"rendered":"<p>Con una destacada selecci\u00f3n de hacienda brit\u00e1nica y la participaci\u00f3n de productores de toda la regi\u00f3n, Santiago Echeguia detalla los preparativos para este evento que busca poner en valor la ganader\u00eda local en el marco de una exposici\u00f3n hist\u00f3rica.<\/p>\n","protected":false},"author":3,"featured_media":136715,"comment_status":"closed","ping_status":"closed","sticky":false,"template":"","format":"standard","meta":{"footnotes":""},"categories":[35,26,33],"tags":[48],"class_list":["post-136666","post","type-post","status-publish","format-standard","has-post-thumbnail","hentry","category-cultura","category-sociedad","category-turismo","tag-destacada"],"yoast_head":"<!-- This site is optimized with the Yoast SEO plugin v25.9 - https:\/\/yoast.com\/wordpress\/plugins\/seo\/ -->\n<title>El campo y la ciudad se dan la mano: se viene el 2\u00b0 Concurso de Terneros en la 50\u00b0 Expo Rural de Tornquist - Noticias Radio Reflejos<\/title>\n<meta name=\"robots\" content=\"index, follow, max-snippet:-1, max-image-preview:large, max-video-preview:-1\" \/>\n<link rel=\"canonical\" href=\"https:\/\/www.noticiasradioreflejos.com.ar\/2021\/el-campo-y-la-ciudad-se-dan-la-mano-se-viene-el-2-concurso-de-terneros-en-la-50-expo-rural-de-tornquist\/\" \/>\n<meta property=\"og:locale\" content=\"es_ES\" \/>\n<meta property=\"og:type\" content=\"article\" \/>\n<meta property=\"og:title\" content=\"El campo y la ciudad se dan la mano: se viene el 2\u00b0 Concurso de Terneros en la 50\u00b0 Expo Rural de Tornquist - Noticias Radio Reflejos\" \/>\n<meta property=\"og:description\" content=\"Con una destacada selecci\u00f3n de hacienda brit\u00e1nica y la participaci\u00f3n de productores de toda la regi\u00f3n, Santiago Echeguia detalla los preparativos para este evento que busca poner en valor la ganader\u00eda local en el marco de una exposici\u00f3n hist\u00f3rica.\" \/>\n<meta property=\"og:url\" content=\"https:\/\/www.noticiasradioreflejos.com.ar\/2021\/el-campo-y-la-ciudad-se-dan-la-mano-se-viene-el-2-concurso-de-terneros-en-la-50-expo-rural-de-tornquist\/\" \/>\n<meta property=\"og:site_name\" content=\"Noticias Radio Reflejos\" \/>\n<meta property=\"article:published_time\" content=\"2026-04-30T10:46:25+00:00\" \/>\n<meta property=\"article:modified_time\" content=\"2026-04-30T10:56:38+00:00\" \/>\n<meta property=\"og:image\" content=\"https:\/\/www.noticiasradioreflejos.com.ar\/2021\/wp-content\/uploads\/2026\/04\/concurso-terneros-rural-tornquist.jpg\" \/>\n\t<meta property=\"og:image:width\" content=\"533\" \/>\n\t<meta property=\"og:image:height\" content=\"249\" \/>\n\t<meta property=\"og:image:type\" content=\"image\/jpeg\" \/>\n<meta name=\"author\" content=\"Arnaldo Botto\" \/>\n<meta name=\"twitter:card\" content=\"summary_large_image\" \/>\n<script type=\"application\/ld+json\" class=\"yoast-schema-graph\">{\"@context\":\"https:\/\/schema.org\",\"@graph\":[{\"@type\":\"WebPage\",\"@id\":\"https:\/\/www.noticiasradioreflejos.com.ar\/2021\/el-campo-y-la-ciudad-se-dan-la-mano-se-viene-el-2-concurso-de-terneros-en-la-50-expo-rural-de-tornquist\/\",\"url\":\"https:\/\/www.noticiasradioreflejos.com.ar\/2021\/el-campo-y-la-ciudad-se-dan-la-mano-se-viene-el-2-concurso-de-terneros-en-la-50-expo-rural-de-tornquist\/\",\"name\":\"El campo y la ciudad se dan la mano: se viene el 2\u00b0 Concurso de Terneros en la 50\u00b0 Expo Rural de Tornquist - Noticias Radio Reflejos\",\"isPartOf\":{\"@id\":\"https:\/\/www.noticiasradioreflejos.com.ar\/2021\/#website\"},\"primaryImageOfPage\":{\"@id\":\"https:\/\/www.noticiasradioreflejos.com.ar\/2021\/el-campo-y-la-ciudad-se-dan-la-mano-se-viene-el-2-concurso-de-terneros-en-la-50-expo-rural-de-tornquist\/#primaryimage\"},\"image\":{\"@id\":\"https:\/\/www.noticiasradioreflejos.com.ar\/2021\/el-campo-y-la-ciudad-se-dan-la-mano-se-viene-el-2-concurso-de-terneros-en-la-50-expo-rural-de-tornquist\/#primaryimage\"},\"thumbnailUrl\":\"https:\/\/www.noticiasradioreflejos.com.ar\/2021\/wp-content\/uploads\/2026\/04\/concurso-terneros-rural-tornquist.jpg\",\"datePublished\":\"2026-04-30T10:46:25+00:00\",\"dateModified\":\"2026-04-30T10:56:38+00:00\",\"author\":{\"@id\":\"https:\/\/www.noticiasradioreflejos.com.ar\/2021\/#\/schema\/person\/ad82545263dcc5ec0996818884fd5fb1\"},\"breadcrumb\":{\"@id\":\"https:\/\/www.noticiasradioreflejos.com.ar\/2021\/el-campo-y-la-ciudad-se-dan-la-mano-se-viene-el-2-concurso-de-terneros-en-la-50-expo-rural-de-tornquist\/#breadcrumb\"},\"inLanguage\":\"es\",\"potentialAction\":[{\"@type\":\"ReadAction\",\"target\":[\"https:\/\/www.noticiasradioreflejos.com.ar\/2021\/el-campo-y-la-ciudad-se-dan-la-mano-se-viene-el-2-concurso-de-terneros-en-la-50-expo-rural-de-tornquist\/\"]}]},{\"@type\":\"ImageObject\",\"inLanguage\":\"es\",\"@id\":\"https:\/\/www.noticiasradioreflejos.com.ar\/2021\/el-campo-y-la-ciudad-se-dan-la-mano-se-viene-el-2-concurso-de-terneros-en-la-50-expo-rural-de-tornquist\/#primaryimage\",\"url\":\"https:\/\/www.noticiasradioreflejos.com.ar\/2021\/wp-content\/uploads\/2026\/04\/concurso-terneros-rural-tornquist.jpg\",\"contentUrl\":\"https:\/\/www.noticiasradioreflejos.com.ar\/2021\/wp-content\/uploads\/2026\/04\/concurso-terneros-rural-tornquist.jpg\",\"width\":533,\"height\":249},{\"@type\":\"BreadcrumbList\",\"@id\":\"https:\/\/www.noticiasradioreflejos.com.ar\/2021\/el-campo-y-la-ciudad-se-dan-la-mano-se-viene-el-2-concurso-de-terneros-en-la-50-expo-rural-de-tornquist\/#breadcrumb\",\"itemListElement\":[{\"@type\":\"ListItem\",\"position\":1,\"name\":\"Portada\",\"item\":\"https:\/\/www.noticiasradioreflejos.com.ar\/2021\/\"},{\"@type\":\"ListItem\",\"position\":2,\"name\":\"El campo y la ciudad se dan la mano: se viene el 2\u00b0 Concurso de Terneros en la 50\u00b0 Expo Rural de Tornquist\"}]},{\"@type\":\"WebSite\",\"@id\":\"https:\/\/www.noticiasradioreflejos.com.ar\/2021\/#website\",\"url\":\"https:\/\/www.noticiasradioreflejos.com.ar\/2021\/\",\"name\":\"Noticias Radio Reflejos\",\"description\":\"Las noticias de mi comarca\",\"potentialAction\":[{\"@type\":\"SearchAction\",\"target\":{\"@type\":\"EntryPoint\",\"urlTemplate\":\"https:\/\/www.noticiasradioreflejos.com.ar\/2021\/?s={search_term_string}\"},\"query-input\":{\"@type\":\"PropertyValueSpecification\",\"valueRequired\":true,\"valueName\":\"search_term_string\"}}],\"inLanguage\":\"es\"},{\"@type\":\"Person\",\"@id\":\"https:\/\/www.noticiasradioreflejos.com.ar\/2021\/#\/schema\/person\/ad82545263dcc5ec0996818884fd5fb1\",\"name\":\"Arnaldo Botto\",\"image\":{\"@type\":\"ImageObject\",\"inLanguage\":\"es\",\"@id\":\"https:\/\/www.noticiasradioreflejos.com.ar\/2021\/#\/schema\/person\/image\/\",\"url\":\"https:\/\/secure.gravatar.com\/avatar\/55cb5e37c1efa326397366e6974cb338056df65cb50e7d64d1cf314e87504837?s=96&d=mm&r=g\",\"contentUrl\":\"https:\/\/secure.gravatar.com\/avatar\/55cb5e37c1efa326397366e6974cb338056df65cb50e7d64d1cf314e87504837?s=96&d=mm&r=g\",\"caption\":\"Arnaldo Botto\"},\"url\":\"https:\/\/www.noticiasradioreflejos.com.ar\/2021\/author\/arnaldo\/\"}]}<\/script>\n<!-- \/ Yoast SEO plugin. -->","yoast_head_json":{"title":"El campo y la ciudad se dan la mano: se viene el 2\u00b0 Concurso de Terneros en la 50\u00b0 Expo Rural de Tornquist - Noticias Radio Reflejos","robots":{"index":"index","follow":"follow","max-snippet":"max-snippet:-1","max-image-preview":"max-image-preview:large","max-video-preview":"max-video-preview:-1"},"canonical":"https:\/\/www.noticiasradioreflejos.com.ar\/2021\/el-campo-y-la-ciudad-se-dan-la-mano-se-viene-el-2-concurso-de-terneros-en-la-50-expo-rural-de-tornquist\/","og_locale":"es_ES","og_type":"article","og_title":"El campo y la ciudad se dan la mano: se viene el 2\u00b0 Concurso de Terneros en la 50\u00b0 Expo Rural de Tornquist - Noticias Radio Reflejos","og_description":"Con una destacada selecci\u00f3n de hacienda brit\u00e1nica y la participaci\u00f3n de productores de toda la regi\u00f3n, Santiago Echeguia detalla los preparativos para este evento que busca poner en valor la ganader\u00eda local en el marco de una exposici\u00f3n hist\u00f3rica.","og_url":"https:\/\/www.noticiasradioreflejos.com.ar\/2021\/el-campo-y-la-ciudad-se-dan-la-mano-se-viene-el-2-concurso-de-terneros-en-la-50-expo-rural-de-tornquist\/","og_site_name":"Noticias Radio Reflejos","article_published_time":"2026-04-30T10:46:25+00:00","article_modified_time":"2026-04-30T10:56:38+00:00","og_image":[{"width":533,"height":249,"url":"https:\/\/www.noticiasradioreflejos.com.ar\/2021\/wp-content\/uploads\/2026\/04\/concurso-terneros-rural-tornquist.jpg","type":"image\/jpeg"}],"author":"Arnaldo Botto","twitter_card":"summary_large_image","schema":{"@context":"https:\/\/schema.org","@graph":[{"@type":"WebPage","@id":"https:\/\/www.noticiasradioreflejos.com.ar\/2021\/el-campo-y-la-ciudad-se-dan-la-mano-se-viene-el-2-concurso-de-terneros-en-la-50-expo-rural-de-tornquist\/","url":"https:\/\/www.noticiasradioreflejos.com.ar\/2021\/el-campo-y-la-ciudad-se-dan-la-mano-se-viene-el-2-concurso-de-terneros-en-la-50-expo-rural-de-tornquist\/","name":"El campo y la ciudad se dan la mano: se viene el 2\u00b0 Concurso de Terneros en la 50\u00b0 Expo Rural de Tornquist - Noticias Radio Reflejos","isPartOf":{"@id":"https:\/\/www.noticiasradioreflejos.com.ar\/2021\/#website"},"primaryImageOfPage":{"@id":"https:\/\/www.noticiasradioreflejos.com.ar\/2021\/el-campo-y-la-ciudad-se-dan-la-mano-se-viene-el-2-concurso-de-terneros-en-la-50-expo-rural-de-tornquist\/#primaryimage"},"image":{"@id":"https:\/\/www.noticiasradioreflejos.com.ar\/2021\/el-campo-y-la-ciudad-se-dan-la-mano-se-viene-el-2-concurso-de-terneros-en-la-50-expo-rural-de-tornquist\/#primaryimage"},"thumbnailUrl":"https:\/\/www.noticiasradioreflejos.com.ar\/2021\/wp-content\/uploads\/2026\/04\/concurso-terneros-rural-tornquist.jpg","datePublished":"2026-04-30T10:46:25+00:00","dateModified":"2026-04-30T10:56:38+00:00","author":{"@id":"https:\/\/www.noticiasradioreflejos.com.ar\/2021\/#\/schema\/person\/ad82545263dcc5ec0996818884fd5fb1"},"breadcrumb":{"@id":"https:\/\/www.noticiasradioreflejos.com.ar\/2021\/el-campo-y-la-ciudad-se-dan-la-mano-se-viene-el-2-concurso-de-terneros-en-la-50-expo-rural-de-tornquist\/#breadcrumb"},"inLanguage":"es","potentialAction":[{"@type":"ReadAction","target":["https:\/\/www.noticiasradioreflejos.com.ar\/2021\/el-campo-y-la-ciudad-se-dan-la-mano-se-viene-el-2-concurso-de-terneros-en-la-50-expo-rural-de-tornquist\/"]}]},{"@type":"ImageObject","inLanguage":"es","@id":"https:\/\/www.noticiasradioreflejos.com.ar\/2021\/el-campo-y-la-ciudad-se-dan-la-mano-se-viene-el-2-concurso-de-terneros-en-la-50-expo-rural-de-tornquist\/#primaryimage","url":"https:\/\/www.noticiasradioreflejos.com.ar\/2021\/wp-content\/uploads\/2026\/04\/concurso-terneros-rural-tornquist.jpg","contentUrl":"https:\/\/www.noticiasradioreflejos.com.ar\/2021\/wp-content\/uploads\/2026\/04\/concurso-terneros-rural-tornquist.jpg","width":533,"height":249},{"@type":"BreadcrumbList","@id":"https:\/\/www.noticiasradioreflejos.com.ar\/2021\/el-campo-y-la-ciudad-se-dan-la-mano-se-viene-el-2-concurso-de-terneros-en-la-50-expo-rural-de-tornquist\/#breadcrumb","itemListElement":[{"@type":"ListItem","position":1,"name":"Portada","item":"https:\/\/www.noticiasradioreflejos.com.ar\/2021\/"},{"@type":"ListItem","position":2,"name":"El campo y la ciudad se dan la mano: se viene el 2\u00b0 Concurso de Terneros en la 50\u00b0 Expo Rural de Tornquist"}]},{"@type":"WebSite","@id":"https:\/\/www.noticiasradioreflejos.com.ar\/2021\/#website","url":"https:\/\/www.noticiasradioreflejos.com.ar\/2021\/","name":"Noticias Radio Reflejos","description":"Las noticias de mi comarca","potentialAction":[{"@type":"SearchAction","target":{"@type":"EntryPoint","urlTemplate":"https:\/\/www.noticiasradioreflejos.com.ar\/2021\/?s={search_term_string}"},"query-input":{"@type":"PropertyValueSpecification","valueRequired":true,"valueName":"search_term_string"}}],"inLanguage":"es"},{"@type":"Person","@id":"https:\/\/www.noticiasradioreflejos.com.ar\/2021\/#\/schema\/person\/ad82545263dcc5ec0996818884fd5fb1","name":"Arnaldo Botto","image":{"@type":"ImageObject","inLanguage":"es","@id":"https:\/\/www.noticiasradioreflejos.com.ar\/2021\/#\/schema\/person\/image\/","url":"https:\/\/secure.gravatar.com\/avatar\/55cb5e37c1efa326397366e6974cb338056df65cb50e7d64d1cf314e87504837?s=96&d=mm&r=g","contentUrl":"https:\/\/secure.gravatar.com\/avatar\/55cb5e37c1efa326397366e6974cb338056df65cb50e7d64d1cf314e87504837?s=96&d=mm&r=g","caption":"Arnaldo Botto"},"url":"https:\/\/www.noticiasradioreflejos.com.ar\/2021\/author\/arnaldo\/"}]}},"_links":{"self":[{"href":"https:\/\/www.noticiasradioreflejos.com.ar\/2021\/wp-json\/wp\/v2\/posts\/136666","targetHints":{"allow":["GET"]}}],"collection":[{"href":"https:\/\/www.noticiasradioreflejos.com.ar\/2021\/wp-json\/wp\/v2\/posts"}],"about":[{"href":"https:\/\/www.noticiasradioreflejos.com.ar\/2021\/wp-json\/wp\/v2\/types\/post"}],"author":[{"embeddable":true,"href":"https:\/\/www.noticiasradioreflejos.com.ar\/2021\/wp-json\/wp\/v2\/users\/3"}],"replies":[{"embeddable":true,"href":"https:\/\/www.noticiasradioreflejos.com.ar\/2021\/wp-json\/wp\/v2\/comments?post=136666"}],"version-history":[{"count":5,"href":"https:\/\/www.noticiasradioreflejos.com.ar\/2021\/wp-json\/wp\/v2\/posts\/136666\/revisions"}],"predecessor-version":[{"id":136716,"href":"https:\/\/www.noticiasradioreflejos.com.ar\/2021\/wp-json\/wp\/v2\/posts\/136666\/revisions\/136716"}],"wp:featuredmedia":[{"embeddable":true,"href":"https:\/\/www.noticiasradioreflejos.com.ar\/2021\/wp-json\/wp\/v2\/media\/136715"}],"wp:attachment":[{"href":"https:\/\/www.noticiasradioreflejos.com.ar\/2021\/wp-json\/wp\/v2\/media?parent=136666"}],"wp:term":[{"taxonomy":"category","embeddable":true,"href":"https:\/\/www.noticiasradioreflejos.com.ar\/2021\/wp-json\/wp\/v2\/categories?post=136666"},{"taxonomy":"post_tag","embeddable":true,"href":"https:\/\/www.noticiasradioreflejos.com.ar\/2021\/wp-json\/wp\/v2\/tags?post=136666"}],"curies":[{"name":"wp","href":"https:\/\/api.w.org\/{rel}","templated":true}]}}