{"id":136664,"date":"2026-04-29T10:45:38","date_gmt":"2026-04-29T13:45:38","guid":{"rendered":"https:\/\/www.noticiasradioreflejos.com.ar\/2021\/?p=136664"},"modified":"2026-04-29T10:45:38","modified_gmt":"2026-04-29T13:45:38","slug":"50-sillas-y-una-historia-compartida-coopersive-reafirma-su-padrinazgo-con-la-escuela-secundaria-n2","status":"publish","type":"post","link":"https:\/\/www.noticiasradioreflejos.com.ar\/2021\/50-sillas-y-una-historia-compartida-coopersive-reafirma-su-padrinazgo-con-la-escuela-secundaria-n2\/","title":{"rendered":"50 sillas y una historia compartida: Coopersive reafirma su padrinazgo con la Escuela Secundaria N\u00b02"},"content":{"rendered":"<p>En un emotivo encuentro que refuerza lazos de d\u00e9cadas, la Cooperativa de Electricidad de Sierra de la Ventana (Coopersive Ltda.) realiz\u00f3 una importante donaci\u00f3n de mobiliario y material literario a la Escuela de Ense\u00f1anza Media N\u00b02. El gesto forma parte de una campa\u00f1a mayor que busca equipar el flamante Sal\u00f3n de Usos M\u00faltiples (SUM) del establecimiento, un espacio clave para el encuentro y el aprendizaje de los j\u00f3venes de la localidad.<!--more--><\/p>\n<p data-path-to-node=\"4\">Hay historias que comienzan con gestos simples, pero cuyo impacto se multiplica en el tiempo. Bajo esa premisa, autoridades de <b data-path-to-node=\"4\" data-index-in-node=\"150\">Coopersive Ltda.<\/b> visitaron las instalaciones de la <b data-path-to-node=\"4\" data-index-in-node=\"201\">Escuela de Ense\u00f1anza Media N\u00b02<\/b>, instituci\u00f3n que la cooperativa apadrina con orgullo desde su creaci\u00f3n, para hacer entrega de un aporte que combina infraestructura y cultura.<\/p>\n<p data-path-to-node=\"5\">El presidente del Consejo de Administraci\u00f3n<strong> Luis Shmidt<\/strong> , acompa\u00f1ado por dos consejeros, <strong>Mario Sensini (Secretario) y Oscar Brito (1er Vocal Titular<\/strong>), fueron recibidso por la directora del establecimiento, <b data-path-to-node=\"5\" data-index-in-node=\"127\">Roc\u00edo V\u00e1squez<\/b>. Durante la visita, se hizo entrega formal de un vale por <b data-path-to-node=\"5\" data-index-in-node=\"199\">50 sillas nuevas<\/b>, destinadas al SUM que la escuela est\u00e1 pr\u00f3xima a inaugurar. Este sal\u00f3n se perfila como el nuevo coraz\u00f3n de la instituci\u00f3n, un lugar dise\u00f1ado para el encuentro, el debate y el crecimiento de la comunidad educativa.<\/p>\n<p data-path-to-node=\"7\">La jornada no solo se centr\u00f3 en el equipamiento f\u00edsico. En un momento de gran valor simb\u00f3lico, la Cooperativa tambi\u00e9n entreg\u00f3 los libros a los alumnos y vecinos que participaron del concurso <b data-path-to-node=\"7\" data-index-in-node=\"191\">\u00abPalabras por la Ventana\u00bb<\/b>.<\/p>\n<p data-path-to-node=\"8\">Este certamen, auspiciado por Coopersive, busca fomentar la expresi\u00f3n escrita y la identidad local. <i data-path-to-node=\"8\" data-index-in-node=\"100\">\u00abCuando una comunidad apuesta por la palabra, crece por dentro\u00bb<\/i>, expresaron desde la entidad, reafirmando que el apoyo a la educaci\u00f3n va mucho m\u00e1s all\u00e1 de los servicios b\u00e1sicos: se trata de nutrir el capital humano de Sierra de la Ventana.<\/p>\n<h4 data-path-to-node=\"9\"><b data-path-to-node=\"9\" data-index-in-node=\"0\">Campa\u00f1a solidaria: El objetivo de las 200 sillas<\/b><\/h4>\n<p data-path-to-node=\"10\">Si bien la donaci\u00f3n de la Cooperativa representa un paso fundamental, la necesidad total de la escuela para completar el aforo de su nuevo SUM es de <b data-path-to-node=\"10\" data-index-in-node=\"149\">200 sillas<\/b>.<\/p>\n<p data-path-to-node=\"11\">Por este motivo, se recuerda a la comunidad, comercios y particulares que la <b data-path-to-node=\"11\" data-index-in-node=\"77\">campa\u00f1a de donaci\u00f3n contin\u00faa abierta hasta el pr\u00f3ximo 10 de mayo<\/b>. Aquellos interesados en colaborar para alcanzar la meta y asegurar que cada estudiante tenga su lugar en el nuevo sal\u00f3n, pueden acercarse a la instituci\u00f3n educativa para coordinar su aporte.<\/p>\n<p data-path-to-node=\"12\"><b data-path-to-node=\"12\" data-index-in-node=\"0\">50 sillas son m\u00e1s que muebles: son 50 lugares para aprender, encontrarse y compartir el futuro de nuestra localidad.<\/b><\/p>\n","protected":false},"excerpt":{"rendered":"<p>En un emotivo encuentro que refuerza lazos de d\u00e9cadas, la Cooperativa de Electricidad de Sierra de la Ventana (Coopersive Ltda.) realiz\u00f3 una importante donaci\u00f3n de mobiliario y material literario a la Escuela de Ense\u00f1anza Media N\u00b02. El gesto forma parte de una campa\u00f1a mayor que busca equipar el flamante Sal\u00f3n de Usos M\u00faltiples (SUM) del [&hellip;]<\/p>\n","protected":false},"author":3,"featured_media":136670,"comment_status":"closed","ping_status":"closed","sticky":false,"template":"","format":"standard","meta":{"footnotes":""},"categories":[34,26],"tags":[],"class_list":["post-136664","post","type-post","status-publish","format-standard","has-post-thumbnail","hentry","category-educacion","category-sociedad"],"yoast_head":"<!-- This site is optimized with the Yoast SEO plugin v25.9 - https:\/\/yoast.com\/wordpress\/plugins\/seo\/ -->\n<title>50 sillas y una historia compartida: Coopersive reafirma su padrinazgo con la Escuela Secundaria N\u00b02 - Noticias Radio Reflejos<\/title>\n<meta name=\"robots\" content=\"index, follow, max-snippet:-1, max-image-preview:large, max-video-preview:-1\" \/>\n<link rel=\"canonical\" href=\"https:\/\/www.noticiasradioreflejos.com.ar\/2021\/50-sillas-y-una-historia-compartida-coopersive-reafirma-su-padrinazgo-con-la-escuela-secundaria-n2\/\" \/>\n<meta property=\"og:locale\" content=\"es_ES\" \/>\n<meta property=\"og:type\" content=\"article\" \/>\n<meta property=\"og:title\" content=\"50 sillas y una historia compartida: Coopersive reafirma su padrinazgo con la Escuela Secundaria N\u00b02 - Noticias Radio Reflejos\" \/>\n<meta property=\"og:description\" content=\"En un emotivo encuentro que refuerza lazos de d\u00e9cadas, la Cooperativa de Electricidad de Sierra de la Ventana (Coopersive Ltda.) realiz\u00f3 una importante donaci\u00f3n de mobiliario y material literario a la Escuela de Ense\u00f1anza Media N\u00b02. El gesto forma parte de una campa\u00f1a mayor que busca equipar el flamante Sal\u00f3n de Usos M\u00faltiples (SUM) del [&hellip;]\" \/>\n<meta property=\"og:url\" content=\"https:\/\/www.noticiasradioreflejos.com.ar\/2021\/50-sillas-y-una-historia-compartida-coopersive-reafirma-su-padrinazgo-con-la-escuela-secundaria-n2\/\" \/>\n<meta property=\"og:site_name\" content=\"Noticias Radio Reflejos\" \/>\n<meta property=\"article:published_time\" content=\"2026-04-29T13:45:38+00:00\" \/>\n<meta property=\"og:image\" content=\"https:\/\/www.noticiasradioreflejos.com.ar\/2021\/wp-content\/uploads\/2026\/04\/coopersive-media-2.jpg\" \/>\n\t<meta property=\"og:image:width\" content=\"564\" \/>\n\t<meta property=\"og:image:height\" content=\"276\" \/>\n\t<meta property=\"og:image:type\" content=\"image\/jpeg\" \/>\n<meta name=\"author\" content=\"Arnaldo Botto\" \/>\n<meta name=\"twitter:card\" content=\"summary_large_image\" \/>\n<script type=\"application\/ld+json\" class=\"yoast-schema-graph\">{\"@context\":\"https:\/\/schema.org\",\"@graph\":[{\"@type\":\"WebPage\",\"@id\":\"https:\/\/www.noticiasradioreflejos.com.ar\/2021\/50-sillas-y-una-historia-compartida-coopersive-reafirma-su-padrinazgo-con-la-escuela-secundaria-n2\/\",\"url\":\"https:\/\/www.noticiasradioreflejos.com.ar\/2021\/50-sillas-y-una-historia-compartida-coopersive-reafirma-su-padrinazgo-con-la-escuela-secundaria-n2\/\",\"name\":\"50 sillas y una historia compartida: Coopersive reafirma su padrinazgo con la Escuela Secundaria N\u00b02 - Noticias Radio Reflejos\",\"isPartOf\":{\"@id\":\"https:\/\/www.noticiasradioreflejos.com.ar\/2021\/#website\"},\"primaryImageOfPage\":{\"@id\":\"https:\/\/www.noticiasradioreflejos.com.ar\/2021\/50-sillas-y-una-historia-compartida-coopersive-reafirma-su-padrinazgo-con-la-escuela-secundaria-n2\/#primaryimage\"},\"image\":{\"@id\":\"https:\/\/www.noticiasradioreflejos.com.ar\/2021\/50-sillas-y-una-historia-compartida-coopersive-reafirma-su-padrinazgo-con-la-escuela-secundaria-n2\/#primaryimage\"},\"thumbnailUrl\":\"https:\/\/www.noticiasradioreflejos.com.ar\/2021\/wp-content\/uploads\/2026\/04\/coopersive-media-2.jpg\",\"datePublished\":\"2026-04-29T13:45:38+00:00\",\"author\":{\"@id\":\"https:\/\/www.noticiasradioreflejos.com.ar\/2021\/#\/schema\/person\/ad82545263dcc5ec0996818884fd5fb1\"},\"breadcrumb\":{\"@id\":\"https:\/\/www.noticiasradioreflejos.com.ar\/2021\/50-sillas-y-una-historia-compartida-coopersive-reafirma-su-padrinazgo-con-la-escuela-secundaria-n2\/#breadcrumb\"},\"inLanguage\":\"es\",\"potentialAction\":[{\"@type\":\"ReadAction\",\"target\":[\"https:\/\/www.noticiasradioreflejos.com.ar\/2021\/50-sillas-y-una-historia-compartida-coopersive-reafirma-su-padrinazgo-con-la-escuela-secundaria-n2\/\"]}]},{\"@type\":\"ImageObject\",\"inLanguage\":\"es\",\"@id\":\"https:\/\/www.noticiasradioreflejos.com.ar\/2021\/50-sillas-y-una-historia-compartida-coopersive-reafirma-su-padrinazgo-con-la-escuela-secundaria-n2\/#primaryimage\",\"url\":\"https:\/\/www.noticiasradioreflejos.com.ar\/2021\/wp-content\/uploads\/2026\/04\/coopersive-media-2.jpg\",\"contentUrl\":\"https:\/\/www.noticiasradioreflejos.com.ar\/2021\/wp-content\/uploads\/2026\/04\/coopersive-media-2.jpg\",\"width\":564,\"height\":276},{\"@type\":\"BreadcrumbList\",\"@id\":\"https:\/\/www.noticiasradioreflejos.com.ar\/2021\/50-sillas-y-una-historia-compartida-coopersive-reafirma-su-padrinazgo-con-la-escuela-secundaria-n2\/#breadcrumb\",\"itemListElement\":[{\"@type\":\"ListItem\",\"position\":1,\"name\":\"Portada\",\"item\":\"https:\/\/www.noticiasradioreflejos.com.ar\/2021\/\"},{\"@type\":\"ListItem\",\"position\":2,\"name\":\"50 sillas y una historia compartida: Coopersive reafirma su padrinazgo con la Escuela Secundaria N\u00b02\"}]},{\"@type\":\"WebSite\",\"@id\":\"https:\/\/www.noticiasradioreflejos.com.ar\/2021\/#website\",\"url\":\"https:\/\/www.noticiasradioreflejos.com.ar\/2021\/\",\"name\":\"Noticias Radio Reflejos\",\"description\":\"Las noticias de mi comarca\",\"potentialAction\":[{\"@type\":\"SearchAction\",\"target\":{\"@type\":\"EntryPoint\",\"urlTemplate\":\"https:\/\/www.noticiasradioreflejos.com.ar\/2021\/?s={search_term_string}\"},\"query-input\":{\"@type\":\"PropertyValueSpecification\",\"valueRequired\":true,\"valueName\":\"search_term_string\"}}],\"inLanguage\":\"es\"},{\"@type\":\"Person\",\"@id\":\"https:\/\/www.noticiasradioreflejos.com.ar\/2021\/#\/schema\/person\/ad82545263dcc5ec0996818884fd5fb1\",\"name\":\"Arnaldo Botto\",\"image\":{\"@type\":\"ImageObject\",\"inLanguage\":\"es\",\"@id\":\"https:\/\/www.noticiasradioreflejos.com.ar\/2021\/#\/schema\/person\/image\/\",\"url\":\"https:\/\/secure.gravatar.com\/avatar\/55cb5e37c1efa326397366e6974cb338056df65cb50e7d64d1cf314e87504837?s=96&d=mm&r=g\",\"contentUrl\":\"https:\/\/secure.gravatar.com\/avatar\/55cb5e37c1efa326397366e6974cb338056df65cb50e7d64d1cf314e87504837?s=96&d=mm&r=g\",\"caption\":\"Arnaldo Botto\"},\"url\":\"https:\/\/www.noticiasradioreflejos.com.ar\/2021\/author\/arnaldo\/\"}]}<\/script>\n<!-- \/ Yoast SEO plugin. -->","yoast_head_json":{"title":"50 sillas y una historia compartida: Coopersive reafirma su padrinazgo con la Escuela Secundaria N\u00b02 - Noticias Radio Reflejos","robots":{"index":"index","follow":"follow","max-snippet":"max-snippet:-1","max-image-preview":"max-image-preview:large","max-video-preview":"max-video-preview:-1"},"canonical":"https:\/\/www.noticiasradioreflejos.com.ar\/2021\/50-sillas-y-una-historia-compartida-coopersive-reafirma-su-padrinazgo-con-la-escuela-secundaria-n2\/","og_locale":"es_ES","og_type":"article","og_title":"50 sillas y una historia compartida: Coopersive reafirma su padrinazgo con la Escuela Secundaria N\u00b02 - Noticias Radio Reflejos","og_description":"En un emotivo encuentro que refuerza lazos de d\u00e9cadas, la Cooperativa de Electricidad de Sierra de la Ventana (Coopersive Ltda.) realiz\u00f3 una importante donaci\u00f3n de mobiliario y material literario a la Escuela de Ense\u00f1anza Media N\u00b02. El gesto forma parte de una campa\u00f1a mayor que busca equipar el flamante Sal\u00f3n de Usos M\u00faltiples (SUM) del [&hellip;]","og_url":"https:\/\/www.noticiasradioreflejos.com.ar\/2021\/50-sillas-y-una-historia-compartida-coopersive-reafirma-su-padrinazgo-con-la-escuela-secundaria-n2\/","og_site_name":"Noticias Radio Reflejos","article_published_time":"2026-04-29T13:45:38+00:00","og_image":[{"width":564,"height":276,"url":"https:\/\/www.noticiasradioreflejos.com.ar\/2021\/wp-content\/uploads\/2026\/04\/coopersive-media-2.jpg","type":"image\/jpeg"}],"author":"Arnaldo Botto","twitter_card":"summary_large_image","schema":{"@context":"https:\/\/schema.org","@graph":[{"@type":"WebPage","@id":"https:\/\/www.noticiasradioreflejos.com.ar\/2021\/50-sillas-y-una-historia-compartida-coopersive-reafirma-su-padrinazgo-con-la-escuela-secundaria-n2\/","url":"https:\/\/www.noticiasradioreflejos.com.ar\/2021\/50-sillas-y-una-historia-compartida-coopersive-reafirma-su-padrinazgo-con-la-escuela-secundaria-n2\/","name":"50 sillas y una historia compartida: Coopersive reafirma su padrinazgo con la Escuela Secundaria N\u00b02 - Noticias Radio Reflejos","isPartOf":{"@id":"https:\/\/www.noticiasradioreflejos.com.ar\/2021\/#website"},"primaryImageOfPage":{"@id":"https:\/\/www.noticiasradioreflejos.com.ar\/2021\/50-sillas-y-una-historia-compartida-coopersive-reafirma-su-padrinazgo-con-la-escuela-secundaria-n2\/#primaryimage"},"image":{"@id":"https:\/\/www.noticiasradioreflejos.com.ar\/2021\/50-sillas-y-una-historia-compartida-coopersive-reafirma-su-padrinazgo-con-la-escuela-secundaria-n2\/#primaryimage"},"thumbnailUrl":"https:\/\/www.noticiasradioreflejos.com.ar\/2021\/wp-content\/uploads\/2026\/04\/coopersive-media-2.jpg","datePublished":"2026-04-29T13:45:38+00:00","author":{"@id":"https:\/\/www.noticiasradioreflejos.com.ar\/2021\/#\/schema\/person\/ad82545263dcc5ec0996818884fd5fb1"},"breadcrumb":{"@id":"https:\/\/www.noticiasradioreflejos.com.ar\/2021\/50-sillas-y-una-historia-compartida-coopersive-reafirma-su-padrinazgo-con-la-escuela-secundaria-n2\/#breadcrumb"},"inLanguage":"es","potentialAction":[{"@type":"ReadAction","target":["https:\/\/www.noticiasradioreflejos.com.ar\/2021\/50-sillas-y-una-historia-compartida-coopersive-reafirma-su-padrinazgo-con-la-escuela-secundaria-n2\/"]}]},{"@type":"ImageObject","inLanguage":"es","@id":"https:\/\/www.noticiasradioreflejos.com.ar\/2021\/50-sillas-y-una-historia-compartida-coopersive-reafirma-su-padrinazgo-con-la-escuela-secundaria-n2\/#primaryimage","url":"https:\/\/www.noticiasradioreflejos.com.ar\/2021\/wp-content\/uploads\/2026\/04\/coopersive-media-2.jpg","contentUrl":"https:\/\/www.noticiasradioreflejos.com.ar\/2021\/wp-content\/uploads\/2026\/04\/coopersive-media-2.jpg","width":564,"height":276},{"@type":"BreadcrumbList","@id":"https:\/\/www.noticiasradioreflejos.com.ar\/2021\/50-sillas-y-una-historia-compartida-coopersive-reafirma-su-padrinazgo-con-la-escuela-secundaria-n2\/#breadcrumb","itemListElement":[{"@type":"ListItem","position":1,"name":"Portada","item":"https:\/\/www.noticiasradioreflejos.com.ar\/2021\/"},{"@type":"ListItem","position":2,"name":"50 sillas y una historia compartida: Coopersive reafirma su padrinazgo con la Escuela Secundaria N\u00b02"}]},{"@type":"WebSite","@id":"https:\/\/www.noticiasradioreflejos.com.ar\/2021\/#website","url":"https:\/\/www.noticiasradioreflejos.com.ar\/2021\/","name":"Noticias Radio Reflejos","description":"Las noticias de mi comarca","potentialAction":[{"@type":"SearchAction","target":{"@type":"EntryPoint","urlTemplate":"https:\/\/www.noticiasradioreflejos.com.ar\/2021\/?s={search_term_string}"},"query-input":{"@type":"PropertyValueSpecification","valueRequired":true,"valueName":"search_term_string"}}],"inLanguage":"es"},{"@type":"Person","@id":"https:\/\/www.noticiasradioreflejos.com.ar\/2021\/#\/schema\/person\/ad82545263dcc5ec0996818884fd5fb1","name":"Arnaldo Botto","image":{"@type":"ImageObject","inLanguage":"es","@id":"https:\/\/www.noticiasradioreflejos.com.ar\/2021\/#\/schema\/person\/image\/","url":"https:\/\/secure.gravatar.com\/avatar\/55cb5e37c1efa326397366e6974cb338056df65cb50e7d64d1cf314e87504837?s=96&d=mm&r=g","contentUrl":"https:\/\/secure.gravatar.com\/avatar\/55cb5e37c1efa326397366e6974cb338056df65cb50e7d64d1cf314e87504837?s=96&d=mm&r=g","caption":"Arnaldo Botto"},"url":"https:\/\/www.noticiasradioreflejos.com.ar\/2021\/author\/arnaldo\/"}]}},"_links":{"self":[{"href":"https:\/\/www.noticiasradioreflejos.com.ar\/2021\/wp-json\/wp\/v2\/posts\/136664","targetHints":{"allow":["GET"]}}],"collection":[{"href":"https:\/\/www.noticiasradioreflejos.com.ar\/2021\/wp-json\/wp\/v2\/posts"}],"about":[{"href":"https:\/\/www.noticiasradioreflejos.com.ar\/2021\/wp-json\/wp\/v2\/types\/post"}],"author":[{"embeddable":true,"href":"https:\/\/www.noticiasradioreflejos.com.ar\/2021\/wp-json\/wp\/v2\/users\/3"}],"replies":[{"embeddable":true,"href":"https:\/\/www.noticiasradioreflejos.com.ar\/2021\/wp-json\/wp\/v2\/comments?post=136664"}],"version-history":[{"count":1,"href":"https:\/\/www.noticiasradioreflejos.com.ar\/2021\/wp-json\/wp\/v2\/posts\/136664\/revisions"}],"predecessor-version":[{"id":136671,"href":"https:\/\/www.noticiasradioreflejos.com.ar\/2021\/wp-json\/wp\/v2\/posts\/136664\/revisions\/136671"}],"wp:featuredmedia":[{"embeddable":true,"href":"https:\/\/www.noticiasradioreflejos.com.ar\/2021\/wp-json\/wp\/v2\/media\/136670"}],"wp:attachment":[{"href":"https:\/\/www.noticiasradioreflejos.com.ar\/2021\/wp-json\/wp\/v2\/media?parent=136664"}],"wp:term":[{"taxonomy":"category","embeddable":true,"href":"https:\/\/www.noticiasradioreflejos.com.ar\/2021\/wp-json\/wp\/v2\/categories?post=136664"},{"taxonomy":"post_tag","embeddable":true,"href":"https:\/\/www.noticiasradioreflejos.com.ar\/2021\/wp-json\/wp\/v2\/tags?post=136664"}],"curies":[{"name":"wp","href":"https:\/\/api.w.org\/{rel}","templated":true}]}}