{"id":136656,"date":"2026-04-29T09:17:20","date_gmt":"2026-04-29T12:17:20","guid":{"rendered":"https:\/\/www.noticiasradioreflejos.com.ar\/2021\/?p=136656"},"modified":"2026-04-29T09:17:27","modified_gmt":"2026-04-29T12:17:27","slug":"un-orgullo-que-nacio-del-campo-50-anos-del-criadero-aca-cabildo-la-fuerza-comercial-de-los-trigos-cooperativos","status":"publish","type":"post","link":"https:\/\/www.noticiasradioreflejos.com.ar\/2021\/un-orgullo-que-nacio-del-campo-50-anos-del-criadero-aca-cabildo-la-fuerza-comercial-de-los-trigos-cooperativos\/","title":{"rendered":"Un orgullo que naci\u00f3 del campo: 50 a\u00f1os del Criadero ACA Cabildo, la fuerza comercial de los Trigos Cooperativos"},"content":{"rendered":"<p>La historia del criadero de cereales de Cabildo cumple en 2026 medio siglo. Fue creado por ACA en 1976 para dar respuesta a los productores del sudoeste bonaerense que necesitaban variedades adaptadas a su regi\u00f3n. Hoy ese proyecto local se transform\u00f3 en una referencia regional e internacional que comercializa gen\u00e9tica argentina no solo en nuestro pa\u00eds, sino tambi\u00e9n en otros mercados.<!--more--><\/p>\n<p><span id=\"m_546213930447513158i0qjr\">\u201cPara ACA, los cincuenta a\u00f1os del criadero Cabildo significan un gran orgullo para todo el tejido cooperativo\u201d, resume Leandro Ortis, director del criadero y responsable del programa de mejoramiento de trigo. Y agrega que es el resultado de \u201c50 a\u00f1os de trabajo y compromiso con el trigo argentino\u201d, con el objetivo de ofrecer a los productores variedades con potencial de rendimiento, calidad panadera y tolerancia a las principales enfermedades.<\/span><br \/>\n<span id=\"m_546213930447513158i0qjr\">Ese programa que naci\u00f3 con foco local fue creciendo con el tiempo. \u201cLas variedades que se desarrollaban all\u00ed pod\u00edan tener una amplia adaptaci\u00f3n no solo a nuestro pa\u00eds, sino tambi\u00e9n a distintos pa\u00edses del mundo\u201d, explica Ortis.<\/span><br \/>\n<span id=\"m_546213930447513158i0qjr\">Detr\u00e1s de ese origen tambi\u00e9n aparece una figura clave: el ingeniero agr\u00f3nomo Rub\u00e9n Miranda, hist\u00f3rico referente del mejoramiento de trigo en Argentina y uno de los impulsores del proyecto en Cabildo. Desde su trabajo vinculado a la Universidad Nacional del Sur, promovi\u00f3 una mirada pionera para la \u00e9poca: generar variedades adaptadas a las condiciones del sudoeste bonaerense, pero con potencial de escalar a otras regiones. Esa visi\u00f3n t\u00e9cnica, anclada en el territorio pero con proyecci\u00f3n, termin\u00f3 siendo una de las bases del desarrollo posterior de Trigos ACA.\u00a0<\/span><\/p>\n<p><span id=\"m_546213930447513158i0qjr\">Ese recorrido se sostiene sobre tres fortalezas claras. Desde lo t\u00e9cnico, Mariano Beker destaca \u201cla capacidad de adaptaci\u00f3n y la innovaci\u00f3n\u201d, con un trabajo que se apoya en invernaderos y en un laboratorio de marcadores moleculares propio. Desde lo social, subraya el v\u00ednculo directo con productores y cooperativas: \u201cestamos muchas veces a un WhatsApp de distancia, abiertos a evacuar consultas y colaborar\u201d. Y desde lo territorial, remarca la cobertura del programa, con variedades adaptadas desde el sur de Buenos Aires hasta el NEA y el NOA, e incluso con presencia internacional.<\/span><\/p>\n<p>&nbsp;<\/p>\n<p><a href=\"https:\/\/www.noticiasradioreflejos.com.ar\/2021\/un-orgullo-que-nacio-del-campo-50-anos-del-criadero-aca-cabildo-la-fuerza-comercial-de-los-trigos-cooperativos\/trigo-trigal-agro-2\/\" rel=\"attachment wp-att-136659\"><img loading=\"lazy\" decoding=\"async\" class=\"aligncenter size-full wp-image-136659\" src=\"https:\/\/www.noticiasradioreflejos.com.ar\/2021\/wp-content\/uploads\/2026\/04\/trigo-trigal-agro-1.jpg\" alt=\"\" width=\"1065\" height=\"1224\" srcset=\"https:\/\/www.noticiasradioreflejos.com.ar\/2021\/wp-content\/uploads\/2026\/04\/trigo-trigal-agro-1.jpg 1065w, https:\/\/www.noticiasradioreflejos.com.ar\/2021\/wp-content\/uploads\/2026\/04\/trigo-trigal-agro-1-261x300.jpg 261w, https:\/\/www.noticiasradioreflejos.com.ar\/2021\/wp-content\/uploads\/2026\/04\/trigo-trigal-agro-1-891x1024.jpg 891w, https:\/\/www.noticiasradioreflejos.com.ar\/2021\/wp-content\/uploads\/2026\/04\/trigo-trigal-agro-1-768x883.jpg 768w, https:\/\/www.noticiasradioreflejos.com.ar\/2021\/wp-content\/uploads\/2026\/04\/trigo-trigal-agro-1-750x862.jpg 750w\" sizes=\"auto, (max-width: 1065px) 100vw, 1065px\" \/><\/a><a href=\"https:\/\/www.noticiasradioreflejos.com.ar\/2021\/un-orgullo-que-nacio-del-campo-50-anos-del-criadero-aca-cabildo-la-fuerza-comercial-de-los-trigos-cooperativos\/trigo-trigal-agro-2\/\" rel=\"attachment wp-att-136659\"><img loading=\"lazy\" decoding=\"async\" class=\"aligncenter size-full wp-image-136659\" src=\"https:\/\/www.noticiasradioreflejos.com.ar\/2021\/wp-content\/uploads\/2026\/04\/trigo-trigal-agro-1.jpg\" alt=\"\" width=\"1065\" height=\"1224\" srcset=\"https:\/\/www.noticiasradioreflejos.com.ar\/2021\/wp-content\/uploads\/2026\/04\/trigo-trigal-agro-1.jpg 1065w, https:\/\/www.noticiasradioreflejos.com.ar\/2021\/wp-content\/uploads\/2026\/04\/trigo-trigal-agro-1-261x300.jpg 261w, https:\/\/www.noticiasradioreflejos.com.ar\/2021\/wp-content\/uploads\/2026\/04\/trigo-trigal-agro-1-891x1024.jpg 891w, https:\/\/www.noticiasradioreflejos.com.ar\/2021\/wp-content\/uploads\/2026\/04\/trigo-trigal-agro-1-768x883.jpg 768w, https:\/\/www.noticiasradioreflejos.com.ar\/2021\/wp-content\/uploads\/2026\/04\/trigo-trigal-agro-1-750x862.jpg 750w\" sizes=\"auto, (max-width: 1065px) 100vw, 1065px\" \/><\/a><\/p>\n<p><span id=\"m_546213930447513158i0qjr\"><strong>Cincuenta a\u00f1os de innovaci\u00f3n<\/strong><\/span><br \/>\n<span id=\"m_546213930447513158i0qjr\">La evoluci\u00f3n del criadero estuvo marcada por la incorporaci\u00f3n constante de tecnolog\u00eda y v\u00ednculos estrat\u00e9gicos. A lo largo de los a\u00f1os se sumaron materiales gen\u00e9ticos internacionales, lo que permiti\u00f3 ampliar la adaptaci\u00f3n de las variedades y mejorar su potencial productivo en distintas regiones.<\/span><br \/>\n<span id=\"m_546213930447513158i0qjr\">\u201cCon el desarrollo de una nueva t\u00e9cnica de haploides duplicados pudimos acortar los per\u00edodos de obtenci\u00f3n de variedades y hoy tenemos la posibilidad de estar en el mercado en menor tiempo\u201d, explica Ortis.<\/span><br \/>\n<span id=\"m_546213930447513158i0qjr\">En la misma l\u00ednea, Beker describe el presente del programa: \u201cutilizamos t\u00e9cnicas de avanzada para la obtenci\u00f3n de nuevas l\u00edneas y ser m\u00e1s r\u00e1pidos al momento de llegar al mercado\u201d. Y agrega que el objetivo es claro: \u201cestar a la vanguardia del mejoramiento de trigo\u201d.<\/span><br \/>\n<span id=\"m_546213930447513158i0qjr\">Ese camino permiti\u00f3 consolidar un portafolio amplio, pensado para responder a distintas condiciones productivas. \u201cEl conjunto de variedades es bien amplio para dar respuesta a cada situaci\u00f3n en particular, con distintos ciclos, distintas calidades y distintos paquetes sanitarios\u201d, explica Beker.<\/span><\/p>\n<p><span id=\"m_546213930447513158i0qjr\"><strong>Fresno y el nuevo portafolio<\/strong><\/span><br \/>\n<span id=\"m_546213930447513158i0qjr\">En este aniversario, el posicionamiento comercial de Trigos ACA encuentra en Fresno a su principal exponente. Se trata de un trigo de ciclo largo, con alt\u00edsimo potencial de rendimiento, excelente perfil sanitario y muy buena calidad comercial.<\/span><br \/>\n<span id=\"m_546213930447513158i0qjr\">Pero el valor del portafolio no est\u00e1 en una sola variedad, sino en el conjunto. \u201cTenemos variedades que son caballito de batalla, que funcionan muy bien en todos lados, y otras que se adaptan mejor a situaciones espec\u00edficas\u201d, se\u00f1ala Beker.<\/span><br \/>\n<span id=\"m_546213930447513158i0qjr\">En ese esquema, Fresno aparece como referencia para planteos de ciclo largo. \u201cSi uno necesita elegir un ciclo largo confiable, Fresno es una opci\u00f3n s\u00faper segura\u201d, afirma. Y completa el mapa con materiales para otros ambientes: \u201clo mismo ocurre con ACA 600 en ciclo intermedio y con ACA 921 en ciclo corto\u201d.<\/span><br \/>\n<span id=\"m_546213930447513158i0qjr\">As\u00ed, la propuesta de Trigos ACA se construye sobre una l\u00f3gica clara: ofrecer una gen\u00e9tica adaptable, confiable y competitiva para cada ambiente productivo.<\/span><\/p>\n<p><span id=\"m_546213930447513158i0qjr\"><strong>Semillas de calidad, confianza para el futuro<\/strong><\/span><br \/>\n<span id=\"m_546213930447513158i0qjr\">El desarrollo del criadero no es un hecho aislado, sino parte de una estrategia m\u00e1s amplia de ACA y las Cooperativas. A trav\u00e9s de su red, la entidad construye una propuesta integral en comercializaci\u00f3n y log\u00edstica de granos, insumos agropecuarios y ganader\u00eda, comercio exterior y finanzas integradas. Acompa\u00f1ando a las Cooperativas y productores con soluciones completas desde la siembra hasta la cosecha.<\/span><br \/>\n<span id=\"m_546213930447513158i0qjr\">En ese esquema, el criadero de Cabildo es una expresi\u00f3n concreta de la inversi\u00f3n sostenida del sistema cooperativo en innovaci\u00f3n y desarrollo en el pa\u00eds, con impacto directo en la competitividad del productor agropecuario.<\/span><br \/>\n<span id=\"m_546213930447513158i0qjr\">A 50 a\u00f1os de su creaci\u00f3n, el criadero de Cabildo no solo celebra su historia. Consolida, sobre todo, el posicionamiento de los Trigos ACA como una propuesta comercial s\u00f3lida, con gen\u00e9tica propia, respaldo tecnol\u00f3gico y cercan\u00eda con el productor. Un recorrido que combina innovaci\u00f3n, territorio y confianza para seguir creciendo hacia adelante.<\/span><\/p>\n","protected":false},"excerpt":{"rendered":"<p>La historia del criadero de cereales de Cabildo cumple en 2026 medio siglo. Fue creado por ACA en 1976 para dar respuesta a los productores del sudoeste bonaerense que necesitaban variedades adaptadas a su regi\u00f3n. Hoy ese proyecto local se transform\u00f3 en una referencia regional e internacional que comercializa gen\u00e9tica argentina no solo en nuestro [&hellip;]<\/p>\n","protected":false},"author":3,"featured_media":136657,"comment_status":"closed","ping_status":"closed","sticky":false,"template":"","format":"standard","meta":{"footnotes":""},"categories":[26],"tags":[],"class_list":["post-136656","post","type-post","status-publish","format-standard","has-post-thumbnail","hentry","category-sociedad"],"yoast_head":"<!-- This site is optimized with the Yoast SEO plugin v25.9 - https:\/\/yoast.com\/wordpress\/plugins\/seo\/ -->\n<title>Un orgullo que naci\u00f3 del campo: 50 a\u00f1os del Criadero ACA Cabildo, la fuerza comercial de los Trigos Cooperativos - Noticias Radio Reflejos<\/title>\n<meta name=\"robots\" content=\"index, follow, max-snippet:-1, max-image-preview:large, max-video-preview:-1\" \/>\n<link rel=\"canonical\" href=\"https:\/\/www.noticiasradioreflejos.com.ar\/2021\/un-orgullo-que-nacio-del-campo-50-anos-del-criadero-aca-cabildo-la-fuerza-comercial-de-los-trigos-cooperativos\/\" \/>\n<meta property=\"og:locale\" content=\"es_ES\" \/>\n<meta property=\"og:type\" content=\"article\" \/>\n<meta property=\"og:title\" content=\"Un orgullo que naci\u00f3 del campo: 50 a\u00f1os del Criadero ACA Cabildo, la fuerza comercial de los Trigos Cooperativos - Noticias Radio Reflejos\" \/>\n<meta property=\"og:description\" content=\"La historia del criadero de cereales de Cabildo cumple en 2026 medio siglo. Fue creado por ACA en 1976 para dar respuesta a los productores del sudoeste bonaerense que necesitaban variedades adaptadas a su regi\u00f3n. Hoy ese proyecto local se transform\u00f3 en una referencia regional e internacional que comercializa gen\u00e9tica argentina no solo en nuestro [&hellip;]\" \/>\n<meta property=\"og:url\" content=\"https:\/\/www.noticiasradioreflejos.com.ar\/2021\/un-orgullo-que-nacio-del-campo-50-anos-del-criadero-aca-cabildo-la-fuerza-comercial-de-los-trigos-cooperativos\/\" \/>\n<meta property=\"og:site_name\" content=\"Noticias Radio Reflejos\" \/>\n<meta property=\"article:published_time\" content=\"2026-04-29T12:17:20+00:00\" \/>\n<meta property=\"article:modified_time\" content=\"2026-04-29T12:17:27+00:00\" \/>\n<meta property=\"og:image\" content=\"https:\/\/www.noticiasradioreflejos.com.ar\/2021\/wp-content\/uploads\/2026\/04\/unnamed-1.png\" \/>\n\t<meta property=\"og:image:width\" content=\"1279\" \/>\n\t<meta property=\"og:image:height\" content=\"720\" \/>\n\t<meta property=\"og:image:type\" content=\"image\/png\" \/>\n<meta name=\"author\" content=\"Arnaldo Botto\" \/>\n<meta name=\"twitter:card\" content=\"summary_large_image\" \/>\n<script type=\"application\/ld+json\" class=\"yoast-schema-graph\">{\"@context\":\"https:\/\/schema.org\",\"@graph\":[{\"@type\":\"WebPage\",\"@id\":\"https:\/\/www.noticiasradioreflejos.com.ar\/2021\/un-orgullo-que-nacio-del-campo-50-anos-del-criadero-aca-cabildo-la-fuerza-comercial-de-los-trigos-cooperativos\/\",\"url\":\"https:\/\/www.noticiasradioreflejos.com.ar\/2021\/un-orgullo-que-nacio-del-campo-50-anos-del-criadero-aca-cabildo-la-fuerza-comercial-de-los-trigos-cooperativos\/\",\"name\":\"Un orgullo que naci\u00f3 del campo: 50 a\u00f1os del Criadero ACA Cabildo, la fuerza comercial de los Trigos Cooperativos - Noticias Radio Reflejos\",\"isPartOf\":{\"@id\":\"https:\/\/www.noticiasradioreflejos.com.ar\/2021\/#website\"},\"primaryImageOfPage\":{\"@id\":\"https:\/\/www.noticiasradioreflejos.com.ar\/2021\/un-orgullo-que-nacio-del-campo-50-anos-del-criadero-aca-cabildo-la-fuerza-comercial-de-los-trigos-cooperativos\/#primaryimage\"},\"image\":{\"@id\":\"https:\/\/www.noticiasradioreflejos.com.ar\/2021\/un-orgullo-que-nacio-del-campo-50-anos-del-criadero-aca-cabildo-la-fuerza-comercial-de-los-trigos-cooperativos\/#primaryimage\"},\"thumbnailUrl\":\"https:\/\/www.noticiasradioreflejos.com.ar\/2021\/wp-content\/uploads\/2026\/04\/unnamed-1.png\",\"datePublished\":\"2026-04-29T12:17:20+00:00\",\"dateModified\":\"2026-04-29T12:17:27+00:00\",\"author\":{\"@id\":\"https:\/\/www.noticiasradioreflejos.com.ar\/2021\/#\/schema\/person\/ad82545263dcc5ec0996818884fd5fb1\"},\"breadcrumb\":{\"@id\":\"https:\/\/www.noticiasradioreflejos.com.ar\/2021\/un-orgullo-que-nacio-del-campo-50-anos-del-criadero-aca-cabildo-la-fuerza-comercial-de-los-trigos-cooperativos\/#breadcrumb\"},\"inLanguage\":\"es\",\"potentialAction\":[{\"@type\":\"ReadAction\",\"target\":[\"https:\/\/www.noticiasradioreflejos.com.ar\/2021\/un-orgullo-que-nacio-del-campo-50-anos-del-criadero-aca-cabildo-la-fuerza-comercial-de-los-trigos-cooperativos\/\"]}]},{\"@type\":\"ImageObject\",\"inLanguage\":\"es\",\"@id\":\"https:\/\/www.noticiasradioreflejos.com.ar\/2021\/un-orgullo-que-nacio-del-campo-50-anos-del-criadero-aca-cabildo-la-fuerza-comercial-de-los-trigos-cooperativos\/#primaryimage\",\"url\":\"https:\/\/www.noticiasradioreflejos.com.ar\/2021\/wp-content\/uploads\/2026\/04\/unnamed-1.png\",\"contentUrl\":\"https:\/\/www.noticiasradioreflejos.com.ar\/2021\/wp-content\/uploads\/2026\/04\/unnamed-1.png\",\"width\":1279,\"height\":720},{\"@type\":\"BreadcrumbList\",\"@id\":\"https:\/\/www.noticiasradioreflejos.com.ar\/2021\/un-orgullo-que-nacio-del-campo-50-anos-del-criadero-aca-cabildo-la-fuerza-comercial-de-los-trigos-cooperativos\/#breadcrumb\",\"itemListElement\":[{\"@type\":\"ListItem\",\"position\":1,\"name\":\"Portada\",\"item\":\"https:\/\/www.noticiasradioreflejos.com.ar\/2021\/\"},{\"@type\":\"ListItem\",\"position\":2,\"name\":\"Un orgullo que naci\u00f3 del campo: 50 a\u00f1os del Criadero ACA Cabildo, la fuerza comercial de los Trigos Cooperativos\"}]},{\"@type\":\"WebSite\",\"@id\":\"https:\/\/www.noticiasradioreflejos.com.ar\/2021\/#website\",\"url\":\"https:\/\/www.noticiasradioreflejos.com.ar\/2021\/\",\"name\":\"Noticias Radio Reflejos\",\"description\":\"Las noticias de mi comarca\",\"potentialAction\":[{\"@type\":\"SearchAction\",\"target\":{\"@type\":\"EntryPoint\",\"urlTemplate\":\"https:\/\/www.noticiasradioreflejos.com.ar\/2021\/?s={search_term_string}\"},\"query-input\":{\"@type\":\"PropertyValueSpecification\",\"valueRequired\":true,\"valueName\":\"search_term_string\"}}],\"inLanguage\":\"es\"},{\"@type\":\"Person\",\"@id\":\"https:\/\/www.noticiasradioreflejos.com.ar\/2021\/#\/schema\/person\/ad82545263dcc5ec0996818884fd5fb1\",\"name\":\"Arnaldo Botto\",\"image\":{\"@type\":\"ImageObject\",\"inLanguage\":\"es\",\"@id\":\"https:\/\/www.noticiasradioreflejos.com.ar\/2021\/#\/schema\/person\/image\/\",\"url\":\"https:\/\/secure.gravatar.com\/avatar\/55cb5e37c1efa326397366e6974cb338056df65cb50e7d64d1cf314e87504837?s=96&d=mm&r=g\",\"contentUrl\":\"https:\/\/secure.gravatar.com\/avatar\/55cb5e37c1efa326397366e6974cb338056df65cb50e7d64d1cf314e87504837?s=96&d=mm&r=g\",\"caption\":\"Arnaldo Botto\"},\"url\":\"https:\/\/www.noticiasradioreflejos.com.ar\/2021\/author\/arnaldo\/\"}]}<\/script>\n<!-- \/ Yoast SEO plugin. -->","yoast_head_json":{"title":"Un orgullo que naci\u00f3 del campo: 50 a\u00f1os del Criadero ACA Cabildo, la fuerza comercial de los Trigos Cooperativos - Noticias Radio Reflejos","robots":{"index":"index","follow":"follow","max-snippet":"max-snippet:-1","max-image-preview":"max-image-preview:large","max-video-preview":"max-video-preview:-1"},"canonical":"https:\/\/www.noticiasradioreflejos.com.ar\/2021\/un-orgullo-que-nacio-del-campo-50-anos-del-criadero-aca-cabildo-la-fuerza-comercial-de-los-trigos-cooperativos\/","og_locale":"es_ES","og_type":"article","og_title":"Un orgullo que naci\u00f3 del campo: 50 a\u00f1os del Criadero ACA Cabildo, la fuerza comercial de los Trigos Cooperativos - Noticias Radio Reflejos","og_description":"La historia del criadero de cereales de Cabildo cumple en 2026 medio siglo. Fue creado por ACA en 1976 para dar respuesta a los productores del sudoeste bonaerense que necesitaban variedades adaptadas a su regi\u00f3n. Hoy ese proyecto local se transform\u00f3 en una referencia regional e internacional que comercializa gen\u00e9tica argentina no solo en nuestro [&hellip;]","og_url":"https:\/\/www.noticiasradioreflejos.com.ar\/2021\/un-orgullo-que-nacio-del-campo-50-anos-del-criadero-aca-cabildo-la-fuerza-comercial-de-los-trigos-cooperativos\/","og_site_name":"Noticias Radio Reflejos","article_published_time":"2026-04-29T12:17:20+00:00","article_modified_time":"2026-04-29T12:17:27+00:00","og_image":[{"width":1279,"height":720,"url":"https:\/\/www.noticiasradioreflejos.com.ar\/2021\/wp-content\/uploads\/2026\/04\/unnamed-1.png","type":"image\/png"}],"author":"Arnaldo Botto","twitter_card":"summary_large_image","schema":{"@context":"https:\/\/schema.org","@graph":[{"@type":"WebPage","@id":"https:\/\/www.noticiasradioreflejos.com.ar\/2021\/un-orgullo-que-nacio-del-campo-50-anos-del-criadero-aca-cabildo-la-fuerza-comercial-de-los-trigos-cooperativos\/","url":"https:\/\/www.noticiasradioreflejos.com.ar\/2021\/un-orgullo-que-nacio-del-campo-50-anos-del-criadero-aca-cabildo-la-fuerza-comercial-de-los-trigos-cooperativos\/","name":"Un orgullo que naci\u00f3 del campo: 50 a\u00f1os del Criadero ACA Cabildo, la fuerza comercial de los Trigos Cooperativos - Noticias Radio Reflejos","isPartOf":{"@id":"https:\/\/www.noticiasradioreflejos.com.ar\/2021\/#website"},"primaryImageOfPage":{"@id":"https:\/\/www.noticiasradioreflejos.com.ar\/2021\/un-orgullo-que-nacio-del-campo-50-anos-del-criadero-aca-cabildo-la-fuerza-comercial-de-los-trigos-cooperativos\/#primaryimage"},"image":{"@id":"https:\/\/www.noticiasradioreflejos.com.ar\/2021\/un-orgullo-que-nacio-del-campo-50-anos-del-criadero-aca-cabildo-la-fuerza-comercial-de-los-trigos-cooperativos\/#primaryimage"},"thumbnailUrl":"https:\/\/www.noticiasradioreflejos.com.ar\/2021\/wp-content\/uploads\/2026\/04\/unnamed-1.png","datePublished":"2026-04-29T12:17:20+00:00","dateModified":"2026-04-29T12:17:27+00:00","author":{"@id":"https:\/\/www.noticiasradioreflejos.com.ar\/2021\/#\/schema\/person\/ad82545263dcc5ec0996818884fd5fb1"},"breadcrumb":{"@id":"https:\/\/www.noticiasradioreflejos.com.ar\/2021\/un-orgullo-que-nacio-del-campo-50-anos-del-criadero-aca-cabildo-la-fuerza-comercial-de-los-trigos-cooperativos\/#breadcrumb"},"inLanguage":"es","potentialAction":[{"@type":"ReadAction","target":["https:\/\/www.noticiasradioreflejos.com.ar\/2021\/un-orgullo-que-nacio-del-campo-50-anos-del-criadero-aca-cabildo-la-fuerza-comercial-de-los-trigos-cooperativos\/"]}]},{"@type":"ImageObject","inLanguage":"es","@id":"https:\/\/www.noticiasradioreflejos.com.ar\/2021\/un-orgullo-que-nacio-del-campo-50-anos-del-criadero-aca-cabildo-la-fuerza-comercial-de-los-trigos-cooperativos\/#primaryimage","url":"https:\/\/www.noticiasradioreflejos.com.ar\/2021\/wp-content\/uploads\/2026\/04\/unnamed-1.png","contentUrl":"https:\/\/www.noticiasradioreflejos.com.ar\/2021\/wp-content\/uploads\/2026\/04\/unnamed-1.png","width":1279,"height":720},{"@type":"BreadcrumbList","@id":"https:\/\/www.noticiasradioreflejos.com.ar\/2021\/un-orgullo-que-nacio-del-campo-50-anos-del-criadero-aca-cabildo-la-fuerza-comercial-de-los-trigos-cooperativos\/#breadcrumb","itemListElement":[{"@type":"ListItem","position":1,"name":"Portada","item":"https:\/\/www.noticiasradioreflejos.com.ar\/2021\/"},{"@type":"ListItem","position":2,"name":"Un orgullo que naci\u00f3 del campo: 50 a\u00f1os del Criadero ACA Cabildo, la fuerza comercial de los Trigos Cooperativos"}]},{"@type":"WebSite","@id":"https:\/\/www.noticiasradioreflejos.com.ar\/2021\/#website","url":"https:\/\/www.noticiasradioreflejos.com.ar\/2021\/","name":"Noticias Radio Reflejos","description":"Las noticias de mi comarca","potentialAction":[{"@type":"SearchAction","target":{"@type":"EntryPoint","urlTemplate":"https:\/\/www.noticiasradioreflejos.com.ar\/2021\/?s={search_term_string}"},"query-input":{"@type":"PropertyValueSpecification","valueRequired":true,"valueName":"search_term_string"}}],"inLanguage":"es"},{"@type":"Person","@id":"https:\/\/www.noticiasradioreflejos.com.ar\/2021\/#\/schema\/person\/ad82545263dcc5ec0996818884fd5fb1","name":"Arnaldo Botto","image":{"@type":"ImageObject","inLanguage":"es","@id":"https:\/\/www.noticiasradioreflejos.com.ar\/2021\/#\/schema\/person\/image\/","url":"https:\/\/secure.gravatar.com\/avatar\/55cb5e37c1efa326397366e6974cb338056df65cb50e7d64d1cf314e87504837?s=96&d=mm&r=g","contentUrl":"https:\/\/secure.gravatar.com\/avatar\/55cb5e37c1efa326397366e6974cb338056df65cb50e7d64d1cf314e87504837?s=96&d=mm&r=g","caption":"Arnaldo Botto"},"url":"https:\/\/www.noticiasradioreflejos.com.ar\/2021\/author\/arnaldo\/"}]}},"_links":{"self":[{"href":"https:\/\/www.noticiasradioreflejos.com.ar\/2021\/wp-json\/wp\/v2\/posts\/136656","targetHints":{"allow":["GET"]}}],"collection":[{"href":"https:\/\/www.noticiasradioreflejos.com.ar\/2021\/wp-json\/wp\/v2\/posts"}],"about":[{"href":"https:\/\/www.noticiasradioreflejos.com.ar\/2021\/wp-json\/wp\/v2\/types\/post"}],"author":[{"embeddable":true,"href":"https:\/\/www.noticiasradioreflejos.com.ar\/2021\/wp-json\/wp\/v2\/users\/3"}],"replies":[{"embeddable":true,"href":"https:\/\/www.noticiasradioreflejos.com.ar\/2021\/wp-json\/wp\/v2\/comments?post=136656"}],"version-history":[{"count":2,"href":"https:\/\/www.noticiasradioreflejos.com.ar\/2021\/wp-json\/wp\/v2\/posts\/136656\/revisions"}],"predecessor-version":[{"id":136661,"href":"https:\/\/www.noticiasradioreflejos.com.ar\/2021\/wp-json\/wp\/v2\/posts\/136656\/revisions\/136661"}],"wp:featuredmedia":[{"embeddable":true,"href":"https:\/\/www.noticiasradioreflejos.com.ar\/2021\/wp-json\/wp\/v2\/media\/136657"}],"wp:attachment":[{"href":"https:\/\/www.noticiasradioreflejos.com.ar\/2021\/wp-json\/wp\/v2\/media?parent=136656"}],"wp:term":[{"taxonomy":"category","embeddable":true,"href":"https:\/\/www.noticiasradioreflejos.com.ar\/2021\/wp-json\/wp\/v2\/categories?post=136656"},{"taxonomy":"post_tag","embeddable":true,"href":"https:\/\/www.noticiasradioreflejos.com.ar\/2021\/wp-json\/wp\/v2\/tags?post=136656"}],"curies":[{"name":"wp","href":"https:\/\/api.w.org\/{rel}","templated":true}]}}