{"id":136654,"date":"2026-04-29T07:58:02","date_gmt":"2026-04-29T10:58:02","guid":{"rendered":"https:\/\/www.noticiasradioreflejos.com.ar\/2021\/?p=136654"},"modified":"2026-04-29T07:58:02","modified_gmt":"2026-04-29T10:58:02","slug":"coopersive-informo-la-normalizacion-del-servicio-electrico-en-el-barrio-san-bernardo-tras-la-rotura-de-un-seccionador","status":"publish","type":"post","link":"https:\/\/www.noticiasradioreflejos.com.ar\/2021\/coopersive-informo-la-normalizacion-del-servicio-electrico-en-el-barrio-san-bernardo-tras-la-rotura-de-un-seccionador\/","title":{"rendered":"Coopersive inform\u00f3 la normalizaci\u00f3n del servicio el\u00e9ctrico en el Barrio San Bernardo tras la rotura de un seccionador"},"content":{"rendered":"<p>La Cooperativa de Electricidad de Sierra de la Ventana (Coopersive Ltda.) comunic\u00f3 que, a las 07:30 horas de este mi\u00e9rcoles 29 de abril, qued\u00f3 restablecido el suministro de energ\u00eda en el Barrio San Bernardo.<\/p>\n<p><!--more--><\/p>\n<p>El servicio se hab\u00eda visto afectado desde las 05:15 horas debido a la rotura de un seccionador ubicado en la intersecci\u00f3n de las calles Calfucura y Napost\u00e1. El Consejo de Administraci\u00f3n destac\u00f3 la labor de sus operarios, quienes solucionaron el inconveniente t\u00e9cnico para normalizar la prestaci\u00f3n en el sector afectado.<\/p>\n<p><iframe loading=\"lazy\" class=\"scribd_iframe_embed\" tabindex=\"0\" title=\"20260429 Coopersive Ltda Corte Energia San Bernardo\" src=\"https:\/\/www.scribd.com\/embeds\/1032780340\/content?start_page=1&amp;view_mode=scroll&amp;access_key=key-BuTYAYVMy3cs7RABx2ZY\" width=\"100%\" height=\"600\" frameborder=\"0\" scrolling=\"no\" data-auto-height=\"true\" data-aspect-ratio=\"0.7080062794348508\"><\/iframe><\/p>\n<p style=\"margin: 12px auto 6px auto; font-family: Helvetica,Arial,Sans-serif; font-size: 14px; line-height: normal; display: block;\"><a style=\"color: #098642; text-decoration: underline;\" title=\"View 20260429 Coopersive Ltda Corte Energia San Bernardo on Scribd\" href=\"https:\/\/www.scribd.com\/document\/1032780340\/20260429-Coopersive-Ltda-Corte-Energia-San-Bernardo#from_embed\"> 20260429 Coopersive Ltda Corte Energia San Bernardo <\/a> by <a style=\"color: #098642; text-decoration: underline;\" title=\"View FM Reflejos Sierra de la Ventana's profile on Scribd\" href=\"https:\/\/www.scribd.com\/user\/128459674\/FM-Reflejos-Sierra-de-la-Ventana#from_embed\"> FM Reflejos Sierra de la Ventana <\/a><\/p>\n<p>&nbsp;<\/p>\n","protected":false},"excerpt":{"rendered":"<p>La Cooperativa de Electricidad de Sierra de la Ventana (Coopersive Ltda.) comunic\u00f3 que, a las 07:30 horas de este mi\u00e9rcoles 29 de abril, qued\u00f3 restablecido el suministro de energ\u00eda en el Barrio San Bernardo.<\/p>\n","protected":false},"author":3,"featured_media":3991,"comment_status":"closed","ping_status":"closed","sticky":false,"template":"","format":"standard","meta":{"footnotes":""},"categories":[26],"tags":[],"class_list":["post-136654","post","type-post","status-publish","format-standard","has-post-thumbnail","hentry","category-sociedad"],"yoast_head":"<!-- This site is optimized with the Yoast SEO plugin v25.9 - https:\/\/yoast.com\/wordpress\/plugins\/seo\/ -->\n<title>Coopersive inform\u00f3 la normalizaci\u00f3n del servicio el\u00e9ctrico en el Barrio San Bernardo tras la rotura de un seccionador - Noticias Radio Reflejos<\/title>\n<meta name=\"robots\" content=\"index, follow, max-snippet:-1, max-image-preview:large, max-video-preview:-1\" \/>\n<link rel=\"canonical\" href=\"https:\/\/www.noticiasradioreflejos.com.ar\/2021\/coopersive-informo-la-normalizacion-del-servicio-electrico-en-el-barrio-san-bernardo-tras-la-rotura-de-un-seccionador\/\" \/>\n<meta property=\"og:locale\" content=\"es_ES\" \/>\n<meta property=\"og:type\" content=\"article\" \/>\n<meta property=\"og:title\" content=\"Coopersive inform\u00f3 la normalizaci\u00f3n del servicio el\u00e9ctrico en el Barrio San Bernardo tras la rotura de un seccionador - Noticias Radio Reflejos\" \/>\n<meta property=\"og:description\" content=\"La Cooperativa de Electricidad de Sierra de la Ventana (Coopersive Ltda.) comunic\u00f3 que, a las 07:30 horas de este mi\u00e9rcoles 29 de abril, qued\u00f3 restablecido el suministro de energ\u00eda en el Barrio San Bernardo.\" \/>\n<meta property=\"og:url\" content=\"https:\/\/www.noticiasradioreflejos.com.ar\/2021\/coopersive-informo-la-normalizacion-del-servicio-electrico-en-el-barrio-san-bernardo-tras-la-rotura-de-un-seccionador\/\" \/>\n<meta property=\"og:site_name\" content=\"Noticias Radio Reflejos\" \/>\n<meta property=\"article:published_time\" content=\"2026-04-29T10:58:02+00:00\" \/>\n<meta property=\"og:image\" content=\"https:\/\/www.noticiasradioreflejos.com.ar\/2021\/wp-content\/uploads\/2016\/11\/Corte_de_luz.jpg\" \/>\n\t<meta property=\"og:image:width\" content=\"600\" \/>\n\t<meta property=\"og:image:height\" content=\"400\" \/>\n\t<meta property=\"og:image:type\" content=\"image\/jpeg\" \/>\n<meta name=\"author\" content=\"Arnaldo Botto\" \/>\n<meta name=\"twitter:card\" content=\"summary_large_image\" \/>\n<script type=\"application\/ld+json\" class=\"yoast-schema-graph\">{\"@context\":\"https:\/\/schema.org\",\"@graph\":[{\"@type\":\"WebPage\",\"@id\":\"https:\/\/www.noticiasradioreflejos.com.ar\/2021\/coopersive-informo-la-normalizacion-del-servicio-electrico-en-el-barrio-san-bernardo-tras-la-rotura-de-un-seccionador\/\",\"url\":\"https:\/\/www.noticiasradioreflejos.com.ar\/2021\/coopersive-informo-la-normalizacion-del-servicio-electrico-en-el-barrio-san-bernardo-tras-la-rotura-de-un-seccionador\/\",\"name\":\"Coopersive inform\u00f3 la normalizaci\u00f3n del servicio el\u00e9ctrico en el Barrio San Bernardo tras la rotura de un seccionador - Noticias Radio Reflejos\",\"isPartOf\":{\"@id\":\"https:\/\/www.noticiasradioreflejos.com.ar\/2021\/#website\"},\"primaryImageOfPage\":{\"@id\":\"https:\/\/www.noticiasradioreflejos.com.ar\/2021\/coopersive-informo-la-normalizacion-del-servicio-electrico-en-el-barrio-san-bernardo-tras-la-rotura-de-un-seccionador\/#primaryimage\"},\"image\":{\"@id\":\"https:\/\/www.noticiasradioreflejos.com.ar\/2021\/coopersive-informo-la-normalizacion-del-servicio-electrico-en-el-barrio-san-bernardo-tras-la-rotura-de-un-seccionador\/#primaryimage\"},\"thumbnailUrl\":\"https:\/\/www.noticiasradioreflejos.com.ar\/2021\/wp-content\/uploads\/2016\/11\/Corte_de_luz.jpg\",\"datePublished\":\"2026-04-29T10:58:02+00:00\",\"author\":{\"@id\":\"https:\/\/www.noticiasradioreflejos.com.ar\/2021\/#\/schema\/person\/ad82545263dcc5ec0996818884fd5fb1\"},\"breadcrumb\":{\"@id\":\"https:\/\/www.noticiasradioreflejos.com.ar\/2021\/coopersive-informo-la-normalizacion-del-servicio-electrico-en-el-barrio-san-bernardo-tras-la-rotura-de-un-seccionador\/#breadcrumb\"},\"inLanguage\":\"es\",\"potentialAction\":[{\"@type\":\"ReadAction\",\"target\":[\"https:\/\/www.noticiasradioreflejos.com.ar\/2021\/coopersive-informo-la-normalizacion-del-servicio-electrico-en-el-barrio-san-bernardo-tras-la-rotura-de-un-seccionador\/\"]}]},{\"@type\":\"ImageObject\",\"inLanguage\":\"es\",\"@id\":\"https:\/\/www.noticiasradioreflejos.com.ar\/2021\/coopersive-informo-la-normalizacion-del-servicio-electrico-en-el-barrio-san-bernardo-tras-la-rotura-de-un-seccionador\/#primaryimage\",\"url\":\"https:\/\/www.noticiasradioreflejos.com.ar\/2021\/wp-content\/uploads\/2016\/11\/Corte_de_luz.jpg\",\"contentUrl\":\"https:\/\/www.noticiasradioreflejos.com.ar\/2021\/wp-content\/uploads\/2016\/11\/Corte_de_luz.jpg\",\"width\":600,\"height\":400},{\"@type\":\"BreadcrumbList\",\"@id\":\"https:\/\/www.noticiasradioreflejos.com.ar\/2021\/coopersive-informo-la-normalizacion-del-servicio-electrico-en-el-barrio-san-bernardo-tras-la-rotura-de-un-seccionador\/#breadcrumb\",\"itemListElement\":[{\"@type\":\"ListItem\",\"position\":1,\"name\":\"Portada\",\"item\":\"https:\/\/www.noticiasradioreflejos.com.ar\/2021\/\"},{\"@type\":\"ListItem\",\"position\":2,\"name\":\"Coopersive inform\u00f3 la normalizaci\u00f3n del servicio el\u00e9ctrico en el Barrio San Bernardo tras la rotura de un seccionador\"}]},{\"@type\":\"WebSite\",\"@id\":\"https:\/\/www.noticiasradioreflejos.com.ar\/2021\/#website\",\"url\":\"https:\/\/www.noticiasradioreflejos.com.ar\/2021\/\",\"name\":\"Noticias Radio Reflejos\",\"description\":\"Las noticias de mi comarca\",\"potentialAction\":[{\"@type\":\"SearchAction\",\"target\":{\"@type\":\"EntryPoint\",\"urlTemplate\":\"https:\/\/www.noticiasradioreflejos.com.ar\/2021\/?s={search_term_string}\"},\"query-input\":{\"@type\":\"PropertyValueSpecification\",\"valueRequired\":true,\"valueName\":\"search_term_string\"}}],\"inLanguage\":\"es\"},{\"@type\":\"Person\",\"@id\":\"https:\/\/www.noticiasradioreflejos.com.ar\/2021\/#\/schema\/person\/ad82545263dcc5ec0996818884fd5fb1\",\"name\":\"Arnaldo Botto\",\"image\":{\"@type\":\"ImageObject\",\"inLanguage\":\"es\",\"@id\":\"https:\/\/www.noticiasradioreflejos.com.ar\/2021\/#\/schema\/person\/image\/\",\"url\":\"https:\/\/secure.gravatar.com\/avatar\/55cb5e37c1efa326397366e6974cb338056df65cb50e7d64d1cf314e87504837?s=96&d=mm&r=g\",\"contentUrl\":\"https:\/\/secure.gravatar.com\/avatar\/55cb5e37c1efa326397366e6974cb338056df65cb50e7d64d1cf314e87504837?s=96&d=mm&r=g\",\"caption\":\"Arnaldo Botto\"},\"url\":\"https:\/\/www.noticiasradioreflejos.com.ar\/2021\/author\/arnaldo\/\"}]}<\/script>\n<!-- \/ Yoast SEO plugin. -->","yoast_head_json":{"title":"Coopersive inform\u00f3 la normalizaci\u00f3n del servicio el\u00e9ctrico en el Barrio San Bernardo tras la rotura de un seccionador - Noticias Radio Reflejos","robots":{"index":"index","follow":"follow","max-snippet":"max-snippet:-1","max-image-preview":"max-image-preview:large","max-video-preview":"max-video-preview:-1"},"canonical":"https:\/\/www.noticiasradioreflejos.com.ar\/2021\/coopersive-informo-la-normalizacion-del-servicio-electrico-en-el-barrio-san-bernardo-tras-la-rotura-de-un-seccionador\/","og_locale":"es_ES","og_type":"article","og_title":"Coopersive inform\u00f3 la normalizaci\u00f3n del servicio el\u00e9ctrico en el Barrio San Bernardo tras la rotura de un seccionador - Noticias Radio Reflejos","og_description":"La Cooperativa de Electricidad de Sierra de la Ventana (Coopersive Ltda.) comunic\u00f3 que, a las 07:30 horas de este mi\u00e9rcoles 29 de abril, qued\u00f3 restablecido el suministro de energ\u00eda en el Barrio San Bernardo.","og_url":"https:\/\/www.noticiasradioreflejos.com.ar\/2021\/coopersive-informo-la-normalizacion-del-servicio-electrico-en-el-barrio-san-bernardo-tras-la-rotura-de-un-seccionador\/","og_site_name":"Noticias Radio Reflejos","article_published_time":"2026-04-29T10:58:02+00:00","og_image":[{"width":600,"height":400,"url":"https:\/\/www.noticiasradioreflejos.com.ar\/2021\/wp-content\/uploads\/2016\/11\/Corte_de_luz.jpg","type":"image\/jpeg"}],"author":"Arnaldo Botto","twitter_card":"summary_large_image","schema":{"@context":"https:\/\/schema.org","@graph":[{"@type":"WebPage","@id":"https:\/\/www.noticiasradioreflejos.com.ar\/2021\/coopersive-informo-la-normalizacion-del-servicio-electrico-en-el-barrio-san-bernardo-tras-la-rotura-de-un-seccionador\/","url":"https:\/\/www.noticiasradioreflejos.com.ar\/2021\/coopersive-informo-la-normalizacion-del-servicio-electrico-en-el-barrio-san-bernardo-tras-la-rotura-de-un-seccionador\/","name":"Coopersive inform\u00f3 la normalizaci\u00f3n del servicio el\u00e9ctrico en el Barrio San Bernardo tras la rotura de un seccionador - Noticias Radio Reflejos","isPartOf":{"@id":"https:\/\/www.noticiasradioreflejos.com.ar\/2021\/#website"},"primaryImageOfPage":{"@id":"https:\/\/www.noticiasradioreflejos.com.ar\/2021\/coopersive-informo-la-normalizacion-del-servicio-electrico-en-el-barrio-san-bernardo-tras-la-rotura-de-un-seccionador\/#primaryimage"},"image":{"@id":"https:\/\/www.noticiasradioreflejos.com.ar\/2021\/coopersive-informo-la-normalizacion-del-servicio-electrico-en-el-barrio-san-bernardo-tras-la-rotura-de-un-seccionador\/#primaryimage"},"thumbnailUrl":"https:\/\/www.noticiasradioreflejos.com.ar\/2021\/wp-content\/uploads\/2016\/11\/Corte_de_luz.jpg","datePublished":"2026-04-29T10:58:02+00:00","author":{"@id":"https:\/\/www.noticiasradioreflejos.com.ar\/2021\/#\/schema\/person\/ad82545263dcc5ec0996818884fd5fb1"},"breadcrumb":{"@id":"https:\/\/www.noticiasradioreflejos.com.ar\/2021\/coopersive-informo-la-normalizacion-del-servicio-electrico-en-el-barrio-san-bernardo-tras-la-rotura-de-un-seccionador\/#breadcrumb"},"inLanguage":"es","potentialAction":[{"@type":"ReadAction","target":["https:\/\/www.noticiasradioreflejos.com.ar\/2021\/coopersive-informo-la-normalizacion-del-servicio-electrico-en-el-barrio-san-bernardo-tras-la-rotura-de-un-seccionador\/"]}]},{"@type":"ImageObject","inLanguage":"es","@id":"https:\/\/www.noticiasradioreflejos.com.ar\/2021\/coopersive-informo-la-normalizacion-del-servicio-electrico-en-el-barrio-san-bernardo-tras-la-rotura-de-un-seccionador\/#primaryimage","url":"https:\/\/www.noticiasradioreflejos.com.ar\/2021\/wp-content\/uploads\/2016\/11\/Corte_de_luz.jpg","contentUrl":"https:\/\/www.noticiasradioreflejos.com.ar\/2021\/wp-content\/uploads\/2016\/11\/Corte_de_luz.jpg","width":600,"height":400},{"@type":"BreadcrumbList","@id":"https:\/\/www.noticiasradioreflejos.com.ar\/2021\/coopersive-informo-la-normalizacion-del-servicio-electrico-en-el-barrio-san-bernardo-tras-la-rotura-de-un-seccionador\/#breadcrumb","itemListElement":[{"@type":"ListItem","position":1,"name":"Portada","item":"https:\/\/www.noticiasradioreflejos.com.ar\/2021\/"},{"@type":"ListItem","position":2,"name":"Coopersive inform\u00f3 la normalizaci\u00f3n del servicio el\u00e9ctrico en el Barrio San Bernardo tras la rotura de un seccionador"}]},{"@type":"WebSite","@id":"https:\/\/www.noticiasradioreflejos.com.ar\/2021\/#website","url":"https:\/\/www.noticiasradioreflejos.com.ar\/2021\/","name":"Noticias Radio Reflejos","description":"Las noticias de mi comarca","potentialAction":[{"@type":"SearchAction","target":{"@type":"EntryPoint","urlTemplate":"https:\/\/www.noticiasradioreflejos.com.ar\/2021\/?s={search_term_string}"},"query-input":{"@type":"PropertyValueSpecification","valueRequired":true,"valueName":"search_term_string"}}],"inLanguage":"es"},{"@type":"Person","@id":"https:\/\/www.noticiasradioreflejos.com.ar\/2021\/#\/schema\/person\/ad82545263dcc5ec0996818884fd5fb1","name":"Arnaldo Botto","image":{"@type":"ImageObject","inLanguage":"es","@id":"https:\/\/www.noticiasradioreflejos.com.ar\/2021\/#\/schema\/person\/image\/","url":"https:\/\/secure.gravatar.com\/avatar\/55cb5e37c1efa326397366e6974cb338056df65cb50e7d64d1cf314e87504837?s=96&d=mm&r=g","contentUrl":"https:\/\/secure.gravatar.com\/avatar\/55cb5e37c1efa326397366e6974cb338056df65cb50e7d64d1cf314e87504837?s=96&d=mm&r=g","caption":"Arnaldo Botto"},"url":"https:\/\/www.noticiasradioreflejos.com.ar\/2021\/author\/arnaldo\/"}]}},"_links":{"self":[{"href":"https:\/\/www.noticiasradioreflejos.com.ar\/2021\/wp-json\/wp\/v2\/posts\/136654","targetHints":{"allow":["GET"]}}],"collection":[{"href":"https:\/\/www.noticiasradioreflejos.com.ar\/2021\/wp-json\/wp\/v2\/posts"}],"about":[{"href":"https:\/\/www.noticiasradioreflejos.com.ar\/2021\/wp-json\/wp\/v2\/types\/post"}],"author":[{"embeddable":true,"href":"https:\/\/www.noticiasradioreflejos.com.ar\/2021\/wp-json\/wp\/v2\/users\/3"}],"replies":[{"embeddable":true,"href":"https:\/\/www.noticiasradioreflejos.com.ar\/2021\/wp-json\/wp\/v2\/comments?post=136654"}],"version-history":[{"count":1,"href":"https:\/\/www.noticiasradioreflejos.com.ar\/2021\/wp-json\/wp\/v2\/posts\/136654\/revisions"}],"predecessor-version":[{"id":136655,"href":"https:\/\/www.noticiasradioreflejos.com.ar\/2021\/wp-json\/wp\/v2\/posts\/136654\/revisions\/136655"}],"wp:featuredmedia":[{"embeddable":true,"href":"https:\/\/www.noticiasradioreflejos.com.ar\/2021\/wp-json\/wp\/v2\/media\/3991"}],"wp:attachment":[{"href":"https:\/\/www.noticiasradioreflejos.com.ar\/2021\/wp-json\/wp\/v2\/media?parent=136654"}],"wp:term":[{"taxonomy":"category","embeddable":true,"href":"https:\/\/www.noticiasradioreflejos.com.ar\/2021\/wp-json\/wp\/v2\/categories?post=136654"},{"taxonomy":"post_tag","embeddable":true,"href":"https:\/\/www.noticiasradioreflejos.com.ar\/2021\/wp-json\/wp\/v2\/tags?post=136654"}],"curies":[{"name":"wp","href":"https:\/\/api.w.org\/{rel}","templated":true}]}}