{"id":136651,"date":"2026-04-29T07:49:29","date_gmt":"2026-04-29T10:49:29","guid":{"rendered":"https:\/\/www.noticiasradioreflejos.com.ar\/2021\/?p=136651"},"modified":"2026-04-29T07:49:29","modified_gmt":"2026-04-29T10:49:29","slug":"intendentes-encabezan-una-movilizacion-a-capital-humano-por-fondos-adeudados","status":"publish","type":"post","link":"https:\/\/www.noticiasradioreflejos.com.ar\/2021\/intendentes-encabezan-una-movilizacion-a-capital-humano-por-fondos-adeudados\/","title":{"rendered":"Intendentes encabezan una movilizaci\u00f3n a Capital Humano por fondos adeudados"},"content":{"rendered":"<p>La decisi\u00f3n surgi\u00f3 en la \u00faltima reuni\u00f3n del Partido Justicialista bonaerense, que tuvo lugar en La Plata el pasado viernes.<!--more--><\/p>\n<div class=\"columns\" data-tadevel-template=\"web\/article-columns\">\n<div class=\"column-main\">\n<figure class=\"multimedia\" data-tadevel-template=\"web\/multimedia\" data-type=\"photo\">\n<div class=\"content\">\n<div class=\"sizer\" data-sizer=\"aspect-ratio\" data-tadevel-template=\"web\/aspect-ratio\"><\/div>\n<\/div><figcaption class=\"caption\"><\/figcaption><\/figure>\n<div class=\"article-body\" data-tadevel-template=\"web\/article-body\">\n<div class=\"article-body-content\">\n<p><a href=\"https:\/\/noticiasargentinas.com\/\"><strong>\u00a0<\/strong><\/a><strong>Funcionarios e intendentes bonaerenses<\/strong>\u00a0encabezar\u00e1n ma\u00f1ana una\u00a0<strong>marcha hacia el Ministerio de Capital Humano<\/strong>, a cargo de\u00a0<strong>Sandra Pettovello<\/strong>, para reclamar fondos adeudados de la Naci\u00f3n a la Provincia correspondientes al\u00a0<strong>Servicio Alimentario Escolar<\/strong>\u00a0(SAE).<\/p>\n<p>La decisi\u00f3n surgi\u00f3 en la \u00faltima reuni\u00f3n del Partido Justicialista bonaerense que tuvo lugar en La Plata el pasado viernes, donde tambi\u00e9n se acord\u00f3 actualizar y ampliar el padr\u00f3n de afiliados, seg\u00fan supo la\u00a0<a href=\"https:\/\/noticiasargentinas.com\/\">Agencia Noticias Argentinas<\/a>.<\/p>\n<p>El ministro de Desarrollo de la Comunidad bonaerense,\u00a0<strong>Andr\u00e9s \u201cCuervo\u201d Larroque,<\/strong>\u00a0precis\u00f3 en el c\u00f3nclave que la deuda de la Naci\u00f3n a la Provincia es de 220.000 millones de pesos por el SAE.<\/p>\n<p>El ministro de<strong>\u00a0Axel Kicillof\u00a0<\/strong>se\u00f1al\u00f3 que el Gobierno nacional se hab\u00eda comprometido a financiar el 20% del SAE pero solamente gir\u00f3 poco m\u00e1s del 10%.<\/p>\n<p>\u201c<strong>Lo que estamos pidiendo es que se cumpla con una parte m\u00ednima de lo que hist\u00f3ricamente aportaba el Estado nacional\u201d<\/strong>, reclam\u00f3 Larroque.<\/p>\n<p><a href=\"https:\/\/noticiasargentinas.com\/-agenciana_t6916e70a4551e78eb9423f59\">#AgenciaNA<\/a><\/p>\n<\/div>\n<\/div>\n<\/div>\n<\/div>\n","protected":false},"excerpt":{"rendered":"<p>La decisi\u00f3n surgi\u00f3 en la \u00faltima reuni\u00f3n del Partido Justicialista bonaerense, que tuvo lugar en La Plata el pasado viernes.<\/p>\n","protected":false},"author":3,"featured_media":136652,"comment_status":"closed","ping_status":"closed","sticky":false,"template":"","format":"standard","meta":{"footnotes":""},"categories":[24],"tags":[],"class_list":["post-136651","post","type-post","status-publish","format-standard","has-post-thumbnail","hentry","category-politica"],"yoast_head":"<!-- This site is optimized with the Yoast SEO plugin v25.9 - https:\/\/yoast.com\/wordpress\/plugins\/seo\/ -->\n<title>Intendentes encabezan una movilizaci\u00f3n a Capital Humano por fondos adeudados - Noticias Radio Reflejos<\/title>\n<meta name=\"robots\" content=\"index, follow, max-snippet:-1, max-image-preview:large, max-video-preview:-1\" \/>\n<link rel=\"canonical\" href=\"https:\/\/www.noticiasradioreflejos.com.ar\/2021\/intendentes-encabezan-una-movilizacion-a-capital-humano-por-fondos-adeudados\/\" \/>\n<meta property=\"og:locale\" content=\"es_ES\" \/>\n<meta property=\"og:type\" content=\"article\" \/>\n<meta property=\"og:title\" content=\"Intendentes encabezan una movilizaci\u00f3n a Capital Humano por fondos adeudados - Noticias Radio Reflejos\" \/>\n<meta property=\"og:description\" content=\"La decisi\u00f3n surgi\u00f3 en la \u00faltima reuni\u00f3n del Partido Justicialista bonaerense, que tuvo lugar en La Plata el pasado viernes.\" \/>\n<meta property=\"og:url\" content=\"https:\/\/www.noticiasradioreflejos.com.ar\/2021\/intendentes-encabezan-una-movilizacion-a-capital-humano-por-fondos-adeudados\/\" \/>\n<meta property=\"og:site_name\" content=\"Noticias Radio Reflejos\" \/>\n<meta property=\"article:published_time\" content=\"2026-04-29T10:49:29+00:00\" \/>\n<meta property=\"og:image\" content=\"https:\/\/www.noticiasradioreflejos.com.ar\/2021\/wp-content\/uploads\/2026\/04\/720-10.webp\" \/>\n\t<meta property=\"og:image:width\" content=\"1072\" \/>\n\t<meta property=\"og:image:height\" content=\"720\" \/>\n\t<meta property=\"og:image:type\" content=\"image\/webp\" \/>\n<meta name=\"author\" content=\"Arnaldo Botto\" \/>\n<meta name=\"twitter:card\" content=\"summary_large_image\" \/>\n<script type=\"application\/ld+json\" class=\"yoast-schema-graph\">{\"@context\":\"https:\/\/schema.org\",\"@graph\":[{\"@type\":\"WebPage\",\"@id\":\"https:\/\/www.noticiasradioreflejos.com.ar\/2021\/intendentes-encabezan-una-movilizacion-a-capital-humano-por-fondos-adeudados\/\",\"url\":\"https:\/\/www.noticiasradioreflejos.com.ar\/2021\/intendentes-encabezan-una-movilizacion-a-capital-humano-por-fondos-adeudados\/\",\"name\":\"Intendentes encabezan una movilizaci\u00f3n a Capital Humano por fondos adeudados - Noticias Radio Reflejos\",\"isPartOf\":{\"@id\":\"https:\/\/www.noticiasradioreflejos.com.ar\/2021\/#website\"},\"primaryImageOfPage\":{\"@id\":\"https:\/\/www.noticiasradioreflejos.com.ar\/2021\/intendentes-encabezan-una-movilizacion-a-capital-humano-por-fondos-adeudados\/#primaryimage\"},\"image\":{\"@id\":\"https:\/\/www.noticiasradioreflejos.com.ar\/2021\/intendentes-encabezan-una-movilizacion-a-capital-humano-por-fondos-adeudados\/#primaryimage\"},\"thumbnailUrl\":\"https:\/\/www.noticiasradioreflejos.com.ar\/2021\/wp-content\/uploads\/2026\/04\/720-10.webp\",\"datePublished\":\"2026-04-29T10:49:29+00:00\",\"author\":{\"@id\":\"https:\/\/www.noticiasradioreflejos.com.ar\/2021\/#\/schema\/person\/ad82545263dcc5ec0996818884fd5fb1\"},\"breadcrumb\":{\"@id\":\"https:\/\/www.noticiasradioreflejos.com.ar\/2021\/intendentes-encabezan-una-movilizacion-a-capital-humano-por-fondos-adeudados\/#breadcrumb\"},\"inLanguage\":\"es\",\"potentialAction\":[{\"@type\":\"ReadAction\",\"target\":[\"https:\/\/www.noticiasradioreflejos.com.ar\/2021\/intendentes-encabezan-una-movilizacion-a-capital-humano-por-fondos-adeudados\/\"]}]},{\"@type\":\"ImageObject\",\"inLanguage\":\"es\",\"@id\":\"https:\/\/www.noticiasradioreflejos.com.ar\/2021\/intendentes-encabezan-una-movilizacion-a-capital-humano-por-fondos-adeudados\/#primaryimage\",\"url\":\"https:\/\/www.noticiasradioreflejos.com.ar\/2021\/wp-content\/uploads\/2026\/04\/720-10.webp\",\"contentUrl\":\"https:\/\/www.noticiasradioreflejos.com.ar\/2021\/wp-content\/uploads\/2026\/04\/720-10.webp\",\"width\":1072,\"height\":720},{\"@type\":\"BreadcrumbList\",\"@id\":\"https:\/\/www.noticiasradioreflejos.com.ar\/2021\/intendentes-encabezan-una-movilizacion-a-capital-humano-por-fondos-adeudados\/#breadcrumb\",\"itemListElement\":[{\"@type\":\"ListItem\",\"position\":1,\"name\":\"Portada\",\"item\":\"https:\/\/www.noticiasradioreflejos.com.ar\/2021\/\"},{\"@type\":\"ListItem\",\"position\":2,\"name\":\"Intendentes encabezan una movilizaci\u00f3n a Capital Humano por fondos adeudados\"}]},{\"@type\":\"WebSite\",\"@id\":\"https:\/\/www.noticiasradioreflejos.com.ar\/2021\/#website\",\"url\":\"https:\/\/www.noticiasradioreflejos.com.ar\/2021\/\",\"name\":\"Noticias Radio Reflejos\",\"description\":\"Las noticias de mi comarca\",\"potentialAction\":[{\"@type\":\"SearchAction\",\"target\":{\"@type\":\"EntryPoint\",\"urlTemplate\":\"https:\/\/www.noticiasradioreflejos.com.ar\/2021\/?s={search_term_string}\"},\"query-input\":{\"@type\":\"PropertyValueSpecification\",\"valueRequired\":true,\"valueName\":\"search_term_string\"}}],\"inLanguage\":\"es\"},{\"@type\":\"Person\",\"@id\":\"https:\/\/www.noticiasradioreflejos.com.ar\/2021\/#\/schema\/person\/ad82545263dcc5ec0996818884fd5fb1\",\"name\":\"Arnaldo Botto\",\"image\":{\"@type\":\"ImageObject\",\"inLanguage\":\"es\",\"@id\":\"https:\/\/www.noticiasradioreflejos.com.ar\/2021\/#\/schema\/person\/image\/\",\"url\":\"https:\/\/secure.gravatar.com\/avatar\/55cb5e37c1efa326397366e6974cb338056df65cb50e7d64d1cf314e87504837?s=96&d=mm&r=g\",\"contentUrl\":\"https:\/\/secure.gravatar.com\/avatar\/55cb5e37c1efa326397366e6974cb338056df65cb50e7d64d1cf314e87504837?s=96&d=mm&r=g\",\"caption\":\"Arnaldo Botto\"},\"url\":\"https:\/\/www.noticiasradioreflejos.com.ar\/2021\/author\/arnaldo\/\"}]}<\/script>\n<!-- \/ Yoast SEO plugin. -->","yoast_head_json":{"title":"Intendentes encabezan una movilizaci\u00f3n a Capital Humano por fondos adeudados - Noticias Radio Reflejos","robots":{"index":"index","follow":"follow","max-snippet":"max-snippet:-1","max-image-preview":"max-image-preview:large","max-video-preview":"max-video-preview:-1"},"canonical":"https:\/\/www.noticiasradioreflejos.com.ar\/2021\/intendentes-encabezan-una-movilizacion-a-capital-humano-por-fondos-adeudados\/","og_locale":"es_ES","og_type":"article","og_title":"Intendentes encabezan una movilizaci\u00f3n a Capital Humano por fondos adeudados - Noticias Radio Reflejos","og_description":"La decisi\u00f3n surgi\u00f3 en la \u00faltima reuni\u00f3n del Partido Justicialista bonaerense, que tuvo lugar en La Plata el pasado viernes.","og_url":"https:\/\/www.noticiasradioreflejos.com.ar\/2021\/intendentes-encabezan-una-movilizacion-a-capital-humano-por-fondos-adeudados\/","og_site_name":"Noticias Radio Reflejos","article_published_time":"2026-04-29T10:49:29+00:00","og_image":[{"width":1072,"height":720,"url":"https:\/\/www.noticiasradioreflejos.com.ar\/2021\/wp-content\/uploads\/2026\/04\/720-10.webp","type":"image\/webp"}],"author":"Arnaldo Botto","twitter_card":"summary_large_image","schema":{"@context":"https:\/\/schema.org","@graph":[{"@type":"WebPage","@id":"https:\/\/www.noticiasradioreflejos.com.ar\/2021\/intendentes-encabezan-una-movilizacion-a-capital-humano-por-fondos-adeudados\/","url":"https:\/\/www.noticiasradioreflejos.com.ar\/2021\/intendentes-encabezan-una-movilizacion-a-capital-humano-por-fondos-adeudados\/","name":"Intendentes encabezan una movilizaci\u00f3n a Capital Humano por fondos adeudados - Noticias Radio Reflejos","isPartOf":{"@id":"https:\/\/www.noticiasradioreflejos.com.ar\/2021\/#website"},"primaryImageOfPage":{"@id":"https:\/\/www.noticiasradioreflejos.com.ar\/2021\/intendentes-encabezan-una-movilizacion-a-capital-humano-por-fondos-adeudados\/#primaryimage"},"image":{"@id":"https:\/\/www.noticiasradioreflejos.com.ar\/2021\/intendentes-encabezan-una-movilizacion-a-capital-humano-por-fondos-adeudados\/#primaryimage"},"thumbnailUrl":"https:\/\/www.noticiasradioreflejos.com.ar\/2021\/wp-content\/uploads\/2026\/04\/720-10.webp","datePublished":"2026-04-29T10:49:29+00:00","author":{"@id":"https:\/\/www.noticiasradioreflejos.com.ar\/2021\/#\/schema\/person\/ad82545263dcc5ec0996818884fd5fb1"},"breadcrumb":{"@id":"https:\/\/www.noticiasradioreflejos.com.ar\/2021\/intendentes-encabezan-una-movilizacion-a-capital-humano-por-fondos-adeudados\/#breadcrumb"},"inLanguage":"es","potentialAction":[{"@type":"ReadAction","target":["https:\/\/www.noticiasradioreflejos.com.ar\/2021\/intendentes-encabezan-una-movilizacion-a-capital-humano-por-fondos-adeudados\/"]}]},{"@type":"ImageObject","inLanguage":"es","@id":"https:\/\/www.noticiasradioreflejos.com.ar\/2021\/intendentes-encabezan-una-movilizacion-a-capital-humano-por-fondos-adeudados\/#primaryimage","url":"https:\/\/www.noticiasradioreflejos.com.ar\/2021\/wp-content\/uploads\/2026\/04\/720-10.webp","contentUrl":"https:\/\/www.noticiasradioreflejos.com.ar\/2021\/wp-content\/uploads\/2026\/04\/720-10.webp","width":1072,"height":720},{"@type":"BreadcrumbList","@id":"https:\/\/www.noticiasradioreflejos.com.ar\/2021\/intendentes-encabezan-una-movilizacion-a-capital-humano-por-fondos-adeudados\/#breadcrumb","itemListElement":[{"@type":"ListItem","position":1,"name":"Portada","item":"https:\/\/www.noticiasradioreflejos.com.ar\/2021\/"},{"@type":"ListItem","position":2,"name":"Intendentes encabezan una movilizaci\u00f3n a Capital Humano por fondos adeudados"}]},{"@type":"WebSite","@id":"https:\/\/www.noticiasradioreflejos.com.ar\/2021\/#website","url":"https:\/\/www.noticiasradioreflejos.com.ar\/2021\/","name":"Noticias Radio Reflejos","description":"Las noticias de mi comarca","potentialAction":[{"@type":"SearchAction","target":{"@type":"EntryPoint","urlTemplate":"https:\/\/www.noticiasradioreflejos.com.ar\/2021\/?s={search_term_string}"},"query-input":{"@type":"PropertyValueSpecification","valueRequired":true,"valueName":"search_term_string"}}],"inLanguage":"es"},{"@type":"Person","@id":"https:\/\/www.noticiasradioreflejos.com.ar\/2021\/#\/schema\/person\/ad82545263dcc5ec0996818884fd5fb1","name":"Arnaldo Botto","image":{"@type":"ImageObject","inLanguage":"es","@id":"https:\/\/www.noticiasradioreflejos.com.ar\/2021\/#\/schema\/person\/image\/","url":"https:\/\/secure.gravatar.com\/avatar\/55cb5e37c1efa326397366e6974cb338056df65cb50e7d64d1cf314e87504837?s=96&d=mm&r=g","contentUrl":"https:\/\/secure.gravatar.com\/avatar\/55cb5e37c1efa326397366e6974cb338056df65cb50e7d64d1cf314e87504837?s=96&d=mm&r=g","caption":"Arnaldo Botto"},"url":"https:\/\/www.noticiasradioreflejos.com.ar\/2021\/author\/arnaldo\/"}]}},"_links":{"self":[{"href":"https:\/\/www.noticiasradioreflejos.com.ar\/2021\/wp-json\/wp\/v2\/posts\/136651","targetHints":{"allow":["GET"]}}],"collection":[{"href":"https:\/\/www.noticiasradioreflejos.com.ar\/2021\/wp-json\/wp\/v2\/posts"}],"about":[{"href":"https:\/\/www.noticiasradioreflejos.com.ar\/2021\/wp-json\/wp\/v2\/types\/post"}],"author":[{"embeddable":true,"href":"https:\/\/www.noticiasradioreflejos.com.ar\/2021\/wp-json\/wp\/v2\/users\/3"}],"replies":[{"embeddable":true,"href":"https:\/\/www.noticiasradioreflejos.com.ar\/2021\/wp-json\/wp\/v2\/comments?post=136651"}],"version-history":[{"count":1,"href":"https:\/\/www.noticiasradioreflejos.com.ar\/2021\/wp-json\/wp\/v2\/posts\/136651\/revisions"}],"predecessor-version":[{"id":136653,"href":"https:\/\/www.noticiasradioreflejos.com.ar\/2021\/wp-json\/wp\/v2\/posts\/136651\/revisions\/136653"}],"wp:featuredmedia":[{"embeddable":true,"href":"https:\/\/www.noticiasradioreflejos.com.ar\/2021\/wp-json\/wp\/v2\/media\/136652"}],"wp:attachment":[{"href":"https:\/\/www.noticiasradioreflejos.com.ar\/2021\/wp-json\/wp\/v2\/media?parent=136651"}],"wp:term":[{"taxonomy":"category","embeddable":true,"href":"https:\/\/www.noticiasradioreflejos.com.ar\/2021\/wp-json\/wp\/v2\/categories?post=136651"},{"taxonomy":"post_tag","embeddable":true,"href":"https:\/\/www.noticiasradioreflejos.com.ar\/2021\/wp-json\/wp\/v2\/tags?post=136651"}],"curies":[{"name":"wp","href":"https:\/\/api.w.org\/{rel}","templated":true}]}}