{"id":136648,"date":"2026-04-29T07:46:24","date_gmt":"2026-04-29T10:46:24","guid":{"rendered":"https:\/\/www.noticiasradioreflejos.com.ar\/2021\/?p=136648"},"modified":"2026-04-29T07:46:24","modified_gmt":"2026-04-29T10:46:24","slug":"apagon-informativo-en-el-servicio-meteorologico-y-protesta-contra-sturzenegger-por-los-despidos","status":"publish","type":"post","link":"https:\/\/www.noticiasradioreflejos.com.ar\/2021\/apagon-informativo-en-el-servicio-meteorologico-y-protesta-contra-sturzenegger-por-los-despidos\/","title":{"rendered":"Apag\u00f3n informativo en el Servicio Meteorol\u00f3gico y protesta contra Sturzenegger por los despidos"},"content":{"rendered":"<p>Trabajadores del SMN realizar\u00e1n un paro con interrupci\u00f3n parcial de la difusi\u00f3n de datos en rechazo a los despidos. Desde ATE cuestionan los argumentos del ministro de Desregulaci\u00f3n y advierten sobre el impacto del recorte en un servicio considerado estrat\u00e9gico.<!--more--><\/p>\n<p>El conflicto en el\u00a0<a class=\"link\" href=\"https:\/\/www.eldiarioar.com\/temas\/servicio-meteorologico-nacional\/\" data-mrf-recirculation=\"links-noticia\" data-mrf-link=\"https:\/\/www.eldiarioar.com\/temas\/servicio-meteorologico-nacional\/\">Servicio Meteorol\u00f3gico Nacional (SMN)<\/a>\u00a0sumar\u00e1 este jueves un nuevo cap\u00edtulo con un\u00a0<strong>\u201capag\u00f3n informativo\u201d<\/strong>\u00a0de 24 horas, en el marco de un paro convocado por trabajadores en rechazo a los despidos en el organismo. La medida, impulsada por la\u00a0<strong>Asociaci\u00f3n Trabajadores del Estado (ATE)<\/strong>, se inscribe en una creciente tensi\u00f3n con el ministro de Desregulaci\u00f3n,\u00a0<a class=\"link\" href=\"https:\/\/www.eldiarioar.com\/temas\/federico-sturzenegger\/\" data-mrf-recirculation=\"links-noticia\" data-mrf-link=\"https:\/\/www.eldiarioar.com\/temas\/federico-sturzenegger\/\">Federico Sturzenegger<\/a>, a quien acusan de difundir informaci\u00f3n \u201cfalsa\u201d para justificar el ajuste.<\/p>\n<aside class=\"know-more know-more--with-image\">&nbsp;<\/p>\n<\/aside>\n<p class=\"article-text\"><strong>La protesta se produce luego de que el funcionario defendiera p\u00fablicamente una reducci\u00f3n de personal en el SMN y planteara la necesidad de avanzar hacia un esquema con mayor automatizaci\u00f3n y menor dotaci\u00f3n.<\/strong>\u00a0Seg\u00fan expres\u00f3, el organismo cuenta con cerca de mil empleados, pero podr\u00eda ofrecer \u201cun mejor producto\u201d con unas 150 personas y mayor incorporaci\u00f3n de tecnolog\u00eda.<\/p>\n<p class=\"article-text\">Desde el sindicato rechazaron esos argumentos.<strong>\u00a0La delegada de ATE en el organismo, Ana Saralegui, sostuvo que las cifras difundidas por el ministro no son correctas<\/strong>: \u201cNo somos 20 meteor\u00f3logos, somos 148, y no hay 100 estaciones sino 120\u201d, afirm\u00f3. En ese sentido, calific\u00f3 la pol\u00edtica oficial como \u201cun vaciamiento disfrazado de modernizaci\u00f3n\u201d.<\/p>\n<figure><picture class=\"news-image\"><source srcset=\"https:\/\/static.eldiario.es\/clip\/6ca6e93b-956a-46e0-be62-de53549ff5b5_16-9-discover-aspect-ratio_50p_0.webp\" type=\"image\/webp\" media=\"(max-width: 576px)\" \/><source srcset=\"https:\/\/static.eldiario.es\/clip\/6ca6e93b-956a-46e0-be62-de53549ff5b5_16-9-discover-aspect-ratio_50p_0.jpg\" type=\"image\/jpg\" media=\"(max-width: 576px)\" \/><source srcset=\"https:\/\/static.eldiario.es\/clip\/6ca6e93b-956a-46e0-be62-de53549ff5b5_16-9-discover-aspect-ratio_75p_0.webp\" type=\"image\/webp\" media=\"(max-width: 767px)\" \/><source srcset=\"https:\/\/static.eldiario.es\/clip\/6ca6e93b-956a-46e0-be62-de53549ff5b5_16-9-discover-aspect-ratio_75p_0.jpg\" type=\"image\/jpg\" media=\"(max-width: 767px)\" \/><source srcset=\"https:\/\/static.eldiario.es\/clip\/6ca6e93b-956a-46e0-be62-de53549ff5b5_16-9-discover-aspect-ratio_default_0.webp\" type=\"image\/webp\" media=\"(min-width: 768px)\" \/><source srcset=\"https:\/\/static.eldiario.es\/clip\/6ca6e93b-956a-46e0-be62-de53549ff5b5_16-9-discover-aspect-ratio_default_0.jpg\" type=\"image\/jpg\" media=\"(min-width: 768px)\" \/><source srcset=\"https:\/\/static.eldiario.es\/clip\/6ca6e93b-956a-46e0-be62-de53549ff5b5_16-9-discover-aspect-ratio_default_0.webp\" type=\"image\/webp\" \/><img decoding=\"async\" class=\"lazy entered loaded\" src=\"https:\/\/static.eldiario.es\/clip\/6ca6e93b-956a-46e0-be62-de53549ff5b5_16-9-discover-aspect-ratio_default_0.jpg\" alt=\"El ministro de Desregulaci\u00f3n, Federico Sturzenegger\" data-src=\"https:\/\/static.eldiario.es\/clip\/6ca6e93b-956a-46e0-be62-de53549ff5b5_16-9-discover-aspect-ratio_default_0.jpg\" data-ll-status=\"loaded\" \/><\/picture><figcaption class=\"image-footer\"><em><span class=\"title\">El ministro de Desregulaci\u00f3n, Federico Sturzenegger\u00a0<span class=\"author\">NA<\/span><\/span><\/em><\/figcaption><\/figure>\n<p>&nbsp;<\/p>\n<p class=\"article-text\">El reclamo sindical apunta a los despidos ya concretados -alrededor de 140- y a un recorte que, seg\u00fan denuncian, podr\u00eda alcanzar a 240 trabajadores, lo que implicar\u00eda una reducci\u00f3n cercana al 30% del personal civil.\u00a0<strong>La medida de fuerza prevista para este jueves incluir\u00e1 un paro de actividades y la interrupci\u00f3n parcial de la difusi\u00f3n de informaci\u00f3n meteorol\u00f3gica.<\/strong><\/p>\n<p class=\"article-text\">No obstante, el impacto del apag\u00f3n ser\u00e1 limitado en \u00e1reas consideradas esenciales. El servicio meteorol\u00f3gico aplicado a la aviaci\u00f3n deber\u00e1 mantenerse operativo, dado su car\u00e1cter cr\u00edtico para la seguridad y la programaci\u00f3n de vuelos. Aun as\u00ed, desde el gremio advierten que la reducci\u00f3n de personal ya est\u00e1 afectando la capacidad operativa del organismo.<\/p>\n<p class=\"article-text\">En particular, se\u00f1alaron que varias estaciones meteorol\u00f3gicas dejaron de realizar observaciones nocturnas, lo que genera \u201cventanas\u201d sin registro de datos que pueden extenderse entre 9 y 12 horas. \u201cSe est\u00e1n perdiendo observaciones clave y se interrumpen series de datos que son muy importantes\u201d, explic\u00f3 Saralegui.<\/p>\n<p class=\"article-text\">La discusi\u00f3n tambi\u00e9n incluye el rol de la tecnolog\u00eda en el sistema. Mientras el Gobierno impulsa una mayor automatizaci\u00f3n, los trabajadores sostienen que las estaciones autom\u00e1ticas no reemplazan completamente la observaci\u00f3n humana. Seg\u00fan indicaron, estos sistemas requieren per\u00edodos de prueba prolongados, mantenimiento constante y supervisi\u00f3n t\u00e9cnica.<\/p>\n<p class=\"article-text\">Adem\u00e1s, cuestionaron la decisi\u00f3n oficial de haber dado de baja una licitaci\u00f3n previa para la compra de equipamiento, lo que -afirman- contradice el argumento de modernizaci\u00f3n. \u201cSe habla de incorporar tecnolog\u00eda, pero no hay un plan claro ni plazos definidos\u201d, se\u00f1alaron.<\/p>\n<p class=\"article-text\">En paralelo, el conflicto se vincula con cambios recientes en la estructura del servicio meteorol\u00f3gico para la navegaci\u00f3n a\u00e9rea. A partir de una nueva normativa, la Empresa Argentina de Navegaci\u00f3n A\u00e9rea (EANA) qued\u00f3 habilitada para contratar la provisi\u00f3n de informaci\u00f3n meteorol\u00f3gica a otros proveedores, lo que abre la posibilidad de una reconfiguraci\u00f3n del sistema actual.<\/p>\n<div id=\"container-after-news-outlook\"><\/div>\n<p class=\"article-text\">Desde ATE interpretan esta medida como parte de un proceso de tercerizaci\u00f3n, mientras que el Gobierno la justifica en la necesidad de garantizar la continuidad y eficiencia de un servicio considerado estrat\u00e9gico.<\/p>\n<p class=\"article-text\"><em>Con informaci\u00f3n de la agencia NA<\/em><\/p>\n","protected":false},"excerpt":{"rendered":"<p>Trabajadores del SMN realizar\u00e1n un paro con interrupci\u00f3n parcial de la difusi\u00f3n de datos en rechazo a los despidos. Desde ATE cuestionan los argumentos del ministro de Desregulaci\u00f3n y advierten sobre el impacto del recorte en un servicio considerado estrat\u00e9gico.<\/p>\n","protected":false},"author":3,"featured_media":136649,"comment_status":"closed","ping_status":"closed","sticky":false,"template":"","format":"standard","meta":{"footnotes":""},"categories":[24,26],"tags":[],"class_list":["post-136648","post","type-post","status-publish","format-standard","has-post-thumbnail","hentry","category-politica","category-sociedad"],"yoast_head":"<!-- This site is optimized with the Yoast SEO plugin v25.9 - https:\/\/yoast.com\/wordpress\/plugins\/seo\/ -->\n<title>Apag\u00f3n informativo en el Servicio Meteorol\u00f3gico y protesta contra Sturzenegger por los despidos - Noticias Radio Reflejos<\/title>\n<meta name=\"robots\" content=\"index, follow, max-snippet:-1, max-image-preview:large, max-video-preview:-1\" \/>\n<link rel=\"canonical\" href=\"https:\/\/www.noticiasradioreflejos.com.ar\/2021\/apagon-informativo-en-el-servicio-meteorologico-y-protesta-contra-sturzenegger-por-los-despidos\/\" \/>\n<meta property=\"og:locale\" content=\"es_ES\" \/>\n<meta property=\"og:type\" content=\"article\" \/>\n<meta property=\"og:title\" content=\"Apag\u00f3n informativo en el Servicio Meteorol\u00f3gico y protesta contra Sturzenegger por los despidos - Noticias Radio Reflejos\" \/>\n<meta property=\"og:description\" content=\"Trabajadores del SMN realizar\u00e1n un paro con interrupci\u00f3n parcial de la difusi\u00f3n de datos en rechazo a los despidos. Desde ATE cuestionan los argumentos del ministro de Desregulaci\u00f3n y advierten sobre el impacto del recorte en un servicio considerado estrat\u00e9gico.\" \/>\n<meta property=\"og:url\" content=\"https:\/\/www.noticiasradioreflejos.com.ar\/2021\/apagon-informativo-en-el-servicio-meteorologico-y-protesta-contra-sturzenegger-por-los-despidos\/\" \/>\n<meta property=\"og:site_name\" content=\"Noticias Radio Reflejos\" \/>\n<meta property=\"article:published_time\" content=\"2026-04-29T10:46:24+00:00\" \/>\n<meta property=\"og:image\" content=\"https:\/\/www.noticiasradioreflejos.com.ar\/2021\/wp-content\/uploads\/2026\/04\/SMN-1.webp\" \/>\n\t<meta property=\"og:image:width\" content=\"440\" \/>\n\t<meta property=\"og:image:height\" content=\"248\" \/>\n\t<meta property=\"og:image:type\" content=\"image\/webp\" \/>\n<meta name=\"author\" content=\"Arnaldo Botto\" \/>\n<meta name=\"twitter:card\" content=\"summary_large_image\" \/>\n<script type=\"application\/ld+json\" class=\"yoast-schema-graph\">{\"@context\":\"https:\/\/schema.org\",\"@graph\":[{\"@type\":\"WebPage\",\"@id\":\"https:\/\/www.noticiasradioreflejos.com.ar\/2021\/apagon-informativo-en-el-servicio-meteorologico-y-protesta-contra-sturzenegger-por-los-despidos\/\",\"url\":\"https:\/\/www.noticiasradioreflejos.com.ar\/2021\/apagon-informativo-en-el-servicio-meteorologico-y-protesta-contra-sturzenegger-por-los-despidos\/\",\"name\":\"Apag\u00f3n informativo en el Servicio Meteorol\u00f3gico y protesta contra Sturzenegger por los despidos - Noticias Radio Reflejos\",\"isPartOf\":{\"@id\":\"https:\/\/www.noticiasradioreflejos.com.ar\/2021\/#website\"},\"primaryImageOfPage\":{\"@id\":\"https:\/\/www.noticiasradioreflejos.com.ar\/2021\/apagon-informativo-en-el-servicio-meteorologico-y-protesta-contra-sturzenegger-por-los-despidos\/#primaryimage\"},\"image\":{\"@id\":\"https:\/\/www.noticiasradioreflejos.com.ar\/2021\/apagon-informativo-en-el-servicio-meteorologico-y-protesta-contra-sturzenegger-por-los-despidos\/#primaryimage\"},\"thumbnailUrl\":\"https:\/\/www.noticiasradioreflejos.com.ar\/2021\/wp-content\/uploads\/2026\/04\/SMN-1.webp\",\"datePublished\":\"2026-04-29T10:46:24+00:00\",\"author\":{\"@id\":\"https:\/\/www.noticiasradioreflejos.com.ar\/2021\/#\/schema\/person\/ad82545263dcc5ec0996818884fd5fb1\"},\"breadcrumb\":{\"@id\":\"https:\/\/www.noticiasradioreflejos.com.ar\/2021\/apagon-informativo-en-el-servicio-meteorologico-y-protesta-contra-sturzenegger-por-los-despidos\/#breadcrumb\"},\"inLanguage\":\"es\",\"potentialAction\":[{\"@type\":\"ReadAction\",\"target\":[\"https:\/\/www.noticiasradioreflejos.com.ar\/2021\/apagon-informativo-en-el-servicio-meteorologico-y-protesta-contra-sturzenegger-por-los-despidos\/\"]}]},{\"@type\":\"ImageObject\",\"inLanguage\":\"es\",\"@id\":\"https:\/\/www.noticiasradioreflejos.com.ar\/2021\/apagon-informativo-en-el-servicio-meteorologico-y-protesta-contra-sturzenegger-por-los-despidos\/#primaryimage\",\"url\":\"https:\/\/www.noticiasradioreflejos.com.ar\/2021\/wp-content\/uploads\/2026\/04\/SMN-1.webp\",\"contentUrl\":\"https:\/\/www.noticiasradioreflejos.com.ar\/2021\/wp-content\/uploads\/2026\/04\/SMN-1.webp\",\"width\":440,\"height\":248},{\"@type\":\"BreadcrumbList\",\"@id\":\"https:\/\/www.noticiasradioreflejos.com.ar\/2021\/apagon-informativo-en-el-servicio-meteorologico-y-protesta-contra-sturzenegger-por-los-despidos\/#breadcrumb\",\"itemListElement\":[{\"@type\":\"ListItem\",\"position\":1,\"name\":\"Portada\",\"item\":\"https:\/\/www.noticiasradioreflejos.com.ar\/2021\/\"},{\"@type\":\"ListItem\",\"position\":2,\"name\":\"Apag\u00f3n informativo en el Servicio Meteorol\u00f3gico y protesta contra Sturzenegger por los despidos\"}]},{\"@type\":\"WebSite\",\"@id\":\"https:\/\/www.noticiasradioreflejos.com.ar\/2021\/#website\",\"url\":\"https:\/\/www.noticiasradioreflejos.com.ar\/2021\/\",\"name\":\"Noticias Radio Reflejos\",\"description\":\"Las noticias de mi comarca\",\"potentialAction\":[{\"@type\":\"SearchAction\",\"target\":{\"@type\":\"EntryPoint\",\"urlTemplate\":\"https:\/\/www.noticiasradioreflejos.com.ar\/2021\/?s={search_term_string}\"},\"query-input\":{\"@type\":\"PropertyValueSpecification\",\"valueRequired\":true,\"valueName\":\"search_term_string\"}}],\"inLanguage\":\"es\"},{\"@type\":\"Person\",\"@id\":\"https:\/\/www.noticiasradioreflejos.com.ar\/2021\/#\/schema\/person\/ad82545263dcc5ec0996818884fd5fb1\",\"name\":\"Arnaldo Botto\",\"image\":{\"@type\":\"ImageObject\",\"inLanguage\":\"es\",\"@id\":\"https:\/\/www.noticiasradioreflejos.com.ar\/2021\/#\/schema\/person\/image\/\",\"url\":\"https:\/\/secure.gravatar.com\/avatar\/55cb5e37c1efa326397366e6974cb338056df65cb50e7d64d1cf314e87504837?s=96&d=mm&r=g\",\"contentUrl\":\"https:\/\/secure.gravatar.com\/avatar\/55cb5e37c1efa326397366e6974cb338056df65cb50e7d64d1cf314e87504837?s=96&d=mm&r=g\",\"caption\":\"Arnaldo Botto\"},\"url\":\"https:\/\/www.noticiasradioreflejos.com.ar\/2021\/author\/arnaldo\/\"}]}<\/script>\n<!-- \/ Yoast SEO plugin. -->","yoast_head_json":{"title":"Apag\u00f3n informativo en el Servicio Meteorol\u00f3gico y protesta contra Sturzenegger por los despidos - Noticias Radio Reflejos","robots":{"index":"index","follow":"follow","max-snippet":"max-snippet:-1","max-image-preview":"max-image-preview:large","max-video-preview":"max-video-preview:-1"},"canonical":"https:\/\/www.noticiasradioreflejos.com.ar\/2021\/apagon-informativo-en-el-servicio-meteorologico-y-protesta-contra-sturzenegger-por-los-despidos\/","og_locale":"es_ES","og_type":"article","og_title":"Apag\u00f3n informativo en el Servicio Meteorol\u00f3gico y protesta contra Sturzenegger por los despidos - Noticias Radio Reflejos","og_description":"Trabajadores del SMN realizar\u00e1n un paro con interrupci\u00f3n parcial de la difusi\u00f3n de datos en rechazo a los despidos. Desde ATE cuestionan los argumentos del ministro de Desregulaci\u00f3n y advierten sobre el impacto del recorte en un servicio considerado estrat\u00e9gico.","og_url":"https:\/\/www.noticiasradioreflejos.com.ar\/2021\/apagon-informativo-en-el-servicio-meteorologico-y-protesta-contra-sturzenegger-por-los-despidos\/","og_site_name":"Noticias Radio Reflejos","article_published_time":"2026-04-29T10:46:24+00:00","og_image":[{"width":440,"height":248,"url":"https:\/\/www.noticiasradioreflejos.com.ar\/2021\/wp-content\/uploads\/2026\/04\/SMN-1.webp","type":"image\/webp"}],"author":"Arnaldo Botto","twitter_card":"summary_large_image","schema":{"@context":"https:\/\/schema.org","@graph":[{"@type":"WebPage","@id":"https:\/\/www.noticiasradioreflejos.com.ar\/2021\/apagon-informativo-en-el-servicio-meteorologico-y-protesta-contra-sturzenegger-por-los-despidos\/","url":"https:\/\/www.noticiasradioreflejos.com.ar\/2021\/apagon-informativo-en-el-servicio-meteorologico-y-protesta-contra-sturzenegger-por-los-despidos\/","name":"Apag\u00f3n informativo en el Servicio Meteorol\u00f3gico y protesta contra Sturzenegger por los despidos - Noticias Radio Reflejos","isPartOf":{"@id":"https:\/\/www.noticiasradioreflejos.com.ar\/2021\/#website"},"primaryImageOfPage":{"@id":"https:\/\/www.noticiasradioreflejos.com.ar\/2021\/apagon-informativo-en-el-servicio-meteorologico-y-protesta-contra-sturzenegger-por-los-despidos\/#primaryimage"},"image":{"@id":"https:\/\/www.noticiasradioreflejos.com.ar\/2021\/apagon-informativo-en-el-servicio-meteorologico-y-protesta-contra-sturzenegger-por-los-despidos\/#primaryimage"},"thumbnailUrl":"https:\/\/www.noticiasradioreflejos.com.ar\/2021\/wp-content\/uploads\/2026\/04\/SMN-1.webp","datePublished":"2026-04-29T10:46:24+00:00","author":{"@id":"https:\/\/www.noticiasradioreflejos.com.ar\/2021\/#\/schema\/person\/ad82545263dcc5ec0996818884fd5fb1"},"breadcrumb":{"@id":"https:\/\/www.noticiasradioreflejos.com.ar\/2021\/apagon-informativo-en-el-servicio-meteorologico-y-protesta-contra-sturzenegger-por-los-despidos\/#breadcrumb"},"inLanguage":"es","potentialAction":[{"@type":"ReadAction","target":["https:\/\/www.noticiasradioreflejos.com.ar\/2021\/apagon-informativo-en-el-servicio-meteorologico-y-protesta-contra-sturzenegger-por-los-despidos\/"]}]},{"@type":"ImageObject","inLanguage":"es","@id":"https:\/\/www.noticiasradioreflejos.com.ar\/2021\/apagon-informativo-en-el-servicio-meteorologico-y-protesta-contra-sturzenegger-por-los-despidos\/#primaryimage","url":"https:\/\/www.noticiasradioreflejos.com.ar\/2021\/wp-content\/uploads\/2026\/04\/SMN-1.webp","contentUrl":"https:\/\/www.noticiasradioreflejos.com.ar\/2021\/wp-content\/uploads\/2026\/04\/SMN-1.webp","width":440,"height":248},{"@type":"BreadcrumbList","@id":"https:\/\/www.noticiasradioreflejos.com.ar\/2021\/apagon-informativo-en-el-servicio-meteorologico-y-protesta-contra-sturzenegger-por-los-despidos\/#breadcrumb","itemListElement":[{"@type":"ListItem","position":1,"name":"Portada","item":"https:\/\/www.noticiasradioreflejos.com.ar\/2021\/"},{"@type":"ListItem","position":2,"name":"Apag\u00f3n informativo en el Servicio Meteorol\u00f3gico y protesta contra Sturzenegger por los despidos"}]},{"@type":"WebSite","@id":"https:\/\/www.noticiasradioreflejos.com.ar\/2021\/#website","url":"https:\/\/www.noticiasradioreflejos.com.ar\/2021\/","name":"Noticias Radio Reflejos","description":"Las noticias de mi comarca","potentialAction":[{"@type":"SearchAction","target":{"@type":"EntryPoint","urlTemplate":"https:\/\/www.noticiasradioreflejos.com.ar\/2021\/?s={search_term_string}"},"query-input":{"@type":"PropertyValueSpecification","valueRequired":true,"valueName":"search_term_string"}}],"inLanguage":"es"},{"@type":"Person","@id":"https:\/\/www.noticiasradioreflejos.com.ar\/2021\/#\/schema\/person\/ad82545263dcc5ec0996818884fd5fb1","name":"Arnaldo Botto","image":{"@type":"ImageObject","inLanguage":"es","@id":"https:\/\/www.noticiasradioreflejos.com.ar\/2021\/#\/schema\/person\/image\/","url":"https:\/\/secure.gravatar.com\/avatar\/55cb5e37c1efa326397366e6974cb338056df65cb50e7d64d1cf314e87504837?s=96&d=mm&r=g","contentUrl":"https:\/\/secure.gravatar.com\/avatar\/55cb5e37c1efa326397366e6974cb338056df65cb50e7d64d1cf314e87504837?s=96&d=mm&r=g","caption":"Arnaldo Botto"},"url":"https:\/\/www.noticiasradioreflejos.com.ar\/2021\/author\/arnaldo\/"}]}},"_links":{"self":[{"href":"https:\/\/www.noticiasradioreflejos.com.ar\/2021\/wp-json\/wp\/v2\/posts\/136648","targetHints":{"allow":["GET"]}}],"collection":[{"href":"https:\/\/www.noticiasradioreflejos.com.ar\/2021\/wp-json\/wp\/v2\/posts"}],"about":[{"href":"https:\/\/www.noticiasradioreflejos.com.ar\/2021\/wp-json\/wp\/v2\/types\/post"}],"author":[{"embeddable":true,"href":"https:\/\/www.noticiasradioreflejos.com.ar\/2021\/wp-json\/wp\/v2\/users\/3"}],"replies":[{"embeddable":true,"href":"https:\/\/www.noticiasradioreflejos.com.ar\/2021\/wp-json\/wp\/v2\/comments?post=136648"}],"version-history":[{"count":1,"href":"https:\/\/www.noticiasradioreflejos.com.ar\/2021\/wp-json\/wp\/v2\/posts\/136648\/revisions"}],"predecessor-version":[{"id":136650,"href":"https:\/\/www.noticiasradioreflejos.com.ar\/2021\/wp-json\/wp\/v2\/posts\/136648\/revisions\/136650"}],"wp:featuredmedia":[{"embeddable":true,"href":"https:\/\/www.noticiasradioreflejos.com.ar\/2021\/wp-json\/wp\/v2\/media\/136649"}],"wp:attachment":[{"href":"https:\/\/www.noticiasradioreflejos.com.ar\/2021\/wp-json\/wp\/v2\/media?parent=136648"}],"wp:term":[{"taxonomy":"category","embeddable":true,"href":"https:\/\/www.noticiasradioreflejos.com.ar\/2021\/wp-json\/wp\/v2\/categories?post=136648"},{"taxonomy":"post_tag","embeddable":true,"href":"https:\/\/www.noticiasradioreflejos.com.ar\/2021\/wp-json\/wp\/v2\/tags?post=136648"}],"curies":[{"name":"wp","href":"https:\/\/api.w.org\/{rel}","templated":true}]}}