{"id":136638,"date":"2026-04-28T18:00:08","date_gmt":"2026-04-28T21:00:08","guid":{"rendered":"https:\/\/www.noticiasradioreflejos.com.ar\/2021\/?p=136638"},"modified":"2026-04-28T18:00:08","modified_gmt":"2026-04-28T21:00:08","slug":"lesa-humanidad-la-justicia-condeno-a-25-anos-de-prision-a-cuatro-genocidas","status":"publish","type":"post","link":"https:\/\/www.noticiasradioreflejos.com.ar\/2021\/lesa-humanidad-la-justicia-condeno-a-25-anos-de-prision-a-cuatro-genocidas\/","title":{"rendered":"Lesa humanidad: La justicia conden\u00f3 a 25 a\u00f1os de prisi\u00f3n a cuatro genocidas"},"content":{"rendered":"<p>Se trata de Juan Carlos Herrera, Jos\u00e9 Juan Zyska, Ernesto Rafael Lynch y Julio C\u00e9sar Leston, todos integrantes de la Fuerza A\u00e9rea. Estos actuaron en otros centros clandestinos como la base a\u00e9rea de Mor\u00f3n.<!--more--><\/p>\n<div class=\"p12SocialIcons\">\n<p>El Tribunal Oral Federal n\u00famero 5 de San Mart\u00edn conden\u00f3 la ma\u00f1ana del martes a 25 a\u00f1os de prisi\u00f3n a cuatro genocidas de la fuerza a\u00e9rea que secuestraron, torturaron y abusaron de un centenar de personas en Mansi\u00f3n Ser\u00e9 y otros centros clandestinos que integraron el circuito represivo que funcion\u00f3 en la Zona Oeste del Gran Buenos Aires durante la \u00faltima dictadura c\u00edvico militar. El exagente de la fuerza y apropiador de beb\u00e9s, Juan Carlos V\u00e1zquez, quien actu\u00f3 en la Regional de Inteligencia Buenos Aires y permaneci\u00f3 pr\u00f3fugo durante casi 20 a\u00f1os, era el quinto acusado en el debate, pero falleci\u00f3 sin recibir sentencia.<\/p>\n<\/div>\n<div class=\"article-content\">\n<article class=\"p12-article-body \">\n<p class=\"c-paragraph\">Las juezas Mar\u00eda Claudia Morguese Mart\u00edn \u2013presidenta del TOF\u2013 y Silvina Mayorga, y el juez Walter Venditi, decidieron por unanimidad condenar a los cuatro acusados bajo juicio luego de considerar como delitos de lesa humanidad e imprescriptibles los hechos analizados en el debate que comenz\u00f3 en agosto de 2024 y se extendi\u00f3 durante m\u00e1s de un a\u00f1o y medio. El veredicto as\u00ed como la totalidad del juicio pudo verse y o\u00edrse mediante la transmisi\u00f3n digital del medio comunitario La Retaguardia.<\/p>\n<p class=\"c-paragraph\">Juan Carlos Herrera y Jos\u00e9 Zyska eran, al momento de los hechos, teniente primero y cabo de la I\u00b0 Brigada A\u00e9rea de El Palomar. Recibieron condenas a 25 a\u00f1os de prisi\u00f3n por ser considerados coautores de los delitos de privaci\u00f3n ileg\u00edtima de la libertad agravada, aplicaci\u00f3n de tormentos y, en el caso de Herera, abuso deshonesto y abuso sexual con acceso carnal. Herrera y Zyska actuaron en los centros clandestinos que funcionaron en El Palomar y en Mansi\u00f3n Ser\u00e9.<\/p>\n<p class=\"c-paragraph\">El capit\u00e1n retirado de la VIII\u00b0 Brigada A\u00e9rea de Moreno Ernesto Lynch recibi\u00f3 la misma condena por los mismos cr\u00edmenes que Herrera. Lynch fue el jefe del grupo de tareas 12, que sal\u00eda a cazar v\u00edctimas por las calles de Moreno a bordo de unas camionetas conocidas como \u201cLas Tres Mar\u00edas\u201d. Su sobrina desobediente Noelia Lynch fue una de las testimoniantes en el debate oral y p\u00fablico que comenz\u00f3 en agosto de 2024.<\/p>\n<p class=\"c-paragraph\">El cabo retirado de la RIBA Julio C\u00e9sar Leston fue condenado por su coautor\u00eda los secuestros y las torturas aplicadas a personas que fueron mantenidas cautivas en la Comisar\u00eda de Castelar. Otro delito que configur\u00f3 su condena fue el de coacci\u00f3n.<\/p>\n<p class=\"c-paragraph\">Los cuatro efectivos de la Aeron\u00e1utica integraron los Grupos de Tareas 100, 10, 11, 12 y grupos especiales formados con polic\u00edas de la provincia y militares que actuaron en la denominada Subzona militar 16, sobre la que la Fuerza A\u00e9rea condujo la represi\u00f3n ilegal en los barrios del Conurbano oeste bonaerense. El juicio abord\u00f3 cr\u00edmenes de lesa humanidad sucedidos en Mansi\u00f3n Ser\u00e9 y otros centros clandestinos, como la Primera Brigada A\u00e9rea de Palomar, la VII\u00aa Brigada A\u00e9rea de Mor\u00f3n, la Comisar\u00eda de Castelar, la Comisar\u00eda de Haedo, la Comisar\u00eda 1\u00aa de Mor\u00f3n, el Destacamento de Paso del Rey, la VII Brigada A\u00e9rea de Moreno \u2013en donde el gobierno de Javier Milei habilit\u00f3 acciones militares de Estados Unidos\u2013, la Subcomisar\u00eda de Francisco \u00c1lvarez, la Comisar\u00eda de Moreno y la RIBA.<\/p>\n<p class=\"c-paragraph\">Los hechos que tuvieron lugar en la Regional de Inteligencia, no obstante, quedaron fuera de debate luego del fallecimiento de V\u00e1zquez Sarmiento, quien actu\u00f3 como jefe de Contrainteligencia de esa dependencia y cay\u00f3 detenido en octubre de 2021 tras mantenerse a salvo de la Justicia durante 19 a\u00f1os.<\/p>\n<p class=\"c-paragraph\">Luego de recibir una condena por la apropiaci\u00f3n del nieto restituido Ezequiel Rochistein Tauro, el \u201cColo\u201d V\u00e1zquez afront\u00f3 una acusaci\u00f3n por su responsabilidad en el secuestro de Patricia Roisinblit, Jos\u00e9 Manuel P\u00e9rez Rojo y Gustavo Pontnau, que fueron cazados el 6 de octubre de 1978 y mantenidos cautivos en la RIBA. El represor y apropiador intent\u00f3 por todos los medios evitar ser juzgado por esos hechos y atrasar el comienzo del debate \u2013que fue pospuesto en dos oportunidades\u2013. Finalmente muri\u00f3 impune.<\/p>\n<p class=\"c-paragraph\">El TOF orden\u00f3, adem\u00e1s, que el Ministerio de Defensa disponga la baja por exhoneraci\u00f3n de los acusados de la Fuerza A\u00e9rea y que aplique la suspensi\u00f3n de goce \u201cde todo retiro, pensi\u00f3n o jubilaci\u00f3n que puedan estar gozando\u201d. Al Registro nacional de Armas, en tanto, orden\u00f3 se les retire a los cuatro \u201ctoda arma que pudieran poseer\u201d.<\/p>\n<p class=\"c-paragraph\">Otro de los puntos sobresalientes del veredicto fue la extracci\u00f3n de testimonios y documentaci\u00f3n que se reuni\u00f3 a lo largo del expediente y el debate y el env\u00edo al Juzgado de instrucci\u00f3n correspondiente para poder avanzar con la pericia vinculada al pedido de ampliaci\u00f3n de la acusaci\u00f3n que a fines de 2025 hab\u00edan realizado las querellas y el Ministerio P\u00fablico Fiscal sobre los delitos de lesa humanidad sufridos por personas que al momento de los hechos eran ni\u00f1os y ni\u00f1as.<\/p>\n<\/article>\n<p><strong><em>Fuente P\u00e1gina 12<\/em><\/strong><\/p>\n<\/div>\n","protected":false},"excerpt":{"rendered":"<p>Se trata de Juan Carlos Herrera, Jos\u00e9 Juan Zyska, Ernesto Rafael Lynch y Julio C\u00e9sar Leston, todos integrantes de la Fuerza A\u00e9rea. Estos actuaron en otros centros clandestinos como la base a\u00e9rea de Mor\u00f3n.<\/p>\n","protected":false},"author":3,"featured_media":136639,"comment_status":"closed","ping_status":"closed","sticky":false,"template":"","format":"standard","meta":{"footnotes":""},"categories":[57],"tags":[],"class_list":["post-136638","post","type-post","status-publish","format-standard","has-post-thumbnail","hentry","category-judiciales"],"yoast_head":"<!-- This site is optimized with the Yoast SEO plugin v25.9 - https:\/\/yoast.com\/wordpress\/plugins\/seo\/ -->\n<title>Lesa humanidad: La justicia conden\u00f3 a 25 a\u00f1os de prisi\u00f3n a cuatro genocidas - Noticias Radio Reflejos<\/title>\n<meta name=\"robots\" content=\"index, follow, max-snippet:-1, max-image-preview:large, max-video-preview:-1\" \/>\n<link rel=\"canonical\" href=\"https:\/\/www.noticiasradioreflejos.com.ar\/2021\/lesa-humanidad-la-justicia-condeno-a-25-anos-de-prision-a-cuatro-genocidas\/\" \/>\n<meta property=\"og:locale\" content=\"es_ES\" \/>\n<meta property=\"og:type\" content=\"article\" \/>\n<meta property=\"og:title\" content=\"Lesa humanidad: La justicia conden\u00f3 a 25 a\u00f1os de prisi\u00f3n a cuatro genocidas - Noticias Radio Reflejos\" \/>\n<meta property=\"og:description\" content=\"Se trata de Juan Carlos Herrera, Jos\u00e9 Juan Zyska, Ernesto Rafael Lynch y Julio C\u00e9sar Leston, todos integrantes de la Fuerza A\u00e9rea. Estos actuaron en otros centros clandestinos como la base a\u00e9rea de Mor\u00f3n.\" \/>\n<meta property=\"og:url\" content=\"https:\/\/www.noticiasradioreflejos.com.ar\/2021\/lesa-humanidad-la-justicia-condeno-a-25-anos-de-prision-a-cuatro-genocidas\/\" \/>\n<meta property=\"og:site_name\" content=\"Noticias Radio Reflejos\" \/>\n<meta property=\"article:published_time\" content=\"2026-04-28T21:00:08+00:00\" \/>\n<meta property=\"og:image\" content=\"https:\/\/www.noticiasradioreflejos.com.ar\/2021\/wp-content\/uploads\/2026\/04\/lesa-humanidad.jpg\" \/>\n\t<meta property=\"og:image:width\" content=\"982\" \/>\n\t<meta property=\"og:image:height\" content=\"730\" \/>\n\t<meta property=\"og:image:type\" content=\"image\/jpeg\" \/>\n<meta name=\"author\" content=\"Arnaldo Botto\" \/>\n<meta name=\"twitter:card\" content=\"summary_large_image\" \/>\n<script type=\"application\/ld+json\" class=\"yoast-schema-graph\">{\"@context\":\"https:\/\/schema.org\",\"@graph\":[{\"@type\":\"WebPage\",\"@id\":\"https:\/\/www.noticiasradioreflejos.com.ar\/2021\/lesa-humanidad-la-justicia-condeno-a-25-anos-de-prision-a-cuatro-genocidas\/\",\"url\":\"https:\/\/www.noticiasradioreflejos.com.ar\/2021\/lesa-humanidad-la-justicia-condeno-a-25-anos-de-prision-a-cuatro-genocidas\/\",\"name\":\"Lesa humanidad: La justicia conden\u00f3 a 25 a\u00f1os de prisi\u00f3n a cuatro genocidas - Noticias Radio Reflejos\",\"isPartOf\":{\"@id\":\"https:\/\/www.noticiasradioreflejos.com.ar\/2021\/#website\"},\"primaryImageOfPage\":{\"@id\":\"https:\/\/www.noticiasradioreflejos.com.ar\/2021\/lesa-humanidad-la-justicia-condeno-a-25-anos-de-prision-a-cuatro-genocidas\/#primaryimage\"},\"image\":{\"@id\":\"https:\/\/www.noticiasradioreflejos.com.ar\/2021\/lesa-humanidad-la-justicia-condeno-a-25-anos-de-prision-a-cuatro-genocidas\/#primaryimage\"},\"thumbnailUrl\":\"https:\/\/www.noticiasradioreflejos.com.ar\/2021\/wp-content\/uploads\/2026\/04\/lesa-humanidad.jpg\",\"datePublished\":\"2026-04-28T21:00:08+00:00\",\"author\":{\"@id\":\"https:\/\/www.noticiasradioreflejos.com.ar\/2021\/#\/schema\/person\/ad82545263dcc5ec0996818884fd5fb1\"},\"breadcrumb\":{\"@id\":\"https:\/\/www.noticiasradioreflejos.com.ar\/2021\/lesa-humanidad-la-justicia-condeno-a-25-anos-de-prision-a-cuatro-genocidas\/#breadcrumb\"},\"inLanguage\":\"es\",\"potentialAction\":[{\"@type\":\"ReadAction\",\"target\":[\"https:\/\/www.noticiasradioreflejos.com.ar\/2021\/lesa-humanidad-la-justicia-condeno-a-25-anos-de-prision-a-cuatro-genocidas\/\"]}]},{\"@type\":\"ImageObject\",\"inLanguage\":\"es\",\"@id\":\"https:\/\/www.noticiasradioreflejos.com.ar\/2021\/lesa-humanidad-la-justicia-condeno-a-25-anos-de-prision-a-cuatro-genocidas\/#primaryimage\",\"url\":\"https:\/\/www.noticiasradioreflejos.com.ar\/2021\/wp-content\/uploads\/2026\/04\/lesa-humanidad.jpg\",\"contentUrl\":\"https:\/\/www.noticiasradioreflejos.com.ar\/2021\/wp-content\/uploads\/2026\/04\/lesa-humanidad.jpg\",\"width\":982,\"height\":730},{\"@type\":\"BreadcrumbList\",\"@id\":\"https:\/\/www.noticiasradioreflejos.com.ar\/2021\/lesa-humanidad-la-justicia-condeno-a-25-anos-de-prision-a-cuatro-genocidas\/#breadcrumb\",\"itemListElement\":[{\"@type\":\"ListItem\",\"position\":1,\"name\":\"Portada\",\"item\":\"https:\/\/www.noticiasradioreflejos.com.ar\/2021\/\"},{\"@type\":\"ListItem\",\"position\":2,\"name\":\"Lesa humanidad: La justicia conden\u00f3 a 25 a\u00f1os de prisi\u00f3n a cuatro genocidas\"}]},{\"@type\":\"WebSite\",\"@id\":\"https:\/\/www.noticiasradioreflejos.com.ar\/2021\/#website\",\"url\":\"https:\/\/www.noticiasradioreflejos.com.ar\/2021\/\",\"name\":\"Noticias Radio Reflejos\",\"description\":\"Las noticias de mi comarca\",\"potentialAction\":[{\"@type\":\"SearchAction\",\"target\":{\"@type\":\"EntryPoint\",\"urlTemplate\":\"https:\/\/www.noticiasradioreflejos.com.ar\/2021\/?s={search_term_string}\"},\"query-input\":{\"@type\":\"PropertyValueSpecification\",\"valueRequired\":true,\"valueName\":\"search_term_string\"}}],\"inLanguage\":\"es\"},{\"@type\":\"Person\",\"@id\":\"https:\/\/www.noticiasradioreflejos.com.ar\/2021\/#\/schema\/person\/ad82545263dcc5ec0996818884fd5fb1\",\"name\":\"Arnaldo Botto\",\"image\":{\"@type\":\"ImageObject\",\"inLanguage\":\"es\",\"@id\":\"https:\/\/www.noticiasradioreflejos.com.ar\/2021\/#\/schema\/person\/image\/\",\"url\":\"https:\/\/secure.gravatar.com\/avatar\/55cb5e37c1efa326397366e6974cb338056df65cb50e7d64d1cf314e87504837?s=96&d=mm&r=g\",\"contentUrl\":\"https:\/\/secure.gravatar.com\/avatar\/55cb5e37c1efa326397366e6974cb338056df65cb50e7d64d1cf314e87504837?s=96&d=mm&r=g\",\"caption\":\"Arnaldo Botto\"},\"url\":\"https:\/\/www.noticiasradioreflejos.com.ar\/2021\/author\/arnaldo\/\"}]}<\/script>\n<!-- \/ Yoast SEO plugin. -->","yoast_head_json":{"title":"Lesa humanidad: La justicia conden\u00f3 a 25 a\u00f1os de prisi\u00f3n a cuatro genocidas - Noticias Radio Reflejos","robots":{"index":"index","follow":"follow","max-snippet":"max-snippet:-1","max-image-preview":"max-image-preview:large","max-video-preview":"max-video-preview:-1"},"canonical":"https:\/\/www.noticiasradioreflejos.com.ar\/2021\/lesa-humanidad-la-justicia-condeno-a-25-anos-de-prision-a-cuatro-genocidas\/","og_locale":"es_ES","og_type":"article","og_title":"Lesa humanidad: La justicia conden\u00f3 a 25 a\u00f1os de prisi\u00f3n a cuatro genocidas - Noticias Radio Reflejos","og_description":"Se trata de Juan Carlos Herrera, Jos\u00e9 Juan Zyska, Ernesto Rafael Lynch y Julio C\u00e9sar Leston, todos integrantes de la Fuerza A\u00e9rea. Estos actuaron en otros centros clandestinos como la base a\u00e9rea de Mor\u00f3n.","og_url":"https:\/\/www.noticiasradioreflejos.com.ar\/2021\/lesa-humanidad-la-justicia-condeno-a-25-anos-de-prision-a-cuatro-genocidas\/","og_site_name":"Noticias Radio Reflejos","article_published_time":"2026-04-28T21:00:08+00:00","og_image":[{"width":982,"height":730,"url":"https:\/\/www.noticiasradioreflejos.com.ar\/2021\/wp-content\/uploads\/2026\/04\/lesa-humanidad.jpg","type":"image\/jpeg"}],"author":"Arnaldo Botto","twitter_card":"summary_large_image","schema":{"@context":"https:\/\/schema.org","@graph":[{"@type":"WebPage","@id":"https:\/\/www.noticiasradioreflejos.com.ar\/2021\/lesa-humanidad-la-justicia-condeno-a-25-anos-de-prision-a-cuatro-genocidas\/","url":"https:\/\/www.noticiasradioreflejos.com.ar\/2021\/lesa-humanidad-la-justicia-condeno-a-25-anos-de-prision-a-cuatro-genocidas\/","name":"Lesa humanidad: La justicia conden\u00f3 a 25 a\u00f1os de prisi\u00f3n a cuatro genocidas - Noticias Radio Reflejos","isPartOf":{"@id":"https:\/\/www.noticiasradioreflejos.com.ar\/2021\/#website"},"primaryImageOfPage":{"@id":"https:\/\/www.noticiasradioreflejos.com.ar\/2021\/lesa-humanidad-la-justicia-condeno-a-25-anos-de-prision-a-cuatro-genocidas\/#primaryimage"},"image":{"@id":"https:\/\/www.noticiasradioreflejos.com.ar\/2021\/lesa-humanidad-la-justicia-condeno-a-25-anos-de-prision-a-cuatro-genocidas\/#primaryimage"},"thumbnailUrl":"https:\/\/www.noticiasradioreflejos.com.ar\/2021\/wp-content\/uploads\/2026\/04\/lesa-humanidad.jpg","datePublished":"2026-04-28T21:00:08+00:00","author":{"@id":"https:\/\/www.noticiasradioreflejos.com.ar\/2021\/#\/schema\/person\/ad82545263dcc5ec0996818884fd5fb1"},"breadcrumb":{"@id":"https:\/\/www.noticiasradioreflejos.com.ar\/2021\/lesa-humanidad-la-justicia-condeno-a-25-anos-de-prision-a-cuatro-genocidas\/#breadcrumb"},"inLanguage":"es","potentialAction":[{"@type":"ReadAction","target":["https:\/\/www.noticiasradioreflejos.com.ar\/2021\/lesa-humanidad-la-justicia-condeno-a-25-anos-de-prision-a-cuatro-genocidas\/"]}]},{"@type":"ImageObject","inLanguage":"es","@id":"https:\/\/www.noticiasradioreflejos.com.ar\/2021\/lesa-humanidad-la-justicia-condeno-a-25-anos-de-prision-a-cuatro-genocidas\/#primaryimage","url":"https:\/\/www.noticiasradioreflejos.com.ar\/2021\/wp-content\/uploads\/2026\/04\/lesa-humanidad.jpg","contentUrl":"https:\/\/www.noticiasradioreflejos.com.ar\/2021\/wp-content\/uploads\/2026\/04\/lesa-humanidad.jpg","width":982,"height":730},{"@type":"BreadcrumbList","@id":"https:\/\/www.noticiasradioreflejos.com.ar\/2021\/lesa-humanidad-la-justicia-condeno-a-25-anos-de-prision-a-cuatro-genocidas\/#breadcrumb","itemListElement":[{"@type":"ListItem","position":1,"name":"Portada","item":"https:\/\/www.noticiasradioreflejos.com.ar\/2021\/"},{"@type":"ListItem","position":2,"name":"Lesa humanidad: La justicia conden\u00f3 a 25 a\u00f1os de prisi\u00f3n a cuatro genocidas"}]},{"@type":"WebSite","@id":"https:\/\/www.noticiasradioreflejos.com.ar\/2021\/#website","url":"https:\/\/www.noticiasradioreflejos.com.ar\/2021\/","name":"Noticias Radio Reflejos","description":"Las noticias de mi comarca","potentialAction":[{"@type":"SearchAction","target":{"@type":"EntryPoint","urlTemplate":"https:\/\/www.noticiasradioreflejos.com.ar\/2021\/?s={search_term_string}"},"query-input":{"@type":"PropertyValueSpecification","valueRequired":true,"valueName":"search_term_string"}}],"inLanguage":"es"},{"@type":"Person","@id":"https:\/\/www.noticiasradioreflejos.com.ar\/2021\/#\/schema\/person\/ad82545263dcc5ec0996818884fd5fb1","name":"Arnaldo Botto","image":{"@type":"ImageObject","inLanguage":"es","@id":"https:\/\/www.noticiasradioreflejos.com.ar\/2021\/#\/schema\/person\/image\/","url":"https:\/\/secure.gravatar.com\/avatar\/55cb5e37c1efa326397366e6974cb338056df65cb50e7d64d1cf314e87504837?s=96&d=mm&r=g","contentUrl":"https:\/\/secure.gravatar.com\/avatar\/55cb5e37c1efa326397366e6974cb338056df65cb50e7d64d1cf314e87504837?s=96&d=mm&r=g","caption":"Arnaldo Botto"},"url":"https:\/\/www.noticiasradioreflejos.com.ar\/2021\/author\/arnaldo\/"}]}},"_links":{"self":[{"href":"https:\/\/www.noticiasradioreflejos.com.ar\/2021\/wp-json\/wp\/v2\/posts\/136638","targetHints":{"allow":["GET"]}}],"collection":[{"href":"https:\/\/www.noticiasradioreflejos.com.ar\/2021\/wp-json\/wp\/v2\/posts"}],"about":[{"href":"https:\/\/www.noticiasradioreflejos.com.ar\/2021\/wp-json\/wp\/v2\/types\/post"}],"author":[{"embeddable":true,"href":"https:\/\/www.noticiasradioreflejos.com.ar\/2021\/wp-json\/wp\/v2\/users\/3"}],"replies":[{"embeddable":true,"href":"https:\/\/www.noticiasradioreflejos.com.ar\/2021\/wp-json\/wp\/v2\/comments?post=136638"}],"version-history":[{"count":1,"href":"https:\/\/www.noticiasradioreflejos.com.ar\/2021\/wp-json\/wp\/v2\/posts\/136638\/revisions"}],"predecessor-version":[{"id":136640,"href":"https:\/\/www.noticiasradioreflejos.com.ar\/2021\/wp-json\/wp\/v2\/posts\/136638\/revisions\/136640"}],"wp:featuredmedia":[{"embeddable":true,"href":"https:\/\/www.noticiasradioreflejos.com.ar\/2021\/wp-json\/wp\/v2\/media\/136639"}],"wp:attachment":[{"href":"https:\/\/www.noticiasradioreflejos.com.ar\/2021\/wp-json\/wp\/v2\/media?parent=136638"}],"wp:term":[{"taxonomy":"category","embeddable":true,"href":"https:\/\/www.noticiasradioreflejos.com.ar\/2021\/wp-json\/wp\/v2\/categories?post=136638"},{"taxonomy":"post_tag","embeddable":true,"href":"https:\/\/www.noticiasradioreflejos.com.ar\/2021\/wp-json\/wp\/v2\/tags?post=136638"}],"curies":[{"name":"wp","href":"https:\/\/api.w.org\/{rel}","templated":true}]}}