{"id":136635,"date":"2026-04-28T17:56:33","date_gmt":"2026-04-28T20:56:33","guid":{"rendered":"https:\/\/www.noticiasradioreflejos.com.ar\/2021\/?p=136635"},"modified":"2026-04-28T17:56:33","modified_gmt":"2026-04-28T20:56:33","slug":"kicillof-suspendio-el-programa-alimentario-mesa-en-la-provincia","status":"publish","type":"post","link":"https:\/\/www.noticiasradioreflejos.com.ar\/2021\/kicillof-suspendio-el-programa-alimentario-mesa-en-la-provincia\/","title":{"rendered":"Kicillof suspendi\u00f3 el programa alimentario MESA en la Provincia"},"content":{"rendered":"<div class=\"elementor-element elementor-element-8ea823c elementor-widget elementor-widget-heading\" data-id=\"8ea823c\" data-element_type=\"widget\" data-e-type=\"widget\" data-widget_type=\"heading.default\">\n<div class=\"elementor-widget-container\"><\/div>\n<\/div>\n<div class=\"elementor-element elementor-element-a3efca4 elementor-widget elementor-widget-post-info\" data-id=\"a3efca4\" data-element_type=\"widget\" data-e-type=\"widget\" data-widget_type=\"post-info.default\">\n<div class=\"elementor-widget-container\">La medida comenzar\u00e1 el 1\u00b0 de mayo y busca reforzar el Servicio Alimentario Escolar en medio de la crisis econ\u00f3mica.<\/div>\n<\/div>\n<div class=\"elementor-element elementor-element-f066c47 elementor-share-buttons--view-icon-text elementor-share-buttons--skin-gradient elementor-share-buttons--shape-square elementor-grid-0 elementor-share-buttons--color-official elementor-widget elementor-widget-share-buttons\" data-id=\"f066c47\" data-element_type=\"widget\" data-e-type=\"widget\" data-widget_type=\"share-buttons.default\">\n<div class=\"elementor-widget-container\"><!--more--><\/p>\n<div class=\"elementor-element elementor-element-082066f elementor-widget elementor-widget-theme-post-content\" data-id=\"082066f\" data-element_type=\"widget\" data-e-type=\"widget\" data-widget_type=\"theme-post-content.default\">\n<div class=\"elementor-widget-container\">\n<p>El Gobierno de la provincia de Buenos Aires decidi\u00f3 suspender por tres meses el programa M\u00f3dulo Extraordinario para la Seguridad Alimentaria (MESA). La medida fue oficializada este lunes y regir\u00e1 desde el 1\u00b0 de mayo. La decisi\u00f3n responde a la necesidad de reorganizar recursos. En este contexto, la Provincia priorizar\u00e1 el Servicio Alimentario Escolar (SAE), considerado el eje central de la asistencia alimentaria.<\/p>\n<h4>Motivos de la suspensi\u00f3n<\/h4>\n<p>El ministro de Desarrollo de la Comunidad, Andr\u00e9s Larroque, firm\u00f3 la resoluci\u00f3n. Seg\u00fan explic\u00f3, la suspensi\u00f3n ser\u00e1 transitoria.<\/p>\n<p>Adem\u00e1s, el funcionario se\u00f1al\u00f3 que la medida busca enfrentar la actual emergencia econ\u00f3mica. Tambi\u00e9n apunt\u00f3 al impacto del recorte en las transferencias desde el Estado nacional.<\/p>\n<p>Desde la cartera provincial indicaron que la decisi\u00f3n permite concentrar la inversi\u00f3n en el SAE. De esta manera, buscan sostener el alcance del programa principal.<\/p>\n<h4>Alcance de los programas alimentarios<\/h4>\n<p>El Servicio Alimentario Escolar llega a m\u00e1s de 2,4 millones de estudiantes. Funciona en m\u00e1s de 11.000 escuelas distribuidas en los 135 distritos bonaerenses.<br \/>\nPor su parte, el programa MESA se cre\u00f3 durante la pandemia de COVID-19. Su objetivo fue complementar la asistencia con la entrega mensual de m\u00f3dulos alimentarios.<br \/>\nSin embargo, desde el Gobierno provincial remarcaron que el MESA cumple un rol accesorio. En cambio, el SAE concentra la mayor cobertura. En paralelo, la gesti\u00f3n de Axel Kicillof anunci\u00f3 un incremento en la inversi\u00f3n social. El presupuesto mensual del SAE subir\u00e1 un 30%.<br \/>\nAs\u00ed, la inversi\u00f3n pasar\u00e1 de 41.000 millones de pesos a 54.000 millones. Tambi\u00e9n se duplicar\u00e1 la asistencia a municipios mediante el M\u00f3dulo Alimentario Territorial (MATE).<br \/>\nAdem\u00e1s, aumentar\u00e1n un 25% los fondos destinados a programas sociales. Entre ellos se encuentran Unidades de Desarrollo Infantil, Centros Juveniles y Centros de Integraci\u00f3n Social.<br \/>\nPor otro lado, el Ejecutivo bonaerense impulsa un reclamo formal ante el Gobierno nacional. La Provincia exige el env\u00edo de fondos para atender la demanda alimentaria.<br \/>\nEn este marco, se prev\u00e9 una movilizaci\u00f3n para el 29 de abril. Participar\u00e1n intendentes y funcionarios provinciales.<br \/>\nLa protesta se realizar\u00e1 frente al Ministerio de Capital Humano. All\u00ed buscar\u00e1n entregar un petitorio a la ministra Sandra Pettovello.<\/p>\n<\/div>\n<\/div>\n<\/div>\n<\/div>\n","protected":false},"excerpt":{"rendered":"<p>La medida comenzar\u00e1 el 1\u00b0 de mayo y busca reforzar el Servicio Alimentario Escolar en medio de la crisis econ\u00f3mica.<\/p>\n","protected":false},"author":3,"featured_media":136636,"comment_status":"closed","ping_status":"closed","sticky":false,"template":"","format":"standard","meta":{"footnotes":""},"categories":[24],"tags":[],"class_list":["post-136635","post","type-post","status-publish","format-standard","has-post-thumbnail","hentry","category-politica"],"yoast_head":"<!-- This site is optimized with the Yoast SEO plugin v25.9 - https:\/\/yoast.com\/wordpress\/plugins\/seo\/ -->\n<title>Kicillof suspendi\u00f3 el programa alimentario MESA en la Provincia - Noticias Radio Reflejos<\/title>\n<meta name=\"robots\" content=\"index, follow, max-snippet:-1, max-image-preview:large, max-video-preview:-1\" \/>\n<link rel=\"canonical\" href=\"https:\/\/www.noticiasradioreflejos.com.ar\/2021\/kicillof-suspendio-el-programa-alimentario-mesa-en-la-provincia\/\" \/>\n<meta property=\"og:locale\" content=\"es_ES\" \/>\n<meta property=\"og:type\" content=\"article\" \/>\n<meta property=\"og:title\" content=\"Kicillof suspendi\u00f3 el programa alimentario MESA en la Provincia - Noticias Radio Reflejos\" \/>\n<meta property=\"og:description\" content=\"La medida comenzar\u00e1 el 1\u00b0 de mayo y busca reforzar el Servicio Alimentario Escolar en medio de la crisis econ\u00f3mica.\" \/>\n<meta property=\"og:url\" content=\"https:\/\/www.noticiasradioreflejos.com.ar\/2021\/kicillof-suspendio-el-programa-alimentario-mesa-en-la-provincia\/\" \/>\n<meta property=\"og:site_name\" content=\"Noticias Radio Reflejos\" \/>\n<meta property=\"article:published_time\" content=\"2026-04-28T20:56:33+00:00\" \/>\n<meta property=\"og:image\" content=\"https:\/\/www.noticiasradioreflejos.com.ar\/2021\/wp-content\/uploads\/2026\/04\/programamesa.jpg\" \/>\n\t<meta property=\"og:image:width\" content=\"800\" \/>\n\t<meta property=\"og:image:height\" content=\"532\" \/>\n\t<meta property=\"og:image:type\" content=\"image\/jpeg\" \/>\n<meta name=\"author\" content=\"Arnaldo Botto\" \/>\n<meta name=\"twitter:card\" content=\"summary_large_image\" \/>\n<script type=\"application\/ld+json\" class=\"yoast-schema-graph\">{\"@context\":\"https:\/\/schema.org\",\"@graph\":[{\"@type\":\"WebPage\",\"@id\":\"https:\/\/www.noticiasradioreflejos.com.ar\/2021\/kicillof-suspendio-el-programa-alimentario-mesa-en-la-provincia\/\",\"url\":\"https:\/\/www.noticiasradioreflejos.com.ar\/2021\/kicillof-suspendio-el-programa-alimentario-mesa-en-la-provincia\/\",\"name\":\"Kicillof suspendi\u00f3 el programa alimentario MESA en la Provincia - Noticias Radio Reflejos\",\"isPartOf\":{\"@id\":\"https:\/\/www.noticiasradioreflejos.com.ar\/2021\/#website\"},\"primaryImageOfPage\":{\"@id\":\"https:\/\/www.noticiasradioreflejos.com.ar\/2021\/kicillof-suspendio-el-programa-alimentario-mesa-en-la-provincia\/#primaryimage\"},\"image\":{\"@id\":\"https:\/\/www.noticiasradioreflejos.com.ar\/2021\/kicillof-suspendio-el-programa-alimentario-mesa-en-la-provincia\/#primaryimage\"},\"thumbnailUrl\":\"https:\/\/www.noticiasradioreflejos.com.ar\/2021\/wp-content\/uploads\/2026\/04\/programamesa.jpg\",\"datePublished\":\"2026-04-28T20:56:33+00:00\",\"author\":{\"@id\":\"https:\/\/www.noticiasradioreflejos.com.ar\/2021\/#\/schema\/person\/ad82545263dcc5ec0996818884fd5fb1\"},\"breadcrumb\":{\"@id\":\"https:\/\/www.noticiasradioreflejos.com.ar\/2021\/kicillof-suspendio-el-programa-alimentario-mesa-en-la-provincia\/#breadcrumb\"},\"inLanguage\":\"es\",\"potentialAction\":[{\"@type\":\"ReadAction\",\"target\":[\"https:\/\/www.noticiasradioreflejos.com.ar\/2021\/kicillof-suspendio-el-programa-alimentario-mesa-en-la-provincia\/\"]}]},{\"@type\":\"ImageObject\",\"inLanguage\":\"es\",\"@id\":\"https:\/\/www.noticiasradioreflejos.com.ar\/2021\/kicillof-suspendio-el-programa-alimentario-mesa-en-la-provincia\/#primaryimage\",\"url\":\"https:\/\/www.noticiasradioreflejos.com.ar\/2021\/wp-content\/uploads\/2026\/04\/programamesa.jpg\",\"contentUrl\":\"https:\/\/www.noticiasradioreflejos.com.ar\/2021\/wp-content\/uploads\/2026\/04\/programamesa.jpg\",\"width\":800,\"height\":532},{\"@type\":\"BreadcrumbList\",\"@id\":\"https:\/\/www.noticiasradioreflejos.com.ar\/2021\/kicillof-suspendio-el-programa-alimentario-mesa-en-la-provincia\/#breadcrumb\",\"itemListElement\":[{\"@type\":\"ListItem\",\"position\":1,\"name\":\"Portada\",\"item\":\"https:\/\/www.noticiasradioreflejos.com.ar\/2021\/\"},{\"@type\":\"ListItem\",\"position\":2,\"name\":\"Kicillof suspendi\u00f3 el programa alimentario MESA en la Provincia\"}]},{\"@type\":\"WebSite\",\"@id\":\"https:\/\/www.noticiasradioreflejos.com.ar\/2021\/#website\",\"url\":\"https:\/\/www.noticiasradioreflejos.com.ar\/2021\/\",\"name\":\"Noticias Radio Reflejos\",\"description\":\"Las noticias de mi comarca\",\"potentialAction\":[{\"@type\":\"SearchAction\",\"target\":{\"@type\":\"EntryPoint\",\"urlTemplate\":\"https:\/\/www.noticiasradioreflejos.com.ar\/2021\/?s={search_term_string}\"},\"query-input\":{\"@type\":\"PropertyValueSpecification\",\"valueRequired\":true,\"valueName\":\"search_term_string\"}}],\"inLanguage\":\"es\"},{\"@type\":\"Person\",\"@id\":\"https:\/\/www.noticiasradioreflejos.com.ar\/2021\/#\/schema\/person\/ad82545263dcc5ec0996818884fd5fb1\",\"name\":\"Arnaldo Botto\",\"image\":{\"@type\":\"ImageObject\",\"inLanguage\":\"es\",\"@id\":\"https:\/\/www.noticiasradioreflejos.com.ar\/2021\/#\/schema\/person\/image\/\",\"url\":\"https:\/\/secure.gravatar.com\/avatar\/55cb5e37c1efa326397366e6974cb338056df65cb50e7d64d1cf314e87504837?s=96&d=mm&r=g\",\"contentUrl\":\"https:\/\/secure.gravatar.com\/avatar\/55cb5e37c1efa326397366e6974cb338056df65cb50e7d64d1cf314e87504837?s=96&d=mm&r=g\",\"caption\":\"Arnaldo Botto\"},\"url\":\"https:\/\/www.noticiasradioreflejos.com.ar\/2021\/author\/arnaldo\/\"}]}<\/script>\n<!-- \/ Yoast SEO plugin. -->","yoast_head_json":{"title":"Kicillof suspendi\u00f3 el programa alimentario MESA en la Provincia - Noticias Radio Reflejos","robots":{"index":"index","follow":"follow","max-snippet":"max-snippet:-1","max-image-preview":"max-image-preview:large","max-video-preview":"max-video-preview:-1"},"canonical":"https:\/\/www.noticiasradioreflejos.com.ar\/2021\/kicillof-suspendio-el-programa-alimentario-mesa-en-la-provincia\/","og_locale":"es_ES","og_type":"article","og_title":"Kicillof suspendi\u00f3 el programa alimentario MESA en la Provincia - Noticias Radio Reflejos","og_description":"La medida comenzar\u00e1 el 1\u00b0 de mayo y busca reforzar el Servicio Alimentario Escolar en medio de la crisis econ\u00f3mica.","og_url":"https:\/\/www.noticiasradioreflejos.com.ar\/2021\/kicillof-suspendio-el-programa-alimentario-mesa-en-la-provincia\/","og_site_name":"Noticias Radio Reflejos","article_published_time":"2026-04-28T20:56:33+00:00","og_image":[{"width":800,"height":532,"url":"https:\/\/www.noticiasradioreflejos.com.ar\/2021\/wp-content\/uploads\/2026\/04\/programamesa.jpg","type":"image\/jpeg"}],"author":"Arnaldo Botto","twitter_card":"summary_large_image","schema":{"@context":"https:\/\/schema.org","@graph":[{"@type":"WebPage","@id":"https:\/\/www.noticiasradioreflejos.com.ar\/2021\/kicillof-suspendio-el-programa-alimentario-mesa-en-la-provincia\/","url":"https:\/\/www.noticiasradioreflejos.com.ar\/2021\/kicillof-suspendio-el-programa-alimentario-mesa-en-la-provincia\/","name":"Kicillof suspendi\u00f3 el programa alimentario MESA en la Provincia - Noticias Radio Reflejos","isPartOf":{"@id":"https:\/\/www.noticiasradioreflejos.com.ar\/2021\/#website"},"primaryImageOfPage":{"@id":"https:\/\/www.noticiasradioreflejos.com.ar\/2021\/kicillof-suspendio-el-programa-alimentario-mesa-en-la-provincia\/#primaryimage"},"image":{"@id":"https:\/\/www.noticiasradioreflejos.com.ar\/2021\/kicillof-suspendio-el-programa-alimentario-mesa-en-la-provincia\/#primaryimage"},"thumbnailUrl":"https:\/\/www.noticiasradioreflejos.com.ar\/2021\/wp-content\/uploads\/2026\/04\/programamesa.jpg","datePublished":"2026-04-28T20:56:33+00:00","author":{"@id":"https:\/\/www.noticiasradioreflejos.com.ar\/2021\/#\/schema\/person\/ad82545263dcc5ec0996818884fd5fb1"},"breadcrumb":{"@id":"https:\/\/www.noticiasradioreflejos.com.ar\/2021\/kicillof-suspendio-el-programa-alimentario-mesa-en-la-provincia\/#breadcrumb"},"inLanguage":"es","potentialAction":[{"@type":"ReadAction","target":["https:\/\/www.noticiasradioreflejos.com.ar\/2021\/kicillof-suspendio-el-programa-alimentario-mesa-en-la-provincia\/"]}]},{"@type":"ImageObject","inLanguage":"es","@id":"https:\/\/www.noticiasradioreflejos.com.ar\/2021\/kicillof-suspendio-el-programa-alimentario-mesa-en-la-provincia\/#primaryimage","url":"https:\/\/www.noticiasradioreflejos.com.ar\/2021\/wp-content\/uploads\/2026\/04\/programamesa.jpg","contentUrl":"https:\/\/www.noticiasradioreflejos.com.ar\/2021\/wp-content\/uploads\/2026\/04\/programamesa.jpg","width":800,"height":532},{"@type":"BreadcrumbList","@id":"https:\/\/www.noticiasradioreflejos.com.ar\/2021\/kicillof-suspendio-el-programa-alimentario-mesa-en-la-provincia\/#breadcrumb","itemListElement":[{"@type":"ListItem","position":1,"name":"Portada","item":"https:\/\/www.noticiasradioreflejos.com.ar\/2021\/"},{"@type":"ListItem","position":2,"name":"Kicillof suspendi\u00f3 el programa alimentario MESA en la Provincia"}]},{"@type":"WebSite","@id":"https:\/\/www.noticiasradioreflejos.com.ar\/2021\/#website","url":"https:\/\/www.noticiasradioreflejos.com.ar\/2021\/","name":"Noticias Radio Reflejos","description":"Las noticias de mi comarca","potentialAction":[{"@type":"SearchAction","target":{"@type":"EntryPoint","urlTemplate":"https:\/\/www.noticiasradioreflejos.com.ar\/2021\/?s={search_term_string}"},"query-input":{"@type":"PropertyValueSpecification","valueRequired":true,"valueName":"search_term_string"}}],"inLanguage":"es"},{"@type":"Person","@id":"https:\/\/www.noticiasradioreflejos.com.ar\/2021\/#\/schema\/person\/ad82545263dcc5ec0996818884fd5fb1","name":"Arnaldo Botto","image":{"@type":"ImageObject","inLanguage":"es","@id":"https:\/\/www.noticiasradioreflejos.com.ar\/2021\/#\/schema\/person\/image\/","url":"https:\/\/secure.gravatar.com\/avatar\/55cb5e37c1efa326397366e6974cb338056df65cb50e7d64d1cf314e87504837?s=96&d=mm&r=g","contentUrl":"https:\/\/secure.gravatar.com\/avatar\/55cb5e37c1efa326397366e6974cb338056df65cb50e7d64d1cf314e87504837?s=96&d=mm&r=g","caption":"Arnaldo Botto"},"url":"https:\/\/www.noticiasradioreflejos.com.ar\/2021\/author\/arnaldo\/"}]}},"_links":{"self":[{"href":"https:\/\/www.noticiasradioreflejos.com.ar\/2021\/wp-json\/wp\/v2\/posts\/136635","targetHints":{"allow":["GET"]}}],"collection":[{"href":"https:\/\/www.noticiasradioreflejos.com.ar\/2021\/wp-json\/wp\/v2\/posts"}],"about":[{"href":"https:\/\/www.noticiasradioreflejos.com.ar\/2021\/wp-json\/wp\/v2\/types\/post"}],"author":[{"embeddable":true,"href":"https:\/\/www.noticiasradioreflejos.com.ar\/2021\/wp-json\/wp\/v2\/users\/3"}],"replies":[{"embeddable":true,"href":"https:\/\/www.noticiasradioreflejos.com.ar\/2021\/wp-json\/wp\/v2\/comments?post=136635"}],"version-history":[{"count":1,"href":"https:\/\/www.noticiasradioreflejos.com.ar\/2021\/wp-json\/wp\/v2\/posts\/136635\/revisions"}],"predecessor-version":[{"id":136637,"href":"https:\/\/www.noticiasradioreflejos.com.ar\/2021\/wp-json\/wp\/v2\/posts\/136635\/revisions\/136637"}],"wp:featuredmedia":[{"embeddable":true,"href":"https:\/\/www.noticiasradioreflejos.com.ar\/2021\/wp-json\/wp\/v2\/media\/136636"}],"wp:attachment":[{"href":"https:\/\/www.noticiasradioreflejos.com.ar\/2021\/wp-json\/wp\/v2\/media?parent=136635"}],"wp:term":[{"taxonomy":"category","embeddable":true,"href":"https:\/\/www.noticiasradioreflejos.com.ar\/2021\/wp-json\/wp\/v2\/categories?post=136635"},{"taxonomy":"post_tag","embeddable":true,"href":"https:\/\/www.noticiasradioreflejos.com.ar\/2021\/wp-json\/wp\/v2\/tags?post=136635"}],"curies":[{"name":"wp","href":"https:\/\/api.w.org\/{rel}","templated":true}]}}