{"id":136610,"date":"2026-04-28T15:48:42","date_gmt":"2026-04-28T18:48:42","guid":{"rendered":"https:\/\/www.noticiasradioreflejos.com.ar\/2021\/?p=136610"},"modified":"2026-04-28T15:48:42","modified_gmt":"2026-04-28T18:48:42","slug":"la-confianza-del-campo-cae-16-y-la-inversion-se-frena-el-indice-baja-a-132-por-el-impacto-de-la-guerra-en-medio-oriente-y-el-aumento-de-costos","status":"publish","type":"post","link":"https:\/\/www.noticiasradioreflejos.com.ar\/2021\/la-confianza-del-campo-cae-16-y-la-inversion-se-frena-el-indice-baja-a-132-por-el-impacto-de-la-guerra-en-medio-oriente-y-el-aumento-de-costos\/","title":{"rendered":"La confianza del campo cae 16% y la inversi\u00f3n se frena: el \u00edndice baja a 132 por el impacto de la guerra en Medio Oriente y el aumento de costos"},"content":{"rendered":"<p>La medici\u00f3n marzo-abril del Ag Barometer Austral registra una ca\u00edda en la confianza de los productores, marcando un punto de inflexi\u00f3n tras los m\u00e1ximos hist\u00f3ricos alcanzados a fines de 2025. El relevamiento, elaborado por el Centro de Agronegocios y Alimentos de la Universidad Austral, muestra un deterioro en todos los indicadores, especialmente en las condiciones presentes y en las expectativas de inversi\u00f3n.<!--more--><\/p>\n<p><em>El informe advierte que el conflicto en Medio Oriente comienza a impactar de forma directa en la rentabilidad del sector: el 66% de los productores se\u00f1ala el aumento de los costos de los insumos como su principal preocupaci\u00f3n, por encima de factores como el clima o los precios agr\u00edcolas. Este escenario ya incide en las decisiones productivas y podr\u00eda traducirse en una menor siembra de trigo en la campa\u00f1a 2026\/27.<\/em><\/p>\n<p><img decoding=\"async\" src=\"https:\/\/ci3.googleusercontent.com\/meips\/ADKq_NZR3ROSBoayymTqGxBALY4vh_JTGEa4HX955rklq_MRJWSZmRjy3rQMPcxCfEamuec7YWgtIx9g-8VC9bXazQSsVRdLLZsaY4Z6oW4gfO2blFzceNC-vA17211FJebPNb1dabNySRUlUUmL3_y56oxerrp0pJoUOC0=s0-d-e1-ft#https:\/\/mcusercontent.com\/efbc01da6c391663922e4f957\/images\/1f51aa3c-aa96-6ca1-3c94-412a27a472e2.png\" \/><\/p>\n<p>&nbsp;<\/p>\n<p><strong>Rosario, Santa Fe; abril de 2026<\/strong>\u00a0\u2013 La confianza de los productores agropecuarios registr\u00f3 una\u00a0<strong>ca\u00edda significativa del 16%<\/strong>en la medici\u00f3n marzo\/abril del Ag Barometer Austral, al ubicarse en\u00a0<strong>132 puntos frente a los 158 de enero\/febrero<\/strong>, seg\u00fan el \u00faltimo informe elaborado por el Centro de Agronegocios y Alimentos de la Universidad Austral.El retroceso tambi\u00e9n se evidencia frente al pico hist\u00f3rico de\u00a0<strong>159 puntos registrado en noviembre\/diciembre de 2025<\/strong>, lo que marca un punto de inflexi\u00f3n tras los m\u00e1ximos alcanzados luego de las elecciones legislativas de medio t\u00e9rmino de ese a\u00f1o. En t\u00e9rminos interanuales, la baja es m\u00e1s moderada (<strong>3,6%<\/strong>) y el \u00edndice se mantiene por encima de los 100 puntos desde noviembre de 2023.\u201c<strong>El cambio de tendencia responde, en gran medida, al impacto del contexto internacional sobre los costos de producci\u00f3n, particularmente por la suba del precio del petr\u00f3leo y su efecto en insumos clave como el gasoil y los fertilizantes<\/strong>\u201d, explic\u00f3\u00a0<strong>Carlos Steiger, director del Ag Barometer Austral e investigador del Centro de Agronegocios y Alimentos de la Universidad Austral<\/strong>.<br \/>\n<strong>Ca\u00edda generalizada y deterioro de las condiciones<\/strong>La baja del \u00edndice se explica por un retroceso en todos sus componentes. La mayor ca\u00edda se observa en el\u00a0<strong>\u00cdndice de Condiciones Presentes<\/strong>, que descendi\u00f3 un<strong>18% (108 vs 138)<\/strong>. Dentro de este indicador, la\u00a0<strong>situaci\u00f3n financiera actual cay\u00f3 un 21% (107 vs 138)<\/strong>, reflejando el deterioro en los m\u00e1rgenes de los productores.Por su parte, las\u00a0<strong>expectativas de inversi\u00f3n en activos fijos se contrajeron un 14% (109 vs 127)<\/strong>. Aun as\u00ed, un\u00a0<strong>54% de los productores considera que sigue siendo un buen momento para invertir<\/strong>, aunque s\u00f3lo un\u00a0<strong>43% prev\u00e9 concretar esas inversiones en el corto plazo<\/strong>, lo que confirma un escenario de cautela.\u201c<strong>Se mantiene la intenci\u00f3n de inversi\u00f3n, pero no necesariamente su concreci\u00f3n. La incertidumbre sobre los costos y la rentabilidad futura est\u00e1 generando cautela en la toma de decisiones<\/strong>\u201d, se\u00f1al\u00f3 Steiger.<\/p>\n<p>&nbsp;<\/p>\n<p><img decoding=\"async\" src=\"https:\/\/ci3.googleusercontent.com\/meips\/ADKq_NbmRp5r5N5qScay1__BFWGJEkXrudIbnfTFDlZkGXESEghtwq_8TUPE_xawmdQvsQxwoXODNTbEeav_3yJto063h9LchyKIywK5FiFE9HryqlevVqrM627qDBCuGMP3-sOVAuf0I9BVzGhXnqYE5X1HeGP-p7bRWtA=s0-d-e1-ft#https:\/\/mcusercontent.com\/efbc01da6c391663922e4f957\/images\/be5b8607-af29-e637-4432-f731a076deee.png\" \/><\/p>\n<div><\/div>\n<p>En paralelo, el\u00a0<strong>\u00cdndice de Expectativas Futuras<\/strong>\u00a0registr\u00f3 una ca\u00edda del\u00a0<strong>14,8% (149 vs 175)<\/strong>. La\u00a0<strong>situaci\u00f3n financiera esperada a 12 meses cay\u00f3 un 13% (144 vs 167)<\/strong>, mientras que las\u00a0<strong>expectativas sobre el sector se redujeron un 20% (136 vs 170)<\/strong>, evidenciando un ajuste en la mirada de mediano plazo.<strong>Impacto internacional y presi\u00f3n sobre los costos<\/strong>Uno de los factores centrales detr\u00e1s de este cambio de tendencia es el efecto del conflicto en Medio Oriente sobre los costos productivos. El aumento del precio del petr\u00f3leo impacta directamente en el valor del gasoil (clave para labores y fletes) y tambi\u00e9n en el precio de los fertilizantes, especialmente la urea, afectando la rentabilidad actual y proyectada.Este impacto se refleja claramente en las preocupaciones de los productores: el\u00a0<strong>66% identifica el aumento de los precios de los insumos en d\u00f3lares como su principal desaf\u00edo<\/strong>\u00a0para los pr\u00f3ximos 12 meses, seguido por el\u00a0<strong>clima (35%)<\/strong>, los\u00a0<strong>precios de los productos agr\u00edcolas (33%)<\/strong>, las\u00a0<strong>altas tasas de inter\u00e9s en pesos (24%)<\/strong>\u00a0y la\u00a0<strong>baja rentabilidad agr\u00edcola (19%)<\/strong>. En contraste, la\u00a0<strong>incertidumbre econ\u00f3mica (12%) y pol\u00edtica (12%) pierden relevancia<\/strong>, luego de haber sido los principales factores en mediciones anteriores.\u201c<strong>El aumento de costos derivado del conflicto internacional ya est\u00e1 influyendo en las decisiones productivas y en la planificaci\u00f3n de la pr\u00f3xima campa\u00f1a<\/strong>\u201d, advirti\u00f3 Steiger.En este contexto, la campa\u00f1a de trigo 2026\/27 aparece particularmente condicionada: un\u00a0<strong>61% de los productores enfrenta un escenario desfavorable para la siembra<\/strong>, y como consecuencia un\u00a0<strong>41% planea reducir el \u00e1rea sembrada<\/strong>, mientras que un\u00a0<strong>49% la mantendr\u00eda y solo un 9% la incrementar\u00eda<\/strong>, tras una campa\u00f1a r\u00e9cord en 2025\/26.La presi\u00f3n sobre los \u00a0m\u00e1rgenes no es exclusiva de la Argentina. En Brasil se observa un\u00a0estrechamiento de los m\u00e1rgenes de la soja, mientras que en Estados Unidos los \u00a0productores enfrentan resultados negativos y reciben apoyo estatal para \u00a0sostener la actividad.<\/p>\n<table role=\"presentation\" border=\"0\" width=\"85%\" cellspacing=\"0\" cellpadding=\"0\" align=\"center\">\n<tbody>\n<tr>\n<td valign=\"top\"><\/td>\n<\/tr>\n<\/tbody>\n<\/table>\n<p><img decoding=\"async\" src=\"https:\/\/ci3.googleusercontent.com\/meips\/ADKq_NacLzXSi4p-CzBX11jw5EUBBKxXeDNrnHqLJud9JaKx31oleDOP7lI1WcVYH_rrDgI_kyrvXvo9O_jiAKf1MmntKSzMCzUuUt2V5133lHY1PkWoUUYX0NHuN4H3ZuMdln0j-IzqicEDfW5IFM3Sv2bdV8z7tVtfA_E=s0-d-e1-ft#https:\/\/mcusercontent.com\/efbc01da6c391663922e4f957\/images\/25adb4c5-b925-16a1-a3b9-fbff36ee04c6.png\" \/><\/p>\n<p>&nbsp;<\/p>\n<p><strong>Inversi\u00f3n frenada y cambio en las preocupaciones<\/strong><\/p>\n<p>&nbsp;<\/p>\n<p>Las inversiones contin\u00faan sin consolidarse. En caso de concretarse, las\u00a0<strong>maquinarias lideran las decisiones (57%)<\/strong>, seguidas por\u00a0<strong>vientres vacunos (25%)<\/strong>,\u00a0<strong>instalaciones (22%)<\/strong>\u00a0y, en menor medida, la\u00a0<strong>compra de tierras (9%)<\/strong>.\u201c<strong>Las altas tasas de inter\u00e9s siguen siendo un factor limitante. Aunque hubo una baja en las tasas pasivas, el cr\u00e9dito todav\u00eda no refleja plenamente esa mejora y eso condiciona las decisiones de inversi\u00f3n<\/strong>\u201d, explic\u00f3 Steiger.En cuanto a la comercializaci\u00f3n, luego de cubrir los costos de la campa\u00f1a 2025\/26, la mayor\u00eda de los productores prioriza la venta de\u00a0<strong>trigo<\/strong>, seguido por\u00a0<strong>ma\u00edz y soja<\/strong>, aunque otro grupo relevante invierte ese orden entre soja y ma\u00edz. Al mismo tiempo, se destaca que un\u00a0<strong>71% de los productores increment\u00f3 sus stocks de ma\u00edz<\/strong>, principalmente por su uso en alimentaci\u00f3n animal, mayores rindes o como reserva de valor, lo que refleja una estrategia m\u00e1s conservadora frente a la incertidumbre de precios.\u201c<strong>Hoy las preocupaciones del productor est\u00e1n mucho m\u00e1s asociadas a variables concretas del negocio que al contexto pol\u00edtico local, lo que marca un cambio relevante en la percepci\u00f3n del sector<\/strong>\u201d, concluy\u00f3 Steiger.<\/p>\n<table role=\"presentation\" border=\"0\" width=\"85%\" cellspacing=\"0\" cellpadding=\"0\" align=\"center\">\n<tbody>\n<tr>\n<td valign=\"top\"><img decoding=\"async\" class=\"m_5278223822694616957mceImage CToWUd a6T\" tabindex=\"0\" src=\"https:\/\/ci3.googleusercontent.com\/meips\/ADKq_NacLzXSi4p-CzBX11jw5EUBBKxXeDNrnHqLJud9JaKx31oleDOP7lI1WcVYH_rrDgI_kyrvXvo9O_jiAKf1MmntKSzMCzUuUt2V5133lHY1PkWoUUYX0NHuN4H3ZuMdln0j-IzqicEDfW5IFM3Sv2bdV8z7tVtfA_E=s0-d-e1-ft#https:\/\/mcusercontent.com\/efbc01da6c391663922e4f957\/images\/25adb4c5-b925-16a1-a3b9-fbff36ee04c6.png\" alt=\"\" width=\"559.3\" height=\"auto\" data-bit=\"iit\" \/><\/td>\n<\/tr>\n<\/tbody>\n<\/table>\n<div><\/div>\n<table class=\"m_5278223822694616957mceButtonContainer\" role=\"presentation\" border=\"0\" cellspacing=\"0\" cellpadding=\"0\" align=\"center\">\n<tbody>\n<tr class=\"m_5278223822694616957mceStandardButton\">\n<td class=\"m_5278223822694616957mceButton\" valign=\"top\"><a class=\"m_5278223822694616957mceButtonLink\" href=\"https:\/\/austral.us3.list-manage.com\/track\/click?u=efbc01da6c391663922e4f957&amp;id=4966ae81fe&amp;e=af05b289a5\" target=\"_blank\" rel=\"noopener noreferrer\" data-saferedirecturl=\"https:\/\/www.google.com\/url?q=https:\/\/austral.us3.list-manage.com\/track\/click?u%3Defbc01da6c391663922e4f957%26id%3D4966ae81fe%26e%3Daf05b289a5&amp;source=gmail&amp;ust=1777486374634000&amp;usg=AOvVaw2qmyLfXbSXSrklNjau19at\">Acceda al informe completo<\/a><\/td>\n<\/tr>\n<\/tbody>\n<\/table>\n","protected":false},"excerpt":{"rendered":"<p>La medici\u00f3n marzo-abril del Ag Barometer Austral registra una ca\u00edda en la confianza de los productores, marcando un punto de inflexi\u00f3n tras los m\u00e1ximos hist\u00f3ricos alcanzados a fines de 2025. El relevamiento, elaborado por el Centro de Agronegocios y Alimentos de la Universidad Austral, muestra un deterioro en todos los indicadores, especialmente en las condiciones [&hellip;]<\/p>\n","protected":false},"author":3,"featured_media":114615,"comment_status":"closed","ping_status":"closed","sticky":false,"template":"","format":"standard","meta":{"footnotes":""},"categories":[36,34],"tags":[],"class_list":["post-136610","post","type-post","status-publish","format-standard","has-post-thumbnail","hentry","category-economia","category-educacion"],"yoast_head":"<!-- This site is optimized with the Yoast SEO plugin v25.9 - https:\/\/yoast.com\/wordpress\/plugins\/seo\/ -->\n<title>La confianza del campo cae 16% y la inversi\u00f3n se frena: el \u00edndice baja a 132 por el impacto de la guerra en Medio Oriente y el aumento de costos - Noticias Radio Reflejos<\/title>\n<meta name=\"robots\" content=\"index, follow, max-snippet:-1, max-image-preview:large, max-video-preview:-1\" \/>\n<link rel=\"canonical\" href=\"https:\/\/www.noticiasradioreflejos.com.ar\/2021\/la-confianza-del-campo-cae-16-y-la-inversion-se-frena-el-indice-baja-a-132-por-el-impacto-de-la-guerra-en-medio-oriente-y-el-aumento-de-costos\/\" \/>\n<meta property=\"og:locale\" content=\"es_ES\" \/>\n<meta property=\"og:type\" content=\"article\" \/>\n<meta property=\"og:title\" content=\"La confianza del campo cae 16% y la inversi\u00f3n se frena: el \u00edndice baja a 132 por el impacto de la guerra en Medio Oriente y el aumento de costos - Noticias Radio Reflejos\" \/>\n<meta property=\"og:description\" content=\"La medici\u00f3n marzo-abril del Ag Barometer Austral registra una ca\u00edda en la confianza de los productores, marcando un punto de inflexi\u00f3n tras los m\u00e1ximos hist\u00f3ricos alcanzados a fines de 2025. El relevamiento, elaborado por el Centro de Agronegocios y Alimentos de la Universidad Austral, muestra un deterioro en todos los indicadores, especialmente en las condiciones [&hellip;]\" \/>\n<meta property=\"og:url\" content=\"https:\/\/www.noticiasradioreflejos.com.ar\/2021\/la-confianza-del-campo-cae-16-y-la-inversion-se-frena-el-indice-baja-a-132-por-el-impacto-de-la-guerra-en-medio-oriente-y-el-aumento-de-costos\/\" \/>\n<meta property=\"og:site_name\" content=\"Noticias Radio Reflejos\" \/>\n<meta property=\"article:published_time\" content=\"2026-04-28T18:48:42+00:00\" \/>\n<meta property=\"og:image\" content=\"https:\/\/www.noticiasradioreflejos.com.ar\/2021\/wp-content\/uploads\/2025\/03\/campo-clima-cielo-2.jpg\" \/>\n\t<meta property=\"og:image:width\" content=\"1024\" \/>\n\t<meta property=\"og:image:height\" content=\"576\" \/>\n\t<meta property=\"og:image:type\" content=\"image\/jpeg\" \/>\n<meta name=\"author\" content=\"Arnaldo Botto\" \/>\n<meta name=\"twitter:card\" content=\"summary_large_image\" \/>\n<script type=\"application\/ld+json\" class=\"yoast-schema-graph\">{\"@context\":\"https:\/\/schema.org\",\"@graph\":[{\"@type\":\"WebPage\",\"@id\":\"https:\/\/www.noticiasradioreflejos.com.ar\/2021\/la-confianza-del-campo-cae-16-y-la-inversion-se-frena-el-indice-baja-a-132-por-el-impacto-de-la-guerra-en-medio-oriente-y-el-aumento-de-costos\/\",\"url\":\"https:\/\/www.noticiasradioreflejos.com.ar\/2021\/la-confianza-del-campo-cae-16-y-la-inversion-se-frena-el-indice-baja-a-132-por-el-impacto-de-la-guerra-en-medio-oriente-y-el-aumento-de-costos\/\",\"name\":\"La confianza del campo cae 16% y la inversi\u00f3n se frena: el \u00edndice baja a 132 por el impacto de la guerra en Medio Oriente y el aumento de costos - Noticias Radio Reflejos\",\"isPartOf\":{\"@id\":\"https:\/\/www.noticiasradioreflejos.com.ar\/2021\/#website\"},\"primaryImageOfPage\":{\"@id\":\"https:\/\/www.noticiasradioreflejos.com.ar\/2021\/la-confianza-del-campo-cae-16-y-la-inversion-se-frena-el-indice-baja-a-132-por-el-impacto-de-la-guerra-en-medio-oriente-y-el-aumento-de-costos\/#primaryimage\"},\"image\":{\"@id\":\"https:\/\/www.noticiasradioreflejos.com.ar\/2021\/la-confianza-del-campo-cae-16-y-la-inversion-se-frena-el-indice-baja-a-132-por-el-impacto-de-la-guerra-en-medio-oriente-y-el-aumento-de-costos\/#primaryimage\"},\"thumbnailUrl\":\"https:\/\/www.noticiasradioreflejos.com.ar\/2021\/wp-content\/uploads\/2025\/03\/campo-clima-cielo-2.jpg\",\"datePublished\":\"2026-04-28T18:48:42+00:00\",\"author\":{\"@id\":\"https:\/\/www.noticiasradioreflejos.com.ar\/2021\/#\/schema\/person\/ad82545263dcc5ec0996818884fd5fb1\"},\"breadcrumb\":{\"@id\":\"https:\/\/www.noticiasradioreflejos.com.ar\/2021\/la-confianza-del-campo-cae-16-y-la-inversion-se-frena-el-indice-baja-a-132-por-el-impacto-de-la-guerra-en-medio-oriente-y-el-aumento-de-costos\/#breadcrumb\"},\"inLanguage\":\"es\",\"potentialAction\":[{\"@type\":\"ReadAction\",\"target\":[\"https:\/\/www.noticiasradioreflejos.com.ar\/2021\/la-confianza-del-campo-cae-16-y-la-inversion-se-frena-el-indice-baja-a-132-por-el-impacto-de-la-guerra-en-medio-oriente-y-el-aumento-de-costos\/\"]}]},{\"@type\":\"ImageObject\",\"inLanguage\":\"es\",\"@id\":\"https:\/\/www.noticiasradioreflejos.com.ar\/2021\/la-confianza-del-campo-cae-16-y-la-inversion-se-frena-el-indice-baja-a-132-por-el-impacto-de-la-guerra-en-medio-oriente-y-el-aumento-de-costos\/#primaryimage\",\"url\":\"https:\/\/www.noticiasradioreflejos.com.ar\/2021\/wp-content\/uploads\/2025\/03\/campo-clima-cielo-2.jpg\",\"contentUrl\":\"https:\/\/www.noticiasradioreflejos.com.ar\/2021\/wp-content\/uploads\/2025\/03\/campo-clima-cielo-2.jpg\",\"width\":1024,\"height\":576},{\"@type\":\"BreadcrumbList\",\"@id\":\"https:\/\/www.noticiasradioreflejos.com.ar\/2021\/la-confianza-del-campo-cae-16-y-la-inversion-se-frena-el-indice-baja-a-132-por-el-impacto-de-la-guerra-en-medio-oriente-y-el-aumento-de-costos\/#breadcrumb\",\"itemListElement\":[{\"@type\":\"ListItem\",\"position\":1,\"name\":\"Portada\",\"item\":\"https:\/\/www.noticiasradioreflejos.com.ar\/2021\/\"},{\"@type\":\"ListItem\",\"position\":2,\"name\":\"La confianza del campo cae 16% y la inversi\u00f3n se frena: el \u00edndice baja a 132 por el impacto de la guerra en Medio Oriente y el aumento de costos\"}]},{\"@type\":\"WebSite\",\"@id\":\"https:\/\/www.noticiasradioreflejos.com.ar\/2021\/#website\",\"url\":\"https:\/\/www.noticiasradioreflejos.com.ar\/2021\/\",\"name\":\"Noticias Radio Reflejos\",\"description\":\"Las noticias de mi comarca\",\"potentialAction\":[{\"@type\":\"SearchAction\",\"target\":{\"@type\":\"EntryPoint\",\"urlTemplate\":\"https:\/\/www.noticiasradioreflejos.com.ar\/2021\/?s={search_term_string}\"},\"query-input\":{\"@type\":\"PropertyValueSpecification\",\"valueRequired\":true,\"valueName\":\"search_term_string\"}}],\"inLanguage\":\"es\"},{\"@type\":\"Person\",\"@id\":\"https:\/\/www.noticiasradioreflejos.com.ar\/2021\/#\/schema\/person\/ad82545263dcc5ec0996818884fd5fb1\",\"name\":\"Arnaldo Botto\",\"image\":{\"@type\":\"ImageObject\",\"inLanguage\":\"es\",\"@id\":\"https:\/\/www.noticiasradioreflejos.com.ar\/2021\/#\/schema\/person\/image\/\",\"url\":\"https:\/\/secure.gravatar.com\/avatar\/55cb5e37c1efa326397366e6974cb338056df65cb50e7d64d1cf314e87504837?s=96&d=mm&r=g\",\"contentUrl\":\"https:\/\/secure.gravatar.com\/avatar\/55cb5e37c1efa326397366e6974cb338056df65cb50e7d64d1cf314e87504837?s=96&d=mm&r=g\",\"caption\":\"Arnaldo Botto\"},\"url\":\"https:\/\/www.noticiasradioreflejos.com.ar\/2021\/author\/arnaldo\/\"}]}<\/script>\n<!-- \/ Yoast SEO plugin. -->","yoast_head_json":{"title":"La confianza del campo cae 16% y la inversi\u00f3n se frena: el \u00edndice baja a 132 por el impacto de la guerra en Medio Oriente y el aumento de costos - Noticias Radio Reflejos","robots":{"index":"index","follow":"follow","max-snippet":"max-snippet:-1","max-image-preview":"max-image-preview:large","max-video-preview":"max-video-preview:-1"},"canonical":"https:\/\/www.noticiasradioreflejos.com.ar\/2021\/la-confianza-del-campo-cae-16-y-la-inversion-se-frena-el-indice-baja-a-132-por-el-impacto-de-la-guerra-en-medio-oriente-y-el-aumento-de-costos\/","og_locale":"es_ES","og_type":"article","og_title":"La confianza del campo cae 16% y la inversi\u00f3n se frena: el \u00edndice baja a 132 por el impacto de la guerra en Medio Oriente y el aumento de costos - Noticias Radio Reflejos","og_description":"La medici\u00f3n marzo-abril del Ag Barometer Austral registra una ca\u00edda en la confianza de los productores, marcando un punto de inflexi\u00f3n tras los m\u00e1ximos hist\u00f3ricos alcanzados a fines de 2025. El relevamiento, elaborado por el Centro de Agronegocios y Alimentos de la Universidad Austral, muestra un deterioro en todos los indicadores, especialmente en las condiciones [&hellip;]","og_url":"https:\/\/www.noticiasradioreflejos.com.ar\/2021\/la-confianza-del-campo-cae-16-y-la-inversion-se-frena-el-indice-baja-a-132-por-el-impacto-de-la-guerra-en-medio-oriente-y-el-aumento-de-costos\/","og_site_name":"Noticias Radio Reflejos","article_published_time":"2026-04-28T18:48:42+00:00","og_image":[{"width":1024,"height":576,"url":"https:\/\/www.noticiasradioreflejos.com.ar\/2021\/wp-content\/uploads\/2025\/03\/campo-clima-cielo-2.jpg","type":"image\/jpeg"}],"author":"Arnaldo Botto","twitter_card":"summary_large_image","schema":{"@context":"https:\/\/schema.org","@graph":[{"@type":"WebPage","@id":"https:\/\/www.noticiasradioreflejos.com.ar\/2021\/la-confianza-del-campo-cae-16-y-la-inversion-se-frena-el-indice-baja-a-132-por-el-impacto-de-la-guerra-en-medio-oriente-y-el-aumento-de-costos\/","url":"https:\/\/www.noticiasradioreflejos.com.ar\/2021\/la-confianza-del-campo-cae-16-y-la-inversion-se-frena-el-indice-baja-a-132-por-el-impacto-de-la-guerra-en-medio-oriente-y-el-aumento-de-costos\/","name":"La confianza del campo cae 16% y la inversi\u00f3n se frena: el \u00edndice baja a 132 por el impacto de la guerra en Medio Oriente y el aumento de costos - Noticias Radio Reflejos","isPartOf":{"@id":"https:\/\/www.noticiasradioreflejos.com.ar\/2021\/#website"},"primaryImageOfPage":{"@id":"https:\/\/www.noticiasradioreflejos.com.ar\/2021\/la-confianza-del-campo-cae-16-y-la-inversion-se-frena-el-indice-baja-a-132-por-el-impacto-de-la-guerra-en-medio-oriente-y-el-aumento-de-costos\/#primaryimage"},"image":{"@id":"https:\/\/www.noticiasradioreflejos.com.ar\/2021\/la-confianza-del-campo-cae-16-y-la-inversion-se-frena-el-indice-baja-a-132-por-el-impacto-de-la-guerra-en-medio-oriente-y-el-aumento-de-costos\/#primaryimage"},"thumbnailUrl":"https:\/\/www.noticiasradioreflejos.com.ar\/2021\/wp-content\/uploads\/2025\/03\/campo-clima-cielo-2.jpg","datePublished":"2026-04-28T18:48:42+00:00","author":{"@id":"https:\/\/www.noticiasradioreflejos.com.ar\/2021\/#\/schema\/person\/ad82545263dcc5ec0996818884fd5fb1"},"breadcrumb":{"@id":"https:\/\/www.noticiasradioreflejos.com.ar\/2021\/la-confianza-del-campo-cae-16-y-la-inversion-se-frena-el-indice-baja-a-132-por-el-impacto-de-la-guerra-en-medio-oriente-y-el-aumento-de-costos\/#breadcrumb"},"inLanguage":"es","potentialAction":[{"@type":"ReadAction","target":["https:\/\/www.noticiasradioreflejos.com.ar\/2021\/la-confianza-del-campo-cae-16-y-la-inversion-se-frena-el-indice-baja-a-132-por-el-impacto-de-la-guerra-en-medio-oriente-y-el-aumento-de-costos\/"]}]},{"@type":"ImageObject","inLanguage":"es","@id":"https:\/\/www.noticiasradioreflejos.com.ar\/2021\/la-confianza-del-campo-cae-16-y-la-inversion-se-frena-el-indice-baja-a-132-por-el-impacto-de-la-guerra-en-medio-oriente-y-el-aumento-de-costos\/#primaryimage","url":"https:\/\/www.noticiasradioreflejos.com.ar\/2021\/wp-content\/uploads\/2025\/03\/campo-clima-cielo-2.jpg","contentUrl":"https:\/\/www.noticiasradioreflejos.com.ar\/2021\/wp-content\/uploads\/2025\/03\/campo-clima-cielo-2.jpg","width":1024,"height":576},{"@type":"BreadcrumbList","@id":"https:\/\/www.noticiasradioreflejos.com.ar\/2021\/la-confianza-del-campo-cae-16-y-la-inversion-se-frena-el-indice-baja-a-132-por-el-impacto-de-la-guerra-en-medio-oriente-y-el-aumento-de-costos\/#breadcrumb","itemListElement":[{"@type":"ListItem","position":1,"name":"Portada","item":"https:\/\/www.noticiasradioreflejos.com.ar\/2021\/"},{"@type":"ListItem","position":2,"name":"La confianza del campo cae 16% y la inversi\u00f3n se frena: el \u00edndice baja a 132 por el impacto de la guerra en Medio Oriente y el aumento de costos"}]},{"@type":"WebSite","@id":"https:\/\/www.noticiasradioreflejos.com.ar\/2021\/#website","url":"https:\/\/www.noticiasradioreflejos.com.ar\/2021\/","name":"Noticias Radio Reflejos","description":"Las noticias de mi comarca","potentialAction":[{"@type":"SearchAction","target":{"@type":"EntryPoint","urlTemplate":"https:\/\/www.noticiasradioreflejos.com.ar\/2021\/?s={search_term_string}"},"query-input":{"@type":"PropertyValueSpecification","valueRequired":true,"valueName":"search_term_string"}}],"inLanguage":"es"},{"@type":"Person","@id":"https:\/\/www.noticiasradioreflejos.com.ar\/2021\/#\/schema\/person\/ad82545263dcc5ec0996818884fd5fb1","name":"Arnaldo Botto","image":{"@type":"ImageObject","inLanguage":"es","@id":"https:\/\/www.noticiasradioreflejos.com.ar\/2021\/#\/schema\/person\/image\/","url":"https:\/\/secure.gravatar.com\/avatar\/55cb5e37c1efa326397366e6974cb338056df65cb50e7d64d1cf314e87504837?s=96&d=mm&r=g","contentUrl":"https:\/\/secure.gravatar.com\/avatar\/55cb5e37c1efa326397366e6974cb338056df65cb50e7d64d1cf314e87504837?s=96&d=mm&r=g","caption":"Arnaldo Botto"},"url":"https:\/\/www.noticiasradioreflejos.com.ar\/2021\/author\/arnaldo\/"}]}},"_links":{"self":[{"href":"https:\/\/www.noticiasradioreflejos.com.ar\/2021\/wp-json\/wp\/v2\/posts\/136610","targetHints":{"allow":["GET"]}}],"collection":[{"href":"https:\/\/www.noticiasradioreflejos.com.ar\/2021\/wp-json\/wp\/v2\/posts"}],"about":[{"href":"https:\/\/www.noticiasradioreflejos.com.ar\/2021\/wp-json\/wp\/v2\/types\/post"}],"author":[{"embeddable":true,"href":"https:\/\/www.noticiasradioreflejos.com.ar\/2021\/wp-json\/wp\/v2\/users\/3"}],"replies":[{"embeddable":true,"href":"https:\/\/www.noticiasradioreflejos.com.ar\/2021\/wp-json\/wp\/v2\/comments?post=136610"}],"version-history":[{"count":1,"href":"https:\/\/www.noticiasradioreflejos.com.ar\/2021\/wp-json\/wp\/v2\/posts\/136610\/revisions"}],"predecessor-version":[{"id":136611,"href":"https:\/\/www.noticiasradioreflejos.com.ar\/2021\/wp-json\/wp\/v2\/posts\/136610\/revisions\/136611"}],"wp:featuredmedia":[{"embeddable":true,"href":"https:\/\/www.noticiasradioreflejos.com.ar\/2021\/wp-json\/wp\/v2\/media\/114615"}],"wp:attachment":[{"href":"https:\/\/www.noticiasradioreflejos.com.ar\/2021\/wp-json\/wp\/v2\/media?parent=136610"}],"wp:term":[{"taxonomy":"category","embeddable":true,"href":"https:\/\/www.noticiasradioreflejos.com.ar\/2021\/wp-json\/wp\/v2\/categories?post=136610"},{"taxonomy":"post_tag","embeddable":true,"href":"https:\/\/www.noticiasradioreflejos.com.ar\/2021\/wp-json\/wp\/v2\/tags?post=136610"}],"curies":[{"name":"wp","href":"https:\/\/api.w.org\/{rel}","templated":true}]}}