{"id":136606,"date":"2026-04-28T15:41:29","date_gmt":"2026-04-28T18:41:29","guid":{"rendered":"https:\/\/www.noticiasradioreflejos.com.ar\/2021\/?p=136606"},"modified":"2026-04-28T15:41:34","modified_gmt":"2026-04-28T18:41:34","slug":"camuzzi-promueve-la-revision-anual-de-instalaciones-internas-de-gas-previo-al-invierno","status":"publish","type":"post","link":"https:\/\/www.noticiasradioreflejos.com.ar\/2021\/camuzzi-promueve-la-revision-anual-de-instalaciones-internas-de-gas-previo-al-invierno\/","title":{"rendered":"CAMUZZI promueve la revisi\u00f3n anual de instalaciones internas de gas previo al invierno"},"content":{"rendered":"<p>Camuzzi refuerza su campa\u00f1a de <strong>seguridad y prevenci\u00f3n del mon\u00f3xido de carbono<\/strong>, e invita a todos los usuarios a realizar la <strong>revisi\u00f3n anual de sus instalaciones internas de gas natural antes del inicio de la temporada invernal<\/strong>.<!--more--><\/p>\n<p>Con el descenso de las temperaturas, se incrementa el uso de artefactos de gas para calefacci\u00f3n. Por eso, es fundamental <strong>verificar el estado de las instalaciones internas y los artefactos de gas con gasistas matriculados<\/strong>, a fin de garantizar un funcionamiento seguro y prevenir riesgos asociados al mon\u00f3xido de carbono, un gas t\u00f3xico e imperceptible que puede producir intoxicaciones graves cuando se genera por una combusti\u00f3n incompleta.<\/p>\n<p>&nbsp;<\/p>\n<p><strong>\u00bfPor qu\u00e9 es importante la revisi\u00f3n anual?<\/strong><\/p>\n<ul>\n<li>El mon\u00f3xido de carbono <strong>no tiene olor, color ni sabor<\/strong>, lo que dificulta su detecci\u00f3n sin un correcto mantenimiento de los artefactos y ventilaci\u00f3n.<\/li>\n<li>La <strong>revisi\u00f3n anual de las instalaciones y artefactos<\/strong> por parte de un instalador matriculado ayuda a detectar y corregir posibles fallas antes de que se produzcan situaciones de riesgo.<\/li>\n<li>Una instalaci\u00f3n revisada y segura reduce la probabilidad de accidentes en los meses fr\u00edos, cuando los artefactos quedan m\u00e1s tiempo en funcionamiento.<\/li>\n<\/ul>\n<p>&nbsp;<\/p>\n<p><strong>Recomendaciones de seguridad <\/strong>para evitar accidentes por mon\u00f3xido de carbono:<\/p>\n<ul>\n<li>Hacer revisar <strong>una vez al a\u00f1o<\/strong> los artefactos de gas por un gasista matriculado, especialmente antes de que bajen las temperaturas.<\/li>\n<li>Mantener <strong>ventilaciones permanentes<\/strong> y libres de obstrucciones.<\/li>\n<li>Verificar que la <strong>llama del artefacto sea siempre azul<\/strong>; una llama amarilla o naranja puede indicar mala combusti\u00f3n.<\/li>\n<li>Chequear que los conductos de evacuaci\u00f3n de gases no est\u00e9n rotos ni obstruidos.<\/li>\n<li>Contactar siempre a un gasista matriculado si se detectan anomal\u00edas en los artefactos o en la ventilaci\u00f3n.<\/li>\n<\/ul>\n<p>&nbsp;<\/p>\n<p><strong>\u00bfC\u00f3mo proceder con la revisi\u00f3n?<\/strong><\/p>\n<ol>\n<li><strong>Contact\u00e1 a un gasista matriculado<\/strong> para programar la revisi\u00f3n y el mantenimiento de tus artefactos e instalaciones internas. Consult\u00e1 el listado completo de profesionales habilitados en:<br \/>\n<a href=\"https:\/\/www.camuzzigas.com\/guia-de-tramites\/gasistas-matriculados\/?utm_source=chatgpt.com\">https:\/\/www.camuzzigas.com\/guia-de-tramites\/gasistas-matriculados\/<\/a><\/li>\n<li>El gasista evaluar\u00e1 cada artefacto y sistema, verificando su <strong>correcto funcionamiento, ventilaci\u00f3n y seguridad<\/strong>.<\/li>\n<li>En caso de detectar fallas o desperfectos, el gasista podr\u00e1 <strong>realizar las reparaciones o ajustes necesarios<\/strong> para garantizar seguridad y cumplimiento normativo.<\/li>\n<\/ol>\n<p>&nbsp;<\/p>\n<p><strong>Camuzzi contin\u00faa promoviendo acciones de prevenci\u00f3n<\/strong><\/p>\n<p>Camuzzi sostiene su compromiso con la seguridad de sus usuarios, promoviendo buenas pr\u00e1cticas en el uso del gas natural en el hogar y en comercios, y reforzando la importancia del mantenimiento preventivo de las instalaciones antes de cada invierno.<\/p>\n<p><a href=\"https:\/\/www.noticiasradioreflejos.com.ar\/2021\/camuzzi-promueve-la-revision-anual-de-instalaciones-internas-de-gas-previo-al-invierno\/camuzzi-3\/\" rel=\"attachment wp-att-136607\"><img loading=\"lazy\" decoding=\"async\" class=\"aligncenter size-full wp-image-136607\" src=\"https:\/\/www.noticiasradioreflejos.com.ar\/2021\/wp-content\/uploads\/2026\/04\/Camuzzi.jpg\" alt=\"\" width=\"1080\" height=\"1350\" srcset=\"https:\/\/www.noticiasradioreflejos.com.ar\/2021\/wp-content\/uploads\/2026\/04\/Camuzzi.jpg 1080w, https:\/\/www.noticiasradioreflejos.com.ar\/2021\/wp-content\/uploads\/2026\/04\/Camuzzi-240x300.jpg 240w, https:\/\/www.noticiasradioreflejos.com.ar\/2021\/wp-content\/uploads\/2026\/04\/Camuzzi-819x1024.jpg 819w, https:\/\/www.noticiasradioreflejos.com.ar\/2021\/wp-content\/uploads\/2026\/04\/Camuzzi-768x960.jpg 768w, https:\/\/www.noticiasradioreflejos.com.ar\/2021\/wp-content\/uploads\/2026\/04\/Camuzzi-750x938.jpg 750w\" sizes=\"auto, (max-width: 1080px) 100vw, 1080px\" \/><\/a><\/p>\n","protected":false},"excerpt":{"rendered":"<p>Camuzzi refuerza su campa\u00f1a de seguridad y prevenci\u00f3n del mon\u00f3xido de carbono, e invita a todos los usuarios a realizar la revisi\u00f3n anual de sus instalaciones internas de gas natural antes del inicio de la temporada invernal.<\/p>\n","protected":false},"author":3,"featured_media":136607,"comment_status":"closed","ping_status":"closed","sticky":false,"template":"","format":"standard","meta":{"footnotes":""},"categories":[1],"tags":[],"class_list":["post-136606","post","type-post","status-publish","format-standard","has-post-thumbnail","hentry","category-sin-categoria"],"yoast_head":"<!-- This site is optimized with the Yoast SEO plugin v25.9 - https:\/\/yoast.com\/wordpress\/plugins\/seo\/ -->\n<title>CAMUZZI promueve la revisi\u00f3n anual de instalaciones internas de gas previo al invierno - Noticias Radio Reflejos<\/title>\n<meta name=\"robots\" content=\"index, follow, max-snippet:-1, max-image-preview:large, max-video-preview:-1\" \/>\n<link rel=\"canonical\" href=\"https:\/\/www.noticiasradioreflejos.com.ar\/2021\/camuzzi-promueve-la-revision-anual-de-instalaciones-internas-de-gas-previo-al-invierno\/\" \/>\n<meta property=\"og:locale\" content=\"es_ES\" \/>\n<meta property=\"og:type\" content=\"article\" \/>\n<meta property=\"og:title\" content=\"CAMUZZI promueve la revisi\u00f3n anual de instalaciones internas de gas previo al invierno - Noticias Radio Reflejos\" \/>\n<meta property=\"og:description\" content=\"Camuzzi refuerza su campa\u00f1a de seguridad y prevenci\u00f3n del mon\u00f3xido de carbono, e invita a todos los usuarios a realizar la revisi\u00f3n anual de sus instalaciones internas de gas natural antes del inicio de la temporada invernal.\" \/>\n<meta property=\"og:url\" content=\"https:\/\/www.noticiasradioreflejos.com.ar\/2021\/camuzzi-promueve-la-revision-anual-de-instalaciones-internas-de-gas-previo-al-invierno\/\" \/>\n<meta property=\"og:site_name\" content=\"Noticias Radio Reflejos\" \/>\n<meta property=\"article:published_time\" content=\"2026-04-28T18:41:29+00:00\" \/>\n<meta property=\"article:modified_time\" content=\"2026-04-28T18:41:34+00:00\" \/>\n<meta property=\"og:image\" content=\"https:\/\/www.noticiasradioreflejos.com.ar\/2021\/wp-content\/uploads\/2026\/04\/Camuzzi.jpg\" \/>\n\t<meta property=\"og:image:width\" content=\"1080\" \/>\n\t<meta property=\"og:image:height\" content=\"1350\" \/>\n\t<meta property=\"og:image:type\" content=\"image\/jpeg\" \/>\n<meta name=\"author\" content=\"Arnaldo Botto\" \/>\n<meta name=\"twitter:card\" content=\"summary_large_image\" \/>\n<script type=\"application\/ld+json\" class=\"yoast-schema-graph\">{\"@context\":\"https:\/\/schema.org\",\"@graph\":[{\"@type\":\"WebPage\",\"@id\":\"https:\/\/www.noticiasradioreflejos.com.ar\/2021\/camuzzi-promueve-la-revision-anual-de-instalaciones-internas-de-gas-previo-al-invierno\/\",\"url\":\"https:\/\/www.noticiasradioreflejos.com.ar\/2021\/camuzzi-promueve-la-revision-anual-de-instalaciones-internas-de-gas-previo-al-invierno\/\",\"name\":\"CAMUZZI promueve la revisi\u00f3n anual de instalaciones internas de gas previo al invierno - Noticias Radio Reflejos\",\"isPartOf\":{\"@id\":\"https:\/\/www.noticiasradioreflejos.com.ar\/2021\/#website\"},\"primaryImageOfPage\":{\"@id\":\"https:\/\/www.noticiasradioreflejos.com.ar\/2021\/camuzzi-promueve-la-revision-anual-de-instalaciones-internas-de-gas-previo-al-invierno\/#primaryimage\"},\"image\":{\"@id\":\"https:\/\/www.noticiasradioreflejos.com.ar\/2021\/camuzzi-promueve-la-revision-anual-de-instalaciones-internas-de-gas-previo-al-invierno\/#primaryimage\"},\"thumbnailUrl\":\"https:\/\/www.noticiasradioreflejos.com.ar\/2021\/wp-content\/uploads\/2026\/04\/Camuzzi.jpg\",\"datePublished\":\"2026-04-28T18:41:29+00:00\",\"dateModified\":\"2026-04-28T18:41:34+00:00\",\"author\":{\"@id\":\"https:\/\/www.noticiasradioreflejos.com.ar\/2021\/#\/schema\/person\/ad82545263dcc5ec0996818884fd5fb1\"},\"breadcrumb\":{\"@id\":\"https:\/\/www.noticiasradioreflejos.com.ar\/2021\/camuzzi-promueve-la-revision-anual-de-instalaciones-internas-de-gas-previo-al-invierno\/#breadcrumb\"},\"inLanguage\":\"es\",\"potentialAction\":[{\"@type\":\"ReadAction\",\"target\":[\"https:\/\/www.noticiasradioreflejos.com.ar\/2021\/camuzzi-promueve-la-revision-anual-de-instalaciones-internas-de-gas-previo-al-invierno\/\"]}]},{\"@type\":\"ImageObject\",\"inLanguage\":\"es\",\"@id\":\"https:\/\/www.noticiasradioreflejos.com.ar\/2021\/camuzzi-promueve-la-revision-anual-de-instalaciones-internas-de-gas-previo-al-invierno\/#primaryimage\",\"url\":\"https:\/\/www.noticiasradioreflejos.com.ar\/2021\/wp-content\/uploads\/2026\/04\/Camuzzi.jpg\",\"contentUrl\":\"https:\/\/www.noticiasradioreflejos.com.ar\/2021\/wp-content\/uploads\/2026\/04\/Camuzzi.jpg\",\"width\":1080,\"height\":1350},{\"@type\":\"BreadcrumbList\",\"@id\":\"https:\/\/www.noticiasradioreflejos.com.ar\/2021\/camuzzi-promueve-la-revision-anual-de-instalaciones-internas-de-gas-previo-al-invierno\/#breadcrumb\",\"itemListElement\":[{\"@type\":\"ListItem\",\"position\":1,\"name\":\"Portada\",\"item\":\"https:\/\/www.noticiasradioreflejos.com.ar\/2021\/\"},{\"@type\":\"ListItem\",\"position\":2,\"name\":\"CAMUZZI promueve la revisi\u00f3n anual de instalaciones internas de gas previo al invierno\"}]},{\"@type\":\"WebSite\",\"@id\":\"https:\/\/www.noticiasradioreflejos.com.ar\/2021\/#website\",\"url\":\"https:\/\/www.noticiasradioreflejos.com.ar\/2021\/\",\"name\":\"Noticias Radio Reflejos\",\"description\":\"Las noticias de mi comarca\",\"potentialAction\":[{\"@type\":\"SearchAction\",\"target\":{\"@type\":\"EntryPoint\",\"urlTemplate\":\"https:\/\/www.noticiasradioreflejos.com.ar\/2021\/?s={search_term_string}\"},\"query-input\":{\"@type\":\"PropertyValueSpecification\",\"valueRequired\":true,\"valueName\":\"search_term_string\"}}],\"inLanguage\":\"es\"},{\"@type\":\"Person\",\"@id\":\"https:\/\/www.noticiasradioreflejos.com.ar\/2021\/#\/schema\/person\/ad82545263dcc5ec0996818884fd5fb1\",\"name\":\"Arnaldo Botto\",\"image\":{\"@type\":\"ImageObject\",\"inLanguage\":\"es\",\"@id\":\"https:\/\/www.noticiasradioreflejos.com.ar\/2021\/#\/schema\/person\/image\/\",\"url\":\"https:\/\/secure.gravatar.com\/avatar\/55cb5e37c1efa326397366e6974cb338056df65cb50e7d64d1cf314e87504837?s=96&d=mm&r=g\",\"contentUrl\":\"https:\/\/secure.gravatar.com\/avatar\/55cb5e37c1efa326397366e6974cb338056df65cb50e7d64d1cf314e87504837?s=96&d=mm&r=g\",\"caption\":\"Arnaldo Botto\"},\"url\":\"https:\/\/www.noticiasradioreflejos.com.ar\/2021\/author\/arnaldo\/\"}]}<\/script>\n<!-- \/ Yoast SEO plugin. -->","yoast_head_json":{"title":"CAMUZZI promueve la revisi\u00f3n anual de instalaciones internas de gas previo al invierno - Noticias Radio Reflejos","robots":{"index":"index","follow":"follow","max-snippet":"max-snippet:-1","max-image-preview":"max-image-preview:large","max-video-preview":"max-video-preview:-1"},"canonical":"https:\/\/www.noticiasradioreflejos.com.ar\/2021\/camuzzi-promueve-la-revision-anual-de-instalaciones-internas-de-gas-previo-al-invierno\/","og_locale":"es_ES","og_type":"article","og_title":"CAMUZZI promueve la revisi\u00f3n anual de instalaciones internas de gas previo al invierno - Noticias Radio Reflejos","og_description":"Camuzzi refuerza su campa\u00f1a de seguridad y prevenci\u00f3n del mon\u00f3xido de carbono, e invita a todos los usuarios a realizar la revisi\u00f3n anual de sus instalaciones internas de gas natural antes del inicio de la temporada invernal.","og_url":"https:\/\/www.noticiasradioreflejos.com.ar\/2021\/camuzzi-promueve-la-revision-anual-de-instalaciones-internas-de-gas-previo-al-invierno\/","og_site_name":"Noticias Radio Reflejos","article_published_time":"2026-04-28T18:41:29+00:00","article_modified_time":"2026-04-28T18:41:34+00:00","og_image":[{"width":1080,"height":1350,"url":"https:\/\/www.noticiasradioreflejos.com.ar\/2021\/wp-content\/uploads\/2026\/04\/Camuzzi.jpg","type":"image\/jpeg"}],"author":"Arnaldo Botto","twitter_card":"summary_large_image","schema":{"@context":"https:\/\/schema.org","@graph":[{"@type":"WebPage","@id":"https:\/\/www.noticiasradioreflejos.com.ar\/2021\/camuzzi-promueve-la-revision-anual-de-instalaciones-internas-de-gas-previo-al-invierno\/","url":"https:\/\/www.noticiasradioreflejos.com.ar\/2021\/camuzzi-promueve-la-revision-anual-de-instalaciones-internas-de-gas-previo-al-invierno\/","name":"CAMUZZI promueve la revisi\u00f3n anual de instalaciones internas de gas previo al invierno - Noticias Radio Reflejos","isPartOf":{"@id":"https:\/\/www.noticiasradioreflejos.com.ar\/2021\/#website"},"primaryImageOfPage":{"@id":"https:\/\/www.noticiasradioreflejos.com.ar\/2021\/camuzzi-promueve-la-revision-anual-de-instalaciones-internas-de-gas-previo-al-invierno\/#primaryimage"},"image":{"@id":"https:\/\/www.noticiasradioreflejos.com.ar\/2021\/camuzzi-promueve-la-revision-anual-de-instalaciones-internas-de-gas-previo-al-invierno\/#primaryimage"},"thumbnailUrl":"https:\/\/www.noticiasradioreflejos.com.ar\/2021\/wp-content\/uploads\/2026\/04\/Camuzzi.jpg","datePublished":"2026-04-28T18:41:29+00:00","dateModified":"2026-04-28T18:41:34+00:00","author":{"@id":"https:\/\/www.noticiasradioreflejos.com.ar\/2021\/#\/schema\/person\/ad82545263dcc5ec0996818884fd5fb1"},"breadcrumb":{"@id":"https:\/\/www.noticiasradioreflejos.com.ar\/2021\/camuzzi-promueve-la-revision-anual-de-instalaciones-internas-de-gas-previo-al-invierno\/#breadcrumb"},"inLanguage":"es","potentialAction":[{"@type":"ReadAction","target":["https:\/\/www.noticiasradioreflejos.com.ar\/2021\/camuzzi-promueve-la-revision-anual-de-instalaciones-internas-de-gas-previo-al-invierno\/"]}]},{"@type":"ImageObject","inLanguage":"es","@id":"https:\/\/www.noticiasradioreflejos.com.ar\/2021\/camuzzi-promueve-la-revision-anual-de-instalaciones-internas-de-gas-previo-al-invierno\/#primaryimage","url":"https:\/\/www.noticiasradioreflejos.com.ar\/2021\/wp-content\/uploads\/2026\/04\/Camuzzi.jpg","contentUrl":"https:\/\/www.noticiasradioreflejos.com.ar\/2021\/wp-content\/uploads\/2026\/04\/Camuzzi.jpg","width":1080,"height":1350},{"@type":"BreadcrumbList","@id":"https:\/\/www.noticiasradioreflejos.com.ar\/2021\/camuzzi-promueve-la-revision-anual-de-instalaciones-internas-de-gas-previo-al-invierno\/#breadcrumb","itemListElement":[{"@type":"ListItem","position":1,"name":"Portada","item":"https:\/\/www.noticiasradioreflejos.com.ar\/2021\/"},{"@type":"ListItem","position":2,"name":"CAMUZZI promueve la revisi\u00f3n anual de instalaciones internas de gas previo al invierno"}]},{"@type":"WebSite","@id":"https:\/\/www.noticiasradioreflejos.com.ar\/2021\/#website","url":"https:\/\/www.noticiasradioreflejos.com.ar\/2021\/","name":"Noticias Radio Reflejos","description":"Las noticias de mi comarca","potentialAction":[{"@type":"SearchAction","target":{"@type":"EntryPoint","urlTemplate":"https:\/\/www.noticiasradioreflejos.com.ar\/2021\/?s={search_term_string}"},"query-input":{"@type":"PropertyValueSpecification","valueRequired":true,"valueName":"search_term_string"}}],"inLanguage":"es"},{"@type":"Person","@id":"https:\/\/www.noticiasradioreflejos.com.ar\/2021\/#\/schema\/person\/ad82545263dcc5ec0996818884fd5fb1","name":"Arnaldo Botto","image":{"@type":"ImageObject","inLanguage":"es","@id":"https:\/\/www.noticiasradioreflejos.com.ar\/2021\/#\/schema\/person\/image\/","url":"https:\/\/secure.gravatar.com\/avatar\/55cb5e37c1efa326397366e6974cb338056df65cb50e7d64d1cf314e87504837?s=96&d=mm&r=g","contentUrl":"https:\/\/secure.gravatar.com\/avatar\/55cb5e37c1efa326397366e6974cb338056df65cb50e7d64d1cf314e87504837?s=96&d=mm&r=g","caption":"Arnaldo Botto"},"url":"https:\/\/www.noticiasradioreflejos.com.ar\/2021\/author\/arnaldo\/"}]}},"_links":{"self":[{"href":"https:\/\/www.noticiasradioreflejos.com.ar\/2021\/wp-json\/wp\/v2\/posts\/136606","targetHints":{"allow":["GET"]}}],"collection":[{"href":"https:\/\/www.noticiasradioreflejos.com.ar\/2021\/wp-json\/wp\/v2\/posts"}],"about":[{"href":"https:\/\/www.noticiasradioreflejos.com.ar\/2021\/wp-json\/wp\/v2\/types\/post"}],"author":[{"embeddable":true,"href":"https:\/\/www.noticiasradioreflejos.com.ar\/2021\/wp-json\/wp\/v2\/users\/3"}],"replies":[{"embeddable":true,"href":"https:\/\/www.noticiasradioreflejos.com.ar\/2021\/wp-json\/wp\/v2\/comments?post=136606"}],"version-history":[{"count":2,"href":"https:\/\/www.noticiasradioreflejos.com.ar\/2021\/wp-json\/wp\/v2\/posts\/136606\/revisions"}],"predecessor-version":[{"id":136609,"href":"https:\/\/www.noticiasradioreflejos.com.ar\/2021\/wp-json\/wp\/v2\/posts\/136606\/revisions\/136609"}],"wp:featuredmedia":[{"embeddable":true,"href":"https:\/\/www.noticiasradioreflejos.com.ar\/2021\/wp-json\/wp\/v2\/media\/136607"}],"wp:attachment":[{"href":"https:\/\/www.noticiasradioreflejos.com.ar\/2021\/wp-json\/wp\/v2\/media?parent=136606"}],"wp:term":[{"taxonomy":"category","embeddable":true,"href":"https:\/\/www.noticiasradioreflejos.com.ar\/2021\/wp-json\/wp\/v2\/categories?post=136606"},{"taxonomy":"post_tag","embeddable":true,"href":"https:\/\/www.noticiasradioreflejos.com.ar\/2021\/wp-json\/wp\/v2\/tags?post=136606"}],"curies":[{"name":"wp","href":"https:\/\/api.w.org\/{rel}","templated":true}]}}