{"id":136598,"date":"2026-04-28T14:11:48","date_gmt":"2026-04-28T17:11:48","guid":{"rendered":"https:\/\/www.noticiasradioreflejos.com.ar\/2021\/?p=136598"},"modified":"2026-04-28T14:11:49","modified_gmt":"2026-04-28T17:11:49","slug":"vialidad-provincial-finalizo-las-obras-de-mantenimiento-en-el-abra-de-los-despenaderos-y-la-rotonda-de-frapal","status":"publish","type":"post","link":"https:\/\/www.noticiasradioreflejos.com.ar\/2021\/vialidad-provincial-finalizo-las-obras-de-mantenimiento-en-el-abra-de-los-despenaderos-y-la-rotonda-de-frapal\/","title":{"rendered":"Vialidad Provincial finaliz\u00f3 las obras de mantenimiento en el Abra de los Despe\u00f1aderos y la Rotonda de Frapal"},"content":{"rendered":"<p>Tras intensas jornadas de trabajo, el personal de la Jefatura XI de Bah\u00eda Blanca logr\u00f3 recuperar las defensas y banquinas en la Ruta 51, respondiendo adem\u00e1s a un hist\u00f3rico reclamo vecinal en el sector de la comarca serrana.<!--more--><\/p>\n<p data-path-to-node=\"5\">Personal de la Direcci\u00f3n de Vialidad de la Provincia de Buenos Aires, perteneciente a la <b data-path-to-node=\"5\" data-index-in-node=\"89\">Jefatura XI de la secci\u00f3n Bah\u00eda Blanca<\/b>, concluy\u00f3 satisfactoriamente las tareas de mantenimiento y recuperaci\u00f3n en puntos estrat\u00e9gicos del partido de <b data-path-to-node=\"5\" data-index-in-node=\"238\">Coronel Pringles<\/b>. Las intervenciones se centraron en la <b data-path-to-node=\"5\" data-index-in-node=\"294\">Ruta Provincial 51<\/b>, espec\u00edficamente en el sector conocido como el <b data-path-to-node=\"5\" data-index-in-node=\"360\">Abra de los Despe\u00f1aderos<\/b>, y en la neur\u00e1lgica intersecci\u00f3n de <b data-path-to-node=\"5\" data-index-in-node=\"421\">Frapal<\/b>.<\/p>\n<p data-path-to-node=\"5\"><a href=\"https:\/\/www.noticiasradioreflejos.com.ar\/2021\/vialidad-provincial-finalizo-las-obras-de-mantenimiento-en-el-abra-de-los-despenaderos-y-la-rotonda-de-frapal\/despenaderos-1-2\/\" rel=\"attachment wp-att-136601\"><img loading=\"lazy\" decoding=\"async\" class=\"aligncenter size-full wp-image-136601\" src=\"https:\/\/www.noticiasradioreflejos.com.ar\/2021\/wp-content\/uploads\/2026\/04\/Despenaderos-1.jpeg\" alt=\"\" width=\"1280\" height=\"960\" srcset=\"https:\/\/www.noticiasradioreflejos.com.ar\/2021\/wp-content\/uploads\/2026\/04\/Despenaderos-1.jpeg 1280w, https:\/\/www.noticiasradioreflejos.com.ar\/2021\/wp-content\/uploads\/2026\/04\/Despenaderos-1-300x225.jpeg 300w, https:\/\/www.noticiasradioreflejos.com.ar\/2021\/wp-content\/uploads\/2026\/04\/Despenaderos-1-1024x768.jpeg 1024w, https:\/\/www.noticiasradioreflejos.com.ar\/2021\/wp-content\/uploads\/2026\/04\/Despenaderos-1-768x576.jpeg 768w, https:\/\/www.noticiasradioreflejos.com.ar\/2021\/wp-content\/uploads\/2026\/04\/Despenaderos-1-750x563.jpeg 750w, https:\/\/www.noticiasradioreflejos.com.ar\/2021\/wp-content\/uploads\/2026\/04\/Despenaderos-1-1140x855.jpeg 1140w\" sizes=\"auto, (max-width: 1280px) 100vw, 1280px\" \/><\/a><\/p>\n<h4 data-path-to-node=\"6\">Intervenci\u00f3n en el Abra de los Despe\u00f1aderos<\/h4>\n<p data-path-to-node=\"7\">Las tareas en esta zona cr\u00edtica de la ruta demandaron el despliegue de maquinaria pesada para garantizar la seguridad vial. Los trabajos principales consistieron en:<\/p>\n<ul data-path-to-node=\"8\">\n<li>\n<p data-path-to-node=\"8,0,0\"><b data-path-to-node=\"8,0,0\" data-index-in-node=\"0\">Recuperaci\u00f3n de defensas:<\/b> Reparaci\u00f3n de los guardarra\u00edles y elementos de contenci\u00f3n.<\/p>\n<\/li>\n<li>\n<p data-path-to-node=\"8,1,0\"><b data-path-to-node=\"8,1,0\" data-index-in-node=\"0\">Acondicionamiento de banquinas:<\/b> Nivelaci\u00f3n y despeje de los m\u00e1rgenes de la calzada.<\/p>\n<\/li>\n<li>\n<p data-path-to-node=\"8,2,0\"><b data-path-to-node=\"8,2,0\" data-index-in-node=\"0\">Retiro de sedimentos:<\/b> Remoci\u00f3n de material proveniente de desprendimientos naturales del sector serrano que obstru\u00edan la circulaci\u00f3n.<\/p>\n<\/li>\n<\/ul>\n<h2 data-path-to-node=\"9\"><a href=\"https:\/\/www.noticiasradioreflejos.com.ar\/2021\/vialidad-provincial-finalizo-las-obras-de-mantenimiento-en-el-abra-de-los-despenaderos-y-la-rotonda-de-frapal\/despenaderos-2-2\/\" rel=\"attachment wp-att-136602\"><img loading=\"lazy\" decoding=\"async\" class=\"aligncenter size-full wp-image-136602\" src=\"https:\/\/www.noticiasradioreflejos.com.ar\/2021\/wp-content\/uploads\/2026\/04\/Despenaderos-2-1.jpeg\" alt=\"\" width=\"1280\" height=\"960\" srcset=\"https:\/\/www.noticiasradioreflejos.com.ar\/2021\/wp-content\/uploads\/2026\/04\/Despenaderos-2-1.jpeg 1280w, https:\/\/www.noticiasradioreflejos.com.ar\/2021\/wp-content\/uploads\/2026\/04\/Despenaderos-2-1-300x225.jpeg 300w, https:\/\/www.noticiasradioreflejos.com.ar\/2021\/wp-content\/uploads\/2026\/04\/Despenaderos-2-1-1024x768.jpeg 1024w, https:\/\/www.noticiasradioreflejos.com.ar\/2021\/wp-content\/uploads\/2026\/04\/Despenaderos-2-1-768x576.jpeg 768w, https:\/\/www.noticiasradioreflejos.com.ar\/2021\/wp-content\/uploads\/2026\/04\/Despenaderos-2-1-750x563.jpeg 750w, https:\/\/www.noticiasradioreflejos.com.ar\/2021\/wp-content\/uploads\/2026\/04\/Despenaderos-2-1-1140x855.jpeg 1140w\" sizes=\"auto, (max-width: 1280px) 100vw, 1280px\" \/><\/a><\/h2>\n<h2 data-path-to-node=\"9\">Puesta en valor de la Rotonda de Frapal<\/h2>\n<p data-path-to-node=\"10\">En simult\u00e1neo, los equipos viales concretaron una intervenci\u00f3n integral en la <b data-path-to-node=\"10\" data-index-in-node=\"78\">rotonda de Frapal<\/b>, punto de uni\u00f3n entre las <b data-path-to-node=\"10\" data-index-in-node=\"122\">Rutas 51 y 72<\/b>. En este sector, se realizaron tareas de corte de pasto, desmalezamiento y mejoramiento est\u00e9tico y funcional del predio.<\/p>\n<p data-path-to-node=\"11\">Esta acci\u00f3n responde a un <b data-path-to-node=\"11\" data-index-in-node=\"26\">sostenido reclamo de los vecinos<\/b> de la comarca serrana y usuarios frecuentes de la ruta, quienes solicitaban mayor visibilidad y mantenimiento en este cruce fundamental para el turismo y la log\u00edstica regional.<\/p>\n<h2 data-path-to-node=\"12\">Gesti\u00f3n y recursos propios<\/h2>\n<p data-path-to-node=\"13\">Cabe destacar que la totalidad de las obras fueron ejecutadas con <b data-path-to-node=\"13\" data-index-in-node=\"66\">mano de obra propia de Vialidad<\/b> y recursos t\u00e9cnicos del organismo, bajo la supervisi\u00f3n directa del Jefe Regional Inspector, <b data-path-to-node=\"13\" data-index-in-node=\"190\">Jos\u00e9 Alberto Pino<\/b>. Con la finalizaci\u00f3n de estos trabajos, se busca mejorar la transitabilidad en una de las arterias m\u00e1s importantes del sudoeste bonaerense.<\/p>\n<p data-path-to-node=\"13\">\n<p data-path-to-node=\"13\"><a href=\"https:\/\/www.noticiasradioreflejos.com.ar\/2021\/vialidad-provincial-finalizo-las-obras-de-mantenimiento-en-el-abra-de-los-despenaderos-y-la-rotonda-de-frapal\/frapal\/\" rel=\"attachment wp-att-136603\"><img loading=\"lazy\" decoding=\"async\" class=\"aligncenter size-full wp-image-136603\" src=\"https:\/\/www.noticiasradioreflejos.com.ar\/2021\/wp-content\/uploads\/2026\/04\/frapal.jpg\" alt=\"\" width=\"1600\" height=\"686\" srcset=\"https:\/\/www.noticiasradioreflejos.com.ar\/2021\/wp-content\/uploads\/2026\/04\/frapal.jpg 1600w, https:\/\/www.noticiasradioreflejos.com.ar\/2021\/wp-content\/uploads\/2026\/04\/frapal-300x129.jpg 300w, https:\/\/www.noticiasradioreflejos.com.ar\/2021\/wp-content\/uploads\/2026\/04\/frapal-1024x439.jpg 1024w, https:\/\/www.noticiasradioreflejos.com.ar\/2021\/wp-content\/uploads\/2026\/04\/frapal-768x329.jpg 768w, https:\/\/www.noticiasradioreflejos.com.ar\/2021\/wp-content\/uploads\/2026\/04\/frapal-1536x659.jpg 1536w, https:\/\/www.noticiasradioreflejos.com.ar\/2021\/wp-content\/uploads\/2026\/04\/frapal-750x322.jpg 750w, https:\/\/www.noticiasradioreflejos.com.ar\/2021\/wp-content\/uploads\/2026\/04\/frapal-1140x489.jpg 1140w\" sizes=\"auto, (max-width: 1600px) 100vw, 1600px\" \/><\/a><\/p>\n","protected":false},"excerpt":{"rendered":"<p>Tras intensas jornadas de trabajo, el personal de la Jefatura XI de Bah\u00eda Blanca logr\u00f3 recuperar las defensas y banquinas en la Ruta 51, respondiendo adem\u00e1s a un hist\u00f3rico reclamo vecinal en el sector de la comarca serrana.<\/p>\n","protected":false},"author":3,"featured_media":136599,"comment_status":"closed","ping_status":"closed","sticky":false,"template":"","format":"standard","meta":{"footnotes":""},"categories":[24,26,33],"tags":[],"class_list":["post-136598","post","type-post","status-publish","format-standard","has-post-thumbnail","hentry","category-politica","category-sociedad","category-turismo"],"yoast_head":"<!-- This site is optimized with the Yoast SEO plugin v25.9 - https:\/\/yoast.com\/wordpress\/plugins\/seo\/ -->\n<title>Vialidad Provincial finaliz\u00f3 las obras de mantenimiento en el Abra de los Despe\u00f1aderos y la Rotonda de Frapal - Noticias Radio Reflejos<\/title>\n<meta name=\"robots\" content=\"index, follow, max-snippet:-1, max-image-preview:large, max-video-preview:-1\" \/>\n<link rel=\"canonical\" href=\"https:\/\/www.noticiasradioreflejos.com.ar\/2021\/vialidad-provincial-finalizo-las-obras-de-mantenimiento-en-el-abra-de-los-despenaderos-y-la-rotonda-de-frapal\/\" \/>\n<meta property=\"og:locale\" content=\"es_ES\" \/>\n<meta property=\"og:type\" content=\"article\" \/>\n<meta property=\"og:title\" content=\"Vialidad Provincial finaliz\u00f3 las obras de mantenimiento en el Abra de los Despe\u00f1aderos y la Rotonda de Frapal - Noticias Radio Reflejos\" \/>\n<meta property=\"og:description\" content=\"Tras intensas jornadas de trabajo, el personal de la Jefatura XI de Bah\u00eda Blanca logr\u00f3 recuperar las defensas y banquinas en la Ruta 51, respondiendo adem\u00e1s a un hist\u00f3rico reclamo vecinal en el sector de la comarca serrana.\" \/>\n<meta property=\"og:url\" content=\"https:\/\/www.noticiasradioreflejos.com.ar\/2021\/vialidad-provincial-finalizo-las-obras-de-mantenimiento-en-el-abra-de-los-despenaderos-y-la-rotonda-de-frapal\/\" \/>\n<meta property=\"og:site_name\" content=\"Noticias Radio Reflejos\" \/>\n<meta property=\"article:published_time\" content=\"2026-04-28T17:11:48+00:00\" \/>\n<meta property=\"article:modified_time\" content=\"2026-04-28T17:11:49+00:00\" \/>\n<meta property=\"og:image\" content=\"https:\/\/www.noticiasradioreflejos.com.ar\/2021\/wp-content\/uploads\/2026\/04\/Despenaderos-1.jpg\" \/>\n\t<meta property=\"og:image:width\" content=\"1280\" \/>\n\t<meta property=\"og:image:height\" content=\"868\" \/>\n\t<meta property=\"og:image:type\" content=\"image\/jpeg\" \/>\n<meta name=\"author\" content=\"Arnaldo Botto\" \/>\n<meta name=\"twitter:card\" content=\"summary_large_image\" \/>\n<script type=\"application\/ld+json\" class=\"yoast-schema-graph\">{\"@context\":\"https:\/\/schema.org\",\"@graph\":[{\"@type\":\"WebPage\",\"@id\":\"https:\/\/www.noticiasradioreflejos.com.ar\/2021\/vialidad-provincial-finalizo-las-obras-de-mantenimiento-en-el-abra-de-los-despenaderos-y-la-rotonda-de-frapal\/\",\"url\":\"https:\/\/www.noticiasradioreflejos.com.ar\/2021\/vialidad-provincial-finalizo-las-obras-de-mantenimiento-en-el-abra-de-los-despenaderos-y-la-rotonda-de-frapal\/\",\"name\":\"Vialidad Provincial finaliz\u00f3 las obras de mantenimiento en el Abra de los Despe\u00f1aderos y la Rotonda de Frapal - Noticias Radio Reflejos\",\"isPartOf\":{\"@id\":\"https:\/\/www.noticiasradioreflejos.com.ar\/2021\/#website\"},\"primaryImageOfPage\":{\"@id\":\"https:\/\/www.noticiasradioreflejos.com.ar\/2021\/vialidad-provincial-finalizo-las-obras-de-mantenimiento-en-el-abra-de-los-despenaderos-y-la-rotonda-de-frapal\/#primaryimage\"},\"image\":{\"@id\":\"https:\/\/www.noticiasradioreflejos.com.ar\/2021\/vialidad-provincial-finalizo-las-obras-de-mantenimiento-en-el-abra-de-los-despenaderos-y-la-rotonda-de-frapal\/#primaryimage\"},\"thumbnailUrl\":\"https:\/\/www.noticiasradioreflejos.com.ar\/2021\/wp-content\/uploads\/2026\/04\/Despenaderos-1.jpg\",\"datePublished\":\"2026-04-28T17:11:48+00:00\",\"dateModified\":\"2026-04-28T17:11:49+00:00\",\"author\":{\"@id\":\"https:\/\/www.noticiasradioreflejos.com.ar\/2021\/#\/schema\/person\/ad82545263dcc5ec0996818884fd5fb1\"},\"breadcrumb\":{\"@id\":\"https:\/\/www.noticiasradioreflejos.com.ar\/2021\/vialidad-provincial-finalizo-las-obras-de-mantenimiento-en-el-abra-de-los-despenaderos-y-la-rotonda-de-frapal\/#breadcrumb\"},\"inLanguage\":\"es\",\"potentialAction\":[{\"@type\":\"ReadAction\",\"target\":[\"https:\/\/www.noticiasradioreflejos.com.ar\/2021\/vialidad-provincial-finalizo-las-obras-de-mantenimiento-en-el-abra-de-los-despenaderos-y-la-rotonda-de-frapal\/\"]}]},{\"@type\":\"ImageObject\",\"inLanguage\":\"es\",\"@id\":\"https:\/\/www.noticiasradioreflejos.com.ar\/2021\/vialidad-provincial-finalizo-las-obras-de-mantenimiento-en-el-abra-de-los-despenaderos-y-la-rotonda-de-frapal\/#primaryimage\",\"url\":\"https:\/\/www.noticiasradioreflejos.com.ar\/2021\/wp-content\/uploads\/2026\/04\/Despenaderos-1.jpg\",\"contentUrl\":\"https:\/\/www.noticiasradioreflejos.com.ar\/2021\/wp-content\/uploads\/2026\/04\/Despenaderos-1.jpg\",\"width\":1280,\"height\":868},{\"@type\":\"BreadcrumbList\",\"@id\":\"https:\/\/www.noticiasradioreflejos.com.ar\/2021\/vialidad-provincial-finalizo-las-obras-de-mantenimiento-en-el-abra-de-los-despenaderos-y-la-rotonda-de-frapal\/#breadcrumb\",\"itemListElement\":[{\"@type\":\"ListItem\",\"position\":1,\"name\":\"Portada\",\"item\":\"https:\/\/www.noticiasradioreflejos.com.ar\/2021\/\"},{\"@type\":\"ListItem\",\"position\":2,\"name\":\"Vialidad Provincial finaliz\u00f3 las obras de mantenimiento en el Abra de los Despe\u00f1aderos y la Rotonda de Frapal\"}]},{\"@type\":\"WebSite\",\"@id\":\"https:\/\/www.noticiasradioreflejos.com.ar\/2021\/#website\",\"url\":\"https:\/\/www.noticiasradioreflejos.com.ar\/2021\/\",\"name\":\"Noticias Radio Reflejos\",\"description\":\"Las noticias de mi comarca\",\"potentialAction\":[{\"@type\":\"SearchAction\",\"target\":{\"@type\":\"EntryPoint\",\"urlTemplate\":\"https:\/\/www.noticiasradioreflejos.com.ar\/2021\/?s={search_term_string}\"},\"query-input\":{\"@type\":\"PropertyValueSpecification\",\"valueRequired\":true,\"valueName\":\"search_term_string\"}}],\"inLanguage\":\"es\"},{\"@type\":\"Person\",\"@id\":\"https:\/\/www.noticiasradioreflejos.com.ar\/2021\/#\/schema\/person\/ad82545263dcc5ec0996818884fd5fb1\",\"name\":\"Arnaldo Botto\",\"image\":{\"@type\":\"ImageObject\",\"inLanguage\":\"es\",\"@id\":\"https:\/\/www.noticiasradioreflejos.com.ar\/2021\/#\/schema\/person\/image\/\",\"url\":\"https:\/\/secure.gravatar.com\/avatar\/55cb5e37c1efa326397366e6974cb338056df65cb50e7d64d1cf314e87504837?s=96&d=mm&r=g\",\"contentUrl\":\"https:\/\/secure.gravatar.com\/avatar\/55cb5e37c1efa326397366e6974cb338056df65cb50e7d64d1cf314e87504837?s=96&d=mm&r=g\",\"caption\":\"Arnaldo Botto\"},\"url\":\"https:\/\/www.noticiasradioreflejos.com.ar\/2021\/author\/arnaldo\/\"}]}<\/script>\n<!-- \/ Yoast SEO plugin. -->","yoast_head_json":{"title":"Vialidad Provincial finaliz\u00f3 las obras de mantenimiento en el Abra de los Despe\u00f1aderos y la Rotonda de Frapal - Noticias Radio Reflejos","robots":{"index":"index","follow":"follow","max-snippet":"max-snippet:-1","max-image-preview":"max-image-preview:large","max-video-preview":"max-video-preview:-1"},"canonical":"https:\/\/www.noticiasradioreflejos.com.ar\/2021\/vialidad-provincial-finalizo-las-obras-de-mantenimiento-en-el-abra-de-los-despenaderos-y-la-rotonda-de-frapal\/","og_locale":"es_ES","og_type":"article","og_title":"Vialidad Provincial finaliz\u00f3 las obras de mantenimiento en el Abra de los Despe\u00f1aderos y la Rotonda de Frapal - Noticias Radio Reflejos","og_description":"Tras intensas jornadas de trabajo, el personal de la Jefatura XI de Bah\u00eda Blanca logr\u00f3 recuperar las defensas y banquinas en la Ruta 51, respondiendo adem\u00e1s a un hist\u00f3rico reclamo vecinal en el sector de la comarca serrana.","og_url":"https:\/\/www.noticiasradioreflejos.com.ar\/2021\/vialidad-provincial-finalizo-las-obras-de-mantenimiento-en-el-abra-de-los-despenaderos-y-la-rotonda-de-frapal\/","og_site_name":"Noticias Radio Reflejos","article_published_time":"2026-04-28T17:11:48+00:00","article_modified_time":"2026-04-28T17:11:49+00:00","og_image":[{"width":1280,"height":868,"url":"https:\/\/www.noticiasradioreflejos.com.ar\/2021\/wp-content\/uploads\/2026\/04\/Despenaderos-1.jpg","type":"image\/jpeg"}],"author":"Arnaldo Botto","twitter_card":"summary_large_image","schema":{"@context":"https:\/\/schema.org","@graph":[{"@type":"WebPage","@id":"https:\/\/www.noticiasradioreflejos.com.ar\/2021\/vialidad-provincial-finalizo-las-obras-de-mantenimiento-en-el-abra-de-los-despenaderos-y-la-rotonda-de-frapal\/","url":"https:\/\/www.noticiasradioreflejos.com.ar\/2021\/vialidad-provincial-finalizo-las-obras-de-mantenimiento-en-el-abra-de-los-despenaderos-y-la-rotonda-de-frapal\/","name":"Vialidad Provincial finaliz\u00f3 las obras de mantenimiento en el Abra de los Despe\u00f1aderos y la Rotonda de Frapal - Noticias Radio Reflejos","isPartOf":{"@id":"https:\/\/www.noticiasradioreflejos.com.ar\/2021\/#website"},"primaryImageOfPage":{"@id":"https:\/\/www.noticiasradioreflejos.com.ar\/2021\/vialidad-provincial-finalizo-las-obras-de-mantenimiento-en-el-abra-de-los-despenaderos-y-la-rotonda-de-frapal\/#primaryimage"},"image":{"@id":"https:\/\/www.noticiasradioreflejos.com.ar\/2021\/vialidad-provincial-finalizo-las-obras-de-mantenimiento-en-el-abra-de-los-despenaderos-y-la-rotonda-de-frapal\/#primaryimage"},"thumbnailUrl":"https:\/\/www.noticiasradioreflejos.com.ar\/2021\/wp-content\/uploads\/2026\/04\/Despenaderos-1.jpg","datePublished":"2026-04-28T17:11:48+00:00","dateModified":"2026-04-28T17:11:49+00:00","author":{"@id":"https:\/\/www.noticiasradioreflejos.com.ar\/2021\/#\/schema\/person\/ad82545263dcc5ec0996818884fd5fb1"},"breadcrumb":{"@id":"https:\/\/www.noticiasradioreflejos.com.ar\/2021\/vialidad-provincial-finalizo-las-obras-de-mantenimiento-en-el-abra-de-los-despenaderos-y-la-rotonda-de-frapal\/#breadcrumb"},"inLanguage":"es","potentialAction":[{"@type":"ReadAction","target":["https:\/\/www.noticiasradioreflejos.com.ar\/2021\/vialidad-provincial-finalizo-las-obras-de-mantenimiento-en-el-abra-de-los-despenaderos-y-la-rotonda-de-frapal\/"]}]},{"@type":"ImageObject","inLanguage":"es","@id":"https:\/\/www.noticiasradioreflejos.com.ar\/2021\/vialidad-provincial-finalizo-las-obras-de-mantenimiento-en-el-abra-de-los-despenaderos-y-la-rotonda-de-frapal\/#primaryimage","url":"https:\/\/www.noticiasradioreflejos.com.ar\/2021\/wp-content\/uploads\/2026\/04\/Despenaderos-1.jpg","contentUrl":"https:\/\/www.noticiasradioreflejos.com.ar\/2021\/wp-content\/uploads\/2026\/04\/Despenaderos-1.jpg","width":1280,"height":868},{"@type":"BreadcrumbList","@id":"https:\/\/www.noticiasradioreflejos.com.ar\/2021\/vialidad-provincial-finalizo-las-obras-de-mantenimiento-en-el-abra-de-los-despenaderos-y-la-rotonda-de-frapal\/#breadcrumb","itemListElement":[{"@type":"ListItem","position":1,"name":"Portada","item":"https:\/\/www.noticiasradioreflejos.com.ar\/2021\/"},{"@type":"ListItem","position":2,"name":"Vialidad Provincial finaliz\u00f3 las obras de mantenimiento en el Abra de los Despe\u00f1aderos y la Rotonda de Frapal"}]},{"@type":"WebSite","@id":"https:\/\/www.noticiasradioreflejos.com.ar\/2021\/#website","url":"https:\/\/www.noticiasradioreflejos.com.ar\/2021\/","name":"Noticias Radio Reflejos","description":"Las noticias de mi comarca","potentialAction":[{"@type":"SearchAction","target":{"@type":"EntryPoint","urlTemplate":"https:\/\/www.noticiasradioreflejos.com.ar\/2021\/?s={search_term_string}"},"query-input":{"@type":"PropertyValueSpecification","valueRequired":true,"valueName":"search_term_string"}}],"inLanguage":"es"},{"@type":"Person","@id":"https:\/\/www.noticiasradioreflejos.com.ar\/2021\/#\/schema\/person\/ad82545263dcc5ec0996818884fd5fb1","name":"Arnaldo Botto","image":{"@type":"ImageObject","inLanguage":"es","@id":"https:\/\/www.noticiasradioreflejos.com.ar\/2021\/#\/schema\/person\/image\/","url":"https:\/\/secure.gravatar.com\/avatar\/55cb5e37c1efa326397366e6974cb338056df65cb50e7d64d1cf314e87504837?s=96&d=mm&r=g","contentUrl":"https:\/\/secure.gravatar.com\/avatar\/55cb5e37c1efa326397366e6974cb338056df65cb50e7d64d1cf314e87504837?s=96&d=mm&r=g","caption":"Arnaldo Botto"},"url":"https:\/\/www.noticiasradioreflejos.com.ar\/2021\/author\/arnaldo\/"}]}},"_links":{"self":[{"href":"https:\/\/www.noticiasradioreflejos.com.ar\/2021\/wp-json\/wp\/v2\/posts\/136598","targetHints":{"allow":["GET"]}}],"collection":[{"href":"https:\/\/www.noticiasradioreflejos.com.ar\/2021\/wp-json\/wp\/v2\/posts"}],"about":[{"href":"https:\/\/www.noticiasradioreflejos.com.ar\/2021\/wp-json\/wp\/v2\/types\/post"}],"author":[{"embeddable":true,"href":"https:\/\/www.noticiasradioreflejos.com.ar\/2021\/wp-json\/wp\/v2\/users\/3"}],"replies":[{"embeddable":true,"href":"https:\/\/www.noticiasradioreflejos.com.ar\/2021\/wp-json\/wp\/v2\/comments?post=136598"}],"version-history":[{"count":2,"href":"https:\/\/www.noticiasradioreflejos.com.ar\/2021\/wp-json\/wp\/v2\/posts\/136598\/revisions"}],"predecessor-version":[{"id":136605,"href":"https:\/\/www.noticiasradioreflejos.com.ar\/2021\/wp-json\/wp\/v2\/posts\/136598\/revisions\/136605"}],"wp:featuredmedia":[{"embeddable":true,"href":"https:\/\/www.noticiasradioreflejos.com.ar\/2021\/wp-json\/wp\/v2\/media\/136599"}],"wp:attachment":[{"href":"https:\/\/www.noticiasradioreflejos.com.ar\/2021\/wp-json\/wp\/v2\/media?parent=136598"}],"wp:term":[{"taxonomy":"category","embeddable":true,"href":"https:\/\/www.noticiasradioreflejos.com.ar\/2021\/wp-json\/wp\/v2\/categories?post=136598"},{"taxonomy":"post_tag","embeddable":true,"href":"https:\/\/www.noticiasradioreflejos.com.ar\/2021\/wp-json\/wp\/v2\/tags?post=136598"}],"curies":[{"name":"wp","href":"https:\/\/api.w.org\/{rel}","templated":true}]}}