{"id":136595,"date":"2026-04-28T14:06:59","date_gmt":"2026-04-28T17:06:59","guid":{"rendered":"https:\/\/www.noticiasradioreflejos.com.ar\/2021\/?p=136595"},"modified":"2026-04-28T14:07:28","modified_gmt":"2026-04-28T17:07:28","slug":"alerta-en-las-aulas-nueva-amenaza-intimidatoria-en-una-escuela-del-distrito","status":"publish","type":"post","link":"https:\/\/www.noticiasradioreflejos.com.ar\/2021\/alerta-en-las-aulas-nueva-amenaza-intimidatoria-en-una-escuela-del-distrito\/","title":{"rendered":"Alerta en las aulas: Nueva amenaza intimidatoria en una escuela del distrito"},"content":{"rendered":"<p>Tras el hallazgo de mensajes de tono amenazante en la Escuela Primaria N\u00b0 6 de Sierra de la Ventana, las autoridades educativas activaron los protocolos de seguridad vigentes. El hecho se suma a una preocupante serie de eventos similares que han movilizado a la comunidad educativa y a la justicia en diversas localidades bonaerenses.<\/p>\n<p><!--more--><\/p>\n<p id=\"p-rc_86341f4e4f112f4b-33\" data-path-to-node=\"3\"><span data-path-to-node=\"3,1\"><span class=\"citation-77\">En el transcurso de la ma\u00f1ana de este martes, la comunidad de la <\/span><b data-path-to-node=\"3,1\" data-index-in-node=\"65\"><span class=\"citation-77\">Escuela Primaria N\u00b0 6 \u00abJuan Bautista Alberdi\u00bb<\/span><\/b><span class=\"citation-77\"> se vio sacudida por el hallazgo de una amenaza intimidatoria escrita en las instalaciones del establecimiento<\/span><\/span><span data-path-to-node=\"3,3\">. <\/span><span data-path-to-node=\"3,5\"><span class=\"citation-76\">Ante la gravedad del hecho, el equipo directivo inform\u00f3 que se proceder\u00e1 a realizar la <\/span><b data-path-to-node=\"3,5\" data-index-in-node=\"87\"><span class=\"citation-76\">denuncia penal correspondiente<\/span><\/b><span class=\"citation-76\"> durante el mediod\u00eda, dado que este tipo de textos constituyen un delito<\/span><\/span><span data-path-to-node=\"3,7\">.<\/span><\/p>\n<p data-path-to-node=\"5\">Bajo el protocolo vigente para situaciones de amenazas de muerte o de car\u00e1cter explosivo, la intervenci\u00f3n trasciende el \u00e1mbito escolar. La radicaci\u00f3n de la denuncia judicial suele desencadenar una serie de diligencias rigurosas que, tal como ha sucedido en otros distritos del pa\u00eds en d\u00edas recientes, incluyen:<\/p>\n<ul data-path-to-node=\"6\">\n<li>\n<p id=\"p-rc_86341f4e4f112f4b-34\" data-path-to-node=\"6,0,1\"><span data-path-to-node=\"6,0,1,0\"><b data-path-to-node=\"6,0,1,0\" data-index-in-node=\"0\"><span class=\"citation-75\">Investigaciones por parte de organismos de justicia<\/span><\/b><span class=\"citation-75\"> y autoridades distritales<\/span><\/span><span data-path-to-node=\"6,0,1,2\">.<\/span><\/p>\n<\/li>\n<li>\n<p data-path-to-node=\"6,1,0\"><b data-path-to-node=\"6,1,0\" data-index-in-node=\"0\">Rastreo de equipos de comunicaci\u00f3n<\/b> y posibles allanamientos en los domicilios vinculados a los presuntos autores.<\/p>\n<\/li>\n<li>\n<p data-path-to-node=\"6,2,0\"><b data-path-to-node=\"6,2,0\" data-index-in-node=\"0\">Secuestro de dispositivos electr\u00f3nicos<\/b> para peritajes inform\u00e1ticos.<\/p>\n<\/li>\n<\/ul>\n<h3 data-path-to-node=\"7\">Un contexto regional y nacional cr\u00edtico<\/h3>\n<p id=\"p-rc_86341f4e4f112f4b-35\" data-path-to-node=\"8\"><span data-path-to-node=\"8,0\">Este episodio no es un hecho aislado. <\/span><span data-path-to-node=\"8,2\"><span class=\"citation-74\">Con este caso, ya suman <\/span><b data-path-to-node=\"8,2\" data-index-in-node=\"24\"><span class=\"citation-74\">seis las amenazas registradas en el distrito de Tornquist<\/span><\/b><span class=\"citation-74\">: cuatro en la ciudad cabecera, una en Villa Ventana y esta \u00faltima en Sierra de la Ventana<\/span><\/span><span data-path-to-node=\"8,4\">. <\/span><span data-path-to-node=\"8,6\"><span class=\"citation-73\">Esta tendencia se enmarca en una ola de intimidaciones que se vive a nivel nacional, generando un clima de incertidumbre que afecta el normal desarrollo de las clases y las responsabilidades diarias de las familias<\/span><\/span><span data-path-to-node=\"8,8\">.<\/span><\/p>\n<p>&nbsp;<\/p>\n<h3 data-path-to-node=\"9\">Llamado a la reflexi\u00f3n familiar<\/h3>\n<p id=\"p-rc_86341f4e4f112f4b-36\" data-path-to-node=\"10\"><span data-path-to-node=\"10,1\"><span class=\"citation-72\">Desde la direcci\u00f3n del establecimiento, a cargo de Lorena A. Runda, se enfatiz\u00f3 la necesidad de que los padres dialoguen con sus hijos sobre la gravedad de estos actos, aclarando que <\/span><b data-path-to-node=\"10,1\" data-index-in-node=\"183\"><span class=\"citation-72\">no se trata de una broma<\/span><\/b><span class=\"citation-72\">, sino de una situaci\u00f3n con consecuencias legales serias<\/span><\/span><span data-path-to-node=\"10,3\">. Asimismo, se solicit\u00f3 a las familias:<\/span><\/p>\n<ul data-path-to-node=\"11\">\n<li>\n<p id=\"p-rc_86341f4e4f112f4b-37\" data-path-to-node=\"11,0,1\"><span data-path-to-node=\"11,0,1,0\"><b data-path-to-node=\"11,0,1,0\" data-index-in-node=\"0\"><span class=\"citation-71\">Controlar las pertenencias<\/span><\/b><span class=\"citation-71\">: Corroborar que los estudiantes solo lleven materiales necesarios para el aula<\/span><\/span><span data-path-to-node=\"11,0,1,2\">.<\/span><\/p>\n<\/li>\n<li>\n<p id=\"p-rc_86341f4e4f112f4b-38\" data-path-to-node=\"11,1,1\"><span data-path-to-node=\"11,1,1,0\"><b data-path-to-node=\"11,1,1,0\" data-index-in-node=\"0\"><span class=\"citation-70\">Responsabilidad digital<\/span><\/b><span class=\"citation-70\">: Evitar la difusi\u00f3n de esta informaci\u00f3n en redes sociales o estados de WhatsApp para no entorpecer la investigaci\u00f3n ni generar p\u00e1nico innecesario<\/span><\/span><span data-path-to-node=\"11,1,1,2\">.<\/span><\/p>\n<\/li>\n<\/ul>\n<p id=\"p-rc_86341f4e4f112f4b-39\" data-path-to-node=\"12\"><span data-path-to-node=\"12,1\"><span class=\"citation-69\">Para abordar la situaci\u00f3n y buscar la tranquilidad de la comunidad, la escuela ha convocado a las familias a una instancia de reflexi\u00f3n conjunta para el d\u00eda de ma\u00f1ana, <\/span><b data-path-to-node=\"12,1\" data-index-in-node=\"168\"><span class=\"citation-69\">mi\u00e9rcoles 29 de abril, a las 8:30 hs<\/span><\/b><span class=\"citation-69\">, acompa\u00f1ando a los alumnos en el ingreso al establecimiento<\/span><\/span><span data-path-to-node=\"12,3\">.<\/span><\/p>\n","protected":false},"excerpt":{"rendered":"<p>Tras el hallazgo de mensajes de tono amenazante en la Escuela Primaria N\u00b0 6 de Sierra de la Ventana, las autoridades educativas activaron los protocolos de seguridad vigentes. El hecho se suma a una preocupante serie de eventos similares que han movilizado a la comunidad educativa y a la justicia en diversas localidades bonaerenses.<\/p>\n","protected":false},"author":3,"featured_media":130504,"comment_status":"closed","ping_status":"closed","sticky":false,"template":"","format":"standard","meta":{"footnotes":""},"categories":[29],"tags":[48],"class_list":["post-136595","post","type-post","status-publish","format-standard","has-post-thumbnail","hentry","category-policiales","tag-destacada"],"yoast_head":"<!-- This site is optimized with the Yoast SEO plugin v25.9 - https:\/\/yoast.com\/wordpress\/plugins\/seo\/ -->\n<title>Alerta en las aulas: Nueva amenaza intimidatoria en una escuela del distrito - Noticias Radio Reflejos<\/title>\n<meta name=\"robots\" content=\"index, follow, max-snippet:-1, max-image-preview:large, max-video-preview:-1\" \/>\n<link rel=\"canonical\" href=\"https:\/\/www.noticiasradioreflejos.com.ar\/2021\/alerta-en-las-aulas-nueva-amenaza-intimidatoria-en-una-escuela-del-distrito\/\" \/>\n<meta property=\"og:locale\" content=\"es_ES\" \/>\n<meta property=\"og:type\" content=\"article\" \/>\n<meta property=\"og:title\" content=\"Alerta en las aulas: Nueva amenaza intimidatoria en una escuela del distrito - Noticias Radio Reflejos\" \/>\n<meta property=\"og:description\" content=\"Tras el hallazgo de mensajes de tono amenazante en la Escuela Primaria N\u00b0 6 de Sierra de la Ventana, las autoridades educativas activaron los protocolos de seguridad vigentes. El hecho se suma a una preocupante serie de eventos similares que han movilizado a la comunidad educativa y a la justicia en diversas localidades bonaerenses.\" \/>\n<meta property=\"og:url\" content=\"https:\/\/www.noticiasradioreflejos.com.ar\/2021\/alerta-en-las-aulas-nueva-amenaza-intimidatoria-en-una-escuela-del-distrito\/\" \/>\n<meta property=\"og:site_name\" content=\"Noticias Radio Reflejos\" \/>\n<meta property=\"article:published_time\" content=\"2026-04-28T17:06:59+00:00\" \/>\n<meta property=\"article:modified_time\" content=\"2026-04-28T17:07:28+00:00\" \/>\n<meta property=\"og:image\" content=\"https:\/\/www.noticiasradioreflejos.com.ar\/2021\/wp-content\/uploads\/2025\/12\/Escuela-6-1.jpeg\" \/>\n\t<meta property=\"og:image:width\" content=\"1599\" \/>\n\t<meta property=\"og:image:height\" content=\"899\" \/>\n\t<meta property=\"og:image:type\" content=\"image\/jpeg\" \/>\n<meta name=\"author\" content=\"Arnaldo Botto\" \/>\n<meta name=\"twitter:card\" content=\"summary_large_image\" \/>\n<script type=\"application\/ld+json\" class=\"yoast-schema-graph\">{\"@context\":\"https:\/\/schema.org\",\"@graph\":[{\"@type\":\"WebPage\",\"@id\":\"https:\/\/www.noticiasradioreflejos.com.ar\/2021\/alerta-en-las-aulas-nueva-amenaza-intimidatoria-en-una-escuela-del-distrito\/\",\"url\":\"https:\/\/www.noticiasradioreflejos.com.ar\/2021\/alerta-en-las-aulas-nueva-amenaza-intimidatoria-en-una-escuela-del-distrito\/\",\"name\":\"Alerta en las aulas: Nueva amenaza intimidatoria en una escuela del distrito - Noticias Radio Reflejos\",\"isPartOf\":{\"@id\":\"https:\/\/www.noticiasradioreflejos.com.ar\/2021\/#website\"},\"primaryImageOfPage\":{\"@id\":\"https:\/\/www.noticiasradioreflejos.com.ar\/2021\/alerta-en-las-aulas-nueva-amenaza-intimidatoria-en-una-escuela-del-distrito\/#primaryimage\"},\"image\":{\"@id\":\"https:\/\/www.noticiasradioreflejos.com.ar\/2021\/alerta-en-las-aulas-nueva-amenaza-intimidatoria-en-una-escuela-del-distrito\/#primaryimage\"},\"thumbnailUrl\":\"https:\/\/www.noticiasradioreflejos.com.ar\/2021\/wp-content\/uploads\/2025\/12\/Escuela-6-1.jpeg\",\"datePublished\":\"2026-04-28T17:06:59+00:00\",\"dateModified\":\"2026-04-28T17:07:28+00:00\",\"author\":{\"@id\":\"https:\/\/www.noticiasradioreflejos.com.ar\/2021\/#\/schema\/person\/ad82545263dcc5ec0996818884fd5fb1\"},\"breadcrumb\":{\"@id\":\"https:\/\/www.noticiasradioreflejos.com.ar\/2021\/alerta-en-las-aulas-nueva-amenaza-intimidatoria-en-una-escuela-del-distrito\/#breadcrumb\"},\"inLanguage\":\"es\",\"potentialAction\":[{\"@type\":\"ReadAction\",\"target\":[\"https:\/\/www.noticiasradioreflejos.com.ar\/2021\/alerta-en-las-aulas-nueva-amenaza-intimidatoria-en-una-escuela-del-distrito\/\"]}]},{\"@type\":\"ImageObject\",\"inLanguage\":\"es\",\"@id\":\"https:\/\/www.noticiasradioreflejos.com.ar\/2021\/alerta-en-las-aulas-nueva-amenaza-intimidatoria-en-una-escuela-del-distrito\/#primaryimage\",\"url\":\"https:\/\/www.noticiasradioreflejos.com.ar\/2021\/wp-content\/uploads\/2025\/12\/Escuela-6-1.jpeg\",\"contentUrl\":\"https:\/\/www.noticiasradioreflejos.com.ar\/2021\/wp-content\/uploads\/2025\/12\/Escuela-6-1.jpeg\",\"width\":1599,\"height\":899},{\"@type\":\"BreadcrumbList\",\"@id\":\"https:\/\/www.noticiasradioreflejos.com.ar\/2021\/alerta-en-las-aulas-nueva-amenaza-intimidatoria-en-una-escuela-del-distrito\/#breadcrumb\",\"itemListElement\":[{\"@type\":\"ListItem\",\"position\":1,\"name\":\"Portada\",\"item\":\"https:\/\/www.noticiasradioreflejos.com.ar\/2021\/\"},{\"@type\":\"ListItem\",\"position\":2,\"name\":\"Alerta en las aulas: Nueva amenaza intimidatoria en una escuela del distrito\"}]},{\"@type\":\"WebSite\",\"@id\":\"https:\/\/www.noticiasradioreflejos.com.ar\/2021\/#website\",\"url\":\"https:\/\/www.noticiasradioreflejos.com.ar\/2021\/\",\"name\":\"Noticias Radio Reflejos\",\"description\":\"Las noticias de mi comarca\",\"potentialAction\":[{\"@type\":\"SearchAction\",\"target\":{\"@type\":\"EntryPoint\",\"urlTemplate\":\"https:\/\/www.noticiasradioreflejos.com.ar\/2021\/?s={search_term_string}\"},\"query-input\":{\"@type\":\"PropertyValueSpecification\",\"valueRequired\":true,\"valueName\":\"search_term_string\"}}],\"inLanguage\":\"es\"},{\"@type\":\"Person\",\"@id\":\"https:\/\/www.noticiasradioreflejos.com.ar\/2021\/#\/schema\/person\/ad82545263dcc5ec0996818884fd5fb1\",\"name\":\"Arnaldo Botto\",\"image\":{\"@type\":\"ImageObject\",\"inLanguage\":\"es\",\"@id\":\"https:\/\/www.noticiasradioreflejos.com.ar\/2021\/#\/schema\/person\/image\/\",\"url\":\"https:\/\/secure.gravatar.com\/avatar\/55cb5e37c1efa326397366e6974cb338056df65cb50e7d64d1cf314e87504837?s=96&d=mm&r=g\",\"contentUrl\":\"https:\/\/secure.gravatar.com\/avatar\/55cb5e37c1efa326397366e6974cb338056df65cb50e7d64d1cf314e87504837?s=96&d=mm&r=g\",\"caption\":\"Arnaldo Botto\"},\"url\":\"https:\/\/www.noticiasradioreflejos.com.ar\/2021\/author\/arnaldo\/\"}]}<\/script>\n<!-- \/ Yoast SEO plugin. -->","yoast_head_json":{"title":"Alerta en las aulas: Nueva amenaza intimidatoria en una escuela del distrito - Noticias Radio Reflejos","robots":{"index":"index","follow":"follow","max-snippet":"max-snippet:-1","max-image-preview":"max-image-preview:large","max-video-preview":"max-video-preview:-1"},"canonical":"https:\/\/www.noticiasradioreflejos.com.ar\/2021\/alerta-en-las-aulas-nueva-amenaza-intimidatoria-en-una-escuela-del-distrito\/","og_locale":"es_ES","og_type":"article","og_title":"Alerta en las aulas: Nueva amenaza intimidatoria en una escuela del distrito - Noticias Radio Reflejos","og_description":"Tras el hallazgo de mensajes de tono amenazante en la Escuela Primaria N\u00b0 6 de Sierra de la Ventana, las autoridades educativas activaron los protocolos de seguridad vigentes. El hecho se suma a una preocupante serie de eventos similares que han movilizado a la comunidad educativa y a la justicia en diversas localidades bonaerenses.","og_url":"https:\/\/www.noticiasradioreflejos.com.ar\/2021\/alerta-en-las-aulas-nueva-amenaza-intimidatoria-en-una-escuela-del-distrito\/","og_site_name":"Noticias Radio Reflejos","article_published_time":"2026-04-28T17:06:59+00:00","article_modified_time":"2026-04-28T17:07:28+00:00","og_image":[{"width":1599,"height":899,"url":"https:\/\/www.noticiasradioreflejos.com.ar\/2021\/wp-content\/uploads\/2025\/12\/Escuela-6-1.jpeg","type":"image\/jpeg"}],"author":"Arnaldo Botto","twitter_card":"summary_large_image","schema":{"@context":"https:\/\/schema.org","@graph":[{"@type":"WebPage","@id":"https:\/\/www.noticiasradioreflejos.com.ar\/2021\/alerta-en-las-aulas-nueva-amenaza-intimidatoria-en-una-escuela-del-distrito\/","url":"https:\/\/www.noticiasradioreflejos.com.ar\/2021\/alerta-en-las-aulas-nueva-amenaza-intimidatoria-en-una-escuela-del-distrito\/","name":"Alerta en las aulas: Nueva amenaza intimidatoria en una escuela del distrito - Noticias Radio Reflejos","isPartOf":{"@id":"https:\/\/www.noticiasradioreflejos.com.ar\/2021\/#website"},"primaryImageOfPage":{"@id":"https:\/\/www.noticiasradioreflejos.com.ar\/2021\/alerta-en-las-aulas-nueva-amenaza-intimidatoria-en-una-escuela-del-distrito\/#primaryimage"},"image":{"@id":"https:\/\/www.noticiasradioreflejos.com.ar\/2021\/alerta-en-las-aulas-nueva-amenaza-intimidatoria-en-una-escuela-del-distrito\/#primaryimage"},"thumbnailUrl":"https:\/\/www.noticiasradioreflejos.com.ar\/2021\/wp-content\/uploads\/2025\/12\/Escuela-6-1.jpeg","datePublished":"2026-04-28T17:06:59+00:00","dateModified":"2026-04-28T17:07:28+00:00","author":{"@id":"https:\/\/www.noticiasradioreflejos.com.ar\/2021\/#\/schema\/person\/ad82545263dcc5ec0996818884fd5fb1"},"breadcrumb":{"@id":"https:\/\/www.noticiasradioreflejos.com.ar\/2021\/alerta-en-las-aulas-nueva-amenaza-intimidatoria-en-una-escuela-del-distrito\/#breadcrumb"},"inLanguage":"es","potentialAction":[{"@type":"ReadAction","target":["https:\/\/www.noticiasradioreflejos.com.ar\/2021\/alerta-en-las-aulas-nueva-amenaza-intimidatoria-en-una-escuela-del-distrito\/"]}]},{"@type":"ImageObject","inLanguage":"es","@id":"https:\/\/www.noticiasradioreflejos.com.ar\/2021\/alerta-en-las-aulas-nueva-amenaza-intimidatoria-en-una-escuela-del-distrito\/#primaryimage","url":"https:\/\/www.noticiasradioreflejos.com.ar\/2021\/wp-content\/uploads\/2025\/12\/Escuela-6-1.jpeg","contentUrl":"https:\/\/www.noticiasradioreflejos.com.ar\/2021\/wp-content\/uploads\/2025\/12\/Escuela-6-1.jpeg","width":1599,"height":899},{"@type":"BreadcrumbList","@id":"https:\/\/www.noticiasradioreflejos.com.ar\/2021\/alerta-en-las-aulas-nueva-amenaza-intimidatoria-en-una-escuela-del-distrito\/#breadcrumb","itemListElement":[{"@type":"ListItem","position":1,"name":"Portada","item":"https:\/\/www.noticiasradioreflejos.com.ar\/2021\/"},{"@type":"ListItem","position":2,"name":"Alerta en las aulas: Nueva amenaza intimidatoria en una escuela del distrito"}]},{"@type":"WebSite","@id":"https:\/\/www.noticiasradioreflejos.com.ar\/2021\/#website","url":"https:\/\/www.noticiasradioreflejos.com.ar\/2021\/","name":"Noticias Radio Reflejos","description":"Las noticias de mi comarca","potentialAction":[{"@type":"SearchAction","target":{"@type":"EntryPoint","urlTemplate":"https:\/\/www.noticiasradioreflejos.com.ar\/2021\/?s={search_term_string}"},"query-input":{"@type":"PropertyValueSpecification","valueRequired":true,"valueName":"search_term_string"}}],"inLanguage":"es"},{"@type":"Person","@id":"https:\/\/www.noticiasradioreflejos.com.ar\/2021\/#\/schema\/person\/ad82545263dcc5ec0996818884fd5fb1","name":"Arnaldo Botto","image":{"@type":"ImageObject","inLanguage":"es","@id":"https:\/\/www.noticiasradioreflejos.com.ar\/2021\/#\/schema\/person\/image\/","url":"https:\/\/secure.gravatar.com\/avatar\/55cb5e37c1efa326397366e6974cb338056df65cb50e7d64d1cf314e87504837?s=96&d=mm&r=g","contentUrl":"https:\/\/secure.gravatar.com\/avatar\/55cb5e37c1efa326397366e6974cb338056df65cb50e7d64d1cf314e87504837?s=96&d=mm&r=g","caption":"Arnaldo Botto"},"url":"https:\/\/www.noticiasradioreflejos.com.ar\/2021\/author\/arnaldo\/"}]}},"_links":{"self":[{"href":"https:\/\/www.noticiasradioreflejos.com.ar\/2021\/wp-json\/wp\/v2\/posts\/136595","targetHints":{"allow":["GET"]}}],"collection":[{"href":"https:\/\/www.noticiasradioreflejos.com.ar\/2021\/wp-json\/wp\/v2\/posts"}],"about":[{"href":"https:\/\/www.noticiasradioreflejos.com.ar\/2021\/wp-json\/wp\/v2\/types\/post"}],"author":[{"embeddable":true,"href":"https:\/\/www.noticiasradioreflejos.com.ar\/2021\/wp-json\/wp\/v2\/users\/3"}],"replies":[{"embeddable":true,"href":"https:\/\/www.noticiasradioreflejos.com.ar\/2021\/wp-json\/wp\/v2\/comments?post=136595"}],"version-history":[{"count":2,"href":"https:\/\/www.noticiasradioreflejos.com.ar\/2021\/wp-json\/wp\/v2\/posts\/136595\/revisions"}],"predecessor-version":[{"id":136597,"href":"https:\/\/www.noticiasradioreflejos.com.ar\/2021\/wp-json\/wp\/v2\/posts\/136595\/revisions\/136597"}],"wp:featuredmedia":[{"embeddable":true,"href":"https:\/\/www.noticiasradioreflejos.com.ar\/2021\/wp-json\/wp\/v2\/media\/130504"}],"wp:attachment":[{"href":"https:\/\/www.noticiasradioreflejos.com.ar\/2021\/wp-json\/wp\/v2\/media?parent=136595"}],"wp:term":[{"taxonomy":"category","embeddable":true,"href":"https:\/\/www.noticiasradioreflejos.com.ar\/2021\/wp-json\/wp\/v2\/categories?post=136595"},{"taxonomy":"post_tag","embeddable":true,"href":"https:\/\/www.noticiasradioreflejos.com.ar\/2021\/wp-json\/wp\/v2\/tags?post=136595"}],"curies":[{"name":"wp","href":"https:\/\/api.w.org\/{rel}","templated":true}]}}