{"id":136590,"date":"2026-04-28T17:51:43","date_gmt":"2026-04-28T20:51:43","guid":{"rendered":"https:\/\/www.noticiasradioreflejos.com.ar\/2021\/?p=136590"},"modified":"2026-04-28T17:51:43","modified_gmt":"2026-04-28T20:51:43","slug":"orgullo-regional-martin-haag-es-el-nuevo-director-nacional-de-operaciones-de-bomberos","status":"publish","type":"post","link":"https:\/\/www.noticiasradioreflejos.com.ar\/2021\/orgullo-regional-martin-haag-es-el-nuevo-director-nacional-de-operaciones-de-bomberos\/","title":{"rendered":"Orgullo regional: Mart\u00edn Haag es el nuevo Director Nacional de Operaciones de Bomberos"},"content":{"rendered":"<p data-path-to-node=\"3\">El jefe del cuartel de Tornquist asumi\u00f3 el cargo m\u00e1ximo dentro de la Coordinaci\u00f3n \u00danica de Operaciones (CUO), representando a los 58.000 bomberos y bomberas voluntarios de todo el pa\u00eds. Haag repas\u00f3 su trayectoria, explic\u00f3 el alcance de sus nuevas funciones de articulaci\u00f3n ante emergencias nacionales e internacionales, y reafirm\u00f3 su compromiso con el distrito: \u00abSigo siendo el jefe del cuartel, se asumen m\u00e1s funciones\u00bb.<!--more--><\/p>\n<p data-path-to-node=\"4\">El sistema de Bomberos Voluntarios de la Rep\u00fablica Argentina tiene, desde esta semana, a un vecino de Tornquist al mando de sus operaciones. Mart\u00edn Haag fue elegido por sus pares para ocupar el cargo de Director Nacional de Operaciones, el nivel m\u00e1s alto de responsabilidad operativa en el pa\u00eds. \u00abRepresenta a todas las federaciones ante los organismos oficiales. Detr\u00e1s de esto hay una carrera, capacitaci\u00f3n y experiencia que uno va acumulando desde sus inicios\u00bb, expres\u00f3 Haag con orgullo y humildad.<\/p>\n<p data-path-to-node=\"6\">La funci\u00f3n del Director Nacional es cr\u00edtica para la seguridad del pa\u00eds. Ante cat\u00e1strofes que superen la capacidad de una provincia, es Haag quien debe articular los recursos. \u00abCada emergencia que necesite recursos a nivel sistema bomberil, o la necesidad que tenga la Naci\u00f3n, va a pasar por mi funci\u00f3n. Lo mismo sucede en el plano internacional; esos recursos son dispuestos por el Director Nacional\u00bb, explic\u00f3.<\/p>\n<p data-path-to-node=\"7\">Con un universo de 58.000 bomberos y bomberas bajo su coordinaci\u00f3n, su mandato de cuatro a\u00f1os implica una articulaci\u00f3n constante con Ministerios y Federaciones. Sin embargo, Haag aclar\u00f3 que no dejar\u00e1 su base: \u00abNo es necesario mudarme a Buenos Aires. Viajar\u00e9 una o dos veces por semana al Consejo Nacional, pero sigo siendo el Jefe del Cuartel de Tornquist y el Director de la Federaci\u00f3n. Los roles no se pierden, se asumen m\u00e1s funciones\u00bb.<\/p>\n<p data-path-to-node=\"9\">Para Haag, este nombramiento no es un logro individual, sino el resultado del alto nivel que ostenta el distrito en materia de emergencias. \u00abEl trabajo en Tornquist es muy bueno y hay un equipo que respalda lo que hacemos, lo que me permite tomar esta responsabilidad nacional. Somos referentes, nos llaman a nosotros, y eso habla del profesionalismo que tenemos en el distrito\u00bb, destac\u00f3.<\/p>\n<p data-path-to-node=\"10\">El jefe local resalt\u00f3 que este reconocimiento es fruto de un proceso de muchos a\u00f1os y de todas las personas que han pasado por la instituci\u00f3n. \u00abEstoy orgulloso de los cuarteles, particularmente del m\u00edo y de la gente que los integra. Todos trabajamos por lo mismo: responder a las circunstancias y cumplir con la funci\u00f3n que nos toca\u00bb, concluy\u00f3, reafirmando que, a pesar de su nuevo despacho en Buenos Aires, su coraz\u00f3n y su operatividad diaria siguen firmes en las Sierras de la Ventana.<\/p>\n<audio class=\"wp-audio-shortcode\" id=\"audio-136590-1\" preload=\"none\" style=\"width: 100%;\" controls=\"controls\"><source type=\"audio\/mpeg\" src=\"https:\/\/www.noticiasradioreflejos.com.ar\/2021\/wp-content\/uploads\/2026\/04\/Martin-Hagg-28-04.mp3?_=1\" \/><a href=\"https:\/\/www.noticiasradioreflejos.com.ar\/2021\/wp-content\/uploads\/2026\/04\/Martin-Hagg-28-04.mp3\">https:\/\/www.noticiasradioreflejos.com.ar\/2021\/wp-content\/uploads\/2026\/04\/Martin-Hagg-28-04.mp3<\/a><\/audio>\n","protected":false},"excerpt":{"rendered":"<p>El jefe del cuartel de Tornquist asumi\u00f3 el cargo m\u00e1ximo dentro de la Coordinaci\u00f3n \u00danica de Operaciones (CUO), representando a los 58.000 bomberos y bomberas voluntarios de todo el pa\u00eds. Haag repas\u00f3 su trayectoria, explic\u00f3 el alcance de sus nuevas funciones de articulaci\u00f3n ante emergencias nacionales e internacionales, y reafirm\u00f3 su compromiso con el distrito: [&hellip;]<\/p>\n","protected":false},"author":3,"featured_media":136540,"comment_status":"closed","ping_status":"closed","sticky":false,"template":"","format":"standard","meta":{"footnotes":""},"categories":[24,26],"tags":[48],"class_list":["post-136590","post","type-post","status-publish","format-standard","has-post-thumbnail","hentry","category-politica","category-sociedad","tag-destacada"],"yoast_head":"<!-- This site is optimized with the Yoast SEO plugin v25.9 - https:\/\/yoast.com\/wordpress\/plugins\/seo\/ -->\n<title>Orgullo regional: Mart\u00edn Haag es el nuevo Director Nacional de Operaciones de Bomberos - Noticias Radio Reflejos<\/title>\n<meta name=\"robots\" content=\"index, follow, max-snippet:-1, max-image-preview:large, max-video-preview:-1\" \/>\n<link rel=\"canonical\" href=\"https:\/\/www.noticiasradioreflejos.com.ar\/2021\/orgullo-regional-martin-haag-es-el-nuevo-director-nacional-de-operaciones-de-bomberos\/\" \/>\n<meta property=\"og:locale\" content=\"es_ES\" \/>\n<meta property=\"og:type\" content=\"article\" \/>\n<meta property=\"og:title\" content=\"Orgullo regional: Mart\u00edn Haag es el nuevo Director Nacional de Operaciones de Bomberos - Noticias Radio Reflejos\" \/>\n<meta property=\"og:description\" content=\"El jefe del cuartel de Tornquist asumi\u00f3 el cargo m\u00e1ximo dentro de la Coordinaci\u00f3n \u00danica de Operaciones (CUO), representando a los 58.000 bomberos y bomberas voluntarios de todo el pa\u00eds. Haag repas\u00f3 su trayectoria, explic\u00f3 el alcance de sus nuevas funciones de articulaci\u00f3n ante emergencias nacionales e internacionales, y reafirm\u00f3 su compromiso con el distrito: [&hellip;]\" \/>\n<meta property=\"og:url\" content=\"https:\/\/www.noticiasradioreflejos.com.ar\/2021\/orgullo-regional-martin-haag-es-el-nuevo-director-nacional-de-operaciones-de-bomberos\/\" \/>\n<meta property=\"og:site_name\" content=\"Noticias Radio Reflejos\" \/>\n<meta property=\"article:published_time\" content=\"2026-04-28T20:51:43+00:00\" \/>\n<meta property=\"og:image\" content=\"https:\/\/www.noticiasradioreflejos.com.ar\/2021\/wp-content\/uploads\/2026\/04\/martin-Hagg.jpg\" \/>\n\t<meta property=\"og:image:width\" content=\"1080\" \/>\n\t<meta property=\"og:image:height\" content=\"688\" \/>\n\t<meta property=\"og:image:type\" content=\"image\/jpeg\" \/>\n<meta name=\"author\" content=\"Arnaldo Botto\" \/>\n<meta name=\"twitter:card\" content=\"summary_large_image\" \/>\n<script type=\"application\/ld+json\" class=\"yoast-schema-graph\">{\"@context\":\"https:\/\/schema.org\",\"@graph\":[{\"@type\":\"WebPage\",\"@id\":\"https:\/\/www.noticiasradioreflejos.com.ar\/2021\/orgullo-regional-martin-haag-es-el-nuevo-director-nacional-de-operaciones-de-bomberos\/\",\"url\":\"https:\/\/www.noticiasradioreflejos.com.ar\/2021\/orgullo-regional-martin-haag-es-el-nuevo-director-nacional-de-operaciones-de-bomberos\/\",\"name\":\"Orgullo regional: Mart\u00edn Haag es el nuevo Director Nacional de Operaciones de Bomberos - Noticias Radio Reflejos\",\"isPartOf\":{\"@id\":\"https:\/\/www.noticiasradioreflejos.com.ar\/2021\/#website\"},\"primaryImageOfPage\":{\"@id\":\"https:\/\/www.noticiasradioreflejos.com.ar\/2021\/orgullo-regional-martin-haag-es-el-nuevo-director-nacional-de-operaciones-de-bomberos\/#primaryimage\"},\"image\":{\"@id\":\"https:\/\/www.noticiasradioreflejos.com.ar\/2021\/orgullo-regional-martin-haag-es-el-nuevo-director-nacional-de-operaciones-de-bomberos\/#primaryimage\"},\"thumbnailUrl\":\"https:\/\/www.noticiasradioreflejos.com.ar\/2021\/wp-content\/uploads\/2026\/04\/martin-Hagg.jpg\",\"datePublished\":\"2026-04-28T20:51:43+00:00\",\"author\":{\"@id\":\"https:\/\/www.noticiasradioreflejos.com.ar\/2021\/#\/schema\/person\/ad82545263dcc5ec0996818884fd5fb1\"},\"breadcrumb\":{\"@id\":\"https:\/\/www.noticiasradioreflejos.com.ar\/2021\/orgullo-regional-martin-haag-es-el-nuevo-director-nacional-de-operaciones-de-bomberos\/#breadcrumb\"},\"inLanguage\":\"es\",\"potentialAction\":[{\"@type\":\"ReadAction\",\"target\":[\"https:\/\/www.noticiasradioreflejos.com.ar\/2021\/orgullo-regional-martin-haag-es-el-nuevo-director-nacional-de-operaciones-de-bomberos\/\"]}]},{\"@type\":\"ImageObject\",\"inLanguage\":\"es\",\"@id\":\"https:\/\/www.noticiasradioreflejos.com.ar\/2021\/orgullo-regional-martin-haag-es-el-nuevo-director-nacional-de-operaciones-de-bomberos\/#primaryimage\",\"url\":\"https:\/\/www.noticiasradioreflejos.com.ar\/2021\/wp-content\/uploads\/2026\/04\/martin-Hagg.jpg\",\"contentUrl\":\"https:\/\/www.noticiasradioreflejos.com.ar\/2021\/wp-content\/uploads\/2026\/04\/martin-Hagg.jpg\",\"width\":1080,\"height\":688},{\"@type\":\"BreadcrumbList\",\"@id\":\"https:\/\/www.noticiasradioreflejos.com.ar\/2021\/orgullo-regional-martin-haag-es-el-nuevo-director-nacional-de-operaciones-de-bomberos\/#breadcrumb\",\"itemListElement\":[{\"@type\":\"ListItem\",\"position\":1,\"name\":\"Portada\",\"item\":\"https:\/\/www.noticiasradioreflejos.com.ar\/2021\/\"},{\"@type\":\"ListItem\",\"position\":2,\"name\":\"Orgullo regional: Mart\u00edn Haag es el nuevo Director Nacional de Operaciones de Bomberos\"}]},{\"@type\":\"WebSite\",\"@id\":\"https:\/\/www.noticiasradioreflejos.com.ar\/2021\/#website\",\"url\":\"https:\/\/www.noticiasradioreflejos.com.ar\/2021\/\",\"name\":\"Noticias Radio Reflejos\",\"description\":\"Las noticias de mi comarca\",\"potentialAction\":[{\"@type\":\"SearchAction\",\"target\":{\"@type\":\"EntryPoint\",\"urlTemplate\":\"https:\/\/www.noticiasradioreflejos.com.ar\/2021\/?s={search_term_string}\"},\"query-input\":{\"@type\":\"PropertyValueSpecification\",\"valueRequired\":true,\"valueName\":\"search_term_string\"}}],\"inLanguage\":\"es\"},{\"@type\":\"Person\",\"@id\":\"https:\/\/www.noticiasradioreflejos.com.ar\/2021\/#\/schema\/person\/ad82545263dcc5ec0996818884fd5fb1\",\"name\":\"Arnaldo Botto\",\"image\":{\"@type\":\"ImageObject\",\"inLanguage\":\"es\",\"@id\":\"https:\/\/www.noticiasradioreflejos.com.ar\/2021\/#\/schema\/person\/image\/\",\"url\":\"https:\/\/secure.gravatar.com\/avatar\/55cb5e37c1efa326397366e6974cb338056df65cb50e7d64d1cf314e87504837?s=96&d=mm&r=g\",\"contentUrl\":\"https:\/\/secure.gravatar.com\/avatar\/55cb5e37c1efa326397366e6974cb338056df65cb50e7d64d1cf314e87504837?s=96&d=mm&r=g\",\"caption\":\"Arnaldo Botto\"},\"url\":\"https:\/\/www.noticiasradioreflejos.com.ar\/2021\/author\/arnaldo\/\"}]}<\/script>\n<!-- \/ Yoast SEO plugin. -->","yoast_head_json":{"title":"Orgullo regional: Mart\u00edn Haag es el nuevo Director Nacional de Operaciones de Bomberos - Noticias Radio Reflejos","robots":{"index":"index","follow":"follow","max-snippet":"max-snippet:-1","max-image-preview":"max-image-preview:large","max-video-preview":"max-video-preview:-1"},"canonical":"https:\/\/www.noticiasradioreflejos.com.ar\/2021\/orgullo-regional-martin-haag-es-el-nuevo-director-nacional-de-operaciones-de-bomberos\/","og_locale":"es_ES","og_type":"article","og_title":"Orgullo regional: Mart\u00edn Haag es el nuevo Director Nacional de Operaciones de Bomberos - Noticias Radio Reflejos","og_description":"El jefe del cuartel de Tornquist asumi\u00f3 el cargo m\u00e1ximo dentro de la Coordinaci\u00f3n \u00danica de Operaciones (CUO), representando a los 58.000 bomberos y bomberas voluntarios de todo el pa\u00eds. Haag repas\u00f3 su trayectoria, explic\u00f3 el alcance de sus nuevas funciones de articulaci\u00f3n ante emergencias nacionales e internacionales, y reafirm\u00f3 su compromiso con el distrito: [&hellip;]","og_url":"https:\/\/www.noticiasradioreflejos.com.ar\/2021\/orgullo-regional-martin-haag-es-el-nuevo-director-nacional-de-operaciones-de-bomberos\/","og_site_name":"Noticias Radio Reflejos","article_published_time":"2026-04-28T20:51:43+00:00","og_image":[{"width":1080,"height":688,"url":"https:\/\/www.noticiasradioreflejos.com.ar\/2021\/wp-content\/uploads\/2026\/04\/martin-Hagg.jpg","type":"image\/jpeg"}],"author":"Arnaldo Botto","twitter_card":"summary_large_image","schema":{"@context":"https:\/\/schema.org","@graph":[{"@type":"WebPage","@id":"https:\/\/www.noticiasradioreflejos.com.ar\/2021\/orgullo-regional-martin-haag-es-el-nuevo-director-nacional-de-operaciones-de-bomberos\/","url":"https:\/\/www.noticiasradioreflejos.com.ar\/2021\/orgullo-regional-martin-haag-es-el-nuevo-director-nacional-de-operaciones-de-bomberos\/","name":"Orgullo regional: Mart\u00edn Haag es el nuevo Director Nacional de Operaciones de Bomberos - Noticias Radio Reflejos","isPartOf":{"@id":"https:\/\/www.noticiasradioreflejos.com.ar\/2021\/#website"},"primaryImageOfPage":{"@id":"https:\/\/www.noticiasradioreflejos.com.ar\/2021\/orgullo-regional-martin-haag-es-el-nuevo-director-nacional-de-operaciones-de-bomberos\/#primaryimage"},"image":{"@id":"https:\/\/www.noticiasradioreflejos.com.ar\/2021\/orgullo-regional-martin-haag-es-el-nuevo-director-nacional-de-operaciones-de-bomberos\/#primaryimage"},"thumbnailUrl":"https:\/\/www.noticiasradioreflejos.com.ar\/2021\/wp-content\/uploads\/2026\/04\/martin-Hagg.jpg","datePublished":"2026-04-28T20:51:43+00:00","author":{"@id":"https:\/\/www.noticiasradioreflejos.com.ar\/2021\/#\/schema\/person\/ad82545263dcc5ec0996818884fd5fb1"},"breadcrumb":{"@id":"https:\/\/www.noticiasradioreflejos.com.ar\/2021\/orgullo-regional-martin-haag-es-el-nuevo-director-nacional-de-operaciones-de-bomberos\/#breadcrumb"},"inLanguage":"es","potentialAction":[{"@type":"ReadAction","target":["https:\/\/www.noticiasradioreflejos.com.ar\/2021\/orgullo-regional-martin-haag-es-el-nuevo-director-nacional-de-operaciones-de-bomberos\/"]}]},{"@type":"ImageObject","inLanguage":"es","@id":"https:\/\/www.noticiasradioreflejos.com.ar\/2021\/orgullo-regional-martin-haag-es-el-nuevo-director-nacional-de-operaciones-de-bomberos\/#primaryimage","url":"https:\/\/www.noticiasradioreflejos.com.ar\/2021\/wp-content\/uploads\/2026\/04\/martin-Hagg.jpg","contentUrl":"https:\/\/www.noticiasradioreflejos.com.ar\/2021\/wp-content\/uploads\/2026\/04\/martin-Hagg.jpg","width":1080,"height":688},{"@type":"BreadcrumbList","@id":"https:\/\/www.noticiasradioreflejos.com.ar\/2021\/orgullo-regional-martin-haag-es-el-nuevo-director-nacional-de-operaciones-de-bomberos\/#breadcrumb","itemListElement":[{"@type":"ListItem","position":1,"name":"Portada","item":"https:\/\/www.noticiasradioreflejos.com.ar\/2021\/"},{"@type":"ListItem","position":2,"name":"Orgullo regional: Mart\u00edn Haag es el nuevo Director Nacional de Operaciones de Bomberos"}]},{"@type":"WebSite","@id":"https:\/\/www.noticiasradioreflejos.com.ar\/2021\/#website","url":"https:\/\/www.noticiasradioreflejos.com.ar\/2021\/","name":"Noticias Radio Reflejos","description":"Las noticias de mi comarca","potentialAction":[{"@type":"SearchAction","target":{"@type":"EntryPoint","urlTemplate":"https:\/\/www.noticiasradioreflejos.com.ar\/2021\/?s={search_term_string}"},"query-input":{"@type":"PropertyValueSpecification","valueRequired":true,"valueName":"search_term_string"}}],"inLanguage":"es"},{"@type":"Person","@id":"https:\/\/www.noticiasradioreflejos.com.ar\/2021\/#\/schema\/person\/ad82545263dcc5ec0996818884fd5fb1","name":"Arnaldo Botto","image":{"@type":"ImageObject","inLanguage":"es","@id":"https:\/\/www.noticiasradioreflejos.com.ar\/2021\/#\/schema\/person\/image\/","url":"https:\/\/secure.gravatar.com\/avatar\/55cb5e37c1efa326397366e6974cb338056df65cb50e7d64d1cf314e87504837?s=96&d=mm&r=g","contentUrl":"https:\/\/secure.gravatar.com\/avatar\/55cb5e37c1efa326397366e6974cb338056df65cb50e7d64d1cf314e87504837?s=96&d=mm&r=g","caption":"Arnaldo Botto"},"url":"https:\/\/www.noticiasradioreflejos.com.ar\/2021\/author\/arnaldo\/"}]}},"_links":{"self":[{"href":"https:\/\/www.noticiasradioreflejos.com.ar\/2021\/wp-json\/wp\/v2\/posts\/136590","targetHints":{"allow":["GET"]}}],"collection":[{"href":"https:\/\/www.noticiasradioreflejos.com.ar\/2021\/wp-json\/wp\/v2\/posts"}],"about":[{"href":"https:\/\/www.noticiasradioreflejos.com.ar\/2021\/wp-json\/wp\/v2\/types\/post"}],"author":[{"embeddable":true,"href":"https:\/\/www.noticiasradioreflejos.com.ar\/2021\/wp-json\/wp\/v2\/users\/3"}],"replies":[{"embeddable":true,"href":"https:\/\/www.noticiasradioreflejos.com.ar\/2021\/wp-json\/wp\/v2\/comments?post=136590"}],"version-history":[{"count":3,"href":"https:\/\/www.noticiasradioreflejos.com.ar\/2021\/wp-json\/wp\/v2\/posts\/136590\/revisions"}],"predecessor-version":[{"id":136634,"href":"https:\/\/www.noticiasradioreflejos.com.ar\/2021\/wp-json\/wp\/v2\/posts\/136590\/revisions\/136634"}],"wp:featuredmedia":[{"embeddable":true,"href":"https:\/\/www.noticiasradioreflejos.com.ar\/2021\/wp-json\/wp\/v2\/media\/136540"}],"wp:attachment":[{"href":"https:\/\/www.noticiasradioreflejos.com.ar\/2021\/wp-json\/wp\/v2\/media?parent=136590"}],"wp:term":[{"taxonomy":"category","embeddable":true,"href":"https:\/\/www.noticiasradioreflejos.com.ar\/2021\/wp-json\/wp\/v2\/categories?post=136590"},{"taxonomy":"post_tag","embeddable":true,"href":"https:\/\/www.noticiasradioreflejos.com.ar\/2021\/wp-json\/wp\/v2\/tags?post=136590"}],"curies":[{"name":"wp","href":"https:\/\/api.w.org\/{rel}","templated":true}]}}