{"id":136584,"date":"2026-04-28T11:35:36","date_gmt":"2026-04-28T14:35:36","guid":{"rendered":"https:\/\/www.noticiasradioreflejos.com.ar\/2021\/?p=136584"},"modified":"2026-04-28T11:35:37","modified_gmt":"2026-04-28T14:35:37","slug":"tornquist-impulsa-el-desarrollo-industrial-con-un-convenio-junto-a-la-uibb","status":"publish","type":"post","link":"https:\/\/www.noticiasradioreflejos.com.ar\/2021\/tornquist-impulsa-el-desarrollo-industrial-con-un-convenio-junto-a-la-uibb\/","title":{"rendered":"Tornquist impulsa el desarrollo industrial con un convenio junto a la UIBB"},"content":{"rendered":"<p>La Intendente Municipal, Estefan\u00eda Bordoni, firm\u00f3 un convenio marco de colaboraci\u00f3n mutua con la Uni\u00f3n Industrial de Bah\u00eda Blanca, con el objetivo de fortalecer y potenciar el desarrollo del sector industrial en el distrito.<!--more--><\/p>\n<p>El acuerdo fue suscripto en la ciudad de Bah\u00eda Blanca junto al presidente de la entidad, Gustavo Fabi\u00e1n El\u00edas, y establece una agenda de trabajo conjunta orientada a impulsar el crecimiento productivo local.<\/p>\n<p><a href=\"https:\/\/www.noticiasradioreflejos.com.ar\/2021\/tornquist-impulsa-el-desarrollo-industrial-con-un-convenio-junto-a-la-uibb\/convenio-uibb-5\/\" rel=\"attachment wp-att-136586\"><img loading=\"lazy\" decoding=\"async\" class=\"aligncenter size-full wp-image-136586\" src=\"https:\/\/www.noticiasradioreflejos.com.ar\/2021\/wp-content\/uploads\/2026\/04\/Convenio-UIBB-5.jpg\" alt=\"\" width=\"2500\" height=\"1667\" srcset=\"https:\/\/www.noticiasradioreflejos.com.ar\/2021\/wp-content\/uploads\/2026\/04\/Convenio-UIBB-5.jpg 2500w, https:\/\/www.noticiasradioreflejos.com.ar\/2021\/wp-content\/uploads\/2026\/04\/Convenio-UIBB-5-300x200.jpg 300w, https:\/\/www.noticiasradioreflejos.com.ar\/2021\/wp-content\/uploads\/2026\/04\/Convenio-UIBB-5-1024x683.jpg 1024w, https:\/\/www.noticiasradioreflejos.com.ar\/2021\/wp-content\/uploads\/2026\/04\/Convenio-UIBB-5-768x512.jpg 768w, https:\/\/www.noticiasradioreflejos.com.ar\/2021\/wp-content\/uploads\/2026\/04\/Convenio-UIBB-5-1536x1024.jpg 1536w, https:\/\/www.noticiasradioreflejos.com.ar\/2021\/wp-content\/uploads\/2026\/04\/Convenio-UIBB-5-2048x1366.jpg 2048w, https:\/\/www.noticiasradioreflejos.com.ar\/2021\/wp-content\/uploads\/2026\/04\/Convenio-UIBB-5-750x500.jpg 750w, https:\/\/www.noticiasradioreflejos.com.ar\/2021\/wp-content\/uploads\/2026\/04\/Convenio-UIBB-5-1140x760.jpg 1140w\" sizes=\"auto, (max-width: 2500px) 100vw, 2500px\" \/><\/a><\/p>\n<p>A trav\u00e9s de este convenio, se promover\u00e1n acciones destinadas a generar un diagn\u00f3stico integral del sector industrial del Partido de Tornquist, que permitir\u00e1 dise\u00f1ar pol\u00edticas y estrategias que acompa\u00f1en el desarrollo y la generaci\u00f3n de empleo en la regi\u00f3n.<\/p>\n<p>Asimismo, se trabajar\u00e1 en el fomento y acompa\u00f1amiento de empresas locales y de aquellas que deseen radicarse en el distrito, mediante capacitaciones, asistencia t\u00e9cnica, promoci\u00f3n de inversiones y la b\u00fasqueda de financiamiento.<\/p>\n<p>El acuerdo tambi\u00e9n contempla la organizaci\u00f3n conjunta de encuentros, seminarios y jornadas vinculadas a la actividad industrial, con el objetivo de fortalecer la articulaci\u00f3n entre actores del sector, promover el intercambio de conocimientos y generar nuevas oportunidades de crecimiento.<\/p>\n<p>De la jornada tambi\u00e9n participaron la Secretaria de Ambiente y Desarrollo Productivo, Florencia Testa; el Secretario de Turismo, V\u00edctor Ant\u00f3n; el Director Ejecutivo de la UIBB, Ricardo Rabbione; y el director del Centro de Estudios Econ\u00f3micos, Mart\u00edn Goslino.<\/p>\n<p>&nbsp;<\/p>\n<p><a href=\"https:\/\/www.noticiasradioreflejos.com.ar\/2021\/tornquist-impulsa-el-desarrollo-industrial-con-un-convenio-junto-a-la-uibb\/convenio-uibb-1\/\" rel=\"attachment wp-att-136587\"><img loading=\"lazy\" decoding=\"async\" class=\"aligncenter size-full wp-image-136587\" src=\"https:\/\/www.noticiasradioreflejos.com.ar\/2021\/wp-content\/uploads\/2026\/04\/Convenio-UIBB-1.jpg\" alt=\"\" width=\"2500\" height=\"1667\" srcset=\"https:\/\/www.noticiasradioreflejos.com.ar\/2021\/wp-content\/uploads\/2026\/04\/Convenio-UIBB-1.jpg 2500w, https:\/\/www.noticiasradioreflejos.com.ar\/2021\/wp-content\/uploads\/2026\/04\/Convenio-UIBB-1-300x200.jpg 300w, https:\/\/www.noticiasradioreflejos.com.ar\/2021\/wp-content\/uploads\/2026\/04\/Convenio-UIBB-1-1024x683.jpg 1024w, https:\/\/www.noticiasradioreflejos.com.ar\/2021\/wp-content\/uploads\/2026\/04\/Convenio-UIBB-1-768x512.jpg 768w, https:\/\/www.noticiasradioreflejos.com.ar\/2021\/wp-content\/uploads\/2026\/04\/Convenio-UIBB-1-1536x1024.jpg 1536w, https:\/\/www.noticiasradioreflejos.com.ar\/2021\/wp-content\/uploads\/2026\/04\/Convenio-UIBB-1-2048x1366.jpg 2048w, https:\/\/www.noticiasradioreflejos.com.ar\/2021\/wp-content\/uploads\/2026\/04\/Convenio-UIBB-1-750x500.jpg 750w, https:\/\/www.noticiasradioreflejos.com.ar\/2021\/wp-content\/uploads\/2026\/04\/Convenio-UIBB-1-1140x760.jpg 1140w\" sizes=\"auto, (max-width: 2500px) 100vw, 2500px\" \/><\/a><\/p>\n","protected":false},"excerpt":{"rendered":"<p>La Intendente Municipal, Estefan\u00eda Bordoni, firm\u00f3 un convenio marco de colaboraci\u00f3n mutua con la Uni\u00f3n Industrial de Bah\u00eda Blanca, con el objetivo de fortalecer y potenciar el desarrollo del sector industrial en el distrito.<\/p>\n","protected":false},"author":3,"featured_media":136585,"comment_status":"closed","ping_status":"closed","sticky":false,"template":"","format":"standard","meta":{"footnotes":""},"categories":[28],"tags":[48],"class_list":["post-136584","post","type-post","status-publish","format-standard","has-post-thumbnail","hentry","category-municipales","tag-destacada"],"yoast_head":"<!-- This site is optimized with the Yoast SEO plugin v25.9 - https:\/\/yoast.com\/wordpress\/plugins\/seo\/ -->\n<title>Tornquist impulsa el desarrollo industrial con un convenio junto a la UIBB - Noticias Radio Reflejos<\/title>\n<meta name=\"robots\" content=\"index, follow, max-snippet:-1, max-image-preview:large, max-video-preview:-1\" \/>\n<link rel=\"canonical\" href=\"https:\/\/www.noticiasradioreflejos.com.ar\/2021\/tornquist-impulsa-el-desarrollo-industrial-con-un-convenio-junto-a-la-uibb\/\" \/>\n<meta property=\"og:locale\" content=\"es_ES\" \/>\n<meta property=\"og:type\" content=\"article\" \/>\n<meta property=\"og:title\" content=\"Tornquist impulsa el desarrollo industrial con un convenio junto a la UIBB - Noticias Radio Reflejos\" \/>\n<meta property=\"og:description\" content=\"La Intendente Municipal, Estefan\u00eda Bordoni, firm\u00f3 un convenio marco de colaboraci\u00f3n mutua con la Uni\u00f3n Industrial de Bah\u00eda Blanca, con el objetivo de fortalecer y potenciar el desarrollo del sector industrial en el distrito.\" \/>\n<meta property=\"og:url\" content=\"https:\/\/www.noticiasradioreflejos.com.ar\/2021\/tornquist-impulsa-el-desarrollo-industrial-con-un-convenio-junto-a-la-uibb\/\" \/>\n<meta property=\"og:site_name\" content=\"Noticias Radio Reflejos\" \/>\n<meta property=\"article:published_time\" content=\"2026-04-28T14:35:36+00:00\" \/>\n<meta property=\"article:modified_time\" content=\"2026-04-28T14:35:37+00:00\" \/>\n<meta property=\"og:image\" content=\"https:\/\/www.noticiasradioreflejos.com.ar\/2021\/wp-content\/uploads\/2026\/04\/Convenio-UIBB-4.jpg\" \/>\n\t<meta property=\"og:image:width\" content=\"2500\" \/>\n\t<meta property=\"og:image:height\" content=\"1667\" \/>\n\t<meta property=\"og:image:type\" content=\"image\/jpeg\" \/>\n<meta name=\"author\" content=\"Arnaldo Botto\" \/>\n<meta name=\"twitter:card\" content=\"summary_large_image\" \/>\n<script type=\"application\/ld+json\" class=\"yoast-schema-graph\">{\"@context\":\"https:\/\/schema.org\",\"@graph\":[{\"@type\":\"WebPage\",\"@id\":\"https:\/\/www.noticiasradioreflejos.com.ar\/2021\/tornquist-impulsa-el-desarrollo-industrial-con-un-convenio-junto-a-la-uibb\/\",\"url\":\"https:\/\/www.noticiasradioreflejos.com.ar\/2021\/tornquist-impulsa-el-desarrollo-industrial-con-un-convenio-junto-a-la-uibb\/\",\"name\":\"Tornquist impulsa el desarrollo industrial con un convenio junto a la UIBB - Noticias Radio Reflejos\",\"isPartOf\":{\"@id\":\"https:\/\/www.noticiasradioreflejos.com.ar\/2021\/#website\"},\"primaryImageOfPage\":{\"@id\":\"https:\/\/www.noticiasradioreflejos.com.ar\/2021\/tornquist-impulsa-el-desarrollo-industrial-con-un-convenio-junto-a-la-uibb\/#primaryimage\"},\"image\":{\"@id\":\"https:\/\/www.noticiasradioreflejos.com.ar\/2021\/tornquist-impulsa-el-desarrollo-industrial-con-un-convenio-junto-a-la-uibb\/#primaryimage\"},\"thumbnailUrl\":\"https:\/\/www.noticiasradioreflejos.com.ar\/2021\/wp-content\/uploads\/2026\/04\/Convenio-UIBB-4.jpg\",\"datePublished\":\"2026-04-28T14:35:36+00:00\",\"dateModified\":\"2026-04-28T14:35:37+00:00\",\"author\":{\"@id\":\"https:\/\/www.noticiasradioreflejos.com.ar\/2021\/#\/schema\/person\/ad82545263dcc5ec0996818884fd5fb1\"},\"breadcrumb\":{\"@id\":\"https:\/\/www.noticiasradioreflejos.com.ar\/2021\/tornquist-impulsa-el-desarrollo-industrial-con-un-convenio-junto-a-la-uibb\/#breadcrumb\"},\"inLanguage\":\"es\",\"potentialAction\":[{\"@type\":\"ReadAction\",\"target\":[\"https:\/\/www.noticiasradioreflejos.com.ar\/2021\/tornquist-impulsa-el-desarrollo-industrial-con-un-convenio-junto-a-la-uibb\/\"]}]},{\"@type\":\"ImageObject\",\"inLanguage\":\"es\",\"@id\":\"https:\/\/www.noticiasradioreflejos.com.ar\/2021\/tornquist-impulsa-el-desarrollo-industrial-con-un-convenio-junto-a-la-uibb\/#primaryimage\",\"url\":\"https:\/\/www.noticiasradioreflejos.com.ar\/2021\/wp-content\/uploads\/2026\/04\/Convenio-UIBB-4.jpg\",\"contentUrl\":\"https:\/\/www.noticiasradioreflejos.com.ar\/2021\/wp-content\/uploads\/2026\/04\/Convenio-UIBB-4.jpg\",\"width\":2500,\"height\":1667},{\"@type\":\"BreadcrumbList\",\"@id\":\"https:\/\/www.noticiasradioreflejos.com.ar\/2021\/tornquist-impulsa-el-desarrollo-industrial-con-un-convenio-junto-a-la-uibb\/#breadcrumb\",\"itemListElement\":[{\"@type\":\"ListItem\",\"position\":1,\"name\":\"Portada\",\"item\":\"https:\/\/www.noticiasradioreflejos.com.ar\/2021\/\"},{\"@type\":\"ListItem\",\"position\":2,\"name\":\"Tornquist impulsa el desarrollo industrial con un convenio junto a la UIBB\"}]},{\"@type\":\"WebSite\",\"@id\":\"https:\/\/www.noticiasradioreflejos.com.ar\/2021\/#website\",\"url\":\"https:\/\/www.noticiasradioreflejos.com.ar\/2021\/\",\"name\":\"Noticias Radio Reflejos\",\"description\":\"Las noticias de mi comarca\",\"potentialAction\":[{\"@type\":\"SearchAction\",\"target\":{\"@type\":\"EntryPoint\",\"urlTemplate\":\"https:\/\/www.noticiasradioreflejos.com.ar\/2021\/?s={search_term_string}\"},\"query-input\":{\"@type\":\"PropertyValueSpecification\",\"valueRequired\":true,\"valueName\":\"search_term_string\"}}],\"inLanguage\":\"es\"},{\"@type\":\"Person\",\"@id\":\"https:\/\/www.noticiasradioreflejos.com.ar\/2021\/#\/schema\/person\/ad82545263dcc5ec0996818884fd5fb1\",\"name\":\"Arnaldo Botto\",\"image\":{\"@type\":\"ImageObject\",\"inLanguage\":\"es\",\"@id\":\"https:\/\/www.noticiasradioreflejos.com.ar\/2021\/#\/schema\/person\/image\/\",\"url\":\"https:\/\/secure.gravatar.com\/avatar\/55cb5e37c1efa326397366e6974cb338056df65cb50e7d64d1cf314e87504837?s=96&d=mm&r=g\",\"contentUrl\":\"https:\/\/secure.gravatar.com\/avatar\/55cb5e37c1efa326397366e6974cb338056df65cb50e7d64d1cf314e87504837?s=96&d=mm&r=g\",\"caption\":\"Arnaldo Botto\"},\"url\":\"https:\/\/www.noticiasradioreflejos.com.ar\/2021\/author\/arnaldo\/\"}]}<\/script>\n<!-- \/ Yoast SEO plugin. -->","yoast_head_json":{"title":"Tornquist impulsa el desarrollo industrial con un convenio junto a la UIBB - Noticias Radio Reflejos","robots":{"index":"index","follow":"follow","max-snippet":"max-snippet:-1","max-image-preview":"max-image-preview:large","max-video-preview":"max-video-preview:-1"},"canonical":"https:\/\/www.noticiasradioreflejos.com.ar\/2021\/tornquist-impulsa-el-desarrollo-industrial-con-un-convenio-junto-a-la-uibb\/","og_locale":"es_ES","og_type":"article","og_title":"Tornquist impulsa el desarrollo industrial con un convenio junto a la UIBB - Noticias Radio Reflejos","og_description":"La Intendente Municipal, Estefan\u00eda Bordoni, firm\u00f3 un convenio marco de colaboraci\u00f3n mutua con la Uni\u00f3n Industrial de Bah\u00eda Blanca, con el objetivo de fortalecer y potenciar el desarrollo del sector industrial en el distrito.","og_url":"https:\/\/www.noticiasradioreflejos.com.ar\/2021\/tornquist-impulsa-el-desarrollo-industrial-con-un-convenio-junto-a-la-uibb\/","og_site_name":"Noticias Radio Reflejos","article_published_time":"2026-04-28T14:35:36+00:00","article_modified_time":"2026-04-28T14:35:37+00:00","og_image":[{"width":2500,"height":1667,"url":"https:\/\/www.noticiasradioreflejos.com.ar\/2021\/wp-content\/uploads\/2026\/04\/Convenio-UIBB-4.jpg","type":"image\/jpeg"}],"author":"Arnaldo Botto","twitter_card":"summary_large_image","schema":{"@context":"https:\/\/schema.org","@graph":[{"@type":"WebPage","@id":"https:\/\/www.noticiasradioreflejos.com.ar\/2021\/tornquist-impulsa-el-desarrollo-industrial-con-un-convenio-junto-a-la-uibb\/","url":"https:\/\/www.noticiasradioreflejos.com.ar\/2021\/tornquist-impulsa-el-desarrollo-industrial-con-un-convenio-junto-a-la-uibb\/","name":"Tornquist impulsa el desarrollo industrial con un convenio junto a la UIBB - Noticias Radio Reflejos","isPartOf":{"@id":"https:\/\/www.noticiasradioreflejos.com.ar\/2021\/#website"},"primaryImageOfPage":{"@id":"https:\/\/www.noticiasradioreflejos.com.ar\/2021\/tornquist-impulsa-el-desarrollo-industrial-con-un-convenio-junto-a-la-uibb\/#primaryimage"},"image":{"@id":"https:\/\/www.noticiasradioreflejos.com.ar\/2021\/tornquist-impulsa-el-desarrollo-industrial-con-un-convenio-junto-a-la-uibb\/#primaryimage"},"thumbnailUrl":"https:\/\/www.noticiasradioreflejos.com.ar\/2021\/wp-content\/uploads\/2026\/04\/Convenio-UIBB-4.jpg","datePublished":"2026-04-28T14:35:36+00:00","dateModified":"2026-04-28T14:35:37+00:00","author":{"@id":"https:\/\/www.noticiasradioreflejos.com.ar\/2021\/#\/schema\/person\/ad82545263dcc5ec0996818884fd5fb1"},"breadcrumb":{"@id":"https:\/\/www.noticiasradioreflejos.com.ar\/2021\/tornquist-impulsa-el-desarrollo-industrial-con-un-convenio-junto-a-la-uibb\/#breadcrumb"},"inLanguage":"es","potentialAction":[{"@type":"ReadAction","target":["https:\/\/www.noticiasradioreflejos.com.ar\/2021\/tornquist-impulsa-el-desarrollo-industrial-con-un-convenio-junto-a-la-uibb\/"]}]},{"@type":"ImageObject","inLanguage":"es","@id":"https:\/\/www.noticiasradioreflejos.com.ar\/2021\/tornquist-impulsa-el-desarrollo-industrial-con-un-convenio-junto-a-la-uibb\/#primaryimage","url":"https:\/\/www.noticiasradioreflejos.com.ar\/2021\/wp-content\/uploads\/2026\/04\/Convenio-UIBB-4.jpg","contentUrl":"https:\/\/www.noticiasradioreflejos.com.ar\/2021\/wp-content\/uploads\/2026\/04\/Convenio-UIBB-4.jpg","width":2500,"height":1667},{"@type":"BreadcrumbList","@id":"https:\/\/www.noticiasradioreflejos.com.ar\/2021\/tornquist-impulsa-el-desarrollo-industrial-con-un-convenio-junto-a-la-uibb\/#breadcrumb","itemListElement":[{"@type":"ListItem","position":1,"name":"Portada","item":"https:\/\/www.noticiasradioreflejos.com.ar\/2021\/"},{"@type":"ListItem","position":2,"name":"Tornquist impulsa el desarrollo industrial con un convenio junto a la UIBB"}]},{"@type":"WebSite","@id":"https:\/\/www.noticiasradioreflejos.com.ar\/2021\/#website","url":"https:\/\/www.noticiasradioreflejos.com.ar\/2021\/","name":"Noticias Radio Reflejos","description":"Las noticias de mi comarca","potentialAction":[{"@type":"SearchAction","target":{"@type":"EntryPoint","urlTemplate":"https:\/\/www.noticiasradioreflejos.com.ar\/2021\/?s={search_term_string}"},"query-input":{"@type":"PropertyValueSpecification","valueRequired":true,"valueName":"search_term_string"}}],"inLanguage":"es"},{"@type":"Person","@id":"https:\/\/www.noticiasradioreflejos.com.ar\/2021\/#\/schema\/person\/ad82545263dcc5ec0996818884fd5fb1","name":"Arnaldo Botto","image":{"@type":"ImageObject","inLanguage":"es","@id":"https:\/\/www.noticiasradioreflejos.com.ar\/2021\/#\/schema\/person\/image\/","url":"https:\/\/secure.gravatar.com\/avatar\/55cb5e37c1efa326397366e6974cb338056df65cb50e7d64d1cf314e87504837?s=96&d=mm&r=g","contentUrl":"https:\/\/secure.gravatar.com\/avatar\/55cb5e37c1efa326397366e6974cb338056df65cb50e7d64d1cf314e87504837?s=96&d=mm&r=g","caption":"Arnaldo Botto"},"url":"https:\/\/www.noticiasradioreflejos.com.ar\/2021\/author\/arnaldo\/"}]}},"_links":{"self":[{"href":"https:\/\/www.noticiasradioreflejos.com.ar\/2021\/wp-json\/wp\/v2\/posts\/136584","targetHints":{"allow":["GET"]}}],"collection":[{"href":"https:\/\/www.noticiasradioreflejos.com.ar\/2021\/wp-json\/wp\/v2\/posts"}],"about":[{"href":"https:\/\/www.noticiasradioreflejos.com.ar\/2021\/wp-json\/wp\/v2\/types\/post"}],"author":[{"embeddable":true,"href":"https:\/\/www.noticiasradioreflejos.com.ar\/2021\/wp-json\/wp\/v2\/users\/3"}],"replies":[{"embeddable":true,"href":"https:\/\/www.noticiasradioreflejos.com.ar\/2021\/wp-json\/wp\/v2\/comments?post=136584"}],"version-history":[{"count":2,"href":"https:\/\/www.noticiasradioreflejos.com.ar\/2021\/wp-json\/wp\/v2\/posts\/136584\/revisions"}],"predecessor-version":[{"id":136589,"href":"https:\/\/www.noticiasradioreflejos.com.ar\/2021\/wp-json\/wp\/v2\/posts\/136584\/revisions\/136589"}],"wp:featuredmedia":[{"embeddable":true,"href":"https:\/\/www.noticiasradioreflejos.com.ar\/2021\/wp-json\/wp\/v2\/media\/136585"}],"wp:attachment":[{"href":"https:\/\/www.noticiasradioreflejos.com.ar\/2021\/wp-json\/wp\/v2\/media?parent=136584"}],"wp:term":[{"taxonomy":"category","embeddable":true,"href":"https:\/\/www.noticiasradioreflejos.com.ar\/2021\/wp-json\/wp\/v2\/categories?post=136584"},{"taxonomy":"post_tag","embeddable":true,"href":"https:\/\/www.noticiasradioreflejos.com.ar\/2021\/wp-json\/wp\/v2\/tags?post=136584"}],"curies":[{"name":"wp","href":"https:\/\/api.w.org\/{rel}","templated":true}]}}