{"id":136565,"date":"2026-04-28T17:28:19","date_gmt":"2026-04-28T20:28:19","guid":{"rendered":"https:\/\/www.noticiasradioreflejos.com.ar\/2021\/?p=136565"},"modified":"2026-04-28T17:28:21","modified_gmt":"2026-04-28T20:28:21","slug":"calidad-de-vida-y-deporte-llega-el-newcom-al-club-porteno","status":"publish","type":"post","link":"https:\/\/www.noticiasradioreflejos.com.ar\/2021\/calidad-de-vida-y-deporte-llega-el-newcom-al-club-porteno\/","title":{"rendered":"Calidad de vida y deporte: llega el Newcom al Club Porte\u00f1o"},"content":{"rendered":"<p data-path-to-node=\"7\">Con categor\u00edas que van desde los +40 a los +68 a\u00f1os, la disciplina desembarca en Saldungaray de la mano de la entrenadora nacional Selva Marina V\u00e1squez. Con d\u00edas y horarios confirmados, el proyecto priorizar\u00e1 la formaci\u00f3n de grupos humanos y el desarrollo t\u00e9cnico antes de dar el salto a la competencia.<!--more--><\/p>\n<p data-path-to-node=\"3\">Selva Marina V\u00e1squez, entrenadora y referente regional de la disciplina, anunci\u00f3 el inicio de las pr\u00e1cticas para el pr\u00f3ximo 11 de mayo. Bajo el escudo del \u00abCeleste\u00bb de Saldungaray, la propuesta invita a personas mayores de 40 a\u00f1os a sumarse a un deporte que combina actividad f\u00edsica, t\u00e9cnica y un fuerte sentido de comunidad.<\/p>\n<p data-path-to-node=\"3\"><a href=\"https:\/\/www.noticiasradioreflejos.com.ar\/2021\/calidad-de-vida-y-deporte-llega-el-newcom-al-club-porteno\/selva-marina\/\" rel=\"attachment wp-att-136627\"><img loading=\"lazy\" decoding=\"async\" class=\"aligncenter size-full wp-image-136627\" src=\"https:\/\/www.noticiasradioreflejos.com.ar\/2021\/wp-content\/uploads\/2026\/04\/Selva-Marina.jpg\" alt=\"\" width=\"900\" height=\"800\" srcset=\"https:\/\/www.noticiasradioreflejos.com.ar\/2021\/wp-content\/uploads\/2026\/04\/Selva-Marina.jpg 900w, https:\/\/www.noticiasradioreflejos.com.ar\/2021\/wp-content\/uploads\/2026\/04\/Selva-Marina-300x267.jpg 300w, https:\/\/www.noticiasradioreflejos.com.ar\/2021\/wp-content\/uploads\/2026\/04\/Selva-Marina-768x683.jpg 768w, https:\/\/www.noticiasradioreflejos.com.ar\/2021\/wp-content\/uploads\/2026\/04\/Selva-Marina-750x667.jpg 750w\" sizes=\"auto, (max-width: 900px) 100vw, 900px\" \/><\/a><\/p>\n<p data-path-to-node=\"4\">El Club Porte\u00f1o de Saldungaray suma una nueva disciplina a su oferta deportiva y social: el Newcom. Esta adaptaci\u00f3n del v\u00f3ley, dise\u00f1ada especialmente para adultos mayores donde la pelota se atrapa y se lanza en lugar de golpearse, comenzar\u00e1 sus entrenamientos bajo la conducci\u00f3n de Selva Marina V\u00e1squez, quien cuenta con una extensa trayectoria como \u00e1rbitro nacional y ahora inicia su etapa como entrenadora.<\/p>\n<p data-path-to-node=\"5\">\u00abVamos a arrancar el 11 de mayo. El Newcom nos da calidad de vida, la oportunidad de movernos y socializar. Es un espacio donde se acerca gente que nunca jug\u00f3 a nada, se empieza con elementos para hacer deporte y divertirse\u00bb, explic\u00f3 V\u00e1squez, destacando que las categor\u00edas regularizadas por la Federaci\u00f3n del Voleibol Argentino (FEVA) abarcan desde los +40 hasta los +68 a\u00f1os.<\/p>\n<p data-path-to-node=\"5\">\n<p data-path-to-node=\"5\"><a href=\"https:\/\/www.noticiasradioreflejos.com.ar\/2021\/calidad-de-vida-y-deporte-llega-el-newcom-al-club-porteno\/selva-marina-1\/\" rel=\"attachment wp-att-136628\"><img loading=\"lazy\" decoding=\"async\" class=\"aligncenter size-full wp-image-136628\" src=\"https:\/\/www.noticiasradioreflejos.com.ar\/2021\/wp-content\/uploads\/2026\/04\/Selva-Marina-1.jpg\" alt=\"\" width=\"900\" height=\"968\" srcset=\"https:\/\/www.noticiasradioreflejos.com.ar\/2021\/wp-content\/uploads\/2026\/04\/Selva-Marina-1.jpg 900w, https:\/\/www.noticiasradioreflejos.com.ar\/2021\/wp-content\/uploads\/2026\/04\/Selva-Marina-1-279x300.jpg 279w, https:\/\/www.noticiasradioreflejos.com.ar\/2021\/wp-content\/uploads\/2026\/04\/Selva-Marina-1-768x826.jpg 768w, https:\/\/www.noticiasradioreflejos.com.ar\/2021\/wp-content\/uploads\/2026\/04\/Selva-Marina-1-750x807.jpg 750w\" sizes=\"auto, (max-width: 900px) 100vw, 900px\" \/><\/a><\/p>\n<p data-path-to-node=\"6\"><strong>La actividad estar\u00e1 dividida no solo por edad, sino por desarrollo t\u00e9cnico:<\/strong><\/p>\n<ul data-path-to-node=\"8\">\n<li>\n<p data-path-to-node=\"8,0,0\">Recreativo (Inicial): Para quienes buscan simplemente moverse y compartir el momento.<\/p>\n<\/li>\n<li>\n<p data-path-to-node=\"8,1,0\">Formativo: Enfocado en quienes tienen intenciones de mejorar su t\u00e9cnica y capacidades f\u00edsicas.<\/p>\n<\/li>\n<li>\n<p data-path-to-node=\"8,2,0\">Competitivo: Para jugadores con mayor nivel t\u00e9cnico que buscan representar al club en torneos.<\/p>\n<\/li>\n<\/ul>\n<p data-path-to-node=\"9\">Sin embargo, la entrenadora fue clara respecto a la prioridad de este primer a\u00f1o: \u00abEl foco estar\u00e1 puesto en la categor\u00eda Formativa. Primero esperamos formar el grupo humano; despu\u00e9s de tener un buen equipo formativo es que se piensa en una competencia. Por ahora, haremos encuentros y entrenamientos compartidos con otros equipos de la zona para absorber lo que es la familia del newcom\u00bb.<\/p>\n<p data-path-to-node=\"11\">La disciplina se integra plenamente a la vida institucional del club. \u00abDecidimos ser una disciplina m\u00e1s y llevar el escudo, nombre y bandera del Club Porte\u00f1o\u00bb, afirm\u00f3 Selva. Los interesados en sumarse deber\u00e1n asociarse a la instituci\u00f3n y abonar la cuota deportiva correspondiente, al igual que en el resto de las actividades.<\/p>\n<h4 data-path-to-node=\"12\">D\u00edas y horarios de entrenamiento:<\/h4>\n<ul data-path-to-node=\"13\">\n<li>\n<p data-path-to-node=\"13,0,0\">Lunes, mi\u00e9rcoles y jueves: de 15:00 a 17:00 hs.<\/p>\n<\/li>\n<li>\n<p data-path-to-node=\"13,1,0\">Lugar: Espacio de Newcom del Club Porte\u00f1o.<\/p>\n<\/li>\n<\/ul>\n<p data-path-to-node=\"14\">Para quienes quieran conocer m\u00e1s sobre el deporte antes del inicio de las clases, el equipo realizar\u00e1 su presentaci\u00f3n oficial en la Expo Deportiva y Cultural en el Fort\u00edn Pav\u00f3n, dentro del stand del Club Porte\u00f1o. \u00abEn octubre van a hacer 5 a\u00f1os que me vengo formando para este proyecto. Estamos muy contentos con el desarrollo de la convocatoria\u00bb, concluy\u00f3 la entrenadora.<\/p>\n<audio class=\"wp-audio-shortcode\" id=\"audio-136565-1\" preload=\"none\" style=\"width: 100%;\" controls=\"controls\"><source type=\"audio\/mpeg\" src=\"https:\/\/www.noticiasradioreflejos.com.ar\/2021\/wp-content\/uploads\/2026\/04\/Selva-Marina-Vasquez-28-04.mp3?_=1\" \/><a href=\"https:\/\/www.noticiasradioreflejos.com.ar\/2021\/wp-content\/uploads\/2026\/04\/Selva-Marina-Vasquez-28-04.mp3\">https:\/\/www.noticiasradioreflejos.com.ar\/2021\/wp-content\/uploads\/2026\/04\/Selva-Marina-Vasquez-28-04.mp3<\/a><\/audio>\n<p>&nbsp;<\/p>\n<p><a href=\"https:\/\/www.noticiasradioreflejos.com.ar\/2021\/calidad-de-vida-y-deporte-llega-el-newcom-al-club-porteno\/newcom-porteno\/\" rel=\"attachment wp-att-136629\"><img loading=\"lazy\" decoding=\"async\" class=\"aligncenter size-full wp-image-136629\" src=\"https:\/\/www.noticiasradioreflejos.com.ar\/2021\/wp-content\/uploads\/2026\/04\/Newcom-Porteno.jpg\" alt=\"\" width=\"1066\" height=\"681\" srcset=\"https:\/\/www.noticiasradioreflejos.com.ar\/2021\/wp-content\/uploads\/2026\/04\/Newcom-Porteno.jpg 1066w, https:\/\/www.noticiasradioreflejos.com.ar\/2021\/wp-content\/uploads\/2026\/04\/Newcom-Porteno-300x192.jpg 300w, https:\/\/www.noticiasradioreflejos.com.ar\/2021\/wp-content\/uploads\/2026\/04\/Newcom-Porteno-1024x654.jpg 1024w, https:\/\/www.noticiasradioreflejos.com.ar\/2021\/wp-content\/uploads\/2026\/04\/Newcom-Porteno-768x491.jpg 768w, https:\/\/www.noticiasradioreflejos.com.ar\/2021\/wp-content\/uploads\/2026\/04\/Newcom-Porteno-750x479.jpg 750w\" sizes=\"auto, (max-width: 1066px) 100vw, 1066px\" \/><\/a> <a href=\"https:\/\/www.noticiasradioreflejos.com.ar\/2021\/calidad-de-vida-y-deporte-llega-el-newcom-al-club-porteno\/whatsapp-image-2026-04-28-at-10-47-09\/\" rel=\"attachment wp-att-136630\"><img loading=\"lazy\" decoding=\"async\" class=\"aligncenter size-full wp-image-136630\" src=\"https:\/\/www.noticiasradioreflejos.com.ar\/2021\/wp-content\/uploads\/2026\/04\/WhatsApp-Image-2026-04-28-at-10.47.09.jpeg\" alt=\"\" width=\"1600\" height=\"1194\" srcset=\"https:\/\/www.noticiasradioreflejos.com.ar\/2021\/wp-content\/uploads\/2026\/04\/WhatsApp-Image-2026-04-28-at-10.47.09.jpeg 1600w, https:\/\/www.noticiasradioreflejos.com.ar\/2021\/wp-content\/uploads\/2026\/04\/WhatsApp-Image-2026-04-28-at-10.47.09-300x224.jpeg 300w, https:\/\/www.noticiasradioreflejos.com.ar\/2021\/wp-content\/uploads\/2026\/04\/WhatsApp-Image-2026-04-28-at-10.47.09-1024x764.jpeg 1024w, https:\/\/www.noticiasradioreflejos.com.ar\/2021\/wp-content\/uploads\/2026\/04\/WhatsApp-Image-2026-04-28-at-10.47.09-768x573.jpeg 768w, https:\/\/www.noticiasradioreflejos.com.ar\/2021\/wp-content\/uploads\/2026\/04\/WhatsApp-Image-2026-04-28-at-10.47.09-1536x1146.jpeg 1536w, https:\/\/www.noticiasradioreflejos.com.ar\/2021\/wp-content\/uploads\/2026\/04\/WhatsApp-Image-2026-04-28-at-10.47.09-750x560.jpeg 750w, https:\/\/www.noticiasradioreflejos.com.ar\/2021\/wp-content\/uploads\/2026\/04\/WhatsApp-Image-2026-04-28-at-10.47.09-1140x851.jpeg 1140w\" sizes=\"auto, (max-width: 1600px) 100vw, 1600px\" \/><\/a><\/p>\n","protected":false},"excerpt":{"rendered":"<p>Con categor\u00edas que van desde los +40 a los +68 a\u00f1os, la disciplina desembarca en Saldungaray de la mano de la entrenadora nacional Selva Marina V\u00e1squez. Con d\u00edas y horarios confirmados, el proyecto priorizar\u00e1 la formaci\u00f3n de grupos humanos y el desarrollo t\u00e9cnico antes de dar el salto a la competencia.<\/p>\n","protected":false},"author":3,"featured_media":136629,"comment_status":"closed","ping_status":"closed","sticky":false,"template":"","format":"standard","meta":{"footnotes":""},"categories":[35,27,26],"tags":[48],"class_list":["post-136565","post","type-post","status-publish","format-standard","has-post-thumbnail","hentry","category-cultura","category-deportes","category-sociedad","tag-destacada"],"yoast_head":"<!-- This site is optimized with the Yoast SEO plugin v25.9 - https:\/\/yoast.com\/wordpress\/plugins\/seo\/ -->\n<title>Calidad de vida y deporte: llega el Newcom al Club Porte\u00f1o - Noticias Radio Reflejos<\/title>\n<meta name=\"robots\" content=\"index, follow, max-snippet:-1, max-image-preview:large, max-video-preview:-1\" \/>\n<link rel=\"canonical\" href=\"https:\/\/www.noticiasradioreflejos.com.ar\/2021\/calidad-de-vida-y-deporte-llega-el-newcom-al-club-porteno\/\" \/>\n<meta property=\"og:locale\" content=\"es_ES\" \/>\n<meta property=\"og:type\" content=\"article\" \/>\n<meta property=\"og:title\" content=\"Calidad de vida y deporte: llega el Newcom al Club Porte\u00f1o - Noticias Radio Reflejos\" \/>\n<meta property=\"og:description\" content=\"Con categor\u00edas que van desde los +40 a los +68 a\u00f1os, la disciplina desembarca en Saldungaray de la mano de la entrenadora nacional Selva Marina V\u00e1squez. Con d\u00edas y horarios confirmados, el proyecto priorizar\u00e1 la formaci\u00f3n de grupos humanos y el desarrollo t\u00e9cnico antes de dar el salto a la competencia.\" \/>\n<meta property=\"og:url\" content=\"https:\/\/www.noticiasradioreflejos.com.ar\/2021\/calidad-de-vida-y-deporte-llega-el-newcom-al-club-porteno\/\" \/>\n<meta property=\"og:site_name\" content=\"Noticias Radio Reflejos\" \/>\n<meta property=\"article:published_time\" content=\"2026-04-28T20:28:19+00:00\" \/>\n<meta property=\"article:modified_time\" content=\"2026-04-28T20:28:21+00:00\" \/>\n<meta property=\"og:image\" content=\"https:\/\/www.noticiasradioreflejos.com.ar\/2021\/wp-content\/uploads\/2026\/04\/Newcom-Porteno.jpg\" \/>\n\t<meta property=\"og:image:width\" content=\"1066\" \/>\n\t<meta property=\"og:image:height\" content=\"681\" \/>\n\t<meta property=\"og:image:type\" content=\"image\/jpeg\" \/>\n<meta name=\"author\" content=\"Arnaldo Botto\" \/>\n<meta name=\"twitter:card\" content=\"summary_large_image\" \/>\n<script type=\"application\/ld+json\" class=\"yoast-schema-graph\">{\"@context\":\"https:\/\/schema.org\",\"@graph\":[{\"@type\":\"WebPage\",\"@id\":\"https:\/\/www.noticiasradioreflejos.com.ar\/2021\/calidad-de-vida-y-deporte-llega-el-newcom-al-club-porteno\/\",\"url\":\"https:\/\/www.noticiasradioreflejos.com.ar\/2021\/calidad-de-vida-y-deporte-llega-el-newcom-al-club-porteno\/\",\"name\":\"Calidad de vida y deporte: llega el Newcom al Club Porte\u00f1o - Noticias Radio Reflejos\",\"isPartOf\":{\"@id\":\"https:\/\/www.noticiasradioreflejos.com.ar\/2021\/#website\"},\"primaryImageOfPage\":{\"@id\":\"https:\/\/www.noticiasradioreflejos.com.ar\/2021\/calidad-de-vida-y-deporte-llega-el-newcom-al-club-porteno\/#primaryimage\"},\"image\":{\"@id\":\"https:\/\/www.noticiasradioreflejos.com.ar\/2021\/calidad-de-vida-y-deporte-llega-el-newcom-al-club-porteno\/#primaryimage\"},\"thumbnailUrl\":\"https:\/\/www.noticiasradioreflejos.com.ar\/2021\/wp-content\/uploads\/2026\/04\/Newcom-Porteno.jpg\",\"datePublished\":\"2026-04-28T20:28:19+00:00\",\"dateModified\":\"2026-04-28T20:28:21+00:00\",\"author\":{\"@id\":\"https:\/\/www.noticiasradioreflejos.com.ar\/2021\/#\/schema\/person\/ad82545263dcc5ec0996818884fd5fb1\"},\"breadcrumb\":{\"@id\":\"https:\/\/www.noticiasradioreflejos.com.ar\/2021\/calidad-de-vida-y-deporte-llega-el-newcom-al-club-porteno\/#breadcrumb\"},\"inLanguage\":\"es\",\"potentialAction\":[{\"@type\":\"ReadAction\",\"target\":[\"https:\/\/www.noticiasradioreflejos.com.ar\/2021\/calidad-de-vida-y-deporte-llega-el-newcom-al-club-porteno\/\"]}]},{\"@type\":\"ImageObject\",\"inLanguage\":\"es\",\"@id\":\"https:\/\/www.noticiasradioreflejos.com.ar\/2021\/calidad-de-vida-y-deporte-llega-el-newcom-al-club-porteno\/#primaryimage\",\"url\":\"https:\/\/www.noticiasradioreflejos.com.ar\/2021\/wp-content\/uploads\/2026\/04\/Newcom-Porteno.jpg\",\"contentUrl\":\"https:\/\/www.noticiasradioreflejos.com.ar\/2021\/wp-content\/uploads\/2026\/04\/Newcom-Porteno.jpg\",\"width\":1066,\"height\":681},{\"@type\":\"BreadcrumbList\",\"@id\":\"https:\/\/www.noticiasradioreflejos.com.ar\/2021\/calidad-de-vida-y-deporte-llega-el-newcom-al-club-porteno\/#breadcrumb\",\"itemListElement\":[{\"@type\":\"ListItem\",\"position\":1,\"name\":\"Portada\",\"item\":\"https:\/\/www.noticiasradioreflejos.com.ar\/2021\/\"},{\"@type\":\"ListItem\",\"position\":2,\"name\":\"Calidad de vida y deporte: llega el Newcom al Club Porte\u00f1o\"}]},{\"@type\":\"WebSite\",\"@id\":\"https:\/\/www.noticiasradioreflejos.com.ar\/2021\/#website\",\"url\":\"https:\/\/www.noticiasradioreflejos.com.ar\/2021\/\",\"name\":\"Noticias Radio Reflejos\",\"description\":\"Las noticias de mi comarca\",\"potentialAction\":[{\"@type\":\"SearchAction\",\"target\":{\"@type\":\"EntryPoint\",\"urlTemplate\":\"https:\/\/www.noticiasradioreflejos.com.ar\/2021\/?s={search_term_string}\"},\"query-input\":{\"@type\":\"PropertyValueSpecification\",\"valueRequired\":true,\"valueName\":\"search_term_string\"}}],\"inLanguage\":\"es\"},{\"@type\":\"Person\",\"@id\":\"https:\/\/www.noticiasradioreflejos.com.ar\/2021\/#\/schema\/person\/ad82545263dcc5ec0996818884fd5fb1\",\"name\":\"Arnaldo Botto\",\"image\":{\"@type\":\"ImageObject\",\"inLanguage\":\"es\",\"@id\":\"https:\/\/www.noticiasradioreflejos.com.ar\/2021\/#\/schema\/person\/image\/\",\"url\":\"https:\/\/secure.gravatar.com\/avatar\/55cb5e37c1efa326397366e6974cb338056df65cb50e7d64d1cf314e87504837?s=96&d=mm&r=g\",\"contentUrl\":\"https:\/\/secure.gravatar.com\/avatar\/55cb5e37c1efa326397366e6974cb338056df65cb50e7d64d1cf314e87504837?s=96&d=mm&r=g\",\"caption\":\"Arnaldo Botto\"},\"url\":\"https:\/\/www.noticiasradioreflejos.com.ar\/2021\/author\/arnaldo\/\"}]}<\/script>\n<!-- \/ Yoast SEO plugin. -->","yoast_head_json":{"title":"Calidad de vida y deporte: llega el Newcom al Club Porte\u00f1o - Noticias Radio Reflejos","robots":{"index":"index","follow":"follow","max-snippet":"max-snippet:-1","max-image-preview":"max-image-preview:large","max-video-preview":"max-video-preview:-1"},"canonical":"https:\/\/www.noticiasradioreflejos.com.ar\/2021\/calidad-de-vida-y-deporte-llega-el-newcom-al-club-porteno\/","og_locale":"es_ES","og_type":"article","og_title":"Calidad de vida y deporte: llega el Newcom al Club Porte\u00f1o - Noticias Radio Reflejos","og_description":"Con categor\u00edas que van desde los +40 a los +68 a\u00f1os, la disciplina desembarca en Saldungaray de la mano de la entrenadora nacional Selva Marina V\u00e1squez. Con d\u00edas y horarios confirmados, el proyecto priorizar\u00e1 la formaci\u00f3n de grupos humanos y el desarrollo t\u00e9cnico antes de dar el salto a la competencia.","og_url":"https:\/\/www.noticiasradioreflejos.com.ar\/2021\/calidad-de-vida-y-deporte-llega-el-newcom-al-club-porteno\/","og_site_name":"Noticias Radio Reflejos","article_published_time":"2026-04-28T20:28:19+00:00","article_modified_time":"2026-04-28T20:28:21+00:00","og_image":[{"width":1066,"height":681,"url":"https:\/\/www.noticiasradioreflejos.com.ar\/2021\/wp-content\/uploads\/2026\/04\/Newcom-Porteno.jpg","type":"image\/jpeg"}],"author":"Arnaldo Botto","twitter_card":"summary_large_image","schema":{"@context":"https:\/\/schema.org","@graph":[{"@type":"WebPage","@id":"https:\/\/www.noticiasradioreflejos.com.ar\/2021\/calidad-de-vida-y-deporte-llega-el-newcom-al-club-porteno\/","url":"https:\/\/www.noticiasradioreflejos.com.ar\/2021\/calidad-de-vida-y-deporte-llega-el-newcom-al-club-porteno\/","name":"Calidad de vida y deporte: llega el Newcom al Club Porte\u00f1o - Noticias Radio Reflejos","isPartOf":{"@id":"https:\/\/www.noticiasradioreflejos.com.ar\/2021\/#website"},"primaryImageOfPage":{"@id":"https:\/\/www.noticiasradioreflejos.com.ar\/2021\/calidad-de-vida-y-deporte-llega-el-newcom-al-club-porteno\/#primaryimage"},"image":{"@id":"https:\/\/www.noticiasradioreflejos.com.ar\/2021\/calidad-de-vida-y-deporte-llega-el-newcom-al-club-porteno\/#primaryimage"},"thumbnailUrl":"https:\/\/www.noticiasradioreflejos.com.ar\/2021\/wp-content\/uploads\/2026\/04\/Newcom-Porteno.jpg","datePublished":"2026-04-28T20:28:19+00:00","dateModified":"2026-04-28T20:28:21+00:00","author":{"@id":"https:\/\/www.noticiasradioreflejos.com.ar\/2021\/#\/schema\/person\/ad82545263dcc5ec0996818884fd5fb1"},"breadcrumb":{"@id":"https:\/\/www.noticiasradioreflejos.com.ar\/2021\/calidad-de-vida-y-deporte-llega-el-newcom-al-club-porteno\/#breadcrumb"},"inLanguage":"es","potentialAction":[{"@type":"ReadAction","target":["https:\/\/www.noticiasradioreflejos.com.ar\/2021\/calidad-de-vida-y-deporte-llega-el-newcom-al-club-porteno\/"]}]},{"@type":"ImageObject","inLanguage":"es","@id":"https:\/\/www.noticiasradioreflejos.com.ar\/2021\/calidad-de-vida-y-deporte-llega-el-newcom-al-club-porteno\/#primaryimage","url":"https:\/\/www.noticiasradioreflejos.com.ar\/2021\/wp-content\/uploads\/2026\/04\/Newcom-Porteno.jpg","contentUrl":"https:\/\/www.noticiasradioreflejos.com.ar\/2021\/wp-content\/uploads\/2026\/04\/Newcom-Porteno.jpg","width":1066,"height":681},{"@type":"BreadcrumbList","@id":"https:\/\/www.noticiasradioreflejos.com.ar\/2021\/calidad-de-vida-y-deporte-llega-el-newcom-al-club-porteno\/#breadcrumb","itemListElement":[{"@type":"ListItem","position":1,"name":"Portada","item":"https:\/\/www.noticiasradioreflejos.com.ar\/2021\/"},{"@type":"ListItem","position":2,"name":"Calidad de vida y deporte: llega el Newcom al Club Porte\u00f1o"}]},{"@type":"WebSite","@id":"https:\/\/www.noticiasradioreflejos.com.ar\/2021\/#website","url":"https:\/\/www.noticiasradioreflejos.com.ar\/2021\/","name":"Noticias Radio Reflejos","description":"Las noticias de mi comarca","potentialAction":[{"@type":"SearchAction","target":{"@type":"EntryPoint","urlTemplate":"https:\/\/www.noticiasradioreflejos.com.ar\/2021\/?s={search_term_string}"},"query-input":{"@type":"PropertyValueSpecification","valueRequired":true,"valueName":"search_term_string"}}],"inLanguage":"es"},{"@type":"Person","@id":"https:\/\/www.noticiasradioreflejos.com.ar\/2021\/#\/schema\/person\/ad82545263dcc5ec0996818884fd5fb1","name":"Arnaldo Botto","image":{"@type":"ImageObject","inLanguage":"es","@id":"https:\/\/www.noticiasradioreflejos.com.ar\/2021\/#\/schema\/person\/image\/","url":"https:\/\/secure.gravatar.com\/avatar\/55cb5e37c1efa326397366e6974cb338056df65cb50e7d64d1cf314e87504837?s=96&d=mm&r=g","contentUrl":"https:\/\/secure.gravatar.com\/avatar\/55cb5e37c1efa326397366e6974cb338056df65cb50e7d64d1cf314e87504837?s=96&d=mm&r=g","caption":"Arnaldo Botto"},"url":"https:\/\/www.noticiasradioreflejos.com.ar\/2021\/author\/arnaldo\/"}]}},"_links":{"self":[{"href":"https:\/\/www.noticiasradioreflejos.com.ar\/2021\/wp-json\/wp\/v2\/posts\/136565","targetHints":{"allow":["GET"]}}],"collection":[{"href":"https:\/\/www.noticiasradioreflejos.com.ar\/2021\/wp-json\/wp\/v2\/posts"}],"about":[{"href":"https:\/\/www.noticiasradioreflejos.com.ar\/2021\/wp-json\/wp\/v2\/types\/post"}],"author":[{"embeddable":true,"href":"https:\/\/www.noticiasradioreflejos.com.ar\/2021\/wp-json\/wp\/v2\/users\/3"}],"replies":[{"embeddable":true,"href":"https:\/\/www.noticiasradioreflejos.com.ar\/2021\/wp-json\/wp\/v2\/comments?post=136565"}],"version-history":[{"count":6,"href":"https:\/\/www.noticiasradioreflejos.com.ar\/2021\/wp-json\/wp\/v2\/posts\/136565\/revisions"}],"predecessor-version":[{"id":136632,"href":"https:\/\/www.noticiasradioreflejos.com.ar\/2021\/wp-json\/wp\/v2\/posts\/136565\/revisions\/136632"}],"wp:featuredmedia":[{"embeddable":true,"href":"https:\/\/www.noticiasradioreflejos.com.ar\/2021\/wp-json\/wp\/v2\/media\/136629"}],"wp:attachment":[{"href":"https:\/\/www.noticiasradioreflejos.com.ar\/2021\/wp-json\/wp\/v2\/media?parent=136565"}],"wp:term":[{"taxonomy":"category","embeddable":true,"href":"https:\/\/www.noticiasradioreflejos.com.ar\/2021\/wp-json\/wp\/v2\/categories?post=136565"},{"taxonomy":"post_tag","embeddable":true,"href":"https:\/\/www.noticiasradioreflejos.com.ar\/2021\/wp-json\/wp\/v2\/tags?post=136565"}],"curies":[{"name":"wp","href":"https:\/\/api.w.org\/{rel}","templated":true}]}}