{"id":136563,"date":"2026-04-28T10:31:49","date_gmt":"2026-04-28T13:31:49","guid":{"rendered":"https:\/\/www.noticiasradioreflejos.com.ar\/2021\/?p=136563"},"modified":"2026-04-28T10:35:44","modified_gmt":"2026-04-28T13:35:44","slug":"el-comite-de-la-ucr-participa-del-fallecimiento-de-jorge-tano-marcolini-hasta-siempre-querido-tano","status":"publish","type":"post","link":"https:\/\/www.noticiasradioreflejos.com.ar\/2021\/el-comite-de-la-ucr-participa-del-fallecimiento-de-jorge-tano-marcolini-hasta-siempre-querido-tano\/","title":{"rendered":"El Comit\u00e9 de la UCR participa del fallecimiento de Jorge \u00abTano\u00bb Marcolini. Hasta siempre querido tano!"},"content":{"rendered":"<p>El Comit\u00e9 de la Uni\u00f3n C\u00edvica Radical de Tornquist comunic\u00f3 con profundo pesar el fallecimiento del Sr. Jorge \u00abTano\u00bb Marcolini. Reconocido dirigente, ex Concejal y ex candidato a Intendente, Marcolini es recordado como un incansable militante defensor de los valores democr\u00e1ticos y un vecino comprometido con el progreso del distrito. Desde el espacio partidario enviaron sus condolencias a familiares y allegados en este dif\u00edcil momento.<!--more--><\/p>\n<p><a href=\"https:\/\/www.noticiasradioreflejos.com.ar\/2021\/el-comite-de-la-ucr-participa-del-fallecimiento-de-jorge-tano-marcolini-hasta-siempre-querido-tano\/whatsapp-image-2026-04-28-at-10-05-29\/\" rel=\"attachment wp-att-136564\"><img loading=\"lazy\" decoding=\"async\" class=\"aligncenter size-full wp-image-136564\" src=\"https:\/\/www.noticiasradioreflejos.com.ar\/2021\/wp-content\/uploads\/2026\/04\/WhatsApp-Image-2026-04-28-at-10.05.29.jpeg\" alt=\"\" width=\"1080\" height=\"1080\" srcset=\"https:\/\/www.noticiasradioreflejos.com.ar\/2021\/wp-content\/uploads\/2026\/04\/WhatsApp-Image-2026-04-28-at-10.05.29.jpeg 1080w, https:\/\/www.noticiasradioreflejos.com.ar\/2021\/wp-content\/uploads\/2026\/04\/WhatsApp-Image-2026-04-28-at-10.05.29-300x300.jpeg 300w, https:\/\/www.noticiasradioreflejos.com.ar\/2021\/wp-content\/uploads\/2026\/04\/WhatsApp-Image-2026-04-28-at-10.05.29-1024x1024.jpeg 1024w, https:\/\/www.noticiasradioreflejos.com.ar\/2021\/wp-content\/uploads\/2026\/04\/WhatsApp-Image-2026-04-28-at-10.05.29-150x150.jpeg 150w, https:\/\/www.noticiasradioreflejos.com.ar\/2021\/wp-content\/uploads\/2026\/04\/WhatsApp-Image-2026-04-28-at-10.05.29-768x768.jpeg 768w, https:\/\/www.noticiasradioreflejos.com.ar\/2021\/wp-content\/uploads\/2026\/04\/WhatsApp-Image-2026-04-28-at-10.05.29-75x75.jpeg 75w, https:\/\/www.noticiasradioreflejos.com.ar\/2021\/wp-content\/uploads\/2026\/04\/WhatsApp-Image-2026-04-28-at-10.05.29-750x750.jpeg 750w\" sizes=\"auto, (max-width: 1080px) 100vw, 1080px\" \/><\/a><\/p>\n","protected":false},"excerpt":{"rendered":"<p>El Comit\u00e9 de la Uni\u00f3n C\u00edvica Radical de Tornquist comunic\u00f3 con profundo pesar el fallecimiento del Sr. Jorge \u00abTano\u00bb Marcolini. Reconocido dirigente, ex Concejal y ex candidato a Intendente, Marcolini es recordado como un incansable militante defensor de los valores democr\u00e1ticos y un vecino comprometido con el progreso del distrito. Desde el espacio partidario enviaron [&hellip;]<\/p>\n","protected":false},"author":3,"featured_media":136569,"comment_status":"closed","ping_status":"closed","sticky":false,"template":"","format":"standard","meta":{"footnotes":""},"categories":[24],"tags":[],"class_list":["post-136563","post","type-post","status-publish","format-standard","has-post-thumbnail","hentry","category-politica"],"yoast_head":"<!-- This site is optimized with the Yoast SEO plugin v25.9 - https:\/\/yoast.com\/wordpress\/plugins\/seo\/ -->\n<title>El Comit\u00e9 de la UCR participa del fallecimiento de Jorge &quot;Tano&quot; Marcolini. Hasta siempre querido tano! - Noticias Radio Reflejos<\/title>\n<meta name=\"robots\" content=\"index, follow, max-snippet:-1, max-image-preview:large, max-video-preview:-1\" \/>\n<link rel=\"canonical\" href=\"https:\/\/www.noticiasradioreflejos.com.ar\/2021\/el-comite-de-la-ucr-participa-del-fallecimiento-de-jorge-tano-marcolini-hasta-siempre-querido-tano\/\" \/>\n<meta property=\"og:locale\" content=\"es_ES\" \/>\n<meta property=\"og:type\" content=\"article\" \/>\n<meta property=\"og:title\" content=\"El Comit\u00e9 de la UCR participa del fallecimiento de Jorge &quot;Tano&quot; Marcolini. Hasta siempre querido tano! - Noticias Radio Reflejos\" \/>\n<meta property=\"og:description\" content=\"El Comit\u00e9 de la Uni\u00f3n C\u00edvica Radical de Tornquist comunic\u00f3 con profundo pesar el fallecimiento del Sr. Jorge \u00abTano\u00bb Marcolini. Reconocido dirigente, ex Concejal y ex candidato a Intendente, Marcolini es recordado como un incansable militante defensor de los valores democr\u00e1ticos y un vecino comprometido con el progreso del distrito. Desde el espacio partidario enviaron [&hellip;]\" \/>\n<meta property=\"og:url\" content=\"https:\/\/www.noticiasradioreflejos.com.ar\/2021\/el-comite-de-la-ucr-participa-del-fallecimiento-de-jorge-tano-marcolini-hasta-siempre-querido-tano\/\" \/>\n<meta property=\"og:site_name\" content=\"Noticias Radio Reflejos\" \/>\n<meta property=\"article:published_time\" content=\"2026-04-28T13:31:49+00:00\" \/>\n<meta property=\"article:modified_time\" content=\"2026-04-28T13:35:44+00:00\" \/>\n<meta property=\"og:image\" content=\"https:\/\/www.noticiasradioreflejos.com.ar\/2021\/wp-content\/uploads\/2026\/04\/UCR-Duelo-1024x858.png\" \/>\n\t<meta property=\"og:image:width\" content=\"1024\" \/>\n\t<meta property=\"og:image:height\" content=\"858\" \/>\n\t<meta property=\"og:image:type\" content=\"image\/png\" \/>\n<meta name=\"author\" content=\"Arnaldo Botto\" \/>\n<meta name=\"twitter:card\" content=\"summary_large_image\" \/>\n<script type=\"application\/ld+json\" class=\"yoast-schema-graph\">{\"@context\":\"https:\/\/schema.org\",\"@graph\":[{\"@type\":\"WebPage\",\"@id\":\"https:\/\/www.noticiasradioreflejos.com.ar\/2021\/el-comite-de-la-ucr-participa-del-fallecimiento-de-jorge-tano-marcolini-hasta-siempre-querido-tano\/\",\"url\":\"https:\/\/www.noticiasradioreflejos.com.ar\/2021\/el-comite-de-la-ucr-participa-del-fallecimiento-de-jorge-tano-marcolini-hasta-siempre-querido-tano\/\",\"name\":\"El Comit\u00e9 de la UCR participa del fallecimiento de Jorge \\\"Tano\\\" Marcolini. Hasta siempre querido tano! - Noticias Radio Reflejos\",\"isPartOf\":{\"@id\":\"https:\/\/www.noticiasradioreflejos.com.ar\/2021\/#website\"},\"primaryImageOfPage\":{\"@id\":\"https:\/\/www.noticiasradioreflejos.com.ar\/2021\/el-comite-de-la-ucr-participa-del-fallecimiento-de-jorge-tano-marcolini-hasta-siempre-querido-tano\/#primaryimage\"},\"image\":{\"@id\":\"https:\/\/www.noticiasradioreflejos.com.ar\/2021\/el-comite-de-la-ucr-participa-del-fallecimiento-de-jorge-tano-marcolini-hasta-siempre-querido-tano\/#primaryimage\"},\"thumbnailUrl\":\"https:\/\/www.noticiasradioreflejos.com.ar\/2021\/wp-content\/uploads\/2026\/04\/UCR-Duelo.png\",\"datePublished\":\"2026-04-28T13:31:49+00:00\",\"dateModified\":\"2026-04-28T13:35:44+00:00\",\"author\":{\"@id\":\"https:\/\/www.noticiasradioreflejos.com.ar\/2021\/#\/schema\/person\/ad82545263dcc5ec0996818884fd5fb1\"},\"breadcrumb\":{\"@id\":\"https:\/\/www.noticiasradioreflejos.com.ar\/2021\/el-comite-de-la-ucr-participa-del-fallecimiento-de-jorge-tano-marcolini-hasta-siempre-querido-tano\/#breadcrumb\"},\"inLanguage\":\"es\",\"potentialAction\":[{\"@type\":\"ReadAction\",\"target\":[\"https:\/\/www.noticiasradioreflejos.com.ar\/2021\/el-comite-de-la-ucr-participa-del-fallecimiento-de-jorge-tano-marcolini-hasta-siempre-querido-tano\/\"]}]},{\"@type\":\"ImageObject\",\"inLanguage\":\"es\",\"@id\":\"https:\/\/www.noticiasradioreflejos.com.ar\/2021\/el-comite-de-la-ucr-participa-del-fallecimiento-de-jorge-tano-marcolini-hasta-siempre-querido-tano\/#primaryimage\",\"url\":\"https:\/\/www.noticiasradioreflejos.com.ar\/2021\/wp-content\/uploads\/2026\/04\/UCR-Duelo.png\",\"contentUrl\":\"https:\/\/www.noticiasradioreflejos.com.ar\/2021\/wp-content\/uploads\/2026\/04\/UCR-Duelo.png\",\"width\":2252,\"height\":1888},{\"@type\":\"BreadcrumbList\",\"@id\":\"https:\/\/www.noticiasradioreflejos.com.ar\/2021\/el-comite-de-la-ucr-participa-del-fallecimiento-de-jorge-tano-marcolini-hasta-siempre-querido-tano\/#breadcrumb\",\"itemListElement\":[{\"@type\":\"ListItem\",\"position\":1,\"name\":\"Portada\",\"item\":\"https:\/\/www.noticiasradioreflejos.com.ar\/2021\/\"},{\"@type\":\"ListItem\",\"position\":2,\"name\":\"El Comit\u00e9 de la UCR participa del fallecimiento de Jorge \u00abTano\u00bb Marcolini. Hasta siempre querido tano!\"}]},{\"@type\":\"WebSite\",\"@id\":\"https:\/\/www.noticiasradioreflejos.com.ar\/2021\/#website\",\"url\":\"https:\/\/www.noticiasradioreflejos.com.ar\/2021\/\",\"name\":\"Noticias Radio Reflejos\",\"description\":\"Las noticias de mi comarca\",\"potentialAction\":[{\"@type\":\"SearchAction\",\"target\":{\"@type\":\"EntryPoint\",\"urlTemplate\":\"https:\/\/www.noticiasradioreflejos.com.ar\/2021\/?s={search_term_string}\"},\"query-input\":{\"@type\":\"PropertyValueSpecification\",\"valueRequired\":true,\"valueName\":\"search_term_string\"}}],\"inLanguage\":\"es\"},{\"@type\":\"Person\",\"@id\":\"https:\/\/www.noticiasradioreflejos.com.ar\/2021\/#\/schema\/person\/ad82545263dcc5ec0996818884fd5fb1\",\"name\":\"Arnaldo Botto\",\"image\":{\"@type\":\"ImageObject\",\"inLanguage\":\"es\",\"@id\":\"https:\/\/www.noticiasradioreflejos.com.ar\/2021\/#\/schema\/person\/image\/\",\"url\":\"https:\/\/secure.gravatar.com\/avatar\/55cb5e37c1efa326397366e6974cb338056df65cb50e7d64d1cf314e87504837?s=96&d=mm&r=g\",\"contentUrl\":\"https:\/\/secure.gravatar.com\/avatar\/55cb5e37c1efa326397366e6974cb338056df65cb50e7d64d1cf314e87504837?s=96&d=mm&r=g\",\"caption\":\"Arnaldo Botto\"},\"url\":\"https:\/\/www.noticiasradioreflejos.com.ar\/2021\/author\/arnaldo\/\"}]}<\/script>\n<!-- \/ Yoast SEO plugin. -->","yoast_head_json":{"title":"El Comit\u00e9 de la UCR participa del fallecimiento de Jorge \"Tano\" Marcolini. Hasta siempre querido tano! - Noticias Radio Reflejos","robots":{"index":"index","follow":"follow","max-snippet":"max-snippet:-1","max-image-preview":"max-image-preview:large","max-video-preview":"max-video-preview:-1"},"canonical":"https:\/\/www.noticiasradioreflejos.com.ar\/2021\/el-comite-de-la-ucr-participa-del-fallecimiento-de-jorge-tano-marcolini-hasta-siempre-querido-tano\/","og_locale":"es_ES","og_type":"article","og_title":"El Comit\u00e9 de la UCR participa del fallecimiento de Jorge \"Tano\" Marcolini. Hasta siempre querido tano! - Noticias Radio Reflejos","og_description":"El Comit\u00e9 de la Uni\u00f3n C\u00edvica Radical de Tornquist comunic\u00f3 con profundo pesar el fallecimiento del Sr. Jorge \u00abTano\u00bb Marcolini. Reconocido dirigente, ex Concejal y ex candidato a Intendente, Marcolini es recordado como un incansable militante defensor de los valores democr\u00e1ticos y un vecino comprometido con el progreso del distrito. Desde el espacio partidario enviaron [&hellip;]","og_url":"https:\/\/www.noticiasradioreflejos.com.ar\/2021\/el-comite-de-la-ucr-participa-del-fallecimiento-de-jorge-tano-marcolini-hasta-siempre-querido-tano\/","og_site_name":"Noticias Radio Reflejos","article_published_time":"2026-04-28T13:31:49+00:00","article_modified_time":"2026-04-28T13:35:44+00:00","og_image":[{"width":1024,"height":858,"url":"https:\/\/www.noticiasradioreflejos.com.ar\/2021\/wp-content\/uploads\/2026\/04\/UCR-Duelo-1024x858.png","type":"image\/png"}],"author":"Arnaldo Botto","twitter_card":"summary_large_image","schema":{"@context":"https:\/\/schema.org","@graph":[{"@type":"WebPage","@id":"https:\/\/www.noticiasradioreflejos.com.ar\/2021\/el-comite-de-la-ucr-participa-del-fallecimiento-de-jorge-tano-marcolini-hasta-siempre-querido-tano\/","url":"https:\/\/www.noticiasradioreflejos.com.ar\/2021\/el-comite-de-la-ucr-participa-del-fallecimiento-de-jorge-tano-marcolini-hasta-siempre-querido-tano\/","name":"El Comit\u00e9 de la UCR participa del fallecimiento de Jorge \"Tano\" Marcolini. Hasta siempre querido tano! - Noticias Radio Reflejos","isPartOf":{"@id":"https:\/\/www.noticiasradioreflejos.com.ar\/2021\/#website"},"primaryImageOfPage":{"@id":"https:\/\/www.noticiasradioreflejos.com.ar\/2021\/el-comite-de-la-ucr-participa-del-fallecimiento-de-jorge-tano-marcolini-hasta-siempre-querido-tano\/#primaryimage"},"image":{"@id":"https:\/\/www.noticiasradioreflejos.com.ar\/2021\/el-comite-de-la-ucr-participa-del-fallecimiento-de-jorge-tano-marcolini-hasta-siempre-querido-tano\/#primaryimage"},"thumbnailUrl":"https:\/\/www.noticiasradioreflejos.com.ar\/2021\/wp-content\/uploads\/2026\/04\/UCR-Duelo.png","datePublished":"2026-04-28T13:31:49+00:00","dateModified":"2026-04-28T13:35:44+00:00","author":{"@id":"https:\/\/www.noticiasradioreflejos.com.ar\/2021\/#\/schema\/person\/ad82545263dcc5ec0996818884fd5fb1"},"breadcrumb":{"@id":"https:\/\/www.noticiasradioreflejos.com.ar\/2021\/el-comite-de-la-ucr-participa-del-fallecimiento-de-jorge-tano-marcolini-hasta-siempre-querido-tano\/#breadcrumb"},"inLanguage":"es","potentialAction":[{"@type":"ReadAction","target":["https:\/\/www.noticiasradioreflejos.com.ar\/2021\/el-comite-de-la-ucr-participa-del-fallecimiento-de-jorge-tano-marcolini-hasta-siempre-querido-tano\/"]}]},{"@type":"ImageObject","inLanguage":"es","@id":"https:\/\/www.noticiasradioreflejos.com.ar\/2021\/el-comite-de-la-ucr-participa-del-fallecimiento-de-jorge-tano-marcolini-hasta-siempre-querido-tano\/#primaryimage","url":"https:\/\/www.noticiasradioreflejos.com.ar\/2021\/wp-content\/uploads\/2026\/04\/UCR-Duelo.png","contentUrl":"https:\/\/www.noticiasradioreflejos.com.ar\/2021\/wp-content\/uploads\/2026\/04\/UCR-Duelo.png","width":2252,"height":1888},{"@type":"BreadcrumbList","@id":"https:\/\/www.noticiasradioreflejos.com.ar\/2021\/el-comite-de-la-ucr-participa-del-fallecimiento-de-jorge-tano-marcolini-hasta-siempre-querido-tano\/#breadcrumb","itemListElement":[{"@type":"ListItem","position":1,"name":"Portada","item":"https:\/\/www.noticiasradioreflejos.com.ar\/2021\/"},{"@type":"ListItem","position":2,"name":"El Comit\u00e9 de la UCR participa del fallecimiento de Jorge \u00abTano\u00bb Marcolini. Hasta siempre querido tano!"}]},{"@type":"WebSite","@id":"https:\/\/www.noticiasradioreflejos.com.ar\/2021\/#website","url":"https:\/\/www.noticiasradioreflejos.com.ar\/2021\/","name":"Noticias Radio Reflejos","description":"Las noticias de mi comarca","potentialAction":[{"@type":"SearchAction","target":{"@type":"EntryPoint","urlTemplate":"https:\/\/www.noticiasradioreflejos.com.ar\/2021\/?s={search_term_string}"},"query-input":{"@type":"PropertyValueSpecification","valueRequired":true,"valueName":"search_term_string"}}],"inLanguage":"es"},{"@type":"Person","@id":"https:\/\/www.noticiasradioreflejos.com.ar\/2021\/#\/schema\/person\/ad82545263dcc5ec0996818884fd5fb1","name":"Arnaldo Botto","image":{"@type":"ImageObject","inLanguage":"es","@id":"https:\/\/www.noticiasradioreflejos.com.ar\/2021\/#\/schema\/person\/image\/","url":"https:\/\/secure.gravatar.com\/avatar\/55cb5e37c1efa326397366e6974cb338056df65cb50e7d64d1cf314e87504837?s=96&d=mm&r=g","contentUrl":"https:\/\/secure.gravatar.com\/avatar\/55cb5e37c1efa326397366e6974cb338056df65cb50e7d64d1cf314e87504837?s=96&d=mm&r=g","caption":"Arnaldo Botto"},"url":"https:\/\/www.noticiasradioreflejos.com.ar\/2021\/author\/arnaldo\/"}]}},"_links":{"self":[{"href":"https:\/\/www.noticiasradioreflejos.com.ar\/2021\/wp-json\/wp\/v2\/posts\/136563","targetHints":{"allow":["GET"]}}],"collection":[{"href":"https:\/\/www.noticiasradioreflejos.com.ar\/2021\/wp-json\/wp\/v2\/posts"}],"about":[{"href":"https:\/\/www.noticiasradioreflejos.com.ar\/2021\/wp-json\/wp\/v2\/types\/post"}],"author":[{"embeddable":true,"href":"https:\/\/www.noticiasradioreflejos.com.ar\/2021\/wp-json\/wp\/v2\/users\/3"}],"replies":[{"embeddable":true,"href":"https:\/\/www.noticiasradioreflejos.com.ar\/2021\/wp-json\/wp\/v2\/comments?post=136563"}],"version-history":[{"count":2,"href":"https:\/\/www.noticiasradioreflejos.com.ar\/2021\/wp-json\/wp\/v2\/posts\/136563\/revisions"}],"predecessor-version":[{"id":136568,"href":"https:\/\/www.noticiasradioreflejos.com.ar\/2021\/wp-json\/wp\/v2\/posts\/136563\/revisions\/136568"}],"wp:featuredmedia":[{"embeddable":true,"href":"https:\/\/www.noticiasradioreflejos.com.ar\/2021\/wp-json\/wp\/v2\/media\/136569"}],"wp:attachment":[{"href":"https:\/\/www.noticiasradioreflejos.com.ar\/2021\/wp-json\/wp\/v2\/media?parent=136563"}],"wp:term":[{"taxonomy":"category","embeddable":true,"href":"https:\/\/www.noticiasradioreflejos.com.ar\/2021\/wp-json\/wp\/v2\/categories?post=136563"},{"taxonomy":"post_tag","embeddable":true,"href":"https:\/\/www.noticiasradioreflejos.com.ar\/2021\/wp-json\/wp\/v2\/tags?post=136563"}],"curies":[{"name":"wp","href":"https:\/\/api.w.org\/{rel}","templated":true}]}}