{"id":136561,"date":"2026-04-28T10:09:32","date_gmt":"2026-04-28T13:09:32","guid":{"rendered":"https:\/\/www.noticiasradioreflejos.com.ar\/2021\/?p=136561"},"modified":"2026-04-28T10:09:32","modified_gmt":"2026-04-28T13:09:32","slug":"abren-la-inscripcion-al-registro-especial-para-mayores-contribuyentes-2026","status":"publish","type":"post","link":"https:\/\/www.noticiasradioreflejos.com.ar\/2021\/abren-la-inscripcion-al-registro-especial-para-mayores-contribuyentes-2026\/","title":{"rendered":"Abren la inscripci\u00f3n al Registro Especial para Mayores Contribuyentes 2026"},"content":{"rendered":"<p data-path-to-node=\"4\">La Secretar\u00eda de Gobierno y Gesti\u00f3n P\u00fablica de la Municipalidad de Tornquist informa a la comunidad que, de acuerdo con el <b data-path-to-node=\"4\" data-index-in-node=\"135\">Decreto N\u00ba 530\/26<\/b>, se realizar\u00e1 la apertura del <b data-path-to-node=\"4\" data-index-in-node=\"183\">Registro Especial para Mayores Contribuyentes<\/b> correspondiente al a\u00f1o 2026.<!--more--><\/p>\n<p data-path-to-node=\"5\">Este registro, enmarcado en lo establecido por el <b data-path-to-node=\"5\" data-index-in-node=\"50\">art\u00edculo 94\u00ba de la Ley Org\u00e1nica Municipal<\/b>, es el paso administrativo necesario para que los vecinos interesados puedan participar en las asambleas de concejales y mayores contribuyentes, donde se tratan temas fundamentales como la creaci\u00f3n de tasas o el endeudamiento municipal.<\/p>\n<h3 data-path-to-node=\"6\">Cronograma y requisitos de inscripci\u00f3n:<\/h3>\n<ul data-path-to-node=\"7\">\n<li>\n<p data-path-to-node=\"7,0,0\"><b data-path-to-node=\"7,0,0\" data-index-in-node=\"0\">Plazo de inscripci\u00f3n:<\/b> Desde el <b data-path-to-node=\"7,0,0\" data-index-in-node=\"31\">04 de mayo<\/b> hasta el <b data-path-to-node=\"7,0,0\" data-index-in-node=\"51\">18 de mayo<\/b> de 2026 inclusive.<\/p>\n<\/li>\n<li>\n<p data-path-to-node=\"7,1,0\"><b data-path-to-node=\"7,1,0\" data-index-in-node=\"0\">Lugar:<\/b> Secretar\u00eda de Gobierno y Gesti\u00f3n P\u00fablica de la Municipalidad de Tornquist.<\/p>\n<\/li>\n<li>\n<p data-path-to-node=\"7,2,0\"><b data-path-to-node=\"7,2,0\" data-index-in-node=\"0\">Horario de atenci\u00f3n:<\/b> Lunes a viernes de <b data-path-to-node=\"7,2,0\" data-index-in-node=\"40\">09:00 a 13:00 hs<\/b>.<\/p>\n<\/li>\n<li>\n<p data-path-to-node=\"7,3,0\"><b data-path-to-node=\"7,3,0\" data-index-in-node=\"0\">Documentaci\u00f3n requerida:<\/b> Los interesados deber\u00e1n presentarse personalmente con su <b data-path-to-node=\"7,3,0\" data-index-in-node=\"82\">Documento Nacional de Identidad (DNI)<\/b>.<\/p>\n<\/li>\n<\/ul>\n<p data-path-to-node=\"8\">Para m\u00e1s informaci\u00f3n, los ciudadanos pueden acercarse a la sede municipal durante los horarios mencionados.<\/p>\n<hr data-path-to-node=\"9\" \/>\n<p data-path-to-node=\"10\"><b data-path-to-node=\"10\" data-index-in-node=\"0\">\u00c1rea de Prensa y Difusi\u00f3n<\/b> <i data-path-to-node=\"10\" data-index-in-node=\"26\">Municipalidad de Tornquist<\/i><\/p>\n","protected":false},"excerpt":{"rendered":"<p>La Secretar\u00eda de Gobierno y Gesti\u00f3n P\u00fablica de la Municipalidad de Tornquist informa a la comunidad que, de acuerdo con el Decreto N\u00ba 530\/26, se realizar\u00e1 la apertura del Registro Especial para Mayores Contribuyentes correspondiente al a\u00f1o 2026.<\/p>\n","protected":false},"author":3,"featured_media":119267,"comment_status":"closed","ping_status":"closed","sticky":false,"template":"","format":"standard","meta":{"footnotes":""},"categories":[28],"tags":[],"class_list":["post-136561","post","type-post","status-publish","format-standard","has-post-thumbnail","hentry","category-municipales"],"yoast_head":"<!-- This site is optimized with the Yoast SEO plugin v25.9 - https:\/\/yoast.com\/wordpress\/plugins\/seo\/ -->\n<title>Abren la inscripci\u00f3n al Registro Especial para Mayores Contribuyentes 2026 - Noticias Radio Reflejos<\/title>\n<meta name=\"robots\" content=\"index, follow, max-snippet:-1, max-image-preview:large, max-video-preview:-1\" \/>\n<link rel=\"canonical\" href=\"https:\/\/www.noticiasradioreflejos.com.ar\/2021\/abren-la-inscripcion-al-registro-especial-para-mayores-contribuyentes-2026\/\" \/>\n<meta property=\"og:locale\" content=\"es_ES\" \/>\n<meta property=\"og:type\" content=\"article\" \/>\n<meta property=\"og:title\" content=\"Abren la inscripci\u00f3n al Registro Especial para Mayores Contribuyentes 2026 - Noticias Radio Reflejos\" \/>\n<meta property=\"og:description\" content=\"La Secretar\u00eda de Gobierno y Gesti\u00f3n P\u00fablica de la Municipalidad de Tornquist informa a la comunidad que, de acuerdo con el Decreto N\u00ba 530\/26, se realizar\u00e1 la apertura del Registro Especial para Mayores Contribuyentes correspondiente al a\u00f1o 2026.\" \/>\n<meta property=\"og:url\" content=\"https:\/\/www.noticiasradioreflejos.com.ar\/2021\/abren-la-inscripcion-al-registro-especial-para-mayores-contribuyentes-2026\/\" \/>\n<meta property=\"og:site_name\" content=\"Noticias Radio Reflejos\" \/>\n<meta property=\"article:published_time\" content=\"2026-04-28T13:09:32+00:00\" \/>\n<meta property=\"og:image\" content=\"https:\/\/www.noticiasradioreflejos.com.ar\/2021\/wp-content\/uploads\/2025\/05\/Muni.png\" \/>\n\t<meta property=\"og:image:width\" content=\"778\" \/>\n\t<meta property=\"og:image:height\" content=\"417\" \/>\n\t<meta property=\"og:image:type\" content=\"image\/png\" \/>\n<meta name=\"author\" content=\"Arnaldo Botto\" \/>\n<meta name=\"twitter:card\" content=\"summary_large_image\" \/>\n<script type=\"application\/ld+json\" class=\"yoast-schema-graph\">{\"@context\":\"https:\/\/schema.org\",\"@graph\":[{\"@type\":\"WebPage\",\"@id\":\"https:\/\/www.noticiasradioreflejos.com.ar\/2021\/abren-la-inscripcion-al-registro-especial-para-mayores-contribuyentes-2026\/\",\"url\":\"https:\/\/www.noticiasradioreflejos.com.ar\/2021\/abren-la-inscripcion-al-registro-especial-para-mayores-contribuyentes-2026\/\",\"name\":\"Abren la inscripci\u00f3n al Registro Especial para Mayores Contribuyentes 2026 - Noticias Radio Reflejos\",\"isPartOf\":{\"@id\":\"https:\/\/www.noticiasradioreflejos.com.ar\/2021\/#website\"},\"primaryImageOfPage\":{\"@id\":\"https:\/\/www.noticiasradioreflejos.com.ar\/2021\/abren-la-inscripcion-al-registro-especial-para-mayores-contribuyentes-2026\/#primaryimage\"},\"image\":{\"@id\":\"https:\/\/www.noticiasradioreflejos.com.ar\/2021\/abren-la-inscripcion-al-registro-especial-para-mayores-contribuyentes-2026\/#primaryimage\"},\"thumbnailUrl\":\"https:\/\/www.noticiasradioreflejos.com.ar\/2021\/wp-content\/uploads\/2025\/05\/Muni.png\",\"datePublished\":\"2026-04-28T13:09:32+00:00\",\"author\":{\"@id\":\"https:\/\/www.noticiasradioreflejos.com.ar\/2021\/#\/schema\/person\/ad82545263dcc5ec0996818884fd5fb1\"},\"breadcrumb\":{\"@id\":\"https:\/\/www.noticiasradioreflejos.com.ar\/2021\/abren-la-inscripcion-al-registro-especial-para-mayores-contribuyentes-2026\/#breadcrumb\"},\"inLanguage\":\"es\",\"potentialAction\":[{\"@type\":\"ReadAction\",\"target\":[\"https:\/\/www.noticiasradioreflejos.com.ar\/2021\/abren-la-inscripcion-al-registro-especial-para-mayores-contribuyentes-2026\/\"]}]},{\"@type\":\"ImageObject\",\"inLanguage\":\"es\",\"@id\":\"https:\/\/www.noticiasradioreflejos.com.ar\/2021\/abren-la-inscripcion-al-registro-especial-para-mayores-contribuyentes-2026\/#primaryimage\",\"url\":\"https:\/\/www.noticiasradioreflejos.com.ar\/2021\/wp-content\/uploads\/2025\/05\/Muni.png\",\"contentUrl\":\"https:\/\/www.noticiasradioreflejos.com.ar\/2021\/wp-content\/uploads\/2025\/05\/Muni.png\",\"width\":778,\"height\":417},{\"@type\":\"BreadcrumbList\",\"@id\":\"https:\/\/www.noticiasradioreflejos.com.ar\/2021\/abren-la-inscripcion-al-registro-especial-para-mayores-contribuyentes-2026\/#breadcrumb\",\"itemListElement\":[{\"@type\":\"ListItem\",\"position\":1,\"name\":\"Portada\",\"item\":\"https:\/\/www.noticiasradioreflejos.com.ar\/2021\/\"},{\"@type\":\"ListItem\",\"position\":2,\"name\":\"Abren la inscripci\u00f3n al Registro Especial para Mayores Contribuyentes 2026\"}]},{\"@type\":\"WebSite\",\"@id\":\"https:\/\/www.noticiasradioreflejos.com.ar\/2021\/#website\",\"url\":\"https:\/\/www.noticiasradioreflejos.com.ar\/2021\/\",\"name\":\"Noticias Radio Reflejos\",\"description\":\"Las noticias de mi comarca\",\"potentialAction\":[{\"@type\":\"SearchAction\",\"target\":{\"@type\":\"EntryPoint\",\"urlTemplate\":\"https:\/\/www.noticiasradioreflejos.com.ar\/2021\/?s={search_term_string}\"},\"query-input\":{\"@type\":\"PropertyValueSpecification\",\"valueRequired\":true,\"valueName\":\"search_term_string\"}}],\"inLanguage\":\"es\"},{\"@type\":\"Person\",\"@id\":\"https:\/\/www.noticiasradioreflejos.com.ar\/2021\/#\/schema\/person\/ad82545263dcc5ec0996818884fd5fb1\",\"name\":\"Arnaldo Botto\",\"image\":{\"@type\":\"ImageObject\",\"inLanguage\":\"es\",\"@id\":\"https:\/\/www.noticiasradioreflejos.com.ar\/2021\/#\/schema\/person\/image\/\",\"url\":\"https:\/\/secure.gravatar.com\/avatar\/55cb5e37c1efa326397366e6974cb338056df65cb50e7d64d1cf314e87504837?s=96&d=mm&r=g\",\"contentUrl\":\"https:\/\/secure.gravatar.com\/avatar\/55cb5e37c1efa326397366e6974cb338056df65cb50e7d64d1cf314e87504837?s=96&d=mm&r=g\",\"caption\":\"Arnaldo Botto\"},\"url\":\"https:\/\/www.noticiasradioreflejos.com.ar\/2021\/author\/arnaldo\/\"}]}<\/script>\n<!-- \/ Yoast SEO plugin. -->","yoast_head_json":{"title":"Abren la inscripci\u00f3n al Registro Especial para Mayores Contribuyentes 2026 - Noticias Radio Reflejos","robots":{"index":"index","follow":"follow","max-snippet":"max-snippet:-1","max-image-preview":"max-image-preview:large","max-video-preview":"max-video-preview:-1"},"canonical":"https:\/\/www.noticiasradioreflejos.com.ar\/2021\/abren-la-inscripcion-al-registro-especial-para-mayores-contribuyentes-2026\/","og_locale":"es_ES","og_type":"article","og_title":"Abren la inscripci\u00f3n al Registro Especial para Mayores Contribuyentes 2026 - Noticias Radio Reflejos","og_description":"La Secretar\u00eda de Gobierno y Gesti\u00f3n P\u00fablica de la Municipalidad de Tornquist informa a la comunidad que, de acuerdo con el Decreto N\u00ba 530\/26, se realizar\u00e1 la apertura del Registro Especial para Mayores Contribuyentes correspondiente al a\u00f1o 2026.","og_url":"https:\/\/www.noticiasradioreflejos.com.ar\/2021\/abren-la-inscripcion-al-registro-especial-para-mayores-contribuyentes-2026\/","og_site_name":"Noticias Radio Reflejos","article_published_time":"2026-04-28T13:09:32+00:00","og_image":[{"width":778,"height":417,"url":"https:\/\/www.noticiasradioreflejos.com.ar\/2021\/wp-content\/uploads\/2025\/05\/Muni.png","type":"image\/png"}],"author":"Arnaldo Botto","twitter_card":"summary_large_image","schema":{"@context":"https:\/\/schema.org","@graph":[{"@type":"WebPage","@id":"https:\/\/www.noticiasradioreflejos.com.ar\/2021\/abren-la-inscripcion-al-registro-especial-para-mayores-contribuyentes-2026\/","url":"https:\/\/www.noticiasradioreflejos.com.ar\/2021\/abren-la-inscripcion-al-registro-especial-para-mayores-contribuyentes-2026\/","name":"Abren la inscripci\u00f3n al Registro Especial para Mayores Contribuyentes 2026 - Noticias Radio Reflejos","isPartOf":{"@id":"https:\/\/www.noticiasradioreflejos.com.ar\/2021\/#website"},"primaryImageOfPage":{"@id":"https:\/\/www.noticiasradioreflejos.com.ar\/2021\/abren-la-inscripcion-al-registro-especial-para-mayores-contribuyentes-2026\/#primaryimage"},"image":{"@id":"https:\/\/www.noticiasradioreflejos.com.ar\/2021\/abren-la-inscripcion-al-registro-especial-para-mayores-contribuyentes-2026\/#primaryimage"},"thumbnailUrl":"https:\/\/www.noticiasradioreflejos.com.ar\/2021\/wp-content\/uploads\/2025\/05\/Muni.png","datePublished":"2026-04-28T13:09:32+00:00","author":{"@id":"https:\/\/www.noticiasradioreflejos.com.ar\/2021\/#\/schema\/person\/ad82545263dcc5ec0996818884fd5fb1"},"breadcrumb":{"@id":"https:\/\/www.noticiasradioreflejos.com.ar\/2021\/abren-la-inscripcion-al-registro-especial-para-mayores-contribuyentes-2026\/#breadcrumb"},"inLanguage":"es","potentialAction":[{"@type":"ReadAction","target":["https:\/\/www.noticiasradioreflejos.com.ar\/2021\/abren-la-inscripcion-al-registro-especial-para-mayores-contribuyentes-2026\/"]}]},{"@type":"ImageObject","inLanguage":"es","@id":"https:\/\/www.noticiasradioreflejos.com.ar\/2021\/abren-la-inscripcion-al-registro-especial-para-mayores-contribuyentes-2026\/#primaryimage","url":"https:\/\/www.noticiasradioreflejos.com.ar\/2021\/wp-content\/uploads\/2025\/05\/Muni.png","contentUrl":"https:\/\/www.noticiasradioreflejos.com.ar\/2021\/wp-content\/uploads\/2025\/05\/Muni.png","width":778,"height":417},{"@type":"BreadcrumbList","@id":"https:\/\/www.noticiasradioreflejos.com.ar\/2021\/abren-la-inscripcion-al-registro-especial-para-mayores-contribuyentes-2026\/#breadcrumb","itemListElement":[{"@type":"ListItem","position":1,"name":"Portada","item":"https:\/\/www.noticiasradioreflejos.com.ar\/2021\/"},{"@type":"ListItem","position":2,"name":"Abren la inscripci\u00f3n al Registro Especial para Mayores Contribuyentes 2026"}]},{"@type":"WebSite","@id":"https:\/\/www.noticiasradioreflejos.com.ar\/2021\/#website","url":"https:\/\/www.noticiasradioreflejos.com.ar\/2021\/","name":"Noticias Radio Reflejos","description":"Las noticias de mi comarca","potentialAction":[{"@type":"SearchAction","target":{"@type":"EntryPoint","urlTemplate":"https:\/\/www.noticiasradioreflejos.com.ar\/2021\/?s={search_term_string}"},"query-input":{"@type":"PropertyValueSpecification","valueRequired":true,"valueName":"search_term_string"}}],"inLanguage":"es"},{"@type":"Person","@id":"https:\/\/www.noticiasradioreflejos.com.ar\/2021\/#\/schema\/person\/ad82545263dcc5ec0996818884fd5fb1","name":"Arnaldo Botto","image":{"@type":"ImageObject","inLanguage":"es","@id":"https:\/\/www.noticiasradioreflejos.com.ar\/2021\/#\/schema\/person\/image\/","url":"https:\/\/secure.gravatar.com\/avatar\/55cb5e37c1efa326397366e6974cb338056df65cb50e7d64d1cf314e87504837?s=96&d=mm&r=g","contentUrl":"https:\/\/secure.gravatar.com\/avatar\/55cb5e37c1efa326397366e6974cb338056df65cb50e7d64d1cf314e87504837?s=96&d=mm&r=g","caption":"Arnaldo Botto"},"url":"https:\/\/www.noticiasradioreflejos.com.ar\/2021\/author\/arnaldo\/"}]}},"_links":{"self":[{"href":"https:\/\/www.noticiasradioreflejos.com.ar\/2021\/wp-json\/wp\/v2\/posts\/136561","targetHints":{"allow":["GET"]}}],"collection":[{"href":"https:\/\/www.noticiasradioreflejos.com.ar\/2021\/wp-json\/wp\/v2\/posts"}],"about":[{"href":"https:\/\/www.noticiasradioreflejos.com.ar\/2021\/wp-json\/wp\/v2\/types\/post"}],"author":[{"embeddable":true,"href":"https:\/\/www.noticiasradioreflejos.com.ar\/2021\/wp-json\/wp\/v2\/users\/3"}],"replies":[{"embeddable":true,"href":"https:\/\/www.noticiasradioreflejos.com.ar\/2021\/wp-json\/wp\/v2\/comments?post=136561"}],"version-history":[{"count":1,"href":"https:\/\/www.noticiasradioreflejos.com.ar\/2021\/wp-json\/wp\/v2\/posts\/136561\/revisions"}],"predecessor-version":[{"id":136562,"href":"https:\/\/www.noticiasradioreflejos.com.ar\/2021\/wp-json\/wp\/v2\/posts\/136561\/revisions\/136562"}],"wp:featuredmedia":[{"embeddable":true,"href":"https:\/\/www.noticiasradioreflejos.com.ar\/2021\/wp-json\/wp\/v2\/media\/119267"}],"wp:attachment":[{"href":"https:\/\/www.noticiasradioreflejos.com.ar\/2021\/wp-json\/wp\/v2\/media?parent=136561"}],"wp:term":[{"taxonomy":"category","embeddable":true,"href":"https:\/\/www.noticiasradioreflejos.com.ar\/2021\/wp-json\/wp\/v2\/categories?post=136561"},{"taxonomy":"post_tag","embeddable":true,"href":"https:\/\/www.noticiasradioreflejos.com.ar\/2021\/wp-json\/wp\/v2\/tags?post=136561"}],"curies":[{"name":"wp","href":"https:\/\/api.w.org\/{rel}","templated":true}]}}