{"id":136556,"date":"2026-04-28T16:58:49","date_gmt":"2026-04-28T19:58:49","guid":{"rendered":"https:\/\/www.noticiasradioreflejos.com.ar\/2021\/?p=136556"},"modified":"2026-04-28T17:00:00","modified_gmt":"2026-04-28T20:00:00","slug":"salamone-bajo-la-luna-la-expedicion-fotografica-que-capturo-el-enigma-del-cristo-de-estomba","status":"publish","type":"post","link":"https:\/\/www.noticiasradioreflejos.com.ar\/2021\/salamone-bajo-la-luna-la-expedicion-fotografica-que-capturo-el-enigma-del-cristo-de-estomba\/","title":{"rendered":"Salamone bajo la luna: La expedici\u00f3n fotogr\u00e1fica que captur\u00f3 el enigma del Cristo de Estomba"},"content":{"rendered":"<p data-path-to-node=\"4\">Entre el perfil de las sierras, cables de alta tensi\u00f3n y una luna creciente, <strong>Alfredo Fushimi<\/strong> logr\u00f3 retratar la monumental obra del \u00abarquitecto de las pampas\u00bb. En una visita exclusiva a propiedad privada, la lente captur\u00f3 la m\u00edstica de una escultura que sobrevive al paso del tiempo en la quietud absoluta del entorno rural.<!--more--><\/p>\n<p data-path-to-node=\"3\">El ingeniero Alfredo Fushimi relat\u00f3 su reciente expedici\u00f3n para fotografiar una de las obras m\u00e1s enigm\u00e1ticas del arquitecto Francisco Salamone. Junto a Gabriel Lucardi y Mabel, lograron acceder al monumento ubicado en propiedad privada, donde la arquitectura monumental se funde con el paisaje serrano y el silencio de la noche.<\/p>\n<p data-path-to-node=\"3\">\n<p data-path-to-node=\"3\"><a href=\"https:\/\/www.noticiasradioreflejos.com.ar\/2021\/salamone-bajo-la-luna-la-expedicion-fotografica-que-capturo-el-enigma-del-cristo-de-estomba\/cristo-de-estomba-1\/\" rel=\"attachment wp-att-136619\"><img loading=\"lazy\" decoding=\"async\" class=\"aligncenter size-full wp-image-136619\" src=\"https:\/\/www.noticiasradioreflejos.com.ar\/2021\/wp-content\/uploads\/2026\/04\/Cristo-de-Estomba-1.jpeg\" alt=\"\" width=\"1600\" height=\"900\" srcset=\"https:\/\/www.noticiasradioreflejos.com.ar\/2021\/wp-content\/uploads\/2026\/04\/Cristo-de-Estomba-1.jpeg 1600w, https:\/\/www.noticiasradioreflejos.com.ar\/2021\/wp-content\/uploads\/2026\/04\/Cristo-de-Estomba-1-300x169.jpeg 300w, https:\/\/www.noticiasradioreflejos.com.ar\/2021\/wp-content\/uploads\/2026\/04\/Cristo-de-Estomba-1-1024x576.jpeg 1024w, https:\/\/www.noticiasradioreflejos.com.ar\/2021\/wp-content\/uploads\/2026\/04\/Cristo-de-Estomba-1-768x432.jpeg 768w, https:\/\/www.noticiasradioreflejos.com.ar\/2021\/wp-content\/uploads\/2026\/04\/Cristo-de-Estomba-1-1536x864.jpeg 1536w, https:\/\/www.noticiasradioreflejos.com.ar\/2021\/wp-content\/uploads\/2026\/04\/Cristo-de-Estomba-1-750x422.jpeg 750w, https:\/\/www.noticiasradioreflejos.com.ar\/2021\/wp-content\/uploads\/2026\/04\/Cristo-de-Estomba-1-1140x641.jpeg 1140w\" sizes=\"auto, (max-width: 1600px) 100vw, 1600px\" \/><\/a><\/p>\n<p data-path-to-node=\"4\">Para los amantes de la obra de Francisco Salamone, cada hallazgo es un tesoro, y el Cristo de Estomba representa uno de los puntos m\u00e1s magn\u00e9ticos del itinerario regional. Recientemente, el ingeniero Alfredo Fushimi logr\u00f3 concretar una visita largamente planeada: \u00abEs un lugar que con Gabriel Lucardi y su compa\u00f1era Mabel ten\u00edamos ganas de ir. El acceso es complicado y la lluvia nos posterg\u00f3 la ida, pero finalmente lo pudimos hacer\u00bb, coment\u00f3.<\/p>\n<p data-path-to-node=\"5\">Lo que hace especial a esta pieza es su supervivencia en la soledad del entorno rural. Seg\u00fan Fushimi, aunque la escultura sigue el patr\u00f3n de dise\u00f1o de otras obras del arquitecto, el contexto lo cambia todo. \u00abToda la serie del Cristo Salam\u00f3nico son iguales. Lo que var\u00eda es la locaci\u00f3n y el lugar de conservaci\u00f3n. Lo que llama la atenci\u00f3n es que haya permanecido ah\u00ed tanto tiempo sin que se haya hecho p\u00fablico antes\u00bb, reflexion\u00f3 el ingeniero.<\/p>\n<p data-path-to-node=\"7\">Fushimi, quien se describe como \u00abaustero\u00bb con sus fotograf\u00edas, busc\u00f3 capturar la esencia del monumento en el momento de mayor quietud. Compar\u00f3 la experiencia de Estomba con el Cristo del Cementerio de Saldungaray: \u00abEl de Saldungaray marca el aniversario de la muerte de la nieta del fundador; lo que me fascina es el entorno. Ah\u00ed es la noche cerrada absoluta, es maravilloso estar contempl\u00e1ndolo\u00bb.<\/p>\n<p data-path-to-node=\"7\"><a href=\"https:\/\/www.noticiasradioreflejos.com.ar\/2021\/salamone-bajo-la-luna-la-expedicion-fotografica-que-capturo-el-enigma-del-cristo-de-estomba\/salamone-cementerio\/\" rel=\"attachment wp-att-136620\"><img loading=\"lazy\" decoding=\"async\" class=\"aligncenter size-full wp-image-136620\" src=\"https:\/\/www.noticiasradioreflejos.com.ar\/2021\/wp-content\/uploads\/2026\/04\/Salamone-Cementerio.jpeg\" alt=\"\" width=\"1600\" height=\"900\" srcset=\"https:\/\/www.noticiasradioreflejos.com.ar\/2021\/wp-content\/uploads\/2026\/04\/Salamone-Cementerio.jpeg 1600w, https:\/\/www.noticiasradioreflejos.com.ar\/2021\/wp-content\/uploads\/2026\/04\/Salamone-Cementerio-300x169.jpeg 300w, https:\/\/www.noticiasradioreflejos.com.ar\/2021\/wp-content\/uploads\/2026\/04\/Salamone-Cementerio-1024x576.jpeg 1024w, https:\/\/www.noticiasradioreflejos.com.ar\/2021\/wp-content\/uploads\/2026\/04\/Salamone-Cementerio-768x432.jpeg 768w, https:\/\/www.noticiasradioreflejos.com.ar\/2021\/wp-content\/uploads\/2026\/04\/Salamone-Cementerio-1536x864.jpeg 1536w, https:\/\/www.noticiasradioreflejos.com.ar\/2021\/wp-content\/uploads\/2026\/04\/Salamone-Cementerio-750x422.jpeg 750w, https:\/\/www.noticiasradioreflejos.com.ar\/2021\/wp-content\/uploads\/2026\/04\/Salamone-Cementerio-1140x641.jpeg 1140w\" sizes=\"auto, (max-width: 1600px) 100vw, 1600px\" \/><\/a><\/p>\n<p data-path-to-node=\"8\">En cambio, el Jes\u00fas de Estomba ofrece un cuadro visual \u00fanico gracias a la geograf\u00eda local: \u00abLo que tiene son las sierras de fondo y los cables de alta tensi\u00f3n, lo cual al atardecer, poni\u00e9ndose de perfil, hace un paisaje maravilloso. Es algo subyugante estar ah\u00ed delante de la quietud del campo a esa hora, con una luna creciente que estaba impresionante\u00bb, describi\u00f3 conmovido.<\/p>\n<p data-path-to-node=\"10\">La concreci\u00f3n de esta visita no hubiera sido posible sin la colaboraci\u00f3n de quienes custodian el territorio. Fushimi fue enf\u00e1tico en agradecer a los responsables de abrir las puertas de la propiedad: \u00abLes agradezco al Sr. Pastorino \u2014el due\u00f1o del campo\u2014 y a Seba y a Horacio, que nos abrieron las puertas y nos acompa\u00f1aron\u00bb, concluy\u00f3, resaltando el valor de preservar este patrimonio que, aunque privado, forma parte de la identidad cultural y arquitect\u00f3nica de la provincia de Buenos Aires.<\/p>\n<audio class=\"wp-audio-shortcode\" id=\"audio-136556-1\" preload=\"none\" style=\"width: 100%;\" controls=\"controls\"><source type=\"audio\/mpeg\" src=\"https:\/\/www.noticiasradioreflejos.com.ar\/2021\/wp-content\/uploads\/2026\/04\/Alfredo-Fushimi-28-04.mp3?_=1\" \/><a href=\"https:\/\/www.noticiasradioreflejos.com.ar\/2021\/wp-content\/uploads\/2026\/04\/Alfredo-Fushimi-28-04.mp3\">https:\/\/www.noticiasradioreflejos.com.ar\/2021\/wp-content\/uploads\/2026\/04\/Alfredo-Fushimi-28-04.mp3<\/a><\/audio>\n<p><a href=\"https:\/\/www.noticiasradioreflejos.com.ar\/2021\/salamone-bajo-la-luna-la-expedicion-fotografica-que-capturo-el-enigma-del-cristo-de-estomba\/matadero-salamone-2\/\" rel=\"attachment wp-att-136621\"><img loading=\"lazy\" decoding=\"async\" class=\"aligncenter size-full wp-image-136621\" src=\"https:\/\/www.noticiasradioreflejos.com.ar\/2021\/wp-content\/uploads\/2026\/04\/Matadero-Salamone.jpeg\" alt=\"\" width=\"1600\" height=\"900\" srcset=\"https:\/\/www.noticiasradioreflejos.com.ar\/2021\/wp-content\/uploads\/2026\/04\/Matadero-Salamone.jpeg 1600w, https:\/\/www.noticiasradioreflejos.com.ar\/2021\/wp-content\/uploads\/2026\/04\/Matadero-Salamone-300x169.jpeg 300w, https:\/\/www.noticiasradioreflejos.com.ar\/2021\/wp-content\/uploads\/2026\/04\/Matadero-Salamone-1024x576.jpeg 1024w, https:\/\/www.noticiasradioreflejos.com.ar\/2021\/wp-content\/uploads\/2026\/04\/Matadero-Salamone-768x432.jpeg 768w, https:\/\/www.noticiasradioreflejos.com.ar\/2021\/wp-content\/uploads\/2026\/04\/Matadero-Salamone-1536x864.jpeg 1536w, https:\/\/www.noticiasradioreflejos.com.ar\/2021\/wp-content\/uploads\/2026\/04\/Matadero-Salamone-750x422.jpeg 750w, https:\/\/www.noticiasradioreflejos.com.ar\/2021\/wp-content\/uploads\/2026\/04\/Matadero-Salamone-1140x641.jpeg 1140w\" sizes=\"auto, (max-width: 1600px) 100vw, 1600px\" \/><\/a><\/p>\n<p>&nbsp;<\/p>\n","protected":false},"excerpt":{"rendered":"<p>Entre el perfil de las sierras, cables de alta tensi\u00f3n y una luna creciente, Alfredo Fushimi logr\u00f3 retratar la monumental obra del \u00abarquitecto de las pampas\u00bb. En una visita exclusiva a propiedad privada, la lente captur\u00f3 la m\u00edstica de una escultura que sobrevive al paso del tiempo en la quietud absoluta del entorno rural.<\/p>\n","protected":false},"author":3,"featured_media":136618,"comment_status":"closed","ping_status":"closed","sticky":false,"template":"","format":"standard","meta":{"footnotes":""},"categories":[46,35,26],"tags":[48],"class_list":["post-136556","post","type-post","status-publish","format-standard","has-post-thumbnail","hentry","category-ciencia-y-tecnologia","category-cultura","category-sociedad","tag-destacada"],"yoast_head":"<!-- This site is optimized with the Yoast SEO plugin v25.9 - https:\/\/yoast.com\/wordpress\/plugins\/seo\/ -->\n<title>Salamone bajo la luna: La expedici\u00f3n fotogr\u00e1fica que captur\u00f3 el enigma del Cristo de Estomba - Noticias Radio Reflejos<\/title>\n<meta name=\"robots\" content=\"index, follow, max-snippet:-1, max-image-preview:large, max-video-preview:-1\" \/>\n<link rel=\"canonical\" href=\"https:\/\/www.noticiasradioreflejos.com.ar\/2021\/salamone-bajo-la-luna-la-expedicion-fotografica-que-capturo-el-enigma-del-cristo-de-estomba\/\" \/>\n<meta property=\"og:locale\" content=\"es_ES\" \/>\n<meta property=\"og:type\" content=\"article\" \/>\n<meta property=\"og:title\" content=\"Salamone bajo la luna: La expedici\u00f3n fotogr\u00e1fica que captur\u00f3 el enigma del Cristo de Estomba - Noticias Radio Reflejos\" \/>\n<meta property=\"og:description\" content=\"Entre el perfil de las sierras, cables de alta tensi\u00f3n y una luna creciente, Alfredo Fushimi logr\u00f3 retratar la monumental obra del \u00abarquitecto de las pampas\u00bb. En una visita exclusiva a propiedad privada, la lente captur\u00f3 la m\u00edstica de una escultura que sobrevive al paso del tiempo en la quietud absoluta del entorno rural.\" \/>\n<meta property=\"og:url\" content=\"https:\/\/www.noticiasradioreflejos.com.ar\/2021\/salamone-bajo-la-luna-la-expedicion-fotografica-que-capturo-el-enigma-del-cristo-de-estomba\/\" \/>\n<meta property=\"og:site_name\" content=\"Noticias Radio Reflejos\" \/>\n<meta property=\"article:published_time\" content=\"2026-04-28T19:58:49+00:00\" \/>\n<meta property=\"article:modified_time\" content=\"2026-04-28T20:00:00+00:00\" \/>\n<meta property=\"og:image\" content=\"https:\/\/www.noticiasradioreflejos.com.ar\/2021\/wp-content\/uploads\/2026\/04\/Cristo-de-Estomba-2.jpeg\" \/>\n\t<meta property=\"og:image:width\" content=\"1600\" \/>\n\t<meta property=\"og:image:height\" content=\"900\" \/>\n\t<meta property=\"og:image:type\" content=\"image\/jpeg\" \/>\n<meta name=\"author\" content=\"Arnaldo Botto\" \/>\n<meta name=\"twitter:card\" content=\"summary_large_image\" \/>\n<script type=\"application\/ld+json\" class=\"yoast-schema-graph\">{\"@context\":\"https:\/\/schema.org\",\"@graph\":[{\"@type\":\"WebPage\",\"@id\":\"https:\/\/www.noticiasradioreflejos.com.ar\/2021\/salamone-bajo-la-luna-la-expedicion-fotografica-que-capturo-el-enigma-del-cristo-de-estomba\/\",\"url\":\"https:\/\/www.noticiasradioreflejos.com.ar\/2021\/salamone-bajo-la-luna-la-expedicion-fotografica-que-capturo-el-enigma-del-cristo-de-estomba\/\",\"name\":\"Salamone bajo la luna: La expedici\u00f3n fotogr\u00e1fica que captur\u00f3 el enigma del Cristo de Estomba - Noticias Radio Reflejos\",\"isPartOf\":{\"@id\":\"https:\/\/www.noticiasradioreflejos.com.ar\/2021\/#website\"},\"primaryImageOfPage\":{\"@id\":\"https:\/\/www.noticiasradioreflejos.com.ar\/2021\/salamone-bajo-la-luna-la-expedicion-fotografica-que-capturo-el-enigma-del-cristo-de-estomba\/#primaryimage\"},\"image\":{\"@id\":\"https:\/\/www.noticiasradioreflejos.com.ar\/2021\/salamone-bajo-la-luna-la-expedicion-fotografica-que-capturo-el-enigma-del-cristo-de-estomba\/#primaryimage\"},\"thumbnailUrl\":\"https:\/\/www.noticiasradioreflejos.com.ar\/2021\/wp-content\/uploads\/2026\/04\/Cristo-de-Estomba-2.jpeg\",\"datePublished\":\"2026-04-28T19:58:49+00:00\",\"dateModified\":\"2026-04-28T20:00:00+00:00\",\"author\":{\"@id\":\"https:\/\/www.noticiasradioreflejos.com.ar\/2021\/#\/schema\/person\/ad82545263dcc5ec0996818884fd5fb1\"},\"breadcrumb\":{\"@id\":\"https:\/\/www.noticiasradioreflejos.com.ar\/2021\/salamone-bajo-la-luna-la-expedicion-fotografica-que-capturo-el-enigma-del-cristo-de-estomba\/#breadcrumb\"},\"inLanguage\":\"es\",\"potentialAction\":[{\"@type\":\"ReadAction\",\"target\":[\"https:\/\/www.noticiasradioreflejos.com.ar\/2021\/salamone-bajo-la-luna-la-expedicion-fotografica-que-capturo-el-enigma-del-cristo-de-estomba\/\"]}]},{\"@type\":\"ImageObject\",\"inLanguage\":\"es\",\"@id\":\"https:\/\/www.noticiasradioreflejos.com.ar\/2021\/salamone-bajo-la-luna-la-expedicion-fotografica-que-capturo-el-enigma-del-cristo-de-estomba\/#primaryimage\",\"url\":\"https:\/\/www.noticiasradioreflejos.com.ar\/2021\/wp-content\/uploads\/2026\/04\/Cristo-de-Estomba-2.jpeg\",\"contentUrl\":\"https:\/\/www.noticiasradioreflejos.com.ar\/2021\/wp-content\/uploads\/2026\/04\/Cristo-de-Estomba-2.jpeg\",\"width\":1600,\"height\":900},{\"@type\":\"BreadcrumbList\",\"@id\":\"https:\/\/www.noticiasradioreflejos.com.ar\/2021\/salamone-bajo-la-luna-la-expedicion-fotografica-que-capturo-el-enigma-del-cristo-de-estomba\/#breadcrumb\",\"itemListElement\":[{\"@type\":\"ListItem\",\"position\":1,\"name\":\"Portada\",\"item\":\"https:\/\/www.noticiasradioreflejos.com.ar\/2021\/\"},{\"@type\":\"ListItem\",\"position\":2,\"name\":\"Salamone bajo la luna: La expedici\u00f3n fotogr\u00e1fica que captur\u00f3 el enigma del Cristo de Estomba\"}]},{\"@type\":\"WebSite\",\"@id\":\"https:\/\/www.noticiasradioreflejos.com.ar\/2021\/#website\",\"url\":\"https:\/\/www.noticiasradioreflejos.com.ar\/2021\/\",\"name\":\"Noticias Radio Reflejos\",\"description\":\"Las noticias de mi comarca\",\"potentialAction\":[{\"@type\":\"SearchAction\",\"target\":{\"@type\":\"EntryPoint\",\"urlTemplate\":\"https:\/\/www.noticiasradioreflejos.com.ar\/2021\/?s={search_term_string}\"},\"query-input\":{\"@type\":\"PropertyValueSpecification\",\"valueRequired\":true,\"valueName\":\"search_term_string\"}}],\"inLanguage\":\"es\"},{\"@type\":\"Person\",\"@id\":\"https:\/\/www.noticiasradioreflejos.com.ar\/2021\/#\/schema\/person\/ad82545263dcc5ec0996818884fd5fb1\",\"name\":\"Arnaldo Botto\",\"image\":{\"@type\":\"ImageObject\",\"inLanguage\":\"es\",\"@id\":\"https:\/\/www.noticiasradioreflejos.com.ar\/2021\/#\/schema\/person\/image\/\",\"url\":\"https:\/\/secure.gravatar.com\/avatar\/55cb5e37c1efa326397366e6974cb338056df65cb50e7d64d1cf314e87504837?s=96&d=mm&r=g\",\"contentUrl\":\"https:\/\/secure.gravatar.com\/avatar\/55cb5e37c1efa326397366e6974cb338056df65cb50e7d64d1cf314e87504837?s=96&d=mm&r=g\",\"caption\":\"Arnaldo Botto\"},\"url\":\"https:\/\/www.noticiasradioreflejos.com.ar\/2021\/author\/arnaldo\/\"}]}<\/script>\n<!-- \/ Yoast SEO plugin. -->","yoast_head_json":{"title":"Salamone bajo la luna: La expedici\u00f3n fotogr\u00e1fica que captur\u00f3 el enigma del Cristo de Estomba - Noticias Radio Reflejos","robots":{"index":"index","follow":"follow","max-snippet":"max-snippet:-1","max-image-preview":"max-image-preview:large","max-video-preview":"max-video-preview:-1"},"canonical":"https:\/\/www.noticiasradioreflejos.com.ar\/2021\/salamone-bajo-la-luna-la-expedicion-fotografica-que-capturo-el-enigma-del-cristo-de-estomba\/","og_locale":"es_ES","og_type":"article","og_title":"Salamone bajo la luna: La expedici\u00f3n fotogr\u00e1fica que captur\u00f3 el enigma del Cristo de Estomba - Noticias Radio Reflejos","og_description":"Entre el perfil de las sierras, cables de alta tensi\u00f3n y una luna creciente, Alfredo Fushimi logr\u00f3 retratar la monumental obra del \u00abarquitecto de las pampas\u00bb. En una visita exclusiva a propiedad privada, la lente captur\u00f3 la m\u00edstica de una escultura que sobrevive al paso del tiempo en la quietud absoluta del entorno rural.","og_url":"https:\/\/www.noticiasradioreflejos.com.ar\/2021\/salamone-bajo-la-luna-la-expedicion-fotografica-que-capturo-el-enigma-del-cristo-de-estomba\/","og_site_name":"Noticias Radio Reflejos","article_published_time":"2026-04-28T19:58:49+00:00","article_modified_time":"2026-04-28T20:00:00+00:00","og_image":[{"width":1600,"height":900,"url":"https:\/\/www.noticiasradioreflejos.com.ar\/2021\/wp-content\/uploads\/2026\/04\/Cristo-de-Estomba-2.jpeg","type":"image\/jpeg"}],"author":"Arnaldo Botto","twitter_card":"summary_large_image","schema":{"@context":"https:\/\/schema.org","@graph":[{"@type":"WebPage","@id":"https:\/\/www.noticiasradioreflejos.com.ar\/2021\/salamone-bajo-la-luna-la-expedicion-fotografica-que-capturo-el-enigma-del-cristo-de-estomba\/","url":"https:\/\/www.noticiasradioreflejos.com.ar\/2021\/salamone-bajo-la-luna-la-expedicion-fotografica-que-capturo-el-enigma-del-cristo-de-estomba\/","name":"Salamone bajo la luna: La expedici\u00f3n fotogr\u00e1fica que captur\u00f3 el enigma del Cristo de Estomba - Noticias Radio Reflejos","isPartOf":{"@id":"https:\/\/www.noticiasradioreflejos.com.ar\/2021\/#website"},"primaryImageOfPage":{"@id":"https:\/\/www.noticiasradioreflejos.com.ar\/2021\/salamone-bajo-la-luna-la-expedicion-fotografica-que-capturo-el-enigma-del-cristo-de-estomba\/#primaryimage"},"image":{"@id":"https:\/\/www.noticiasradioreflejos.com.ar\/2021\/salamone-bajo-la-luna-la-expedicion-fotografica-que-capturo-el-enigma-del-cristo-de-estomba\/#primaryimage"},"thumbnailUrl":"https:\/\/www.noticiasradioreflejos.com.ar\/2021\/wp-content\/uploads\/2026\/04\/Cristo-de-Estomba-2.jpeg","datePublished":"2026-04-28T19:58:49+00:00","dateModified":"2026-04-28T20:00:00+00:00","author":{"@id":"https:\/\/www.noticiasradioreflejos.com.ar\/2021\/#\/schema\/person\/ad82545263dcc5ec0996818884fd5fb1"},"breadcrumb":{"@id":"https:\/\/www.noticiasradioreflejos.com.ar\/2021\/salamone-bajo-la-luna-la-expedicion-fotografica-que-capturo-el-enigma-del-cristo-de-estomba\/#breadcrumb"},"inLanguage":"es","potentialAction":[{"@type":"ReadAction","target":["https:\/\/www.noticiasradioreflejos.com.ar\/2021\/salamone-bajo-la-luna-la-expedicion-fotografica-que-capturo-el-enigma-del-cristo-de-estomba\/"]}]},{"@type":"ImageObject","inLanguage":"es","@id":"https:\/\/www.noticiasradioreflejos.com.ar\/2021\/salamone-bajo-la-luna-la-expedicion-fotografica-que-capturo-el-enigma-del-cristo-de-estomba\/#primaryimage","url":"https:\/\/www.noticiasradioreflejos.com.ar\/2021\/wp-content\/uploads\/2026\/04\/Cristo-de-Estomba-2.jpeg","contentUrl":"https:\/\/www.noticiasradioreflejos.com.ar\/2021\/wp-content\/uploads\/2026\/04\/Cristo-de-Estomba-2.jpeg","width":1600,"height":900},{"@type":"BreadcrumbList","@id":"https:\/\/www.noticiasradioreflejos.com.ar\/2021\/salamone-bajo-la-luna-la-expedicion-fotografica-que-capturo-el-enigma-del-cristo-de-estomba\/#breadcrumb","itemListElement":[{"@type":"ListItem","position":1,"name":"Portada","item":"https:\/\/www.noticiasradioreflejos.com.ar\/2021\/"},{"@type":"ListItem","position":2,"name":"Salamone bajo la luna: La expedici\u00f3n fotogr\u00e1fica que captur\u00f3 el enigma del Cristo de Estomba"}]},{"@type":"WebSite","@id":"https:\/\/www.noticiasradioreflejos.com.ar\/2021\/#website","url":"https:\/\/www.noticiasradioreflejos.com.ar\/2021\/","name":"Noticias Radio Reflejos","description":"Las noticias de mi comarca","potentialAction":[{"@type":"SearchAction","target":{"@type":"EntryPoint","urlTemplate":"https:\/\/www.noticiasradioreflejos.com.ar\/2021\/?s={search_term_string}"},"query-input":{"@type":"PropertyValueSpecification","valueRequired":true,"valueName":"search_term_string"}}],"inLanguage":"es"},{"@type":"Person","@id":"https:\/\/www.noticiasradioreflejos.com.ar\/2021\/#\/schema\/person\/ad82545263dcc5ec0996818884fd5fb1","name":"Arnaldo Botto","image":{"@type":"ImageObject","inLanguage":"es","@id":"https:\/\/www.noticiasradioreflejos.com.ar\/2021\/#\/schema\/person\/image\/","url":"https:\/\/secure.gravatar.com\/avatar\/55cb5e37c1efa326397366e6974cb338056df65cb50e7d64d1cf314e87504837?s=96&d=mm&r=g","contentUrl":"https:\/\/secure.gravatar.com\/avatar\/55cb5e37c1efa326397366e6974cb338056df65cb50e7d64d1cf314e87504837?s=96&d=mm&r=g","caption":"Arnaldo Botto"},"url":"https:\/\/www.noticiasradioreflejos.com.ar\/2021\/author\/arnaldo\/"}]}},"_links":{"self":[{"href":"https:\/\/www.noticiasradioreflejos.com.ar\/2021\/wp-json\/wp\/v2\/posts\/136556","targetHints":{"allow":["GET"]}}],"collection":[{"href":"https:\/\/www.noticiasradioreflejos.com.ar\/2021\/wp-json\/wp\/v2\/posts"}],"about":[{"href":"https:\/\/www.noticiasradioreflejos.com.ar\/2021\/wp-json\/wp\/v2\/types\/post"}],"author":[{"embeddable":true,"href":"https:\/\/www.noticiasradioreflejos.com.ar\/2021\/wp-json\/wp\/v2\/users\/3"}],"replies":[{"embeddable":true,"href":"https:\/\/www.noticiasradioreflejos.com.ar\/2021\/wp-json\/wp\/v2\/comments?post=136556"}],"version-history":[{"count":5,"href":"https:\/\/www.noticiasradioreflejos.com.ar\/2021\/wp-json\/wp\/v2\/posts\/136556\/revisions"}],"predecessor-version":[{"id":136623,"href":"https:\/\/www.noticiasradioreflejos.com.ar\/2021\/wp-json\/wp\/v2\/posts\/136556\/revisions\/136623"}],"wp:featuredmedia":[{"embeddable":true,"href":"https:\/\/www.noticiasradioreflejos.com.ar\/2021\/wp-json\/wp\/v2\/media\/136618"}],"wp:attachment":[{"href":"https:\/\/www.noticiasradioreflejos.com.ar\/2021\/wp-json\/wp\/v2\/media?parent=136556"}],"wp:term":[{"taxonomy":"category","embeddable":true,"href":"https:\/\/www.noticiasradioreflejos.com.ar\/2021\/wp-json\/wp\/v2\/categories?post=136556"},{"taxonomy":"post_tag","embeddable":true,"href":"https:\/\/www.noticiasradioreflejos.com.ar\/2021\/wp-json\/wp\/v2\/tags?post=136556"}],"curies":[{"name":"wp","href":"https:\/\/api.w.org\/{rel}","templated":true}]}}