{"id":136539,"date":"2026-04-28T08:38:40","date_gmt":"2026-04-28T11:38:40","guid":{"rendered":"https:\/\/www.noticiasradioreflejos.com.ar\/2021\/?p=136539"},"modified":"2026-04-28T08:38:41","modified_gmt":"2026-04-28T11:38:41","slug":"el-jefe-de-bomberos-de-tornquist-martin-haag-asume-la-direccion-nacional-de-la-coordinacion-unica-de-operaciones-cuo","status":"publish","type":"post","link":"https:\/\/www.noticiasradioreflejos.com.ar\/2021\/el-jefe-de-bomberos-de-tornquist-martin-haag-asume-la-direccion-nacional-de-la-coordinacion-unica-de-operaciones-cuo\/","title":{"rendered":"El Jefe de Bomberos de Tornquist, Mart\u00edn Haag, asume la Direcci\u00f3n Nacional de la Coordinaci\u00f3n \u00danica de Operaciones (CUO)"},"content":{"rendered":"<p data-path-to-node=\"5\">En un hecho hist\u00f3rico para el sistema de bomberos voluntarios de nuestra regi\u00f3n, el Comandante Mayor H\u00e9ctor Mart\u00edn Haag, Jefe del Cuerpo Activo de Bomberos de Tornquist, ha sido designado como <b data-path-to-node=\"5\" data-index-in-node=\"226\">Director de la Coordinaci\u00f3n \u00danica de Operaciones (CUO)<\/b> a nivel nacional.<!--more--><\/p>\n<p data-path-to-node=\"6\">La designaci\u00f3n se produjo tras la renovaci\u00f3n de autoridades del pasado 24 de abril, donde se estableci\u00f3 la conducci\u00f3n operativa que liderar\u00e1 las emergencias en todo el territorio argentino durante los pr\u00f3ximos cuatro a\u00f1os.<\/p>\n<h4 data-path-to-node=\"7\">\u00bfQu\u00e9 es la CUO y qu\u00e9 funciones desempe\u00f1ar\u00e1 Haag?<\/h4>\n<p data-path-to-node=\"8\">La Coordinaci\u00f3n \u00danica de Operaciones es el brazo operativo del <b data-path-to-node=\"8\" data-index-in-node=\"63\">Consejo de Federaciones de Bomberos Voluntarios de la Rep\u00fablica Argentina<\/b>. Su misi\u00f3n principal es coordinar la respuesta ante emergencias de gran escala que superan la capacidad de una sola provincia.<\/p>\n<p data-path-to-node=\"9\">Como Director Nacional, Mart\u00edn Haag tendr\u00e1 bajo su responsabilidad:<\/p>\n<ul data-path-to-node=\"10\">\n<li>\n<p data-path-to-node=\"10,0,0\"><b data-path-to-node=\"10,0,0\" data-index-in-node=\"0\">Movilizaci\u00f3n Federal:<\/b> Coordinar el desplazamiento de brigadas y equipamiento entre provincias ante desastres naturales (incendios forestales, inundaciones) o cat\u00e1strofes antr\u00f3picas.<\/p>\n<\/li>\n<li>\n<p data-path-to-node=\"10,1,0\"><b data-path-to-node=\"10,1,0\" data-index-in-node=\"0\">Estandarizaci\u00f3n de Protocolos:<\/b> Unificar los procesos de intervenci\u00f3n para que los m\u00e1s de 43,000 bomberos del pa\u00eds hablen un mismo \u00abidioma operativo\u00bb.<\/p>\n<\/li>\n<li>\n<p data-path-to-node=\"10,2,0\"><b data-path-to-node=\"10,2,0\" data-index-in-node=\"0\">Gesti\u00f3n de Brigadas Especializadas:<\/b> Supervisar las brigadas USAR (B\u00fasqueda y Rescate Urbano), Incendios Forestales, Rescate Acu\u00e1tico y Materiales Peligrosos a nivel pa\u00eds.<\/p>\n<\/li>\n<li>\n<p data-path-to-node=\"10,3,0\"><b data-path-to-node=\"10,3,0\" data-index-in-node=\"0\">Enlace Gubernamental:<\/b> Actuar como nexo directo con la Direcci\u00f3n Nacional de Protecci\u00f3n Civil para articular el despliegue de recursos federales.<\/p>\n<\/li>\n<\/ul>\n<h4 data-path-to-node=\"11\">Un hito para Tornquist y la Regi\u00f3n<\/h4>\n<p data-path-to-node=\"12\">Este nombramiento no es solo un reconocimiento a la trayectoria personal de Haag, sino que posiciona al Cuartel de Bomberos de Tornquist en el centro del mapa operativo nacional.<\/p>\n<blockquote data-path-to-node=\"13\">\n<p data-path-to-node=\"13,0\"><i data-path-to-node=\"13,0\" data-index-in-node=\"0\">\u00abEs un orgullo que un integrante de nuestra comunidad sea quien tome las decisiones estrat\u00e9gicas en los momentos m\u00e1s cr\u00edticos del pa\u00eds. Su experiencia en el combate de incendios en zonas de sierra y su capacidad de gesti\u00f3n administrativa han sido claves para esta designaci\u00f3n\u00bb<\/i>, destacaron desde la instituci\u00f3n local.<\/p>\n<\/blockquote>\n<p data-path-to-node=\"14\">Este cargo representa el m\u00e1ximo escalaf\u00f3n operativo al que un jefe de cuerpo puede aspirar en el sistema nacional, garantizando que la visi\u00f3n y la profesionalidad de los bomberos del interior bonaerense se trasladen a las pol\u00edticas de emergencia de toda la Argentina.<\/p>\n<p data-path-to-node=\"14\">\n<p data-path-to-node=\"14\"><a href=\"https:\/\/www.noticiasradioreflejos.com.ar\/2021\/el-jefe-de-bomberos-de-tornquist-martin-haag-asume-la-direccion-nacional-de-la-coordinacion-unica-de-operaciones-cuo\/martin-hagg-3\/\" rel=\"attachment wp-att-136542\"><img loading=\"lazy\" decoding=\"async\" class=\"aligncenter size-full wp-image-136542\" src=\"https:\/\/www.noticiasradioreflejos.com.ar\/2021\/wp-content\/uploads\/2026\/04\/martin-Hagg-2.jpg\" alt=\"\" width=\"1080\" height=\"688\" srcset=\"https:\/\/www.noticiasradioreflejos.com.ar\/2021\/wp-content\/uploads\/2026\/04\/martin-Hagg-2.jpg 1080w, https:\/\/www.noticiasradioreflejos.com.ar\/2021\/wp-content\/uploads\/2026\/04\/martin-Hagg-2-300x191.jpg 300w, https:\/\/www.noticiasradioreflejos.com.ar\/2021\/wp-content\/uploads\/2026\/04\/martin-Hagg-2-1024x652.jpg 1024w, https:\/\/www.noticiasradioreflejos.com.ar\/2021\/wp-content\/uploads\/2026\/04\/martin-Hagg-2-768x489.jpg 768w, https:\/\/www.noticiasradioreflejos.com.ar\/2021\/wp-content\/uploads\/2026\/04\/martin-Hagg-2-750x478.jpg 750w\" sizes=\"auto, (max-width: 1080px) 100vw, 1080px\" \/><\/a><\/p>\n<hr data-path-to-node=\"15\" \/>\n<p data-path-to-node=\"16\"><b data-path-to-node=\"16\" data-index-in-node=\"0\">Contacto de Prensa:<\/b> <i data-path-to-node=\"16\" data-index-in-node=\"20\">Cuerpo de Bomberos Voluntarios de Tornquist<\/i> <i data-path-to-node=\"16\" data-index-in-node=\"64\">noticiasradioreflejos.com.ar<\/i><\/p>\n","protected":false},"excerpt":{"rendered":"<p>En un hecho hist\u00f3rico para el sistema de bomberos voluntarios de nuestra regi\u00f3n, el Comandante Mayor H\u00e9ctor Mart\u00edn Haag, Jefe del Cuerpo Activo de Bomberos de Tornquist, ha sido designado como Director de la Coordinaci\u00f3n \u00danica de Operaciones (CUO) a nivel nacional.<\/p>\n","protected":false},"author":3,"featured_media":136541,"comment_status":"closed","ping_status":"closed","sticky":false,"template":"","format":"standard","meta":{"footnotes":""},"categories":[24,26],"tags":[],"class_list":["post-136539","post","type-post","status-publish","format-standard","has-post-thumbnail","hentry","category-politica","category-sociedad"],"yoast_head":"<!-- This site is optimized with the Yoast SEO plugin v25.9 - https:\/\/yoast.com\/wordpress\/plugins\/seo\/ -->\n<title>El Jefe de Bomberos de Tornquist, Mart\u00edn Haag, asume la Direcci\u00f3n Nacional de la Coordinaci\u00f3n \u00danica de Operaciones (CUO) - Noticias Radio Reflejos<\/title>\n<meta name=\"robots\" content=\"index, follow, max-snippet:-1, max-image-preview:large, max-video-preview:-1\" \/>\n<link rel=\"canonical\" href=\"https:\/\/www.noticiasradioreflejos.com.ar\/2021\/el-jefe-de-bomberos-de-tornquist-martin-haag-asume-la-direccion-nacional-de-la-coordinacion-unica-de-operaciones-cuo\/\" \/>\n<meta property=\"og:locale\" content=\"es_ES\" \/>\n<meta property=\"og:type\" content=\"article\" \/>\n<meta property=\"og:title\" content=\"El Jefe de Bomberos de Tornquist, Mart\u00edn Haag, asume la Direcci\u00f3n Nacional de la Coordinaci\u00f3n \u00danica de Operaciones (CUO) - Noticias Radio Reflejos\" \/>\n<meta property=\"og:description\" content=\"En un hecho hist\u00f3rico para el sistema de bomberos voluntarios de nuestra regi\u00f3n, el Comandante Mayor H\u00e9ctor Mart\u00edn Haag, Jefe del Cuerpo Activo de Bomberos de Tornquist, ha sido designado como Director de la Coordinaci\u00f3n \u00danica de Operaciones (CUO) a nivel nacional.\" \/>\n<meta property=\"og:url\" content=\"https:\/\/www.noticiasradioreflejos.com.ar\/2021\/el-jefe-de-bomberos-de-tornquist-martin-haag-asume-la-direccion-nacional-de-la-coordinacion-unica-de-operaciones-cuo\/\" \/>\n<meta property=\"og:site_name\" content=\"Noticias Radio Reflejos\" \/>\n<meta property=\"article:published_time\" content=\"2026-04-28T11:38:40+00:00\" \/>\n<meta property=\"article:modified_time\" content=\"2026-04-28T11:38:41+00:00\" \/>\n<meta property=\"og:image\" content=\"https:\/\/www.noticiasradioreflejos.com.ar\/2021\/wp-content\/uploads\/2026\/04\/martin-Hagg-1.jpg\" \/>\n\t<meta property=\"og:image:width\" content=\"1600\" \/>\n\t<meta property=\"og:image:height\" content=\"1067\" \/>\n\t<meta property=\"og:image:type\" content=\"image\/jpeg\" \/>\n<meta name=\"author\" content=\"Arnaldo Botto\" \/>\n<meta name=\"twitter:card\" content=\"summary_large_image\" \/>\n<script type=\"application\/ld+json\" class=\"yoast-schema-graph\">{\"@context\":\"https:\/\/schema.org\",\"@graph\":[{\"@type\":\"WebPage\",\"@id\":\"https:\/\/www.noticiasradioreflejos.com.ar\/2021\/el-jefe-de-bomberos-de-tornquist-martin-haag-asume-la-direccion-nacional-de-la-coordinacion-unica-de-operaciones-cuo\/\",\"url\":\"https:\/\/www.noticiasradioreflejos.com.ar\/2021\/el-jefe-de-bomberos-de-tornquist-martin-haag-asume-la-direccion-nacional-de-la-coordinacion-unica-de-operaciones-cuo\/\",\"name\":\"El Jefe de Bomberos de Tornquist, Mart\u00edn Haag, asume la Direcci\u00f3n Nacional de la Coordinaci\u00f3n \u00danica de Operaciones (CUO) - Noticias Radio Reflejos\",\"isPartOf\":{\"@id\":\"https:\/\/www.noticiasradioreflejos.com.ar\/2021\/#website\"},\"primaryImageOfPage\":{\"@id\":\"https:\/\/www.noticiasradioreflejos.com.ar\/2021\/el-jefe-de-bomberos-de-tornquist-martin-haag-asume-la-direccion-nacional-de-la-coordinacion-unica-de-operaciones-cuo\/#primaryimage\"},\"image\":{\"@id\":\"https:\/\/www.noticiasradioreflejos.com.ar\/2021\/el-jefe-de-bomberos-de-tornquist-martin-haag-asume-la-direccion-nacional-de-la-coordinacion-unica-de-operaciones-cuo\/#primaryimage\"},\"thumbnailUrl\":\"https:\/\/www.noticiasradioreflejos.com.ar\/2021\/wp-content\/uploads\/2026\/04\/martin-Hagg-1.jpg\",\"datePublished\":\"2026-04-28T11:38:40+00:00\",\"dateModified\":\"2026-04-28T11:38:41+00:00\",\"author\":{\"@id\":\"https:\/\/www.noticiasradioreflejos.com.ar\/2021\/#\/schema\/person\/ad82545263dcc5ec0996818884fd5fb1\"},\"breadcrumb\":{\"@id\":\"https:\/\/www.noticiasradioreflejos.com.ar\/2021\/el-jefe-de-bomberos-de-tornquist-martin-haag-asume-la-direccion-nacional-de-la-coordinacion-unica-de-operaciones-cuo\/#breadcrumb\"},\"inLanguage\":\"es\",\"potentialAction\":[{\"@type\":\"ReadAction\",\"target\":[\"https:\/\/www.noticiasradioreflejos.com.ar\/2021\/el-jefe-de-bomberos-de-tornquist-martin-haag-asume-la-direccion-nacional-de-la-coordinacion-unica-de-operaciones-cuo\/\"]}]},{\"@type\":\"ImageObject\",\"inLanguage\":\"es\",\"@id\":\"https:\/\/www.noticiasradioreflejos.com.ar\/2021\/el-jefe-de-bomberos-de-tornquist-martin-haag-asume-la-direccion-nacional-de-la-coordinacion-unica-de-operaciones-cuo\/#primaryimage\",\"url\":\"https:\/\/www.noticiasradioreflejos.com.ar\/2021\/wp-content\/uploads\/2026\/04\/martin-Hagg-1.jpg\",\"contentUrl\":\"https:\/\/www.noticiasradioreflejos.com.ar\/2021\/wp-content\/uploads\/2026\/04\/martin-Hagg-1.jpg\",\"width\":1600,\"height\":1067},{\"@type\":\"BreadcrumbList\",\"@id\":\"https:\/\/www.noticiasradioreflejos.com.ar\/2021\/el-jefe-de-bomberos-de-tornquist-martin-haag-asume-la-direccion-nacional-de-la-coordinacion-unica-de-operaciones-cuo\/#breadcrumb\",\"itemListElement\":[{\"@type\":\"ListItem\",\"position\":1,\"name\":\"Portada\",\"item\":\"https:\/\/www.noticiasradioreflejos.com.ar\/2021\/\"},{\"@type\":\"ListItem\",\"position\":2,\"name\":\"El Jefe de Bomberos de Tornquist, Mart\u00edn Haag, asume la Direcci\u00f3n Nacional de la Coordinaci\u00f3n \u00danica de Operaciones (CUO)\"}]},{\"@type\":\"WebSite\",\"@id\":\"https:\/\/www.noticiasradioreflejos.com.ar\/2021\/#website\",\"url\":\"https:\/\/www.noticiasradioreflejos.com.ar\/2021\/\",\"name\":\"Noticias Radio Reflejos\",\"description\":\"Las noticias de mi comarca\",\"potentialAction\":[{\"@type\":\"SearchAction\",\"target\":{\"@type\":\"EntryPoint\",\"urlTemplate\":\"https:\/\/www.noticiasradioreflejos.com.ar\/2021\/?s={search_term_string}\"},\"query-input\":{\"@type\":\"PropertyValueSpecification\",\"valueRequired\":true,\"valueName\":\"search_term_string\"}}],\"inLanguage\":\"es\"},{\"@type\":\"Person\",\"@id\":\"https:\/\/www.noticiasradioreflejos.com.ar\/2021\/#\/schema\/person\/ad82545263dcc5ec0996818884fd5fb1\",\"name\":\"Arnaldo Botto\",\"image\":{\"@type\":\"ImageObject\",\"inLanguage\":\"es\",\"@id\":\"https:\/\/www.noticiasradioreflejos.com.ar\/2021\/#\/schema\/person\/image\/\",\"url\":\"https:\/\/secure.gravatar.com\/avatar\/55cb5e37c1efa326397366e6974cb338056df65cb50e7d64d1cf314e87504837?s=96&d=mm&r=g\",\"contentUrl\":\"https:\/\/secure.gravatar.com\/avatar\/55cb5e37c1efa326397366e6974cb338056df65cb50e7d64d1cf314e87504837?s=96&d=mm&r=g\",\"caption\":\"Arnaldo Botto\"},\"url\":\"https:\/\/www.noticiasradioreflejos.com.ar\/2021\/author\/arnaldo\/\"}]}<\/script>\n<!-- \/ Yoast SEO plugin. -->","yoast_head_json":{"title":"El Jefe de Bomberos de Tornquist, Mart\u00edn Haag, asume la Direcci\u00f3n Nacional de la Coordinaci\u00f3n \u00danica de Operaciones (CUO) - Noticias Radio Reflejos","robots":{"index":"index","follow":"follow","max-snippet":"max-snippet:-1","max-image-preview":"max-image-preview:large","max-video-preview":"max-video-preview:-1"},"canonical":"https:\/\/www.noticiasradioreflejos.com.ar\/2021\/el-jefe-de-bomberos-de-tornquist-martin-haag-asume-la-direccion-nacional-de-la-coordinacion-unica-de-operaciones-cuo\/","og_locale":"es_ES","og_type":"article","og_title":"El Jefe de Bomberos de Tornquist, Mart\u00edn Haag, asume la Direcci\u00f3n Nacional de la Coordinaci\u00f3n \u00danica de Operaciones (CUO) - Noticias Radio Reflejos","og_description":"En un hecho hist\u00f3rico para el sistema de bomberos voluntarios de nuestra regi\u00f3n, el Comandante Mayor H\u00e9ctor Mart\u00edn Haag, Jefe del Cuerpo Activo de Bomberos de Tornquist, ha sido designado como Director de la Coordinaci\u00f3n \u00danica de Operaciones (CUO) a nivel nacional.","og_url":"https:\/\/www.noticiasradioreflejos.com.ar\/2021\/el-jefe-de-bomberos-de-tornquist-martin-haag-asume-la-direccion-nacional-de-la-coordinacion-unica-de-operaciones-cuo\/","og_site_name":"Noticias Radio Reflejos","article_published_time":"2026-04-28T11:38:40+00:00","article_modified_time":"2026-04-28T11:38:41+00:00","og_image":[{"width":1600,"height":1067,"url":"https:\/\/www.noticiasradioreflejos.com.ar\/2021\/wp-content\/uploads\/2026\/04\/martin-Hagg-1.jpg","type":"image\/jpeg"}],"author":"Arnaldo Botto","twitter_card":"summary_large_image","schema":{"@context":"https:\/\/schema.org","@graph":[{"@type":"WebPage","@id":"https:\/\/www.noticiasradioreflejos.com.ar\/2021\/el-jefe-de-bomberos-de-tornquist-martin-haag-asume-la-direccion-nacional-de-la-coordinacion-unica-de-operaciones-cuo\/","url":"https:\/\/www.noticiasradioreflejos.com.ar\/2021\/el-jefe-de-bomberos-de-tornquist-martin-haag-asume-la-direccion-nacional-de-la-coordinacion-unica-de-operaciones-cuo\/","name":"El Jefe de Bomberos de Tornquist, Mart\u00edn Haag, asume la Direcci\u00f3n Nacional de la Coordinaci\u00f3n \u00danica de Operaciones (CUO) - Noticias Radio Reflejos","isPartOf":{"@id":"https:\/\/www.noticiasradioreflejos.com.ar\/2021\/#website"},"primaryImageOfPage":{"@id":"https:\/\/www.noticiasradioreflejos.com.ar\/2021\/el-jefe-de-bomberos-de-tornquist-martin-haag-asume-la-direccion-nacional-de-la-coordinacion-unica-de-operaciones-cuo\/#primaryimage"},"image":{"@id":"https:\/\/www.noticiasradioreflejos.com.ar\/2021\/el-jefe-de-bomberos-de-tornquist-martin-haag-asume-la-direccion-nacional-de-la-coordinacion-unica-de-operaciones-cuo\/#primaryimage"},"thumbnailUrl":"https:\/\/www.noticiasradioreflejos.com.ar\/2021\/wp-content\/uploads\/2026\/04\/martin-Hagg-1.jpg","datePublished":"2026-04-28T11:38:40+00:00","dateModified":"2026-04-28T11:38:41+00:00","author":{"@id":"https:\/\/www.noticiasradioreflejos.com.ar\/2021\/#\/schema\/person\/ad82545263dcc5ec0996818884fd5fb1"},"breadcrumb":{"@id":"https:\/\/www.noticiasradioreflejos.com.ar\/2021\/el-jefe-de-bomberos-de-tornquist-martin-haag-asume-la-direccion-nacional-de-la-coordinacion-unica-de-operaciones-cuo\/#breadcrumb"},"inLanguage":"es","potentialAction":[{"@type":"ReadAction","target":["https:\/\/www.noticiasradioreflejos.com.ar\/2021\/el-jefe-de-bomberos-de-tornquist-martin-haag-asume-la-direccion-nacional-de-la-coordinacion-unica-de-operaciones-cuo\/"]}]},{"@type":"ImageObject","inLanguage":"es","@id":"https:\/\/www.noticiasradioreflejos.com.ar\/2021\/el-jefe-de-bomberos-de-tornquist-martin-haag-asume-la-direccion-nacional-de-la-coordinacion-unica-de-operaciones-cuo\/#primaryimage","url":"https:\/\/www.noticiasradioreflejos.com.ar\/2021\/wp-content\/uploads\/2026\/04\/martin-Hagg-1.jpg","contentUrl":"https:\/\/www.noticiasradioreflejos.com.ar\/2021\/wp-content\/uploads\/2026\/04\/martin-Hagg-1.jpg","width":1600,"height":1067},{"@type":"BreadcrumbList","@id":"https:\/\/www.noticiasradioreflejos.com.ar\/2021\/el-jefe-de-bomberos-de-tornquist-martin-haag-asume-la-direccion-nacional-de-la-coordinacion-unica-de-operaciones-cuo\/#breadcrumb","itemListElement":[{"@type":"ListItem","position":1,"name":"Portada","item":"https:\/\/www.noticiasradioreflejos.com.ar\/2021\/"},{"@type":"ListItem","position":2,"name":"El Jefe de Bomberos de Tornquist, Mart\u00edn Haag, asume la Direcci\u00f3n Nacional de la Coordinaci\u00f3n \u00danica de Operaciones (CUO)"}]},{"@type":"WebSite","@id":"https:\/\/www.noticiasradioreflejos.com.ar\/2021\/#website","url":"https:\/\/www.noticiasradioreflejos.com.ar\/2021\/","name":"Noticias Radio Reflejos","description":"Las noticias de mi comarca","potentialAction":[{"@type":"SearchAction","target":{"@type":"EntryPoint","urlTemplate":"https:\/\/www.noticiasradioreflejos.com.ar\/2021\/?s={search_term_string}"},"query-input":{"@type":"PropertyValueSpecification","valueRequired":true,"valueName":"search_term_string"}}],"inLanguage":"es"},{"@type":"Person","@id":"https:\/\/www.noticiasradioreflejos.com.ar\/2021\/#\/schema\/person\/ad82545263dcc5ec0996818884fd5fb1","name":"Arnaldo Botto","image":{"@type":"ImageObject","inLanguage":"es","@id":"https:\/\/www.noticiasradioreflejos.com.ar\/2021\/#\/schema\/person\/image\/","url":"https:\/\/secure.gravatar.com\/avatar\/55cb5e37c1efa326397366e6974cb338056df65cb50e7d64d1cf314e87504837?s=96&d=mm&r=g","contentUrl":"https:\/\/secure.gravatar.com\/avatar\/55cb5e37c1efa326397366e6974cb338056df65cb50e7d64d1cf314e87504837?s=96&d=mm&r=g","caption":"Arnaldo Botto"},"url":"https:\/\/www.noticiasradioreflejos.com.ar\/2021\/author\/arnaldo\/"}]}},"_links":{"self":[{"href":"https:\/\/www.noticiasradioreflejos.com.ar\/2021\/wp-json\/wp\/v2\/posts\/136539","targetHints":{"allow":["GET"]}}],"collection":[{"href":"https:\/\/www.noticiasradioreflejos.com.ar\/2021\/wp-json\/wp\/v2\/posts"}],"about":[{"href":"https:\/\/www.noticiasradioreflejos.com.ar\/2021\/wp-json\/wp\/v2\/types\/post"}],"author":[{"embeddable":true,"href":"https:\/\/www.noticiasradioreflejos.com.ar\/2021\/wp-json\/wp\/v2\/users\/3"}],"replies":[{"embeddable":true,"href":"https:\/\/www.noticiasradioreflejos.com.ar\/2021\/wp-json\/wp\/v2\/comments?post=136539"}],"version-history":[{"count":2,"href":"https:\/\/www.noticiasradioreflejos.com.ar\/2021\/wp-json\/wp\/v2\/posts\/136539\/revisions"}],"predecessor-version":[{"id":136544,"href":"https:\/\/www.noticiasradioreflejos.com.ar\/2021\/wp-json\/wp\/v2\/posts\/136539\/revisions\/136544"}],"wp:featuredmedia":[{"embeddable":true,"href":"https:\/\/www.noticiasradioreflejos.com.ar\/2021\/wp-json\/wp\/v2\/media\/136541"}],"wp:attachment":[{"href":"https:\/\/www.noticiasradioreflejos.com.ar\/2021\/wp-json\/wp\/v2\/media?parent=136539"}],"wp:term":[{"taxonomy":"category","embeddable":true,"href":"https:\/\/www.noticiasradioreflejos.com.ar\/2021\/wp-json\/wp\/v2\/categories?post=136539"},{"taxonomy":"post_tag","embeddable":true,"href":"https:\/\/www.noticiasradioreflejos.com.ar\/2021\/wp-json\/wp\/v2\/tags?post=136539"}],"curies":[{"name":"wp","href":"https:\/\/api.w.org\/{rel}","templated":true}]}}